{"id":1164,"date":"2014-06-01T22:21:25","date_gmt":"2014-06-01T20:21:25","guid":{"rendered":"http:\/\/posicuarta.org\/cartasblog\/?p=1164"},"modified":"2014-06-01T22:23:29","modified_gmt":"2014-06-01T20:23:29","slug":"el-25m-en-cataluna-una-bofetada-y-un-aviso","status":"publish","type":"post","link":"http:\/\/posicuarta.org\/cartasblog\/el-25m-en-cataluna-una-bofetada-y-un-aviso\/","title":{"rendered":"El 25M en Catalu\u00f1a: una bofetada y un aviso"},"content":{"rendered":"<p style=\"text-align: justify;\"><em>(publicado en la <a href=\"http:\/\/www.posicuarta.org\/pdf\/Carta475.pdf\" target=\"_blank\">Carta Semanal 475<\/a>)<\/em><\/p>\n<h3 style=\"text-align: justify;\">Una bofetada para todos los que votaron en Las Cortes contra el derecho a decidir, y un serio aviso para los que creen que la sola invocaci\u00f3n de este derecho lo justifica<\/h3>\n<p style=\"text-align: justify;\"><a href=\"http:\/\/posicuarta.org\/cartasblog\/wp-content\/uploads\/2014\/06\/Carta-475.jpg\" target=\"_blank\"><img loading=\"lazy\" decoding=\"async\" class=\"alignleft  wp-image-1166\" alt=\"Carta-475\" src=\"http:\/\/posicuarta.org\/cartasblog\/wp-content\/uploads\/2014\/06\/Carta-475.jpg\" width=\"150\" height=\"213\" \/><\/a>Como se dec\u00eda en la declaraci\u00f3n del POSI del pasado 27 de mayo, la principal conclusi\u00f3n pol\u00edtica que debe extraerse del resultado de las elecciones al pseudo parlamento europeo es que ha habido un inmenso rechazo a las pol\u00edticas de recortes y ajustes patrocinadas por la Troika y a los gobiernos e Instituciones responsables de las mismas. En el caso del Estado espa\u00f1ol, este rechazo se ha expresado en la p\u00e9rdida espectacular de votos de los partidos m\u00e1s asociados a las pol\u00edticas de ajuste y al sostenimiento del entramado antidemocr\u00e1tico de la UE y de la Monarqu\u00eda. Por un lado, del PP, partido del aparato de Estado franquista (que pierde 6,5 millones de votos en relaci\u00f3n con las generales de hace dos a\u00f1os y medio, 2,6 en relaci\u00f3n a las europeas del 2009). Por otro lado del partido tradicional de los trabajadores, el PSOE (pierde 3,4 millones y 2,5, respectivamente). Los peri\u00f3dicos del r\u00e9gimen mon\u00e1rquico hablan de derrota del \u201cbipartidismo\u201d para tapar que el r\u00e9gimen est\u00e1 desahuciado y que el problema central que se plantea es resolver la crisis de representaci\u00f3n de la mayor\u00eda trabajadora. La votaci\u00f3n del 25M es una derrota para todos aquellos que defienden que no hay otra salida que aplicar los tratados, que no hay otra salida que la pol\u00edtica de ajustes y privatizaciones. Y esa derrota pone contra las cuerdas al r\u00e9gimen.<\/p>\n<p style=\"text-align: justify;\"><!--more--><\/p>\n<p style=\"text-align: justify;\">A primera vista, los resultados electorales en Catalu\u00f1a, pueden parecer como contradictorios, como una excepci\u00f3n del panorama general. Nada m\u00e1s lejos de la realidad. Ve\u00e1moslo.<\/p>\n<p style=\"text-align: justify;\">ERC y CiU, dos de los partidos del llamado bloque \u201csoberanista\u201d han resultado los vencedores de las elecciones europeas en Catalu\u00f1a. Los primeros han obtenido casi 413.000 votos m\u00e1s que en las europeas de 2009 (cuando todav\u00eda no se hab\u00eda expresado con fuerza y en la calle la voluntad del pueblo catal\u00e1n de decidir libremente su destino) y 96.000 votos m\u00e1s que en las \u00faltimas elecciones al parlamento de Catalu\u00f1a celebradas en 2012. Por su parte CiU, ha obtenido 107.000 votos m\u00e1s que en el 2009, pero 618.000 votos menos que en relaci\u00f3n a las elecciones catalanas de 2012.\u00a0 Estos son los datos y los resultados obtenidos por las dos principales fuerzas, apoyadas en una participaci\u00f3n m\u00e1s alta que en el resto del Estado espa\u00f1ol, pero hay que mirar m\u00e1s de cerca:<\/p>\n<p style=\"text-align: justify;\">a) despu\u00e9s de una intensa campa\u00f1a que reclamaba el voto para dejar claro a \u201cEuropa\u201d la voluntad inequ\u00edvoca de los catalanes de reafirmar su \u201cvocaci\u00f3n europeista\u201d y de constituir parte de la UE como estado independiente, la abstenci\u00f3n, tambi\u00e9n en Catalu\u00f1a, es la principal fuerza. Algo tienen que ver los recortes del gobierno Mas y que los trabajadores, que abandonan masivamente al PSC, desconf\u00edan de CiU y en menor medida de ERC. La lucha por la soberan\u00eda exige otro soporte.<\/p>\n<p style=\"text-align: justify;\">b) la victoria de ERC es la derrota del gobierno de los recortes, pero tambi\u00e9n del Gobierno que repite que no quiere que el pueblo catal\u00e1n imponga su soberan\u00eda. Cierto es que ERC ha apoyado los recortes, pero no forma parte del gobierno y de momento no aparece para muchos como responsables de ello. Al mismo tiempo, de momento parece defender seriamente el refer\u00e9ndum y su valor. El resultado del 25M acelerar\u00e1 el hundimiento del gobierno Mas y de CiU.<\/p>\n<p style=\"text-align: justify;\">En la noche del 25 de mayo Artur Mas se apresur\u00f3 a decir que todo segu\u00eda adelante en referencia a la convocatoria de la consulta. \u201cNing\u00fan paso atr\u00e1s\u201d declar\u00f3. Tres d\u00edas despu\u00e9s, Jordi Turull, secretario de organizaci\u00f3n del partido, afirmaba por su parte que \u201c<i>el camino hacia la consulta<\/i> (quedaba) <i>reforzado<\/i>\u201d y que seguir\u00edan gui\u00e1ndose \u201c<i>por los principios de legalidad, legitimidad y di\u00e1logo<\/i>\u201d.\u00a0 \u00bfNing\u00fan paso atr\u00e1s?<\/p>\n<p style=\"text-align: justify;\">Es un hecho que sectores importantes han utilizado el voto y las elecciones europeas para reafirmar la exigencia de poder decidir frente a quienes, en el Estado espa\u00f1ol y en Catalu\u00f1a, se oponen a ese derecho. En este sentido, los resultados electorales en Catalu\u00f1a constituyen una bofetada contra todos aquellos que votaron en contra en las Cortes el pasado 8 de abril. Pero esto no tiene nada que ver con apoyar las pol\u00edticas de ajuste que el gobierno de la Generalitat ha venido aplicando desde el 2012, ni con avalar la alternativa que los supuestos \u201csoberanistas\u201d ofrecen al pueblo catal\u00e1n en el marco de una Uni\u00f3n Europea, que por otro lado, se ha pronunciado repetidamente en contra del derecho de los catalanes y de cualquier otro pueblo a decidir libremente su futuro. De hecho, no es desde\u00f1able el dato: desde las \u00faltimas elecciones celebradas en 2012, el partido del gobierno de la Generalitat ha perdido 618.000 votos, mientras que ERC (la \u201coposici\u00f3n\u201d que ha apoyado al gobierno en casi todas las medidas adoptadas) solo ha sumado 96.000 votos m\u00e1s, en pleno auge capitalizador. Por otro lado, Ciudadanos, que hasta ahora hab\u00eda capitalizado el voto \u201cespa\u00f1olista\u201d con un discurso contra los recortes del gobierno de la Generalitat, cuando ha trasladado este discurso al \u00e1mbito de las instituciones europeas, se ha estrellado: ha perdido 117.000 votos a pesar de hacer campa\u00f1a en toda Espa\u00f1a.<\/p>\n<h4 style=\"text-align: justify;\"><b>La ineludible cuesti\u00f3n de la representaci\u00f3n de los trabajadores<\/b><\/h4>\n<p style=\"text-align: justify;\">Que el pueblo catal\u00e1n quiere mayoritariamente poder votar en una consulta nadie puede dudarlo. Que este deseo no tiene nada que ver, ni est\u00e1 asociado, a las pol\u00edticas de la UE, tambi\u00e9n, por mucho que el bloque \u201csoberanista\u201d representado por Artur Mas y Oriol Junqueras quieran encaminarlo hacia \u00e9l. La contradicci\u00f3n est\u00e1 en el hecho de que la opini\u00f3n mayoritaria del pueblo catal\u00e1n en favor de realizar esta consulta est\u00e9 vehiculizado por ERC y CiU, en ausencia de un verdadero partido socialista que vertebre y defiende este derecho en Catalu\u00f1a y en Espa\u00f1a. En ausencia de un partido que represente a toda la clase obrera, \u00fanica clase que puede resolver los problemas de la democracia en este pa\u00eds, que defienda los derechos sociales y nacionales.<\/p>\n<p style=\"text-align: justify;\">El hundimiento del Partido Socialista en Catalu\u00f1a es el otro resultado fundamental del 25M. La deriva del PSC hacia el estallido y la marginalidad (ha perdido 350.000 y 166.000 votos en relaci\u00f3n a las europeas del 2009 y las catalanas del 2012, respectivamente), consecuencia de la supeditaci\u00f3n al pacto de Estado Rubalcaba-Rajoy, y de dar la espalda al deseo de millones de catalanes que quieren poder votar, es el resultado de una doble traici\u00f3n hist\u00f3rica: el 12 de mayo de 2010 (ataque a los trabajadores en toda la l\u00ednea) y el 8 de abril de 2014 (negaci\u00f3n del derecho de autodeterminaci\u00f3n). Aqu\u00ed es donde reside la verdadera contradicci\u00f3n que los resultados en Catalu\u00f1a ponen al descubierto una vez m\u00e1s: en el hecho de que la clase obrera no disponga ni en Catalu\u00f1a ni en Espa\u00f1a de una representaci\u00f3n pol\u00edtica que a\u00fane la lucha por los derechos nacionales y sociales, lo que quiere decir ahora y aqu\u00ed, una representaci\u00f3n pol\u00edtica que se enfrente y organice la movilizaci\u00f3n contra los recortes y las contrarreformas, en defensa de la democracia contra la dictadura de la Troika, por la ruptura en definitiva con la UE, por la Rep\u00fablica.<\/p>\n<p style=\"text-align: justify;\">Desde luego, no ser\u00e1n los disidentes del PSC quienes cubran ese vac\u00edo: los encabeza el primer campe\u00f3n de los recortes, Castells, y se niegan a apoyar el derecho de autodeterminaci\u00f3n en los trabajadores del Estado espa\u00f1ol para entregarse en manos de la UE, enemiga de toda soberan\u00eda.<\/p>\n<p style=\"text-align: justify;\">Y es en el vac\u00edo de representaci\u00f3n pol\u00edtica de los trabajadores que reside el peligro: que el levantamiento del pueblo catal\u00e1n, minado desde dentro por los partidarios de la UE y del capital, encabezado por dirigentes sin independencia respecto de ambas, carente de instrumentos ligados a la clase obrera organizada, no pueda unificar al conjunto del pueblo de Catalu\u00f1a ni evitar el choque con otros pueblos, que la UE y Rajoy tratan de provocar. Es por ello que es vital para todo el movimiento obrero del Estado espa\u00f1ol, apoyar la posici\u00f3n de la CONC y de la UGT de Catalu\u00f1a en favor del derecho democr\u00e1tico del pueblo catal\u00e1n a ser consultado.<\/p>\n<p style=\"text-align: justify;\">Para avanzar en ese camino, la Conferencia del pr\u00f3ximo 14-J en Madrid, dirigido a todos los que se reclaman de la defensa de los derechos sociales, de la democracia, y del derecho de los pueblos, representa un punto de apoyo. Un paso adelante importante en el agrupamiento de fuerzas y militantes.<\/p>\n<p style=\"text-align: justify;\">La IV Internacional apoya incondicionalmente y promover\u00e1 todo paso en ese sentido.<\/p>\n","protected":false},"excerpt":{"rendered":"<p>Una bofetada para todos los que votaron en Las Cortes contra el derecho a decidir, y un serio aviso para los que creen que la sola invocaci\u00f3n de este derecho lo justifica.<\/p>\n","protected":false},"author":1,"featured_media":0,"comment_status":"open","ping_status":"open","sticky":false,"template":"","format":"standard","meta":{"ngg_post_thumbnail":0,"footnotes":""},"categories":[61,4],"tags":[10,13,209],"class_list":["post-1164","post","type-post","status-publish","format-standard","hentry","category-cartas","category-catalunya","tag-autodeterminacion","tag-cataluna","tag-elecciones-europeas-2014"],"aioseo_notices":[],"_links":{"self":[{"href":"http:\/\/posicuarta.org\/cartasblog\/wp-json\/wp\/v2\/posts\/1164","targetHints":{"allow":["GET"]}}],"collection":[{"href":"http:\/\/posicuarta.org\/cartasblog\/wp-json\/wp\/v2\/posts"}],"about":[{"href":"http:\/\/posicuarta.org\/cartasblog\/wp-json\/wp\/v2\/types\/post"}],"author":[{"embeddable":true,"href":"http:\/\/posicuarta.org\/cartasblog\/wp-json\/wp\/v2\/users\/1"}],"replies":[{"embeddable":true,"href":"http:\/\/posicuarta.org\/cartasblog\/wp-json\/wp\/v2\/comments?post=1164"}],"version-history":[{"count":5,"href":"http:\/\/posicuarta.org\/cartasblog\/wp-json\/wp\/v2\/posts\/1164\/revisions"}],"predecessor-version":[{"id":1170,"href":"http:\/\/posicuarta.org\/cartasblog\/wp-json\/wp\/v2\/posts\/1164\/revisions\/1170"}],"wp:attachment":[{"href":"http:\/\/posicuarta.org\/cartasblog\/wp-json\/wp\/v2\/media?parent=1164"}],"wp:term":[{"taxonomy":"category","embeddable":true,"href":"http:\/\/posicuarta.org\/cartasblog\/wp-json\/wp\/v2\/categories?post=1164"},{"taxonomy":"post_tag","embeddable":true,"href":"http:\/\/posicuarta.org\/cartasblog\/wp-json\/wp\/v2\/tags?post=1164"}],"curies":[{"name":"wp","href":"https:\/\/api.w.org\/{rel}","templated":true}]}}