{"id":1363,"date":"2014-09-11T12:52:24","date_gmt":"2014-09-11T10:52:24","guid":{"rendered":"http:\/\/posicuarta.org\/cartasblog\/?p=1363"},"modified":"2014-09-11T12:52:24","modified_gmt":"2014-09-11T10:52:24","slug":"declaracio-del-comite-nacional-de-catalunya-del-posi","status":"publish","type":"post","link":"http:\/\/posicuarta.org\/cartasblog\/declaracio-del-comite-nacional-de-catalunya-del-posi\/","title":{"rendered":"Declaraci\u00f3 del Comit\u00e8 Nacional de Catalunya del POSI"},"content":{"rendered":"<p style=\"text-align: justify;\"><em>(<a href=\"http:\/\/www.posicuarta.org\/pdf\/DeclaraPOSI-11S20140911-cat.pdf\" target=\"_blank\">Declaracio en format PDF<\/a>)<\/em><\/p>\n<h3 style=\"text-align: justify;\"><strong>Si la legalitat constitucional prohibeix votar, si s\u2019impedeix la democr\u00e0cia, el que s\u2019ha de posar en q\u00fcesti\u00f3 \u00e9s la continuitat del r\u00e8gim mon\u00e0rquic<\/strong><strong><br \/>\n<\/strong><\/h3>\n<h4 style=\"text-align: justify;\"><strong>Els drets dels treballadors i dels pobles no hi caben, en aquesta Constituci\u00f3 <\/strong><\/h4>\n<p style=\"text-align: justify;\"><a href=\"http:\/\/posicuarta.org\/cartasblog\/wp-content\/uploads\/2014\/09\/DeclaraPOSI_cat11s.jpg\" target=\"_blank\"><img loading=\"lazy\" decoding=\"async\" class=\"alignleft wp-image-1365\" src=\"http:\/\/posicuarta.org\/cartasblog\/wp-content\/uploads\/2014\/09\/DeclaraPOSI_cat11s.jpg\" alt=\"DeclaraPOSI_cat11s\" width=\"150\" height=\"215\" srcset=\"http:\/\/posicuarta.org\/cartasblog\/wp-content\/uploads\/2014\/09\/DeclaraPOSI_cat11s.jpg 419w, http:\/\/posicuarta.org\/cartasblog\/wp-content\/uploads\/2014\/09\/DeclaraPOSI_cat11s-104x150.jpg 104w, http:\/\/posicuarta.org\/cartasblog\/wp-content\/uploads\/2014\/09\/DeclaraPOSI_cat11s-209x300.jpg 209w\" sizes=\"auto, (max-width: 150px) 100vw, 150px\" \/><\/a>Ho ha dit repetidament Rajoy, avalat fa poc per Merkel: la consulta no es pot fer perqu\u00e8 ho impedeix la Constituci\u00f3. Cada dia que passa es fa m\u00e9s evident que la legalitat que representa el Tribunal Constitucional i el r\u00e8gim de la Monarquia, no serveixen per garantir la democr\u00e0cia, i s\u00f3n contraris als interessos dels treballadors i dels pobles. Ja s\u2019ha demostrat prou. La \u00faltima vegada, avalant els aspectes m\u00e9s durs de la reforma laboral contra la que milions de treballadors varen anar a la vaga general. Si la legalitat constitucional nega els drets nacionals i socials, el que est\u00e0 en q\u00fcesti\u00f3 \u00e9s la continuitat del r\u00e8gim mon\u00e0rquic.<\/p>\n<p style=\"text-align: justify;\"><!--more--><\/p>\n<h4 style=\"text-align: justify;\"><strong>Una crida a la mobilitzaci\u00f3 de tothom<\/strong><\/h4>\n<p style=\"text-align: justify;\">M\u00e9s encara, quan des de fa mesos es desenvolupa una campanya sistem\u00e0tica contra Catalunya amb l\u2019objectiu pol\u00edtic d\u2019a\u00efllar-la de la resta de treballadors i pobles. Amb aquesta intencionalitat han associat la corrupci\u00f3 generalitzada que envolta el conjunt de l\u2019Estat parasitari en molts aspectes, amb l\u2019aspiraci\u00f3 dels catalans a la sobirania. \u00c9s una operaci\u00f3 pol\u00edtica que busca desesperadament trencar el potent moviment que t\u00e9 com a punta de llan\u00e7a Catalunya, i impedir que la flama de la mobilitzaci\u00f3 del poble catal\u00e0 acabi encenent la de tots els pobles de l\u2019Estat espanyol contra la Monarquia. Els dirigents del PSOE tenen una gran responsablitat a aturar aquesta campanya de divisi\u00f3, i no poden continuar aliniats amb qui impedeix la democr\u00e0cia. Igual que els dirigents confederals de CCOO i UGT tenen la responsabilitat de no deixar sols als treballadors catalans, i l\u2019obligaci\u00f3 de donar suport a la crida realitzada per la CONC i la UGT de Catalunya per a que el dret a decidir no sigui una pantalla per a obviar les reivindicacions socials i la lluita contra les retallades.<\/p>\n<h4 style=\"text-align: justify;\"><strong>Amb retallades no hi ha sobirania <\/strong><\/h4>\n<p style=\"text-align: justify;\">El poble catal\u00e0 vol votar, vol poder decidir el seu dest\u00ed. Per\u00f2 vol la sobirania per poder defensar-se de les pol\u00edtiques d\u2019ajust, de les retallades, de totes les mesures que enfonsen la sanitat i l\u2019ensenyament p\u00fablics. El dret a decidir nom\u00e9s t\u00e9 ra\u00f3 de ser si t\u00e9 un contingut social. Volem la sobirania, per a Catalunya i per a tots els pobles, per poder lluitar contra la reforma laboral i contra les institucions antidemocr\u00e0tiques de la UE que imposen mesures contra els ciutadans. Perqu\u00e8 no hi ha democr\u00e0cia ni sobirania possible si s\u2019apliquen les regles que imposa el capital financer a trav\u00e9s d\u2019institucions com el Fons Monetari Internacional, el Banc Central Europeu o la Comissi\u00f3 Europea.<\/p>\n<h4 style=\"text-align: justify;\"><strong>Per una Alian\u00e7a dels Treballadors i dels Pobles<\/strong><\/h4>\n<p style=\"text-align: justify;\">Ha arribat l\u2019hora de que el poble de Catalunya, tots els pobles de l\u2019Estat espanyol, tots els treballadors, ens unim per fer fora tots els obtacles que impedeixen l\u2019exercici real de la democr\u00e0cia, el dret de tothom a poder decidir. Cal una sortida urgent, democr\u00e0tica, republicana, que obri un per\u00edode constituent que doni la paraula al poble. El POSI, que ha lluitat des de la seva fundaci\u00f3 per fer fora el r\u00e8gim de la Monarquia hereva del franquisme, per la Rep\u00fablica, per la Uni\u00f3 lliure de Rep\u00fabliques lliures de l\u2019Estat espanyol, considera que no hi ha tasca m\u00e9s urgent en aquests moments que la d\u2019agrupar-nos \u2013com proposa el Comit\u00e8 per l\u2019Alian\u00e7a de Treballadors i Pobles\u2013 per defensar el dret del poble catal\u00e0 a poder votar, per acabar amb el r\u00e8gim i la legalitat que ho impedeix i que nega els drets socials i nacionals.<\/p>\n","protected":false},"excerpt":{"rendered":"<p>Si la legalitat constitucional prohibeix votar, si s\u2019impedeix la democr\u00e0cia, el que s\u2019ha de posar en q\u00fcesti\u00f3 \u00e9s la continuitat del r\u00e8gim mon\u00e0rquic <\/p>\n","protected":false},"author":1,"featured_media":0,"comment_status":"open","ping_status":"open","sticky":false,"template":"","format":"aside","meta":{"ngg_post_thumbnail":0,"footnotes":""},"categories":[86,4,20],"tags":[10,13,15,9],"class_list":["post-1363","post","type-post","status-publish","format-aside","hentry","category-catalan","category-catalunya","category-declaracion","tag-autodeterminacion","tag-cataluna","tag-republica-2","tag-soberania","post_format-post-format-aside"],"aioseo_notices":[],"_links":{"self":[{"href":"http:\/\/posicuarta.org\/cartasblog\/wp-json\/wp\/v2\/posts\/1363","targetHints":{"allow":["GET"]}}],"collection":[{"href":"http:\/\/posicuarta.org\/cartasblog\/wp-json\/wp\/v2\/posts"}],"about":[{"href":"http:\/\/posicuarta.org\/cartasblog\/wp-json\/wp\/v2\/types\/post"}],"author":[{"embeddable":true,"href":"http:\/\/posicuarta.org\/cartasblog\/wp-json\/wp\/v2\/users\/1"}],"replies":[{"embeddable":true,"href":"http:\/\/posicuarta.org\/cartasblog\/wp-json\/wp\/v2\/comments?post=1363"}],"version-history":[{"count":2,"href":"http:\/\/posicuarta.org\/cartasblog\/wp-json\/wp\/v2\/posts\/1363\/revisions"}],"predecessor-version":[{"id":1366,"href":"http:\/\/posicuarta.org\/cartasblog\/wp-json\/wp\/v2\/posts\/1363\/revisions\/1366"}],"wp:attachment":[{"href":"http:\/\/posicuarta.org\/cartasblog\/wp-json\/wp\/v2\/media?parent=1363"}],"wp:term":[{"taxonomy":"category","embeddable":true,"href":"http:\/\/posicuarta.org\/cartasblog\/wp-json\/wp\/v2\/categories?post=1363"},{"taxonomy":"post_tag","embeddable":true,"href":"http:\/\/posicuarta.org\/cartasblog\/wp-json\/wp\/v2\/tags?post=1363"}],"curies":[{"name":"wp","href":"https:\/\/api.w.org\/{rel}","templated":true}]}}