{"id":1548,"date":"2015-01-27T13:05:07","date_gmt":"2015-01-27T11:05:07","guid":{"rendered":"http:\/\/posicuarta.org\/cartasblog\/?p=1548"},"modified":"2015-01-27T14:50:59","modified_gmt":"2015-01-27T12:50:59","slug":"presentacion-de-la-verdad-84","status":"publish","type":"post","link":"http:\/\/posicuarta.org\/cartasblog\/presentacion-de-la-verdad-84\/","title":{"rendered":"Presentaci\u00f3n de La Verdad 84"},"content":{"rendered":"<p style=\"text-align: justify;\"><em>(publicado en la <a href=\"http:\/\/www.posicuarta.org\/pdf\/Carta507.pdf\" target=\"_blank\">Carta Semanal 507<\/a>)<\/em><\/p>\n<p style=\"text-align: justify;\"><a href=\"http:\/\/posicuarta.org\/cartasblog\/wp-content\/uploads\/2015\/01\/LaVerdad84.gif\" target=\"_blank\"><img loading=\"lazy\" decoding=\"async\" class=\"alignleft wp-image-1543 size-full\" src=\"http:\/\/posicuarta.org\/cartasblog\/wp-content\/uploads\/2015\/01\/LaVerdad84.gif\" alt=\"LaVerdad84\" width=\"225\" height=\"366\" \/><\/a>La edici\u00f3n espa\u00f1ola del n\u00famero 84 de la Verdad se encuentra en imprenta. En \u00e9l se encuentran art\u00edculos sobre Brasil, la epidemia del \u00c9bola, Gran Breta\u00f1a, la ex URSS, el libro <em>El capital en el siglo XXI<\/em> de Thomas Piketty y los EE UU. Sin embargo, queremos llamar la atenci\u00f3n sobre dos art\u00edculos en particular: <em>De los Indignados a Podemos<\/em> y <em>Actualidad del Programa de Transici\u00f3n y construcci\u00f3n del partido revolucionario<\/em>.<\/p>\n<p style=\"text-align: justify;\">El art\u00edculo sobre Podemos trata de responder a la cuesti\u00f3n de si este partido de nuevo tipo se corresponde con la necesidad de construir un partido fiel a los intereses de los trabajadores y de los pueblos, de cu\u00e1l es su perspectiva pol\u00edtica frente a la Monarqu\u00eda y a la UE. Ello en una actitud de di\u00e1logo y de combate en defensa de los intereses de trabajadores y pueblos.<\/p>\n<p style=\"text-align: justify;\"><!--more--><\/p>\n<p style=\"text-align: justify;\">En \u00e9l se expone cuales son su origen, su estructura y el tipo de organizaci\u00f3n de la que se ha dotado para conformar su \u00f3rgano de direcci\u00f3n, la Asamblea Ciudadana y su pol\u00edtica. El programa de Podemos merece nuestra atenci\u00f3n por su calculada ambig\u00fcedad; no obstante, en el documento de <em>Principios Pol\u00edticos<\/em> aprobado en la Asamblea Ciudadana afirma sobre la crisis del r\u00e9gimen:<\/p>\n<p style=\"text-align: justify;\">\u201c<em>se produce en el marco de un Estado del Norte, integrado en la UE y en la OTAN, que no ha visto mermada su capacidad de ordenar el territorio y monopolizar la violencia (\u2026) que no vive importantes fisuras en sus aparatos y que no parece que vaya a sucumbir por acometidas de movilizaci\u00f3n social m\u00e1s o menos perturbadora<\/em>\u201d. Por tanto, \u201c<em>las batallas electorales ocupan hoy el centro de la confrontaci\u00f3n pol\u00edtica<\/em>\u201d. Esta posici\u00f3n tiene una traducci\u00f3n pr\u00e1ctica inmediata: el respeto escrupuloso del calendario electoral (\u2026) y que se opone a una necesidad imperiosa para las masas: movilizaci\u00f3n para acabar con el gobierno Rajoy, ya.\u201d<\/p>\n<p style=\"text-align: justify;\">Respecto a la deuda:<\/p>\n<p style=\"text-align: justify;\"><em>\u201cel objetivo no es no pagar la deuda. El objetivo es recuperar un nivel de endeudamiento y una senda de sostenibilidad de la misma.\u201d <\/em>Y a\u00f1ade la resoluci\u00f3n de Podemos sobre la deuda, que lo que ellos proponen: \u201c<em>es defendido, por ejemplo, por instancias tan poco sospechosas de favorecer las intereses de los deudores como es el FMI.<\/em>\u201d<\/p>\n<p style=\"text-align: justify;\">El art\u00edculo, tras fijar la posici\u00f3n de la secci\u00f3n espa\u00f1ola de la IV Internacional, concluye con la necesidad de forjar la alianza de los trabajadores y de los pueblos para acabar con la Monarqu\u00eda, preparar las condiciones de una Constituyente basada en los derechos de los pueblos; es decir, el combate por la Rep\u00fablica.<\/p>\n<p style=\"text-align: justify;\">El art\u00edculo sobre el Programa de Transici\u00f3n aborda la tarea de la construcci\u00f3n del partido revolucionario en 2014. Partiendo de que:<\/p>\n<p style=\"text-align: justify;\"><em>\u201cPara Trotski, el partido no es una categor\u00eda abstracta; la construcci\u00f3n de un partido no procede de una serie de afirmaciones justas que conducir\u00edan a las masas a afluir hacia \u00e9l. Por el contrario, para Trotski, se trata de definir en cada etapa las v\u00edas y medios para ligarse, no las masas en general, sino a la vanguardia para encontrar el camino de las masas y as\u00ed avanzar sobre un terreno de construcci\u00f3n. En cada etapa, porque para Trotski, las v\u00edas y los medios est\u00e1n determinados por la lucha de clases, la situaci\u00f3n concreta. Esto es as\u00ed porque no hay una sola forma, abstracta. A lo largo de la historia de la IV Internacional, las formas pr\u00e1cticas han variado, pero el eje -la construcci\u00f3n de la IV Internacional- permanece.\u201d<\/em><\/p>\n<p style=\"text-align: justify;\">Expone c\u00f3mo la direcci\u00f3n de la Izquierda Comunista de Espa\u00f1a, tras denunciar como una capitulaci\u00f3n de Trotsky su propuesta de entrar en el PSOE (para entroncar con la izquierda socialista, vinculada a la UGT, y con las Juventudes Socialistas que se radicalizaban), decidi\u00f3 fusionarse con el BOC de Maur\u00edn, salido del PCE, constituir el POUM e integrase en 1935 en el Frente Popular para \u201c<em>realizar desde las Cortes un trabajo de oposici\u00f3n revolucionaria<\/em>\u201d. De todos son sabidas las consecuencias de esta posici\u00f3n. Le\u00f3n Trotski describe la uni\u00f3n al Frente Popular como \u201c<em>la traici\u00f3n del POUM<\/em>\u00bb y les contrapone la experiencia del Partido bolchevique, que en febrero de 1917 no influ\u00eda m\u00e1s que en el 1 o el 2% de los trabajadores, pero cuya pol\u00edtica revolucionaria les llev\u00f3 a convertirse en el partido dirigente en unos meses.<\/p>\n<p style=\"text-align: justify;\">Leemos en el art\u00edculo:<\/p>\n<p style=\"text-align: justify;\">\u201cE<em>l partido revolucionario no se construir\u00e1 antes de la revoluci\u00f3n (\u2026). Pero <strong>un<\/strong> partido revolucionario debe ser construido antes de la revoluci\u00f3n para, precisamente en el curso mismo del proceso revolucionario, construirse como el partido revolucionario, en el mismo movimiento en el curso del cual las masas, con su ayuda, se liberar\u00e1n de la tutela de las viejas direcciones. Le\u00f3n Trotski subraya que<\/em> \u2018la superioridad del bolchevismo sobre el menchevismo no es s\u00f3lo la justeza de su l\u00ednea pol\u00edtica, sino tambi\u00e9n su capacidad para aportar la organizaci\u00f3n que participa en las luchas revolucionarias del proletariado.\u2019 (\u2026)<\/p>\n<p style=\"text-align: justify;\"><em>Pierre Lambert, partiendo de aqu\u00ed, va a desarrollar una orientaci\u00f3n que tiene en cuenta los procesos reales en la clase: la transici\u00f3n en materia de construcci\u00f3n del partido. (\u2026)<\/em><\/p>\n<p style=\"text-align: justify;\"><em>Construir un partido es, al contrario que la autoproclamaci\u00f3n, organizar una pol\u00edtica de implantaci\u00f3n resuelta en el movimiento obrero, agrupar bajo formas propias para cada pa\u00eds esta amplia vanguardia que quiere combatir, sin exigirle que a priori nos reconozca como \u00ab<strong>la direcci\u00f3n<\/strong>\u00ab; esto exige secciones de la IV Internacional que elaboren estas formas a trav\u00e9s de la libre discusi\u00f3n, en el momento en que la historia est\u00e1 dando un vuelco<\/em>.\u201d<\/p>\n<p style=\"text-align: justify;\">Para concluir:<\/p>\n<p style=\"text-align: justify;\">\u201c<em>He aqu\u00ed el m\u00e9todo de Le\u00f3n Trotski y la Cuarta Internacional. Ganar la vanguardia <\/em>\u2018saber d\u00f3nde encontrar puntos de contacto<em>\u2019, implantarse<\/em> \u2018en las empresas y las organizaciones de masas<em>\u2019<\/em>, <em>dialogar con<\/em> \u2018una vanguardia a la que hay que saber hablar\u2019 <em>y, sobre todo, no ser tomado<\/em> \u2018por un paliativo a guisa de nuevo partido, sino serlo s\u00f3lo por el instrumento de su creaci\u00f3n.\u2019<\/p>\n<p style=\"text-align: justify;\"><em>Este m\u00e9todo de Le\u00f3n Trotski sigue siendo v\u00e1lido y debe aplicarse en funci\u00f3n de la situaci\u00f3n concreta en la que estamos en el a\u00f1o 2014<\/em>.\u201d<\/p>\n<p style=\"text-align: justify;\">Por \u00faltimo, un tercer art\u00edculo que destacamos es <em>Tras la quiebra de los acuerdos de Oslo: el pueblo palestino amenazado por una nueva forma de control<\/em>, por la actualidad pol\u00edtica pr\u00e1ctica que tiene en relaci\u00f3n con la situaci\u00f3n que sufre el pueblo palestino y campa\u00f1a de la IV Internacional por el levantamiento incondicional del bloqueo a Gaza.<\/p>\n","protected":false},"excerpt":{"rendered":"<p>La edici\u00f3n espa\u00f1ola del n\u00famero 84 de la Verdad se encuentra en imprenta. En \u00e9l se encuentran art\u00edculos sobre Brasil, la epidemia del \u00c9bola, Gran Breta\u00f1a, la ex URSS, el libro El capital en el siglo XXI de Thomas Piketty y los EE UU. Sin embargo, queremos llamar la atenci\u00f3n sobre dos art\u00edculos en particular: De los Indignados a Podemos y Actualidad del Programa de Transici\u00f3n y construcci\u00f3n del partido revolucionario.<\/p>\n","protected":false},"author":1,"featured_media":0,"comment_status":"open","ping_status":"open","sticky":false,"template":"","format":"standard","meta":{"ngg_post_thumbnail":0,"footnotes":""},"categories":[8,27,113],"tags":[106,109,307,124,246,172,138,377],"class_list":["post-1548","post","type-post","status-publish","format-standard","hentry","category-internacional","category-iv-internacional","category-la-verdad","tag-brasil","tag-dilma-rousseff","tag-ebola","tag-marxismo","tag-palestina","tag-podemos","tag-programa-iv-internacional","tag-thomas-piketty"],"aioseo_notices":[],"_links":{"self":[{"href":"http:\/\/posicuarta.org\/cartasblog\/wp-json\/wp\/v2\/posts\/1548","targetHints":{"allow":["GET"]}}],"collection":[{"href":"http:\/\/posicuarta.org\/cartasblog\/wp-json\/wp\/v2\/posts"}],"about":[{"href":"http:\/\/posicuarta.org\/cartasblog\/wp-json\/wp\/v2\/types\/post"}],"author":[{"embeddable":true,"href":"http:\/\/posicuarta.org\/cartasblog\/wp-json\/wp\/v2\/users\/1"}],"replies":[{"embeddable":true,"href":"http:\/\/posicuarta.org\/cartasblog\/wp-json\/wp\/v2\/comments?post=1548"}],"version-history":[{"count":5,"href":"http:\/\/posicuarta.org\/cartasblog\/wp-json\/wp\/v2\/posts\/1548\/revisions"}],"predecessor-version":[{"id":1553,"href":"http:\/\/posicuarta.org\/cartasblog\/wp-json\/wp\/v2\/posts\/1548\/revisions\/1553"}],"wp:attachment":[{"href":"http:\/\/posicuarta.org\/cartasblog\/wp-json\/wp\/v2\/media?parent=1548"}],"wp:term":[{"taxonomy":"category","embeddable":true,"href":"http:\/\/posicuarta.org\/cartasblog\/wp-json\/wp\/v2\/categories?post=1548"},{"taxonomy":"post_tag","embeddable":true,"href":"http:\/\/posicuarta.org\/cartasblog\/wp-json\/wp\/v2\/tags?post=1548"}],"curies":[{"name":"wp","href":"https:\/\/api.w.org\/{rel}","templated":true}]}}