{"id":1633,"date":"2015-04-14T11:54:47","date_gmt":"2015-04-14T09:54:47","guid":{"rendered":"http:\/\/posicuarta.org\/cartasblog\/?p=1633"},"modified":"2015-04-14T11:54:47","modified_gmt":"2015-04-14T09:54:47","slug":"convocatoria-de-acto-publico-por-la-republica","status":"publish","type":"post","link":"http:\/\/posicuarta.org\/cartasblog\/convocatoria-de-acto-publico-por-la-republica\/","title":{"rendered":"Convocatoria de acto p\u00fablico POR LA REP\u00daBLICA"},"content":{"rendered":"<p><a href=\"http:\/\/posicuarta.org\/cartasblog\/wp-content\/uploads\/2015\/04\/CartelVilarealcas.jpg\" target=\"_blank\"><img loading=\"lazy\" decoding=\"async\" class=\"alignleft wp-image-1634 size-medium\" src=\"http:\/\/posicuarta.org\/cartasblog\/wp-content\/uploads\/2015\/04\/CartelVilarealcas-212x300.jpg\" alt=\"CartelVilarealcas\" width=\"212\" height=\"300\" srcset=\"http:\/\/posicuarta.org\/cartasblog\/wp-content\/uploads\/2015\/04\/CartelVilarealcas-212x300.jpg 212w, http:\/\/posicuarta.org\/cartasblog\/wp-content\/uploads\/2015\/04\/CartelVilarealcas-106x150.jpg 106w, http:\/\/posicuarta.org\/cartasblog\/wp-content\/uploads\/2015\/04\/CartelVilarealcas-726x1024.jpg 726w, http:\/\/posicuarta.org\/cartasblog\/wp-content\/uploads\/2015\/04\/CartelVilarealcas-624x879.jpg 624w, http:\/\/posicuarta.org\/cartasblog\/wp-content\/uploads\/2015\/04\/CartelVilarealcas.jpg 1181w\" sizes=\"auto, (max-width: 212px) 100vw, 212px\" \/><\/a><span style=\"font-size: 10pt;\"><strong>El pr\u00f3ximo martes 21 de abril se celebrar\u00e1 un acto p\u00fablico en Vila-real (Castell\u00f3n) para reivindicar una rep\u00fablica del pueblo y para el pueblo con motivo del 84 aniversario de la proclamaci\u00f3n de la II Rep\u00fablica. Este acto ha sido convocado por el POSI y por los compa\u00f1eros de Izquierda Unida del Pa\u00eds Valenciano.<\/strong><\/span><\/p>\n<p><span style=\"font-size: 14pt;\"><strong><span style=\"color: #800000;\"><em>\u00abLa rep\u00fablica nos\u00a0 trajo derechos y libertades, y con la rep\u00fablica los vamos a recuperar, porque democracia es rep\u00fablica\u00bb<\/em><\/span><\/strong><\/span><\/p>\n","protected":false},"excerpt":{"rendered":"<p>El pr\u00f3ximo martes 21 de abril se celebrar\u00e1 un acto p\u00fablico en Vila-real (Castell\u00f3n) para reivindicar una rep\u00fablica del pueblo y para el pueblo con motivo del 84 aniversario de la proclamaci\u00f3n de la II Rep\u00fablica. Este acto ha sido convocado por el POSI y por los compa\u00f1eros de Izquierda Unida del Pa\u00eds Valenciano.<\/p>\n","protected":false},"author":1,"featured_media":0,"comment_status":"open","ping_status":"open","sticky":false,"template":"","format":"aside","meta":{"ngg_post_thumbnail":0,"footnotes":""},"categories":[142,14],"tags":[15],"class_list":["post-1633","post","type-post","status-publish","format-aside","hentry","category-convocatoria","category-republica","tag-republica-2","post_format-post-format-aside"],"aioseo_notices":[],"_links":{"self":[{"href":"http:\/\/posicuarta.org\/cartasblog\/wp-json\/wp\/v2\/posts\/1633","targetHints":{"allow":["GET"]}}],"collection":[{"href":"http:\/\/posicuarta.org\/cartasblog\/wp-json\/wp\/v2\/posts"}],"about":[{"href":"http:\/\/posicuarta.org\/cartasblog\/wp-json\/wp\/v2\/types\/post"}],"author":[{"embeddable":true,"href":"http:\/\/posicuarta.org\/cartasblog\/wp-json\/wp\/v2\/users\/1"}],"replies":[{"embeddable":true,"href":"http:\/\/posicuarta.org\/cartasblog\/wp-json\/wp\/v2\/comments?post=1633"}],"version-history":[{"count":7,"href":"http:\/\/posicuarta.org\/cartasblog\/wp-json\/wp\/v2\/posts\/1633\/revisions"}],"predecessor-version":[{"id":1641,"href":"http:\/\/posicuarta.org\/cartasblog\/wp-json\/wp\/v2\/posts\/1633\/revisions\/1641"}],"wp:attachment":[{"href":"http:\/\/posicuarta.org\/cartasblog\/wp-json\/wp\/v2\/media?parent=1633"}],"wp:term":[{"taxonomy":"category","embeddable":true,"href":"http:\/\/posicuarta.org\/cartasblog\/wp-json\/wp\/v2\/categories?post=1633"},{"taxonomy":"post_tag","embeddable":true,"href":"http:\/\/posicuarta.org\/cartasblog\/wp-json\/wp\/v2\/tags?post=1633"}],"curies":[{"name":"wp","href":"https:\/\/api.w.org\/{rel}","templated":true}]}}