{"id":1933,"date":"2015-09-29T12:01:19","date_gmt":"2015-09-29T10:01:19","guid":{"rendered":"http:\/\/posicuarta.org\/cartasblog\/?p=1933"},"modified":"2015-10-05T12:10:49","modified_gmt":"2015-10-05T10:10:49","slug":"cataluna-derrota-aplastante-de-rajoy","status":"publish","type":"post","link":"http:\/\/posicuarta.org\/cartasblog\/cataluna-derrota-aplastante-de-rajoy\/","title":{"rendered":"Catalu\u00f1a: Derrota aplastante de Rajoy"},"content":{"rendered":"<p style=\"text-align: justify;\"><em>(Publicado en la <a href=\"http:\/\/www.posicuarta.org\/pdf\/Carta544.pdf\" target=\"_blank\">Carta Semanal 544<\/a>)<\/em><\/p>\n<h3 style=\"text-align: justify;\">Declaraci\u00f3n del Comit\u00e9 Ejecutivo del POSI &#8211; 28 de septiembre de 2015<\/h3>\n<p style=\"text-align: justify;\"><a href=\"http:\/\/posicuarta.org\/cartasblog\/wp-content\/uploads\/2015\/09\/Carta-544.jpg\" target=\"_blank\"><img loading=\"lazy\" decoding=\"async\" class=\"alignleft wp-image-1935\" src=\"http:\/\/posicuarta.org\/cartasblog\/wp-content\/uploads\/2015\/09\/Carta-544-105x150.jpg\" alt=\"Carta-544\" width=\"150\" height=\"215\" srcset=\"http:\/\/posicuarta.org\/cartasblog\/wp-content\/uploads\/2015\/09\/Carta-544-105x150.jpg 105w, http:\/\/posicuarta.org\/cartasblog\/wp-content\/uploads\/2015\/09\/Carta-544-210x300.jpg 210w, http:\/\/posicuarta.org\/cartasblog\/wp-content\/uploads\/2015\/09\/Carta-544.jpg 419w\" sizes=\"auto, (max-width: 150px) 100vw, 150px\" \/><\/a>Los resultados electorales son incontestables. Con la mayor participaci\u00f3n electoral en unas elecciones catalanas, el 77,4%, el partido del gobierno del Estado sufre una derrota aplastante con el 8,5% de los votos emitidos, que viene a confirmar la existencia de una mayor\u00eda social contraria al continuismo mon\u00e1rquico y a la legalidad constitucional que niega el ejercicio de la democracia.<\/p>\n<p style=\"text-align: justify;\">\u00c9sta es la suma de los que directamente votaron por partidos independentistas, 47,77% (Junts pel s\u00ed y la CUP) con los que se declaran partidarios del derecho de autodeterminaci\u00f3n (Catalunya s\u00ed que es Pot, 8,93%, m\u00e1s Uni\u00f3 Democr\u00e0tica, 2,5%, sin representaci\u00f3n parlamentaria): un total del 60%. Es por lo menos la tercera vez que una gran mayor\u00eda del Parlamento de Catalu\u00f1a representa la exigencia del derecho a decidir. A pesar de ello, el PSC, que tiene los peores resultados de su historia con el 12,7% a causa de la pol\u00edtica promon\u00e1rquica de la direcci\u00f3n federal, propone una \u201creforma federal\u201d desde arriba, sin respetar el derecho del pueblo catal\u00e1n a decidir, al margen del sentir de muchos de sus afiliados y electores.<\/p>\n<p style=\"text-align: justify;\"><!--more--><\/p>\n<p style=\"text-align: justify;\">En todo caso, los partidos que defienden la actual Constituci\u00f3n, el PP, hundido con 8,5% de los votos, y Ciudadanos con el 17,9%, no representan m\u00e1s que el 26,4% de los votos emitidos.<\/p>\n<p style=\"text-align: justify;\">Al mismo tiempo, la propuesta de Junts pel S\u00ed de proceder a una declaraci\u00f3n unilateral de independencia choca con un hecho innegable: entre sus votos y los de la CUP no llegan al 48% de los votos emitidos.<\/p>\n<p style=\"text-align: justify;\">Este resultado electoral va a ser, sin duda, un elemento determinante en las pr\u00f3ximas elecciones generales de diciembre pr\u00f3ximo. Pero los resultados electorales, siendo incontestables, son tambi\u00e9n la expresi\u00f3n de la falta de una representaci\u00f3n pol\u00edtica fiel a los intereses de los trabajadores y los pueblos que defienda en Catalu\u00f1a y en todo el Estado espa\u00f1ol una salida democr\u00e1tica para todos.<\/p>\n<h4 style=\"text-align: justify;\"><strong>\u00bfQu\u00e9 salida? <\/strong><\/h4>\n<p style=\"text-align: justify;\">Desde el minuto uno, a pesar de su derrota, el aparato de Estado y sus portavoces han redoblado su pol\u00edtica de enfrentamiento entre los pueblos. Eso demuestra que no puede haber salida a las aspiraciones del pueblo catal\u00e1n (y de todos los pueblos) en el marco de la Monarqu\u00eda que provoca este enfrentamiento. S\u00f3lo la clase trabajadora, actuando organizada, puede solucionar este embrollo.<\/p>\n<p style=\"text-align: justify;\">Los trabajadores de todos los pueblos de Espa\u00f1a forman una sola clase con las mismas conquistas sociales, convenios, negociaci\u00f3n colectiva, seguridad social, servicios p\u00fablicos conquistados para toda la poblaci\u00f3n, y particularmente confederaciones sindicales de \u00e1mbito estatal, que dan su fuerza a la clase. De Barcelona a C\u00e1diz, de Madrid a Bilbao, los trabajadores tienen las mismas experiencias de lucha. Durante la larga dictadura se forj\u00f3 en el combate la alianza entre los trabajadores y los pueblos. Para los trabajadores de todo el Estado, defender el derecho de autodeterminaci\u00f3n de Catalu\u00f1a o del Pa\u00eds Vasco era una cuesti\u00f3n elemental.<\/p>\n<p style=\"text-align: justify;\">La restauraci\u00f3n de la monarqu\u00eda despu\u00e9s de la muerte de Franco, manteniendo lo esencial de las instituciones heredadas del franquismo, exigi\u00f3 a los dirigentes en aquel momento, del PSOE y del PCE, romper esa alianza. Durante estos \u00faltimos cuarenta a\u00f1os se ha intentado disociar los derechos sociales de los derechos democr\u00e1ticos nacionales poniendo en peligro unos y otros.<\/p>\n<p style=\"text-align: justify;\">El hundimiento econ\u00f3mico que conoce nuestro pa\u00eds producto de la crisis del capital financiero a escala internacional y de la pol\u00edtica seguida por sus instituciones, la UE y el FMI, ha provocado una situaci\u00f3n de indignaci\u00f3n social que se ha expresado al principio en las movilizaciones masivas contra los recortes y las huelgas generales, sin poder encontrar por el momento como cauce m\u00e1s que el crecimiento espectacular del independentismo en Catalu\u00f1a. Los trabajadores, los campesinos, los j\u00f3venes que votan por la independencia quieren ante todo liberarse de la monarqu\u00eda, el estado corrupto y los privilegios del gran capital. Como los dirigentes de sus principales organizaciones no organizan esa lucha, y han dado una tregua al gobierno desde la \u00faltima Huelga General, muchos han buscado una salida en los que les ofrecen la independencia.<\/p>\n<p style=\"text-align: justify;\">La pol\u00edtica promon\u00e1rquica de la direcci\u00f3n del PSOE ha impedido que este partido haga el papel de enlace necesario entre los intereses de los trabajadores de todos los pueblos y los derechos de estos. En estas condiciones a nivel electoral en Catalu\u00f1a y a nivel pol\u00edtico en todo el Estado hay un verdadero vac\u00edo de representaci\u00f3n de los intereses comunes de los trabajadores y de los pueblos.<\/p>\n<h4 style=\"text-align: justify;\"><strong>M\u00e1s que nunca hay que combatir por la alianza de los trabajadores y de los pueblos<\/strong><\/h4>\n<p style=\"text-align: justify;\">Todas las instituciones internacionales del gran capital, desde el gobierno Obama a la UE, la OTAN, la gran banca, las grandes multinacionales han cerrado filas detr\u00e1s de la Monarqu\u00eda contra las aspiraciones democr\u00e1ticas del pueblo catal\u00e1n. En realidad han cerrado filas contra toda reivindicaci\u00f3n democr\u00e1tica y social, por ello apoyan al gobierno de Rajoy, sus leyes liberticidas y antisindicales (recordemos que 300 sindicalistas est\u00e1n amenazados de juicio por el ejercicio del derecho de huelga).<\/p>\n<p style=\"text-align: justify;\">336.375 electores (votantes de la CUP) han votado contra la Monarqu\u00eda y sus instituciones, contra la Uni\u00f3n Europea, contra la dominaci\u00f3n del capital\u2026<\/p>\n<p style=\"text-align: justify;\">En plena campa\u00f1a electoral en Catalu\u00f1a cerca de 200 sindicalistas y militantes obreros de todo el Estado, lanzaron un manifiesto que dec\u00eda particularmente:<\/p>\n<p style=\"text-align: justify; padding-left: 30px;\"><em>\u201cDefendemos la uni\u00f3n libre de pueblos libres como la mejor opci\u00f3n. Como la opci\u00f3n que m\u00e1s interesa a los trabajadores que hemos luchado juntos y hemos conseguido conquistas comunes para todos. El pueblo catal\u00e1n no puede quedar solo en la defensa de una exigencia democr\u00e1tica, porque esta exigencia incumbe a todos los trabajadores. Afirmamos que es un deber de todo el movimiento obrero del Estado espa\u00f1ol hacer suya esta causa. Es la misma causa de todos los que luchan contra los recortes sociales y salariales, contra todas las medidas de ajuste, por la derogaci\u00f3n de la reforma laboral, por defender los servicios p\u00fablicos amenazados. Es en definitiva la causa de la libertad y la fraternidad entre los diferentes pueblos del Estado espa\u00f1ol que luchan contra las imposiciones de todos los gobiernos, independientemente del color pol\u00edtico y de la bandera en la que se envuelvan.\u201d<\/em><\/p>\n<p style=\"text-align: justify;\">Tras el resultado de las elecciones catalanas, este llamamiento sigue siendo de una actualidad acuciante. En v\u00edsperas de la constituci\u00f3n del Parlament de Catalunya se plantea una exigencia elemental: \u00bfva a ejercer su soberan\u00eda o va a seguir sometido a la Monarqu\u00eda y a poderes externos no elegidos por los ciudadanos? Ejercer la soberan\u00eda quiere decir derogar todos los recortes, todas las leyes antidemocr\u00e1ticas, anular los desahucios, llamar a todos los pueblos del Estado a una uni\u00f3n libre fraternal, uni\u00f3n solo posible en pie de igualdad, es decir desembaraz\u00e1ndose de la Monarqu\u00eda y sus instituciones, agencias del capital financiero y de la Uni\u00f3n Europea, allanando el camino a la Rep\u00fablica, a la Uni\u00f3n de Rep\u00fablicas Libres.<\/p>\n<p style=\"text-align: justify;\">Tras las elecciones catalanas \u2013que guardan continuidad con el resultado de las Elecciones Municipales\u2013, es fundamental redoblar la lucha por acabar con el gobierno Rajoy, por imponer en todo el Estado un cambio pol\u00edtico, imponer en Madrid un gobierno que no se someta al entramado franquista, que reconozca el derecho del pueblo catal\u00e1n y de todos los pueblos a decidir y responda a todas las aspiraciones sociales y democr\u00e1ticas.<\/p>\n","protected":false},"excerpt":{"rendered":"<p>Declaraci\u00f3n del Comit\u00e9 Ejecutivo del POSI &#8211; 28 de septiembre de 2015: Los resultados electorales son incontestables. Con la mayor participaci\u00f3n electoral en unas elecciones catalanas, el 77,4%, el partido del gobierno del Estado sufre una derrota aplastante con el 8,5% de los votos emitidos, que viene a confirmar la existencia de una mayor\u00eda social contraria al continuismo mon\u00e1rquico y a la legalidad constitucional que niega el ejercicio de la democracia.<\/p>\n","protected":false},"author":1,"featured_media":0,"comment_status":"open","ping_status":"open","sticky":false,"template":"","format":"aside","meta":{"ngg_post_thumbnail":0,"footnotes":""},"categories":[61,4,20],"tags":[554,413,189,555,177,552,442,412,443,9,553],"class_list":["post-1933","post","type-post","status-publish","format-aside","hentry","category-cartas","category-catalunya","category-declaracion","tag-catalunya-si-que-es-pot","tag-ciudadanos","tag-cup","tag-elecciones-autonomicas","tag-independencia","tag-junts-pel-si","tag-parlamento-catalan","tag-pp","tag-psc","tag-soberania","tag-unio-democratica","post_format-post-format-aside"],"aioseo_notices":[],"_links":{"self":[{"href":"http:\/\/posicuarta.org\/cartasblog\/wp-json\/wp\/v2\/posts\/1933","targetHints":{"allow":["GET"]}}],"collection":[{"href":"http:\/\/posicuarta.org\/cartasblog\/wp-json\/wp\/v2\/posts"}],"about":[{"href":"http:\/\/posicuarta.org\/cartasblog\/wp-json\/wp\/v2\/types\/post"}],"author":[{"embeddable":true,"href":"http:\/\/posicuarta.org\/cartasblog\/wp-json\/wp\/v2\/users\/1"}],"replies":[{"embeddable":true,"href":"http:\/\/posicuarta.org\/cartasblog\/wp-json\/wp\/v2\/comments?post=1933"}],"version-history":[{"count":3,"href":"http:\/\/posicuarta.org\/cartasblog\/wp-json\/wp\/v2\/posts\/1933\/revisions"}],"predecessor-version":[{"id":1949,"href":"http:\/\/posicuarta.org\/cartasblog\/wp-json\/wp\/v2\/posts\/1933\/revisions\/1949"}],"wp:attachment":[{"href":"http:\/\/posicuarta.org\/cartasblog\/wp-json\/wp\/v2\/media?parent=1933"}],"wp:term":[{"taxonomy":"category","embeddable":true,"href":"http:\/\/posicuarta.org\/cartasblog\/wp-json\/wp\/v2\/categories?post=1933"},{"taxonomy":"post_tag","embeddable":true,"href":"http:\/\/posicuarta.org\/cartasblog\/wp-json\/wp\/v2\/tags?post=1933"}],"curies":[{"name":"wp","href":"https:\/\/api.w.org\/{rel}","templated":true}]}}