{"id":2058,"date":"2016-02-03T13:31:28","date_gmt":"2016-02-03T11:31:28","guid":{"rendered":"http:\/\/posicuarta.org\/cartasblog\/?p=2058"},"modified":"2016-04-04T11:43:06","modified_gmt":"2016-04-04T09:43:06","slug":"la-verdad-no-88-enero-2016","status":"publish","type":"post","link":"http:\/\/posicuarta.org\/cartasblog\/la-verdad-no-88-enero-2016\/","title":{"rendered":"La Verdad n\u00ba 88 &#8211; enero 2016"},"content":{"rendered":"<p style=\"text-align: justify;\"><span style=\"color: #993300;\"><strong><a href=\"http:\/\/posicuarta.org\/cartasblog\/wp-content\/uploads\/2016\/02\/LV88.jpg\"><img loading=\"lazy\" decoding=\"async\" class=\"alignleft wp-image-2059 size-full\" src=\"http:\/\/posicuarta.org\/cartasblog\/wp-content\/uploads\/2016\/02\/LV88.jpg\" alt=\"LV88\" width=\"225\" height=\"365\" srcset=\"http:\/\/posicuarta.org\/cartasblog\/wp-content\/uploads\/2016\/02\/LV88.jpg 225w, http:\/\/posicuarta.org\/cartasblog\/wp-content\/uploads\/2016\/02\/LV88-92x150.jpg 92w, http:\/\/posicuarta.org\/cartasblog\/wp-content\/uploads\/2016\/02\/LV88-185x300.jpg 185w\" sizes=\"auto, (max-width: 225px) 100vw, 225px\" \/><\/a>Sumario del n\u00famero 88 \u2013 enero de 2016<\/strong><\/span><\/p>\n<ul style=\"text-align: justify;\">\n<li>Presentaci\u00f3n<\/li>\n<li>Carta de convocatoria del IX Congreso Mundial de la IV Internacional<\/li>\n<li>Dossier de documentos. Sindicatos e independencia de clase. Autor: <em>Henry Halphen<\/em><\/li>\n<\/ul>\n<p style=\"text-align: justify;\"><span style=\"color: #993300;\"><strong>Introducci\u00f3n a la lectura del n\u00famero 88<\/strong><\/span><\/p>\n<p style=\"text-align: justify;\">La presentaci\u00f3n parte de \u201c<em>una situaci\u00f3n marcada por la marcha hacia un vuelco de la situaci\u00f3n internacional, que se expresa a la vez en la generalizaci\u00f3n de la guerra, en una crisis sin precedentes de la econom\u00eda capitalista y en el hecho de que se acent\u00faa la crisis de la clase dominante norteamericana, enfrent\u00e1ndose p\u00fablicamente fracciones de la burgues\u00eda estadounidense, en una situaci\u00f3n en la que el imperialismo norteamericano es incapaz de controlar los procesos mundiales\u201d<\/em>,<\/p>\n<p style=\"text-align: justify;\"><!--more--><\/p>\n<p style=\"text-align: justify;\">para abordar la crisis en Europa:<\/p>\n<p style=\"text-align: justify;\"><em>\u201cEstos \u00faltimos acontecimientos de Alemania y de la Gran Breta\u00f1a son la expresi\u00f3n de la crisis m\u00e1s general que sacude a las instituciones y a todos los gobiernos de la Uni\u00f3n Europea. El resultado de las elecciones regionales de Francia, con una abstenci\u00f3n del 50 % de los electores, ha provocado un hundimiento de los partidos de derecha y de \u2018izquierda\u2019 que se han sucedido en el poder desde hace treinta a\u00f1os. Esta crisis tambi\u00e9n se expresa en Grecia, donde el gobierno Tsypras ha presentado unos Presupuestos, aprobados, que todav\u00eda recortan 5 000 millones de euros en los gastos p\u00fablicos.<\/em><\/p>\n<p style=\"text-align: justify;\"><em>Todos los gobiernos de la Uni\u00f3n Europea est\u00e1n confrontados con las consecuencias de la afluencia de los que llaman \u201cmigrantes\u201d, en realidad refugiados que huyen de la guerra y de la barbarie, sin que los diferentes gobiernos sean capaces de tratar esta cuesti\u00f3n.<\/em><\/p>\n<p style=\"text-align: justify;\"><em>La Uni\u00f3n Europea est\u00e1 en el ojo de la tormenta y al borde de la dislocaci\u00f3n.\u201d<\/em><\/p>\n<p style=\"text-align: justify;\">Y la situaci\u00f3n en Am\u00e9rica Latina, para concluir afirmando que<em> \u201ctoda Am\u00e9rica Latina est\u00e1 en el visor de los Estados Unidos.\u201d<\/em><\/p>\n<h4 style=\"text-align: justify;\">De la carta de convocatoria del IX Congreso Mundial de la IV Internacional extraemos dos puntos:<\/h4>\n<p style=\"text-align: justify;\"><em>\u201cEl Secretariado Internacional, reunido el 9, 10 y 11 de noviembre, ha decidido convocar el IX Congreso Mundial de la IV Internacional con car\u00e1cter extraordinario para el 8, 9, 10 de febrero de 2016. La convocatoria de este congreso exige caracterizar en particular la operaci\u00f3n montada contra la IV Internacional.\u201d<\/em><\/p>\n<p style=\"text-align: justify;\"><em>\u201cEl Secretariado Internacional reafirma su acuerdo pol\u00edtico con la caracterizaci\u00f3n del Secretariado Internacional de los d\u00edas 13 y 14 de noviembre de 2014 sobre el \u201cgiro de la situaci\u00f3n mundial\u201d.<\/em><\/p>\n<div id=\"attachment_2063\" style=\"width: 602px\" class=\"wp-caption alignleft\"><img loading=\"lazy\" decoding=\"async\" aria-describedby=\"caption-attachment-2063\" class=\"wp-image-2063 size-full\" src=\"http:\/\/posicuarta.org\/cartasblog\/wp-content\/uploads\/2016\/02\/Trotsky-ante-IC-192.jpg\" alt=\"Trotsky-ante-IC-1920\" width=\"592\" height=\"351\" srcset=\"http:\/\/posicuarta.org\/cartasblog\/wp-content\/uploads\/2016\/02\/Trotsky-ante-IC-192.jpg 592w, http:\/\/posicuarta.org\/cartasblog\/wp-content\/uploads\/2016\/02\/Trotsky-ante-IC-192-150x89.jpg 150w, http:\/\/posicuarta.org\/cartasblog\/wp-content\/uploads\/2016\/02\/Trotsky-ante-IC-192-300x178.jpg 300w\" sizes=\"auto, (max-width: 592px) 100vw, 592px\" \/><p id=\"caption-attachment-2063\" class=\"wp-caption-text\">Le\u00f3n Trotsky se dirige al Congreso de la Internacional Comunista en 1920<\/p><\/div>\n<p style=\"text-align: justify;\">En referencia a Europa, esos d\u00edas el SI insist\u00eda:<\/p>\n<p style=\"text-align: justify;\"><em>\u201cLa \u00fanica fuerza que puede salvar a la sociedad (en Francia y en toda Europa) de verse inmersa en enfrentamientos comunitarios es la clase obrera, uni\u00e9ndose en un terreno de clase con sus organizaciones, reuniendo todos sus componentes para desplegar toda su potencia en el combate que debe alzarla contra sus respectivos gobiernos para obligarlos a abandonar las \u2018reformas\u2019 dictadas por la Uni\u00f3n Europea, instrumento del capital financiero, a romper con la coalici\u00f3n militar imperialista. Es el primer paso que va a permitir abrir el camino a la constituci\u00f3n en Europa de gobiernos que emprendan una colaboraci\u00f3n libre y pac\u00edfica de todos los pueblos del continente, punto de apoyo decisivo para organizar a escala mundial la colaboraci\u00f3n pac\u00edfica de todos los pueblos liberados de la dominaci\u00f3n imperialista.\u201d<\/em><\/p>\n<h4 style=\"text-align: justify;\">De la presentaci\u00f3n del dosier de 22 documentos: \u201cSindicatos e independencia de clase\u201d extractamos los siguientes p\u00e1rrafos:<\/h4>\n<p style=\"text-align: justify;\"><em>\u201cFiel a su vocaci\u00f3n de \u2018revista te\u00f3rica de la IV Internacional\u2019, la redacci\u00f3n de La Verdad ha decidido reunir una serie de documentos hist\u00f3ricos y te\u00f3ricos que permitan aportar una luz las cuestiones pol\u00edticas discutidas en las filas de las secciones de la IV Internacional. En el n\u00famero anterior reunimos un dosier sobre el tema \u2018Centralismo y Democracia\u2019, clarificando as\u00ed la crisis atravesada por la secci\u00f3n francesa. Seguimos el mismo m\u00e9todo de presentaci\u00f3n en este n\u00famero que da cuenta de la labor del Secretariado Internacional y convoca el pr\u00f3ximo Congreso Mundial de la IV Internacional para febrero de 2016.<\/em><\/p>\n<p style=\"text-align: justify;\"><em><img loading=\"lazy\" decoding=\"async\" class=\"alignleft wp-image-2062 size-medium\" src=\"http:\/\/posicuarta.org\/cartasblog\/wp-content\/uploads\/2016\/02\/Trotsky-300x202.jpg\" alt=\"Trotsky\" width=\"300\" height=\"202\" srcset=\"http:\/\/posicuarta.org\/cartasblog\/wp-content\/uploads\/2016\/02\/Trotsky-300x202.jpg 300w, http:\/\/posicuarta.org\/cartasblog\/wp-content\/uploads\/2016\/02\/Trotsky-150x101.jpg 150w, http:\/\/posicuarta.org\/cartasblog\/wp-content\/uploads\/2016\/02\/Trotsky.jpg 500w\" sizes=\"auto, (max-width: 300px) 100vw, 300px\" \/>Con este objetivo hemos recopilado documentos te\u00f3ricos y pol\u00edticos que ayudan a proporcionar m\u00faltiples referencias y un marco metodol\u00f3gico que permitan nutrir y desarrollar esta discusi\u00f3n. Por supuesto, las situaciones son diferentes y cualquier analog\u00eda con situaciones anteriores, tendr\u00eda obviamente, sus l\u00edmites. Lo importante es aqu\u00ed el m\u00e9todo del marxismo, \u2018an\u00e1lisis concreto de una situaci\u00f3n concreta\u2019, que se reafirma.<\/em><\/p>\n<p style=\"text-align: justify;\"><em>Retomamos lo que escribimos en un folleto de formaci\u00f3n de la secci\u00f3n francesa en una parte consagrada a los sindicatos. Trotsky defini\u00f3 el sindicato como la \u2018forma elemental del frente \u00fanico\u2019.\u201c<\/em><\/p>\n","protected":false},"excerpt":{"rendered":"<p>Sumario del n\u00famero 88 \u2013 enero de 2016 Presentaci\u00f3n Carta de convocatoria del IX Congreso Mundial de la IV Internacional Dossier de documentos. Sindicatos e independencia de clase. Autor: Henry Halphen Introducci\u00f3n a la lectura del n\u00famero 88 La presentaci\u00f3n parte de \u201cuna situaci\u00f3n marcada por la marcha hacia un vuelco de la situaci\u00f3n internacional, [&hellip;]<\/p>\n","protected":false},"author":1,"featured_media":0,"comment_status":"open","ping_status":"open","sticky":false,"template":"","format":"aside","meta":{"ngg_post_thumbnail":0,"footnotes":""},"categories":[27,113],"tags":[600,276,38,101],"class_list":["post-2058","post","type-post","status-publish","format-aside","hentry","category-iv-internacional","category-la-verdad","tag-ix-congreso-mundial","tag-leon-trotsky","tag-sindicatos-2","tag-trotskismo","post_format-post-format-aside"],"aioseo_notices":[],"_links":{"self":[{"href":"http:\/\/posicuarta.org\/cartasblog\/wp-json\/wp\/v2\/posts\/2058","targetHints":{"allow":["GET"]}}],"collection":[{"href":"http:\/\/posicuarta.org\/cartasblog\/wp-json\/wp\/v2\/posts"}],"about":[{"href":"http:\/\/posicuarta.org\/cartasblog\/wp-json\/wp\/v2\/types\/post"}],"author":[{"embeddable":true,"href":"http:\/\/posicuarta.org\/cartasblog\/wp-json\/wp\/v2\/users\/1"}],"replies":[{"embeddable":true,"href":"http:\/\/posicuarta.org\/cartasblog\/wp-json\/wp\/v2\/comments?post=2058"}],"version-history":[{"count":6,"href":"http:\/\/posicuarta.org\/cartasblog\/wp-json\/wp\/v2\/posts\/2058\/revisions"}],"predecessor-version":[{"id":2151,"href":"http:\/\/posicuarta.org\/cartasblog\/wp-json\/wp\/v2\/posts\/2058\/revisions\/2151"}],"wp:attachment":[{"href":"http:\/\/posicuarta.org\/cartasblog\/wp-json\/wp\/v2\/media?parent=2058"}],"wp:term":[{"taxonomy":"category","embeddable":true,"href":"http:\/\/posicuarta.org\/cartasblog\/wp-json\/wp\/v2\/categories?post=2058"},{"taxonomy":"post_tag","embeddable":true,"href":"http:\/\/posicuarta.org\/cartasblog\/wp-json\/wp\/v2\/tags?post=2058"}],"curies":[{"name":"wp","href":"https:\/\/api.w.org\/{rel}","templated":true}]}}