{"id":2134,"date":"2016-03-28T13:29:57","date_gmt":"2016-03-28T11:29:57","guid":{"rendered":"http:\/\/posicuarta.org\/cartasblog\/?p=2134"},"modified":"2016-03-28T13:29:57","modified_gmt":"2016-03-28T11:29:57","slug":"ante-el-golpe-de-estado-en-curso-en-brasil","status":"publish","type":"post","link":"http:\/\/posicuarta.org\/cartasblog\/ante-el-golpe-de-estado-en-curso-en-brasil\/","title":{"rendered":"Ante el golpe de estado en curso en Brasil"},"content":{"rendered":"<p style=\"text-align: justify;\"><em>(Publicado en la <a href=\"http:\/\/www.posicuarta.org\/pdf\/Carta569.pdf\" target=\"_blank\">Carta Semanal 569<\/a>)<\/em><\/p>\n<p style=\"text-align: justify;\"><a href=\"http:\/\/posicuarta.org\/cartasblog\/wp-content\/uploads\/2016\/03\/Carta-569.jpg\"><img loading=\"lazy\" decoding=\"async\" class=\"alignleft wp-image-2141\" src=\"http:\/\/posicuarta.org\/cartasblog\/wp-content\/uploads\/2016\/03\/Carta-569.jpg\" alt=\"Carta-569\" width=\"150\" height=\"215\" srcset=\"http:\/\/posicuarta.org\/cartasblog\/wp-content\/uploads\/2016\/03\/Carta-569.jpg 419w, http:\/\/posicuarta.org\/cartasblog\/wp-content\/uploads\/2016\/03\/Carta-569-105x150.jpg 105w, http:\/\/posicuarta.org\/cartasblog\/wp-content\/uploads\/2016\/03\/Carta-569-210x300.jpg 210w\" sizes=\"auto, (max-width: 150px) 100vw, 150px\" \/><\/a>Por primera vez esta semana pasada la presidenta Dilma ha denunciado <em>\u201cun golpe de Estado en curso en el pa\u00eds\u00bb.<\/em> En efecto, el aparato judicial heredado de la dictadura (\u00bfa alguien le recuerda algo?), al servicio del capital financiero y de la reacci\u00f3n, jaleado por la embajada norteamericana y por la prensa internacional ha emprendido una operaci\u00f3n supuestamente contra la \u00abcorrupci\u00f3n\u00bb para acabar con el Gobierno, y particularmente destruir al Partido de los Trabajadores, la CUT, el conjunto de las organizaciones y conquistas de la clase obrera. Al mismo tiempo buscan destruir la empresa publica Petrobras para entregar el petr\u00f3leo y el gas a las multinacionales imperialistas.<\/p>\n<p style=\"text-align: justify;\"><!--more--><\/p>\n<p style=\"text-align: justify;\">Aprovechando la crisis econ\u00f3mica y la pol\u00edtica del gobierno Dilma, sometida al FMI, los centros reaccionarios han conseguido movilizar a sectores enteros de las capas medias (v\u00e9ase la manifestaci\u00f3n del 13 de marzo).<\/p>\n<p style=\"text-align: justify;\">El pr\u00f3ximo episodio es someter al Congreso a mediados de abril una moci\u00f3n de <em>impeachement<\/em> (destituci\u00f3n de la Presidenta). La cual llamo a Lula a reforzar el gobierno. El aparato judicial impugn\u00f3 la medida y el Tribunal Supremo debe pronunciarse esta semana. Es inaudito el procedimiento de este aparato, al margen de todo control, utilizando a la polic\u00eda para sus ataques y procediendo a todo tipo de maniobras ilegales.<\/p>\n<p style=\"text-align: justify;\">Es evidente que no hay neutralidad posible: <strong>O CON EL IMPERIALISMO O CON LA CLASE OBRERA Y SUS ORGANIZACIONES.<\/strong><\/p>\n<p style=\"text-align: justify;\">Tambi\u00e9n en Brasil la supuesta extrema izquierda quiere situar al mismo nivel a la derecha reaccionaria y pro imperialista, al PT y la CUT con el \u201cque se vayan todos\u201d. \u00bfA alguien le recuerda lo de \u00abPSOE, PP la misma mierda es\u00bb?<\/p>\n<p style=\"text-align: justify;\">La clase obrera y las organizaciones populares han empezado a reaccionar. El 18 de marzo m\u00e1s de un mill\u00f3n de manifestantes al llamado de un amplio frente de organizaciones, particularmente la CUT y el PT desfilaron contra el <a href=\"http:\/\/gople.de\/\"><u>golpe.<\/u><\/a> Est\u00e1n previstas nuevas manifestaciones este 31. En una asamblea de mil sindicalistas este mi\u00e9rcoles 23 Lula exigi\u00f3 pedir cuentas a los jueces que con su acci\u00f3n est\u00e1n destruyendo las empresas publicas y dijo abiertamente que \u00abDilma sabe que su pol\u00edtica econ\u00f3mica no puede continuar\u00bb. En efecto el 26 de febrero la direcci\u00f3n Nacional del PT adopt\u00f3 un Plan de Emergencia, limitado pero contradictorio con la pol\u00edtica del gobierno sometido al FMI.<\/p>\n<p style=\"text-align: justify;\">La clase obrera ha empezado a reaccionar. El martes 22 los 4000 obreros de la Ford en asamblea se pronunciaron contra el golpe, despu\u00e9s los de Volkswagen, en m\u00faltiples universidades se desarrollaron asambleas en este sentido, y ello a pesar de estar en v\u00edsperas de las fiestas pascuales.<\/p>\n<p style=\"text-align: justify;\">La posibilidad de un triunfo del golpe en Brasil, que corresponde a la pol\u00edtica de la administraci\u00f3n Obama y de su posible sucesora Clinton, ser\u00eda un golpe para todo el continente y de entrada para el gobierno chavista. No es casualidad que muchos gobiernos e instituciones latinoamericanos hayan tomado distancias respecto del golpe en curso. Algunos, como el gobierno boliviano, han llamado a la movilizaci\u00f3n en solidaridad con el gobierno brasileiro<\/p>\n<p style=\"text-align: justify;\">Pero lo m\u00e1s importante es la movilizaci\u00f3n obrera y popular con sus organizaciones contra el golpe.<\/p>\n<p style=\"text-align: justify;\">Invitamos a nuestros lectores a compartir estos dos documentos:<\/p>\n<ul>\n<li style=\"text-align: justify;\">La <a href=\"http:\/\/posicuarta.org\/cartasblog\/ahora-es-urgente-parar-el-golpe-de-los-jueces-que-esta-en-curso\/\" target=\"_blank\">declaraci\u00f3n de la Conferencia Nacional de DIALOGO Y ACCION PETISTA<\/a>, agrupamiento de militantes del PT impulsado por la secci\u00f3n de la Cuarta O Trabalho.<\/li>\n<li style=\"text-align: justify;\">Y un l<a href=\"http:\/\/catpblog.informacionobrera.org\" target=\"_blank\">lamamiento a solidaridad internacional lanzado por el ACUERDO INTERNACIONAL DE LOS TRABAJADORES<\/a>.<\/li>\n<\/ul>\n<p style=\"text-align: justify;\">\n","protected":false},"excerpt":{"rendered":"<p>Por primera vez esta semana pasada la presidenta Dilma ha denunciado \u201cun golpe de Estado en curso en el pa\u00eds\u00bb. En efecto, el aparato judicial heredado de la dictadura (\u00bfa alguien le recuerda algo?), al servicio del capital financiero y de la reacci\u00f3n, jaleado por la embajada norteamericana y por la prensa internacional ha emprendido una operaci\u00f3n supuestamente contra la \u00abcorrupci\u00f3n\u00bb para acabar con el Gobierno, y particularmente destruir al Partido de los Trabajadores, la CUT, el conjunto de las organizaciones y conquistas de la clase obrera. Al mismo tiempo buscan destruir la empresa publica Petrobras para entregar el petr\u00f3leo y el gas a las multinacionales imperialistas.<\/p>\n","protected":false},"author":1,"featured_media":0,"comment_status":"open","ping_status":"open","sticky":false,"template":"","format":"standard","meta":{"ngg_post_thumbnail":0,"footnotes":""},"categories":[61,8],"tags":[617,624,106,108,109,623],"class_list":["post-2134","post","type-post","status-publish","format-standard","hentry","category-cartas","category-internacional","tag-accion-petista","tag-ait","tag-brasil","tag-cut","tag-dilma-rousseff","tag-pt"],"aioseo_notices":[],"_links":{"self":[{"href":"http:\/\/posicuarta.org\/cartasblog\/wp-json\/wp\/v2\/posts\/2134","targetHints":{"allow":["GET"]}}],"collection":[{"href":"http:\/\/posicuarta.org\/cartasblog\/wp-json\/wp\/v2\/posts"}],"about":[{"href":"http:\/\/posicuarta.org\/cartasblog\/wp-json\/wp\/v2\/types\/post"}],"author":[{"embeddable":true,"href":"http:\/\/posicuarta.org\/cartasblog\/wp-json\/wp\/v2\/users\/1"}],"replies":[{"embeddable":true,"href":"http:\/\/posicuarta.org\/cartasblog\/wp-json\/wp\/v2\/comments?post=2134"}],"version-history":[{"count":4,"href":"http:\/\/posicuarta.org\/cartasblog\/wp-json\/wp\/v2\/posts\/2134\/revisions"}],"predecessor-version":[{"id":2142,"href":"http:\/\/posicuarta.org\/cartasblog\/wp-json\/wp\/v2\/posts\/2134\/revisions\/2142"}],"wp:attachment":[{"href":"http:\/\/posicuarta.org\/cartasblog\/wp-json\/wp\/v2\/media?parent=2134"}],"wp:term":[{"taxonomy":"category","embeddable":true,"href":"http:\/\/posicuarta.org\/cartasblog\/wp-json\/wp\/v2\/categories?post=2134"},{"taxonomy":"post_tag","embeddable":true,"href":"http:\/\/posicuarta.org\/cartasblog\/wp-json\/wp\/v2\/tags?post=2134"}],"curies":[{"name":"wp","href":"https:\/\/api.w.org\/{rel}","templated":true}]}}