{"id":2172,"date":"2016-04-21T10:39:01","date_gmt":"2016-04-21T08:39:01","guid":{"rendered":"http:\/\/posicuarta.org\/cartasblog\/?p=2172"},"modified":"2016-04-21T10:39:01","modified_gmt":"2016-04-21T08:39:01","slug":"comunicado-de-o-trabalho","status":"publish","type":"post","link":"http:\/\/posicuarta.org\/cartasblog\/comunicado-de-o-trabalho\/","title":{"rendered":"Comunicado de O Trabalho"},"content":{"rendered":"<p style=\"text-align: justify;\"><em><a href=\"http:\/\/www.posicuarta.org\/pdf\/ComunicaOTrabalho-20160418.pdf\" target=\"_blank\">(Carta de O Trabalho del PT, secci\u00f3n brasile\u00f1a de la IV Internacional &#8211; 18 de abril de 2016)<\/a><\/em><\/p>\n<h3 style=\"text-align: justify;\"><img loading=\"lazy\" decoding=\"async\" class=\"alignleft size-full wp-image-2173\" src=\"http:\/\/posicuarta.org\/cartasblog\/wp-content\/uploads\/2016\/04\/logo-OTrabalho.png\" alt=\"logo-OTrabalho\" width=\"500\" height=\"65\" srcset=\"http:\/\/posicuarta.org\/cartasblog\/wp-content\/uploads\/2016\/04\/logo-OTrabalho.png 500w, http:\/\/posicuarta.org\/cartasblog\/wp-content\/uploads\/2016\/04\/logo-OTrabalho-150x20.png 150w, http:\/\/posicuarta.org\/cartasblog\/wp-content\/uploads\/2016\/04\/logo-OTrabalho-300x39.png 300w\" sizes=\"auto, (max-width: 500px) 100vw, 500px\" \/><\/h3>\n<h3 style=\"text-align: justify;\"><strong>\u00a1EL GOLPE NO PASAR\u00c1!<\/strong><\/h3>\n<h3 style=\"text-align: justify;\"><strong>\u00a1ES LA HORA DE AVANZAR EN LA LUCHA!<\/strong><\/h3>\n<h4 style=\"text-align: justify;\"><strong><em>Es el momento de preparar un paro contra el golpe y por los derecho. <\/em><\/strong><\/h4>\n<p style=\"text-align: justify;\">Los 367 sinverg\u00fcenzas del PMDB, PSDB, DEM, PP, PSD, PPS<a href=\"#_ftn1\" name=\"_ftnref1\"><sup>1<\/sup><\/a>, etc. se retrataron: el Congreso de la Rep\u00fablica es una colecci\u00f3n de corruptos, imputados o procesados, vendedores de la patria y torturadores elegidos por las patronos, \u00a1una verg\u00fcenza nacional!<\/p>\n<p style=\"text-align: justify;\"><!--more--><\/p>\n<p style=\"text-align: justify;\">Los sinverg\u00fcenzas votaron encuadrados por el poder judicial \u2013la operaci\u00f3n Lava Jato, los procuradores y el Supremo Tribunal Federal, y controlados por los grandes medios de comunicaci\u00f3n. Votaron una destituci\u00f3n sin que haya delito de responsabilidad, por tanto, un golpe contra la soberan\u00eda popular. Comandados por Cunha<a href=\"#_ftn2\" name=\"_ftnref2\"><sup>2<\/sup><\/a>, esperan as\u00ed salirse con la suya.<\/p>\n<p style=\"text-align: justify;\">Su voto fue anticipado por el alza de la bolsa y la ca\u00edda del d\u00f3lar. La v\u00edspera, el FMI decret\u00f3 <em>\u201cel colapso de la confianza en el pa\u00eds\u201d<\/em> <em>(Estad\u00e3o,<\/em> 16.04.16). La destituci\u00f3n es la voluntad del capital financiero internacional, decidido a aplicar el plan de ajuste del <em>\u201cpuente para el futuro\u201d<\/em> del PMDB-PSDB.<\/p>\n<p style=\"text-align: justify;\">Fue \u00e9l \u2013a trav\u00e9s del banco Ita\u00fa y las entidades patronales FIESP, FIRJAN, CNI, CNA, CNT, etc.\u2013 quien pag\u00f3 la factura y promovi\u00f3 bandas de se\u00f1oritos reaccionarios para darse una \u00abbase social\u00bb. \u00c9l es el que alimenta el odio al PT, a las organizaciones y movimientos populares. \u00a1Fue \u00e9l, en definitiva, quien levant\u00f3 el brazo de los 367 sinverg\u00fcenzas!<\/p>\n<p style=\"text-align: justify;\">La historia no les perdonar\u00e1. Nadie olvidar\u00e1 a los izquierdistas y vacilantes que se equivocaron de lado en la barricada.<\/p>\n<h4 style=\"text-align: justify;\"><strong>\u00a1NADA EST\u00c1 DECIDIDO!<\/strong><\/h4>\n<p style=\"text-align: justify;\">Porque el pueblo trabajador, con sus organizaciones, no aceptar\u00e1 la consumaci\u00f3n del golpe.<\/p>\n<p style=\"text-align: justify;\">Hasta que el Senado vote que procede iniciar un proceso para la destituci\u00f3n, pr\u00f3xima etapa del golpe institucional el mes que viene, hay tiempo para denunciar, discutir y movilizar al pueblo, tiempo para que los trabajadores hagan valer su fuerza.<\/p>\n<p style=\"text-align: justify;\">Es hora de discutir en asambleas y reuniones de cada sindicato, en cada barrio, en cada iglesia y familia, en las pe\u00f1as deportivas, en cada rinc\u00f3n del campo y la ciudad. Nada hay m\u00e1s importante, porque est\u00e1 en juego el futuro de la naci\u00f3n.<\/p>\n<p style=\"text-align: justify;\">Es hora de un movimiento de \u201cparos, acciones y ocupaciones\u201d, como dicen el Frente Brasil Popular y Pueblo sin Miedo, que prepare un gran paro nacional, una huelga general contra el golpe y en defensa de los derechos.<\/p>\n<p style=\"text-align: justify;\">La responsabilidad de organizarla es de la direcci\u00f3n de las organizaciones sindicales y populares, la CUT y otras centrales, el PT y otros partidos, la Uni\u00f3n Nacional de Estudiantes, el Movimiento de los Sin Tierra, la Central de Movimientos Populares, el Movimiento de los Sin Techo y los frentes que se han formado con el apoyo, incluso, de sectores democr\u00e1ticos y de la cultura nacional. Si todos trabajamos con ah\u00ednco se pueden crear condiciones para evitar lo peor.<\/p>\n<p style=\"text-align: justify;\">El pueblo no quiere el caos. Pero si persisten en el golpe, el siniestro Temer<a href=\"#_ftn3\" name=\"_ftnref3\"><sup>3<\/sup><\/a>, que como presidente de la C\u00e1mara meti\u00f3 en un caj\u00f3n el proyecto de las 40 horas, que como vicepresidente sabote\u00f3 la Constituyente para la reforma pol\u00edtica que Dilma propuso en junio de 2013, \u00a1ese hombre no gobernar\u00e1! El pueblo no reconocer\u00e1 a un gobierno ileg\u00edtimo producto de un golpe.<\/p>\n<h4 style=\"text-align: justify;\"><strong>\u00a1LA HORA ES AHORA!<\/strong><\/h4>\n<p style=\"text-align: justify;\">Los Comit\u00e9s Contra el Golpe que ya han comenzado a formarse, ahora tienen que abarcar todo el pa\u00eds para ayudar a a levantar y organizar la fuerza que va a derrotar el golpe.<\/p>\n<p style=\"text-align: justify;\">Dilma es presidenta, debe adoptar medidas urgentes indicando a todo el pueblo lo que est\u00e1 en juego: debe bajar los tipos de inter\u00e9s, utilizar las reservas para crear empleos, incrementar los programas sociales, la reforma agraria y el plan Mi Casa, Mi Vida, como propone el \u201cplan de emergencia\u201d del PT, para comenzar a sacar al pa\u00eds de la sumisi\u00f3n al capital financiero internacional. Basta de ajuste fiscal, en la versi\u00f3n Levy o en la versi\u00f3n Barbosa<a href=\"#_ftn4\" name=\"_ftnref4\"><sup>4<\/sup><\/a>.<\/p>\n<p style=\"text-align: justify;\">No puede haber uni\u00f3n nacional o un pacto, siquiera provisional, con quien quiere vender los yacimientos de hidrocarburos Presal, reducir los derechos y destruir nuestras organizaciones. Basta de correr tras quien no quiere saber nada del pueblo.<\/p>\n<p style=\"text-align: justify;\"><a href=\"#_ftnref1\" name=\"_ftn1\"><sup>1<\/sup><\/a> Partidos brasile\u00f1os coligados para votar la destituci\u00f3n de Dilma.<\/p>\n<p style=\"text-align: justify;\"><a href=\"#_ftnref2\" name=\"_ftn2\"><sup>2<\/sup><\/a> Presidente de la C\u00e1mara de Diputados, procesado por corrupci\u00f3n, miembro del PMDB, que ha abandonado el gobierno.<\/p>\n<p style=\"text-align: justify;\"><a href=\"#_ftnref3\" name=\"_ftn3\"><sup>3<\/sup><\/a> Vicepresidente de Dilma Roussef, miembro del PMDB, acaba de tomar posici\u00f3n por la destituci\u00f3n de la Presidenta, pretende sucederla.<\/p>\n<p style=\"text-align: justify;\"><a href=\"#_ftnref4\" name=\"_ftn4\"><sup>4<\/sup><\/a> Ministros de Hacienda. Levy organiz\u00f3 el plan de ajuste, tuvo que dimitir tras las movilizaciones de la Central \u00dcnica de Trabajadores. Le relev\u00f3 Barbosa.<\/p>\n","protected":false},"excerpt":{"rendered":"<p>Comunicado de la corriente O Trabalho del PT, secci\u00f3n de la IV Internacional en Brasil<br \/>\n\u00a1EL GOLPE NO PASAR\u00c1!<br \/>\n\u00a1ES LA HORA DE AVANZAR EN LA LUCHA!<br \/>\nEs el momento de preparar un paro contra el golpe y por los derecho.<\/p>\n<p>Los 367 sinverg\u00fcenzas del PMDB, PSDB, DEM, PP, PSD, PPS1, etc. se retrataron: el Congreso de la Rep\u00fablica es una colecci\u00f3n de corruptos, imputados o procesados, vendedores de la patria y torturadores elegidos por las patronos, \u00a1una verg\u00fcenza nacional!<\/p>\n","protected":false},"author":1,"featured_media":0,"comment_status":"open","ping_status":"open","sticky":false,"template":"","format":"aside","meta":{"ngg_post_thumbnail":0,"footnotes":""},"categories":[20,8,27],"tags":[106,640,108,109,637,620,641,639,623,642,638],"class_list":["post-2172","post","type-post","status-publish","format-aside","hentry","category-declaracion","category-internacional","category-iv-internacional","tag-brasil","tag-central-de-movimientos-populares","tag-cut","tag-dilma-rousseff","tag-golpe-de-estado","tag-lula","tag-movimiento-de-los-sin-techo","tag-movimiento-de-los-sin-tierra","tag-pt","tag-temer","tag-union-nacional-de-estudiantes","post_format-post-format-aside"],"aioseo_notices":[],"_links":{"self":[{"href":"http:\/\/posicuarta.org\/cartasblog\/wp-json\/wp\/v2\/posts\/2172","targetHints":{"allow":["GET"]}}],"collection":[{"href":"http:\/\/posicuarta.org\/cartasblog\/wp-json\/wp\/v2\/posts"}],"about":[{"href":"http:\/\/posicuarta.org\/cartasblog\/wp-json\/wp\/v2\/types\/post"}],"author":[{"embeddable":true,"href":"http:\/\/posicuarta.org\/cartasblog\/wp-json\/wp\/v2\/users\/1"}],"replies":[{"embeddable":true,"href":"http:\/\/posicuarta.org\/cartasblog\/wp-json\/wp\/v2\/comments?post=2172"}],"version-history":[{"count":6,"href":"http:\/\/posicuarta.org\/cartasblog\/wp-json\/wp\/v2\/posts\/2172\/revisions"}],"predecessor-version":[{"id":2179,"href":"http:\/\/posicuarta.org\/cartasblog\/wp-json\/wp\/v2\/posts\/2172\/revisions\/2179"}],"wp:attachment":[{"href":"http:\/\/posicuarta.org\/cartasblog\/wp-json\/wp\/v2\/media?parent=2172"}],"wp:term":[{"taxonomy":"category","embeddable":true,"href":"http:\/\/posicuarta.org\/cartasblog\/wp-json\/wp\/v2\/categories?post=2172"},{"taxonomy":"post_tag","embeddable":true,"href":"http:\/\/posicuarta.org\/cartasblog\/wp-json\/wp\/v2\/tags?post=2172"}],"curies":[{"name":"wp","href":"https:\/\/api.w.org\/{rel}","templated":true}]}}