{"id":2216,"date":"2016-05-17T11:27:26","date_gmt":"2016-05-17T09:27:26","guid":{"rendered":"http:\/\/posicuarta.org\/cartasblog\/?p=2216"},"modified":"2016-05-17T11:27:26","modified_gmt":"2016-05-17T09:27:26","slug":"es-la-hora-de-la-resistencia-fuera-temer","status":"publish","type":"post","link":"http:\/\/posicuarta.org\/cartasblog\/es-la-hora-de-la-resistencia-fuera-temer\/","title":{"rendered":"\u00a1Es la hora de la resistencia! \u00a1Fuera Temer!"},"content":{"rendered":"<p style=\"text-align: justify;\"><a href=\"http:\/\/otrabalho.org.br\/\" target=\"_blank\"><img loading=\"lazy\" decoding=\"async\" class=\"aligncenter wp-image-2173 size-full\" src=\"http:\/\/posicuarta.org\/cartasblog\/wp-content\/uploads\/2016\/04\/logo-OTrabalho.png\" alt=\"logo-OTrabalho\" width=\"500\" height=\"65\" srcset=\"http:\/\/posicuarta.org\/cartasblog\/wp-content\/uploads\/2016\/04\/logo-OTrabalho.png 500w, http:\/\/posicuarta.org\/cartasblog\/wp-content\/uploads\/2016\/04\/logo-OTrabalho-150x20.png 150w, http:\/\/posicuarta.org\/cartasblog\/wp-content\/uploads\/2016\/04\/logo-OTrabalho-300x39.png 300w\" sizes=\"auto, (max-width: 500px) 100vw, 500px\" \/><\/a><\/p>\n<p style=\"text-align: justify;\"><em>(<a href=\"http:\/\/www.posicuarta.org\/pdf\/CartaOT-20160513.pdf\" target=\"_blank\">Carta de la Corriente O Trabalho del PT<\/a>, secci\u00f3n brasile\u00f1a de la IV Internacional \u2013 13 de mayo de 2016)<\/em><\/p>\n<p style=\"text-align: justify;\">Una mayor\u00eda de m\u00e1s de dos tercios en el Senado, como antes m\u00e1s de dos tercios en el Congreso, admiti\u00f3 la destituci\u00f3n de Dilma, sin crimen de responsabilidad, lo que supone un golpe contra la democracia.<\/p>\n<p style=\"text-align: justify;\">\u00c9sa es la voluntad de los pol\u00edticos corruptos y venales, impulsados por el poder judi\u00adcial, en representaci\u00f3n de los banqueros, los terratenientes y las multinacionales, confabulados con los medios de comunicaci\u00f3n.<\/p>\n<p style=\"text-align: justify;\"><!--more--><\/p>\n<p style=\"text-align: justify;\">Pero no es la voluntad soberana de los 54 millones que, cuando fueron consultados democr\u00e1ticamente, eligieron a Dilma, que es, por tanto, la \u00fanica presidenta leg\u00edtima de Brasil.<\/p>\n<p style=\"text-align: justify;\">En su discurso de expulsi\u00f3n del cargo \u2013por hasta 180 d\u00edas, para el juicio\u2013 Dilma denunci\u00f3 el golpe producido como un sabotaje al gobierno. Y acus\u00f3 a los golpistas de querer liquidar el programa votado en 2014. Cierto, pero eso mismo fue lo que comenzaron a hacer sus ministros Levy, primero, y Barbosa, despu\u00e9s, en el ajuste fiscal. Ese grave error afect\u00f3 a la base popular del gobierno.<\/p>\n<p style=\"text-align: justify;\">Ahora, Dilma reafirm\u00f3 el compromiso con los derechos sociales y por ninguna represi\u00f3n al pueblo. Se declar\u00f3 dispuesta a luchar por el mandato hasta el \u00faltimo d\u00eda y llam\u00f3 al Pueblo a permanecer unido y movilizado, convocando a la resistencia.<\/p>\n<p style=\"text-align: justify;\">El presidente de PT, en una nota, dice que \u201cno descansaremos un solo minuto hasta que la presidenta de todos los brasile\u00f1os, elegida en elecciones libres y directas, vuelva al mando del Estado, como es la voluntad soberana y constitucional del pueblo brasile\u00f1o. No al golpe. \u00a1Fuera Temer! \u00a1Volveremos!\u201d.<\/p>\n<p style=\"text-align: justify;\">La CUT, como el MST, la CMP, la UNE y el MTST declararon a Dilma la \u00fanica presidenta leg\u00edtima y a Temer ileg\u00edtimo.<\/p>\n<p style=\"text-align: justify;\">Por otro lado, el usurpador Temer asumi\u00f3 con un discurso doble, explicitado por el nuevo \u201cministro\u201d de Transportes \u2013\u201cprivatizar todo lo que sea posible\u201d\u2013 de acuerdo con la primera medida firmada por el usurpador creando un PPI (Programa de Parcerias de Investimento, Programa de Asociaciones de Inversi\u00f3n) para llevar a cabo concesiones y privatizaciones a toda m\u00e1quina. El banquero Meirelles, nuevo \u201cministro\u201d de Hacienda, ha asumido el control de la Previsi\u00f3n Social para aumentar la edad m\u00ednima de jubilaci\u00f3n.<\/p>\n<p style=\"text-align: justify;\">Es una pol\u00edtica de guerra, oculta tras del discurso de \u201cpacificaci\u00f3n del pa\u00eds\u201d. \u00a1S\u00f3lo si fuera la \u201cpaz de los cementerios\u201d! Es lo que indica la escalada de represi\u00f3n de las manifestaciones, con la criminalizaci\u00f3n de los movimientos sociales, ya iniciada por los golpistas.<\/p>\n<p style=\"text-align: justify;\">\u00c9sa es la cara tenebrosa del nuevo gobierno de oligarcas, corruptos, racistas y vendidos.<\/p>\n<h4 style=\"text-align: justify;\">\u00a1Huelga general, fuera Temer!<\/h4>\n<p style=\"text-align: justify;\">Es la hora de que las organizaciones del pueblo trabajador y la juventud organicen \u2013tenemos menos de 180 d\u00edas para eso\u2013 una verdadera huelga general contra el golpe, en defensa de los derechos, por el \u201cFuera Temer\u201d. No hay otro medio para detener la destituci\u00f3n.<\/p>\n<p style=\"text-align: justify;\">El d\u00eda de paro del 10 de mayo fue un ensayo, debido a la implicaci\u00f3n apenas parcial de dirigentes sindicales que dudan, presos del enfrentamiento de confusiones que existen. Ahora es necesario empe\u00f1arse en su preparaci\u00f3n, con un calendario, con plenos sindicales y populares y democracia y reuniones en los centros de trabajo y de estudio, tanto en el campo como en la ciudad.<\/p>\n<p style=\"text-align: justify;\">Todas las organizaciones deben implicarse. Izquierdistas y vacilantes asumir\u00edan una pesada responsabilidad si siguiesen acompa\u00f1ando a los golpistas.<\/p>\n<p style=\"text-align: justify;\">No puede depositarse ninguna confianza en las instituciones corruptas y manipuladas. No es aceptable ning\u00fan acuerdo de colaboraci\u00f3n o convivencia con los golpistas o su programa, no hay \u201cmal menor\u201d. En esa lucha deben comprometerse las bancadas parlamentarias de todos los niveles, as\u00ed como los gobernadores y prefectos del PT.<\/p>\n<h4 style=\"text-align: justify;\">\u00a1Nada hay m\u00e1s importante que derrotar al golpe!<\/h4>\n<p style=\"text-align: justify;\">Ninguna negociaci\u00f3n salarial salvar\u00e1 a una categor\u00eda aislada de la ofensiva capitalista para reducir el coste del trabajo.<\/p>\n<p style=\"text-align: justify;\">No es un problema de \u201cmala gesti\u00f3n\u201d del gobierno. Basta con ver la ofensiva que se sucede en nuestros vecinos de Am\u00e9rica Latina, a partir de la crisis de la econom\u00eda mundial, ofensiva que s\u00f3lo puede ser enfrentada con medidas de ruptura con el imperialismo. Pues este sistema condenado, para salvarse, no duda en recurrir hasta a las guerras y la destrucci\u00f3n.<\/p>\n<p style=\"text-align: justify;\">Ning\u00fan supuesto \u201crealismo\u201d preservar\u00e1, tampoco, al PT en las elecciones municipales de octubre. Aqu\u00ed, tambi\u00e9n, la defensa del PT exige una postura clara, firme y combativa.<\/p>\n<p style=\"text-align: justify;\">Como \u00fanica corriente nacional del PT que, junto a otros militantes y cuadros, nunca aceptamos la desastrosa \u201calianza nacional\u201d con el PMDB, vemos confirmado, sin ninguna satisfacci\u00f3n, nuestro pron\u00f3stico hist\u00f3rico: en la hora H, los falsos aliados nos apu\u00f1alaron por la espalda. Basta con ver el desfile de \u201cnuevos\u201d ex ministros de Dilma y Lula ahora con Temer.<\/p>\n<p style=\"text-align: justify;\">\u00a1Incluso el propio Temer, a quien, cuando la juventud sali\u00f3 a las calles en 2013, denunciamos como saboteador de la Constituyente Exclusiva propuesta entonces por Dilma, el mismo Temer fue despu\u00e9s reconducido a la vicepresidencia y, en 2015, promovido a ministro de \u201carticulaci\u00f3n institucional\u201d!<\/p>\n<p style=\"text-align: justify;\">\u00a1Ninguna alianza con partidos golpistas! Por alianzas electorales con los partidos del Frente Brasil Popular, Frente Povo Sem Medo y sectores populares de otros partidos comprometidos con la democracia, la defensa de los derechos y un futuro para la juventud.<\/p>\n<h4 style=\"text-align: justify;\">\u201c\u00a1Volveremos!\u201d, \u00a1Fuera Temer!<\/h4>\n<p style=\"text-align: justify;\">No hay salida adapt\u00e1ndose a esas instituciones podridas. La lucha ser\u00e1 larga y dif\u00edcil, pero es posible y es el \u00fanico camino.<\/p>\n<p style=\"text-align: justify;\">Es necesaria una Asamblea Constituyente Soberana que haga una reforma pol\u00edtica del Estado de arriba abajo, abriendo el camino a las reformas populares nunca realizadas \u2013agraria, tributaria, urbana, reestatizaciones, etc.\u2013. Es lo que Dilma debe liderar, una vez devuelta al Palacio de Planalto<\/p>\n<p style=\"text-align: justify;\">Y el primer paso para eso, ineludible, es expulsar al usurpador Temer del gobierno.<\/p>\n<p style=\"text-align: justify;\">Ning\u00fan atajo o truco negociado con los partidos de la burgues\u00eda, como la \u201canticipaci\u00f3n\u201d o un \u201cplebiscito\u201d bajo un gobierno golpista, abrir\u00e1 salida alguna positiva para el pueblo. Y no tenemos derecho a sentarnos a esperar a 2018, dejando al pueblo en el infierno del \u201cpuente para el futuro\u201d.<\/p>\n<p style=\"text-align: justify;\">S\u00f3lo hay un camino: la resistencia al golpe de los 180 d\u00edas, en defensa de los derechos, Fuera Temer, \u00a1cu\u00e1nto antes mejor!<\/p>\n<p style=\"text-align: justify;\">Los primeros Comit\u00e9s contra el Golpe creados tienen que multiplicarse por todo el pa\u00eds, ahora en los barrios, en los centros de estudio y de trabajo, en el campo y en la ciudad. La batalla es d\u00eda a d\u00eda, todo el d\u00eda.<\/p>\n<p style=\"text-align: justify;\">El Frente Brasil Popular es para eso, para garantizar una agenda unitaria contra el golpe, no para otra cosa.<\/p>\n<h4 style=\"text-align: justify;\">\u00a1Lucha con nosotros!<\/h4>\n<p style=\"text-align: justify;\">La Corriente O Trabalho del PT se implic\u00f3 en la lucha contra el golpe, como secci\u00f3n brasile\u00f1a de la IV Internacional que, con los compa\u00f1eros y compa\u00f1eras del Acuerdo Internacional de los Trabajadores, en delegaciones a embajadas, actos y manifiestos, ayud\u00f3 a construir un amplio frente mundial de rechazo al golpe en Brasil.<\/p>\n<p style=\"text-align: justify;\">La Corriente O Trabalho del PT, con determinaci\u00f3n, ayud\u00f3 a levantar el primer acto de resistencia, el 13 de marzo de 2015. Desde entonces, ayudamos a dotar a la CUT y al PT de las banderas necesarias para la resistencia al ajuste y al golpe \u2013especialmente junto con los compa\u00f1eros y compa\u00f1eras de los grupos del Di\u00e1logo y Acci\u00f3n Petista\u2013. Ahora, con una determinaci\u00f3n a\u00fan mayor, nos disponemos a ayudar a reunir las fuerzas para la batalla decisiva.<\/p>\n<p style=\"text-align: justify;\">La Corriente O Trabalho del Partido de los Trabajadores ofrece a los compa\u00f1eros y compa\u00f1eras, militantes, j\u00f3venes y sindicalistas, una bandera sin manchas, e invita a todos a intervenir con nosotros.<\/p>\n","protected":false},"excerpt":{"rendered":"<p>Una mayor\u00eda de m\u00e1s de dos tercios en el Senado, como antes m\u00e1s de dos tercios en el Congreso, admiti\u00f3 la destituci\u00f3n de Dilma, sin crimen de responsabilidad, lo que supone un golpe contra la democracia. \u00c9sa es la voluntad de los pol\u00edticos corruptos y venales, impulsados por el poder judi\u00adcial, en representaci\u00f3n de los banqueros, los terratenientes y las multinacionales, confabulados con los medios de comunicaci\u00f3n.<\/p>\n","protected":false},"author":1,"featured_media":0,"comment_status":"open","ping_status":"open","sticky":false,"template":"","format":"aside","meta":{"ngg_post_thumbnail":0,"footnotes":""},"categories":[20,8,27],"tags":[106,109,637,620,234,622,623,642],"class_list":["post-2216","post","type-post","status-publish","format-aside","hentry","category-declaracion","category-internacional","category-iv-internacional","tag-brasil","tag-dilma-rousseff","tag-golpe-de-estado","tag-lula","tag-o-trabalho","tag-pmdb","tag-pt","tag-temer","post_format-post-format-aside"],"aioseo_notices":[],"_links":{"self":[{"href":"http:\/\/posicuarta.org\/cartasblog\/wp-json\/wp\/v2\/posts\/2216","targetHints":{"allow":["GET"]}}],"collection":[{"href":"http:\/\/posicuarta.org\/cartasblog\/wp-json\/wp\/v2\/posts"}],"about":[{"href":"http:\/\/posicuarta.org\/cartasblog\/wp-json\/wp\/v2\/types\/post"}],"author":[{"embeddable":true,"href":"http:\/\/posicuarta.org\/cartasblog\/wp-json\/wp\/v2\/users\/1"}],"replies":[{"embeddable":true,"href":"http:\/\/posicuarta.org\/cartasblog\/wp-json\/wp\/v2\/comments?post=2216"}],"version-history":[{"count":2,"href":"http:\/\/posicuarta.org\/cartasblog\/wp-json\/wp\/v2\/posts\/2216\/revisions"}],"predecessor-version":[{"id":2218,"href":"http:\/\/posicuarta.org\/cartasblog\/wp-json\/wp\/v2\/posts\/2216\/revisions\/2218"}],"wp:attachment":[{"href":"http:\/\/posicuarta.org\/cartasblog\/wp-json\/wp\/v2\/media?parent=2216"}],"wp:term":[{"taxonomy":"category","embeddable":true,"href":"http:\/\/posicuarta.org\/cartasblog\/wp-json\/wp\/v2\/categories?post=2216"},{"taxonomy":"post_tag","embeddable":true,"href":"http:\/\/posicuarta.org\/cartasblog\/wp-json\/wp\/v2\/tags?post=2216"}],"curies":[{"name":"wp","href":"https:\/\/api.w.org\/{rel}","templated":true}]}}