{"id":2227,"date":"2016-05-26T13:35:47","date_gmt":"2016-05-26T11:35:47","guid":{"rendered":"http:\/\/posicuarta.org\/cartasblog\/?p=2227"},"modified":"2016-05-27T11:59:56","modified_gmt":"2016-05-27T09:59:56","slug":"davant-la-suspensio-del-tribunal-constitucional","status":"publish","type":"post","link":"http:\/\/posicuarta.org\/cartasblog\/davant-la-suspensio-del-tribunal-constitucional\/","title":{"rendered":"Davant la suspensi\u00f3 del Tribunal Constitucional"},"content":{"rendered":"<h3 style=\"text-align: justify;\">Declaraci\u00f3 del Partit Obrer Socialista Internacionalista &#8211; 25 de maig de 2016<\/h3>\n<p><em>(Descarga la versi\u00f3n en <a href=\"http:\/\/www.posicuarta.org\/pdf\/DeclaraPOSI-20160525-cat.pdf\" target=\"_blank\">catal\u00e1n<\/a> o en <a href=\"http:\/\/www.posicuarta.org\/pdf\/DeclaraPOSI-20160525.pdf\" target=\"_blank\">castellano<\/a>)<\/em><\/p>\n<div id=\"attachment_2229\" style=\"width: 160px\" class=\"wp-caption alignleft\"><a href=\"http:\/\/www.posicuarta.org\/pdf\/DeclaraPOSI-20160525-cat.pdf\" target=\"_blank\"><img loading=\"lazy\" decoding=\"async\" aria-describedby=\"caption-attachment-2229\" class=\"wp-image-2229\" src=\"http:\/\/posicuarta.org\/cartasblog\/wp-content\/uploads\/2016\/05\/DeclaraPOSI-20160525-cat.jpg\" alt=\"DeclaraPOSI-20160525-cat\" width=\"150\" height=\"215\" srcset=\"http:\/\/posicuarta.org\/cartasblog\/wp-content\/uploads\/2016\/05\/DeclaraPOSI-20160525-cat.jpg 419w, http:\/\/posicuarta.org\/cartasblog\/wp-content\/uploads\/2016\/05\/DeclaraPOSI-20160525-cat-105x150.jpg 105w, http:\/\/posicuarta.org\/cartasblog\/wp-content\/uploads\/2016\/05\/DeclaraPOSI-20160525-cat-210x300.jpg 210w\" sizes=\"auto, (max-width: 150px) 100vw, 150px\" \/><\/a><p id=\"caption-attachment-2229\" class=\"wp-caption-text\">Descarga el PDF<\/p><\/div>\n<p style=\"text-align: justify;\">Utilitzant novament el Tribunal Constitucional per atacar acords presos pel Parlament de Catalunya, el Govern del PP ha aconseguit la suspensi\u00f3, entre altres, de la llei 24\/2015 aprovada pel Parlament de Catalunya, que establia mesures per afrontar el problema dels desnonaments, i dels talls de llum, aigua o gas, a totes aquelles persones que no poden fer front al pagament de les factures. Malgrat que aquesta llei, aprovada per unanimitat el juliol del 2015, no havia estat desplegada pel Govern de la Generalitat, i malgrat que altres mesures igualment impugnades pel TC no suposaven m\u00e9s que t\u00edmides respostes als greus problemes que tenen els ciutadans, no deixa de ser un atemptat a la democr\u00e0cia. Davant aquesta nova agressi\u00f3, UGT i CCOO juntament amb les entitats ve\u00efnals i altres organitzacions i partits convoquen a manifestar-se el proper dia 29 de maig amb el lema \u201cEls drets no se suspenen. Treball digne, drets socials, democr\u00e0cia real\u201d.<\/p>\n<p style=\"text-align: justify;\"><!--more--><\/p>\n<h4 style=\"text-align: justify;\">La defensa de les llibertats i la democr\u00e0cia, la recuperaci\u00f3 de drets, passa per fer fora del govern al PP<\/h4>\n<p style=\"text-align: justify;\">No \u00e9s la primera vegada que succeeix, ni que succeeix nom\u00e9s en refer\u00e8ncia a acords del parlament catal\u00e0. Lleis contra el desnonament aprovades a Andalusia, Navarra, Euskadi o Can\u00e0ries, han estat impugnades pel TC a inst\u00e0ncies del govern central. Per exemple, el decret-llei aprovat pel govern andal\u00fas, que preveia l\u2019expropiaci\u00f3 temporal dels habitatges buits, fou recorregut davant el TC pel govern del PP perqu\u00e8 q\u00fcestionava el dret a la propietat. \u00c9s la constataci\u00f3 de que no poden tolerar que es governi \u2013encara que sigui t\u00edmidament- en favor del poble treballador.<\/p>\n<p style=\"text-align: justify;\">No hi ha cap dubte: la continu\u00eftat avui del govern del PP i de les institucions heretades del franquisme, constitueixen una r\u00e8mora per a la democr\u00e0cia, un perill constant per les llibertats, i un obstacle per poder defensar els interessos dels treballadors i la majoria social. El mateix Rajoy acaba de comprometre\u2019s per carta a la Uni\u00f3 Europea noves retallades despr\u00e9s de les eleccions.<\/p>\n<h4 style=\"text-align: justify;\">\u00c9S URGENT ACABAR AMB AQUESTA SITUACI\u00d3<\/h4>\n<p style=\"text-align: justify;\">La continu\u00eftat del r\u00e8gim mon\u00e0rquic porta a un carrer\u00f3 sense sortida. I la perman\u00e8ncia en el govern d\u2019aquells que s\u2019han distingit pel seu despreci de la democr\u00e0cia, per l\u2019aplicaci\u00f3 dels pitjors atacs contra els drets socials i laborals, i per fer bandera de l\u2019enfrontament entre els pobles, representa una c\u00e0rrega insuportable pels treballadors i per al conjunt de pobles de l\u2019Estat espanyol. \u00c9s urgent acabar amb aquesta situaci\u00f3, i aix\u00f2 \u00e9s possible si UGT i CCOO, si el conjunt de les organitzacions que parlen en nom dels treballadors i dels pobles uneixen forces i encap\u00e7alen la mobilitzaci\u00f3. Contra les inger\u00e8ncies del TC, i contra totes les suspensions de drets, contra les retallades i per la derogaci\u00f3 de les reformes laborals, per garantir el dret a una vivenda i un treball dignes, cal organitzar la mobilitzaci\u00f3 unida.<\/p>\n","protected":false},"excerpt":{"rendered":"<p>Declaraci\u00f3 del Partit Obrer Socialista Internacionalista &#8211; 25 de maig de 2016 (Descarga la versi\u00f3n en catal\u00e1n o en castellano) Utilitzant novament el Tribunal Constitucional per atacar acords presos pel Parlament de Catalunya, el Govern del PP ha aconseguit la suspensi\u00f3, entre altres, de la llei 24\/2015 aprovada pel Parlament de Catalunya, que establia mesures [&hellip;]<\/p>\n","protected":false},"author":1,"featured_media":0,"comment_status":"open","ping_status":"open","sticky":false,"template":"","format":"aside","meta":{"ngg_post_thumbnail":0,"footnotes":""},"categories":[86,4,20],"tags":[652,257],"class_list":["post-2227","post","type-post","status-publish","format-aside","hentry","category-catalan","category-catalunya","category-declaracion","tag-parlament-de-catalunya","tag-tribunal-constitucional","post_format-post-format-aside"],"aioseo_notices":[],"_links":{"self":[{"href":"http:\/\/posicuarta.org\/cartasblog\/wp-json\/wp\/v2\/posts\/2227","targetHints":{"allow":["GET"]}}],"collection":[{"href":"http:\/\/posicuarta.org\/cartasblog\/wp-json\/wp\/v2\/posts"}],"about":[{"href":"http:\/\/posicuarta.org\/cartasblog\/wp-json\/wp\/v2\/types\/post"}],"author":[{"embeddable":true,"href":"http:\/\/posicuarta.org\/cartasblog\/wp-json\/wp\/v2\/users\/1"}],"replies":[{"embeddable":true,"href":"http:\/\/posicuarta.org\/cartasblog\/wp-json\/wp\/v2\/comments?post=2227"}],"version-history":[{"count":4,"href":"http:\/\/posicuarta.org\/cartasblog\/wp-json\/wp\/v2\/posts\/2227\/revisions"}],"predecessor-version":[{"id":2232,"href":"http:\/\/posicuarta.org\/cartasblog\/wp-json\/wp\/v2\/posts\/2227\/revisions\/2232"}],"wp:attachment":[{"href":"http:\/\/posicuarta.org\/cartasblog\/wp-json\/wp\/v2\/media?parent=2227"}],"wp:term":[{"taxonomy":"category","embeddable":true,"href":"http:\/\/posicuarta.org\/cartasblog\/wp-json\/wp\/v2\/categories?post=2227"},{"taxonomy":"post_tag","embeddable":true,"href":"http:\/\/posicuarta.org\/cartasblog\/wp-json\/wp\/v2\/tags?post=2227"}],"curies":[{"name":"wp","href":"https:\/\/api.w.org\/{rel}","templated":true}]}}