{"id":2665,"date":"2017-02-03T12:11:00","date_gmt":"2017-02-03T10:11:00","guid":{"rendered":"http:\/\/posicuarta.org\/cartasblog\/?p=2665"},"modified":"2017-02-03T20:52:18","modified_gmt":"2017-02-03T18:52:18","slug":"ante-el-procesamiento-del-expresidente-de-la-generalitat-y-otros-cargos-del-gobierno-catalan","status":"publish","type":"post","link":"http:\/\/posicuarta.org\/cartasblog\/ante-el-procesamiento-del-expresidente-de-la-generalitat-y-otros-cargos-del-gobierno-catalan\/","title":{"rendered":"Ante el procesamiento del expresidente de la Generalitat y otros cargos del gobierno catal\u00e1n"},"content":{"rendered":"<h3 style=\"text-align: justify;\">Declaraci\u00f3n del Comit\u00e9 Ejecutivo del POSI &#8211; 3 de febrero de 2017<\/h3>\n<p style=\"text-align: justify;\">El pr\u00f3ximo 6 de febrero se inicia el juicio contra el expresidente de la Generalitat, Artur Mas, y dos de sus consejeros por la consulta efectuada el 9-N. En v\u00edsperas de su celebraci\u00f3n, diversos ministros del PP han intensificado las amenazas mientras que la portavoz del gobierno afirma que el principal plan en Catalu\u00f1a es que impere la ley. Y esto lo dice la dirigente de un partido corroido por la corrupci\u00f3n de arriba a abajo con diversas causas abiertas que confirman todo tipo de ilegalidades!<\/p>\n<p style=\"text-align: justify;\"><!--more--><\/p>\n<p style=\"text-align: justify;\">Lo hemos dicho en otras ocasiones: independientemente de la opini\u00f3n que tenemos sobre Artur Mas y otros dirigentes del PDE-CAT (antigua CDC), la soluci\u00f3n pol\u00edtica para Catalunya es la democracia, en la que el derecho a la autodeterminaci\u00f3n es uno de sus pilares b\u00e1sicos, y no los procesamientos contra cargos electos ni la judicializaci\u00f3n de las aspiraciones del pueblo catal\u00e1n. Esta pol\u00edtica promovida y amparada por distintos aparatos del Estado y ejecutada fielmente por el gobierno del PP, es la confirmaci\u00f3n de la incompatibilidad existente entre el r\u00e9gimen de la Monarqu\u00eda y la democracia. Nadie que se reclame de ella puede avalar el procesamiento de los cargos electos ni el acoso judicial para impedir que la voluntad popular se exprese. Para derrotar la politica de enfrentamiento promovida por el regimen mon\u00e1rquico y su gobierno, que solo favorece a quienes quieren acabar con las pensiones, con la sanidad, con los derechos b\u00e1sicos, es necesaria la movilizaci\u00f3n unida. Las organizaciones que se reclaman de la democracia, de los trabajadores, de los derechos sociales y nacionales tienen una responsabilidad en ese sentido. Para exigir la anulaci\u00f3n immediata de los procesamientos. Para establecer la necesaria unidad entre los trabajadores y pueblos del Estado espa\u00f1ol, \u00fanico camino que puede derrotar al r\u00e9gimen y abrir un futuro de libertad y fraternidad entre los pueblos.<\/p>\n<p style=\"text-align: justify;\"><strong>ANULACI\u00d3N INMEDIATA DE LOS PROCESAMIENTOS<\/strong><\/p>\n<p style=\"text-align: justify;\"><strong>UNIDAD DE LOS PARA IMPONER LA DEMOCRACIA<\/strong><\/p>\n","protected":false},"excerpt":{"rendered":"<p>Declaraci\u00f3n del Comit\u00e9 Ejecutivo del POSI &#8211; 3 de febrero de 2017 El pr\u00f3ximo 6 de febrero se inicia el juicio contra el expresidente de la Generalitat, Artur Mas, y dos de sus consejeros por la consulta efectuada el 9-N. En v\u00edsperas de su celebraci\u00f3n, diversos ministros del PP han intensificado las amenazas mientras que [&hellip;]<\/p>\n","protected":false},"author":1,"featured_media":0,"comment_status":"open","ping_status":"open","sticky":false,"template":"","format":"aside","meta":{"ngg_post_thumbnail":0,"footnotes":""},"categories":[4,20],"tags":[293,10,768],"class_list":["post-2665","post","type-post","status-publish","format-aside","hentry","category-catalunya","category-declaracion","tag-artur-mas","tag-autodeterminacion","tag-pde-cat","post_format-post-format-aside"],"aioseo_notices":[],"_links":{"self":[{"href":"http:\/\/posicuarta.org\/cartasblog\/wp-json\/wp\/v2\/posts\/2665","targetHints":{"allow":["GET"]}}],"collection":[{"href":"http:\/\/posicuarta.org\/cartasblog\/wp-json\/wp\/v2\/posts"}],"about":[{"href":"http:\/\/posicuarta.org\/cartasblog\/wp-json\/wp\/v2\/types\/post"}],"author":[{"embeddable":true,"href":"http:\/\/posicuarta.org\/cartasblog\/wp-json\/wp\/v2\/users\/1"}],"replies":[{"embeddable":true,"href":"http:\/\/posicuarta.org\/cartasblog\/wp-json\/wp\/v2\/comments?post=2665"}],"version-history":[{"count":2,"href":"http:\/\/posicuarta.org\/cartasblog\/wp-json\/wp\/v2\/posts\/2665\/revisions"}],"predecessor-version":[{"id":2667,"href":"http:\/\/posicuarta.org\/cartasblog\/wp-json\/wp\/v2\/posts\/2665\/revisions\/2667"}],"wp:attachment":[{"href":"http:\/\/posicuarta.org\/cartasblog\/wp-json\/wp\/v2\/media?parent=2665"}],"wp:term":[{"taxonomy":"category","embeddable":true,"href":"http:\/\/posicuarta.org\/cartasblog\/wp-json\/wp\/v2\/categories?post=2665"},{"taxonomy":"post_tag","embeddable":true,"href":"http:\/\/posicuarta.org\/cartasblog\/wp-json\/wp\/v2\/tags?post=2665"}],"curies":[{"name":"wp","href":"https:\/\/api.w.org\/{rel}","templated":true}]}}