{"id":3019,"date":"2017-11-13T14:51:29","date_gmt":"2017-11-13T12:51:29","guid":{"rendered":"http:\/\/posicuarta.org\/cartasblog\/?p=3019"},"modified":"2017-11-13T14:55:17","modified_gmt":"2017-11-13T12:55:17","slug":"democracia-es-republica-no-al-155-2","status":"publish","type":"post","link":"http:\/\/posicuarta.org\/cartasblog\/democracia-es-republica-no-al-155-2\/","title":{"rendered":"DEMOCR\u00c0CIA \u00c9S REP\u00daBLICA &#8211; NO AL 155"},"content":{"rendered":"<p><a href=\"http:\/\/www.posicuarta.org\/pdf\/DeclaraPOSIcat-20171111.pdf\" target=\"_blank\" rel=\"noopener\"><em><strong>Declaraci\u00f3 del Comit\u00e8 Executiu del\u00a0POSI a 11 de novembre<\/strong><\/em><\/a><strong>\u00a0&#8211; <a href=\"http:\/\/posicuarta.org\/cartasblog\/democracia-es-republica-no-al-155\/\" target=\"_blank\" rel=\"noopener\"><em>veure en castell\u00e0<\/em><\/a><\/strong><\/p>\n<h3>Llibertat immediata per als Jordis i tots els detinguts<\/h3>\n<p style=\"text-align: justify;\"><a href=\"http:\/\/posicuarta.org\/cartasblog\/wp-content\/uploads\/2017\/11\/DeclaraPOSIcat-20171111.jpg\" target=\"_blank\" rel=\"noopener\"><img loading=\"lazy\" decoding=\"async\" class=\"alignleft wp-image-3020\" src=\"http:\/\/posicuarta.org\/cartasblog\/wp-content\/uploads\/2017\/11\/DeclaraPOSIcat-20171111.jpg\" alt=\"\" width=\"150\" height=\"215\" srcset=\"http:\/\/posicuarta.org\/cartasblog\/wp-content\/uploads\/2017\/11\/DeclaraPOSIcat-20171111.jpg 419w, http:\/\/posicuarta.org\/cartasblog\/wp-content\/uploads\/2017\/11\/DeclaraPOSIcat-20171111-105x150.jpg 105w, http:\/\/posicuarta.org\/cartasblog\/wp-content\/uploads\/2017\/11\/DeclaraPOSIcat-20171111-210x300.jpg 210w\" sizes=\"auto, (max-width: 150px) 100vw, 150px\" \/><\/a>Des de fa diversos anys, centenars de milers, en ocasions milions de persones, s\u2019han mobilitzat a Catalunya pel dret a decidir, i fins i tot per la independ\u00e8ncia, per\u00f2 tamb\u00e9 contra el govern de la Monarquia i contra la seva Constituci\u00f3. Un moviment que ha seguit a la immensa mobilitzaci\u00f3 que va haver-hi en els anys anteriors de treballadors en tot l\u2019Estat espanyol contra les retallades socials i l\u2019atac a les llibertats.<\/p>\n<p><!--more--><\/p>\n<p style=\"text-align: justify;\">Aquest dissabte 11 de novembre centenars de milers han enva\u00eft de nou els carrers de Barcelona, convocats per les organitzacions nacionalistes, democr\u00e0tiques i els sindicats UGT i CCOO, per exigir l\u2019alliberament dels detinguts i la retirada del 155.<\/p>\n<p style=\"text-align: justify;\">Rebutjant tota possibilitat de di\u00e0leg o negociaci\u00f3, i recorrent una vegada i una altra a la via judicial i policial, el govern de la Monarquia, amb el suport de la direcci\u00f3 del PSOE i d\u2019altres formacions pol\u00edtiques que pretenen ser equidistants, va decidir el 27 d\u2019octubre aplicar l\u2019article 155 de la Constituci\u00f3 que permet al govern central dissoldre o substituir les institucions regionals de les Autonomies. Al mateix temps, el <em>Gobierno<\/em> destitu\u00efa al Govern de la Generalitat, dissolia el Parlament i convocava eleccions auton\u00f2miques per al 21 de desembre.<\/p>\n<p style=\"text-align: justify;\">Al mateix moment, la jutgessa de l\u2019Audi\u00e8ncia Nacional Carmen Lamela, empresonava a 8 consellers de la Generalitat, mentre que uns altres, com el president Puigdemont, optaven per refugiar-se a B\u00e8lgica. I el Tribunal Suprem procedia igualment contra la taula del Parlament catal\u00e0.<\/p>\n<p style=\"text-align: justify;\">Aquest govern, corro\u00eft per la corrupci\u00f3 (el policia de la UDEF que va dirigir la recerca de la trama G\u00fcrtel acaba de declarar que els indicis apunten al fet que Rajoy cobrava sobresous del PP en \u201cB\u201d), i minoritari tant a la societat com a les Corts, no s\u2019ha limitat a suspendre l\u2019autonomia de Catalunya. El dimarts 7 de novembre va decidir fer el mateix amb l\u2019Ajuntament de Madrid, que passa a ser tutelat econ\u00f2micament pel ministre Montoro, igual que ja ho ha fet amb milers d\u2019ajuntaments de tota Espanya. Altres responsables d\u2019aquest govern ja han amena\u00e7at amb el 155 a qualsevol instituci\u00f3 regional que gosi apartar-se del dictat del r\u00e8gim. Tot obeint les ordres de la UE.<\/p>\n<h4 style=\"text-align: justify;\"><strong>Arreglaran alguna cosa <\/strong><strong>les eleccions del 21 de desembre?<\/strong><\/h4>\n<p style=\"text-align: justify;\">Tenim raons de sobres per dubtar-ho. Diversos responsables del PP, com el seu portaveu a Catalunya, Garc\u00eda Albiol, ja han advertit que si despr\u00e9s de les eleccions es torna a la senda de l\u2019independentisme, el govern tornar\u00e0 a aplicar el 155. \u00c9s a dir, per si no estava clar abans, que el restabliment de l\u2019\u201dordre constitucional\u201d porta impl\u00edcitament associada la ren\u00fancia a qualsevol objectiu pol\u00edtic que el posi en q\u00fcesti\u00f3, sobretot quan aquest objectiu pol\u00edtic \u00e9s assumit per \u00e0mplies masses. En altres paraules: que nom\u00e9s es permetr\u00e0 una autonomia \u201ctutelada\u201d. Aix\u00ed, l\u2019esbombat anunci d\u2019una reforma constitucional resulta ser abans de res la tapadora dels flagrants atropellaments contra el poble catal\u00e0 i els seus representants, en realitat contra tots els pobles. \u00c9s democr\u00e0cia, aix\u00f2?<\/p>\n<p style=\"text-align: justify;\">En l\u2019al\u00b7locuci\u00f3 del 3 d\u2019octubre, el Rei va reiterar que la instituci\u00f3 que representa no es mour\u00e0 ni un cent\u00edmetre de la posici\u00f3 establerta en l\u2019article 2 de la Constituci\u00f3 de 1978, que estableix \u201cla unitat indissoluble de la Naci\u00f3 Espanyola, p\u00e0tria comuna i indivisible de tots els espanyols\u201d. En aix\u00f2 consisteix el seu paper de \u201c\u00e0rbitre\u201d: a encap\u00e7alar els poders i institucions provinents del franquisme, que s\u00f3n les que exerceixen el poder real, en estreta col\u00b7laboraci\u00f3 amb el capital financer. Aquest capital que no dubta a for\u00e7ar la deslocalitzaci\u00f3 d\u2019empreses per atemorir als treballadors, davant la passivitat del govern de la Generalitat \u2013abans de la seva destituci\u00f3\u2013 i dels dirigents independentistes.<\/p>\n<p style=\"text-align: justify;\">Per molt que s\u2019embolcallin en la bandera <em>rojigualda<\/em>, no dubten ni un instant a establir-se en paradissos fiscals per no pagar impostos a la naci\u00f3 que diuen defensar.<\/p>\n<p style=\"text-align: justify;\">Les eleccions del 21 de desembre estan plantejades com un intent de fer acceptar al poble catal\u00e0 l\u2019ordre constitucional de l\u2019article 155, que nega el dret a decidir i amena\u00e7a tots els drets democr\u00e0tics conquistats. Com un instrument per fer \u201ctornar a la cleda\u201d als dirigents independentistes, per segellar la seva derrota i, sobre aquesta derrota, redoblar els atacs contra la classe obrera i contra tots els pobles d\u2019Espanya, refor\u00e7ant l\u2019estat d\u2019excepci\u00f3 econ\u00f2mic que tenalla els ajuntaments, la sanitat i l\u2019ensenyament, i es disposa a rebentar el sistema de pensions de repartiment, i emprendre una nova reforma laboral, o continuar amb la repressi\u00f3 de sindicalistes.<\/p>\n<p style=\"text-align: justify;\">No, no hi ha sortida en aquest marc, ni per a Catalunya ni per a la resta de pobles. Per m\u00e9s que tothom doni per bona la convocat\u00f2ria electoral en ple estat d\u2019excepci\u00f3 del 155, inclosos els qui s\u2019han pronunciat contra el 155 i, sorpresivamente, els qui parlen de Rep\u00fablica Catalana, que avui accepten el marc pol\u00edtic que fa pocs dies cridaven a desobeir.<\/p>\n<p style=\"text-align: justify;\">\u00c9s evident que enmig de la confusi\u00f3 i mancant altres sortides, bona part de la poblaci\u00f3 i de la joventut participar\u00e0: uns per barrar el pas als del 155, per expressar el rebuig del r\u00e8gim i al govern del PP, o per reclamar la llibertat dels detinguts i uns altres per mostrar la seva desafecci\u00f3 davant un proc\u00e9s que ha donat l\u2019esquena als treballadors i pobles de l\u2019Estat espanyol, que solament ha mostrat els seus senyals identitaris al marge dels drets socials, i que ha estat encap\u00e7alat per dirigents caracteritzats per la seva pol\u00edtica antisocial.<\/p>\n<p style=\"text-align: justify;\">I molts es pregunten amb ra\u00f3: despr\u00e9s del 21, qu\u00e8?<\/p>\n<p style=\"text-align: justify;\">Per la nostra banda, considerem que des del punt de vista de la majoria social que existeix a Catalunya, partid\u00e0ria del dret a decidir, des del punt de vista dels centenars de milers de treballadors i joves que no separen la lluita pels drets nacionals de la lluita pels drets socials, etc., no hi ha cap m\u00e9s sortida que conjuminar forces per aconseguir un veritable canvi pol\u00edtic.<\/p>\n<h4 style=\"text-align: justify;\"><strong>Nom\u00e9s hi ha una sortida <\/strong><strong>del bloqueig pol\u00edtic: la Rep\u00fablica<\/strong><\/h4>\n<p style=\"text-align: justify;\">Per als qui defensen la llibertat dels pobles i per als qui troben a faltar la lluita per les reivindicacions socials, contra les retallades, per l\u2019ocupaci\u00f3 digna, per la recuperaci\u00f3 dels salaris i la defensa de les pensions, no hi ha cap m\u00e9s sortida que la lluita contra el r\u00e8gim que nega tots i cadascun d\u2019aquests drets, i que els nega tant a andalusos i bascos, com a murcians i catalans, a madrilenys i gallecs. No hi ha cap m\u00e9s sortida que la lluita per la Rep\u00fablica, que no consisteix en proclamacions buides sin\u00f3 en la mobilitzaci\u00f3 unida dels treballadors i els pobles per les reivindicacions, ara mateix, la lluita per la retirada del 155, per la llibertat dels presos, alhora que per la derogaci\u00f3 de les \u00faltimes reformes laborals i de pensions.<\/p>\n<p style=\"text-align: justify;\">Com a partidaris de la Rep\u00fablica, de la Rep\u00fablica Catalana lliure, de la uni\u00f3 lliure de Rep\u00fabliques sobiranes, som conscients que l\u2019enfrontament en curs nom\u00e9s \u00e9s el preludi de les grans mobilitzacions que, arrossegant les organitzacions, enfrontaran la majoria dels treballadors i els pobles contra el r\u00e8gim heretat del franquisme, fidel servidor del gran capital.<\/p>\n","protected":false},"excerpt":{"rendered":"<p>Declaraci\u00f3 del Comit\u00e8 Executiu del\u00a0POSI a 11 de novembre\u00a0&#8211; veure en castell\u00e0 Llibertat immediata per als Jordis i tots els detinguts Des de fa diversos anys, centenars de milers, en ocasions milions de persones, s\u2019han mobilitzat a Catalunya pel dret a decidir, i fins i tot per la independ\u00e8ncia, per\u00f2 tamb\u00e9 contra el govern de [&hellip;]<\/p>\n","protected":false},"author":1,"featured_media":0,"comment_status":"open","ping_status":"open","sticky":false,"template":"","format":"aside","meta":{"ngg_post_thumbnail":0,"footnotes":""},"categories":[86,20],"tags":[],"class_list":["post-3019","post","type-post","status-publish","format-aside","hentry","category-catalan","category-declaracion","post_format-post-format-aside"],"aioseo_notices":[],"_links":{"self":[{"href":"http:\/\/posicuarta.org\/cartasblog\/wp-json\/wp\/v2\/posts\/3019","targetHints":{"allow":["GET"]}}],"collection":[{"href":"http:\/\/posicuarta.org\/cartasblog\/wp-json\/wp\/v2\/posts"}],"about":[{"href":"http:\/\/posicuarta.org\/cartasblog\/wp-json\/wp\/v2\/types\/post"}],"author":[{"embeddable":true,"href":"http:\/\/posicuarta.org\/cartasblog\/wp-json\/wp\/v2\/users\/1"}],"replies":[{"embeddable":true,"href":"http:\/\/posicuarta.org\/cartasblog\/wp-json\/wp\/v2\/comments?post=3019"}],"version-history":[{"count":4,"href":"http:\/\/posicuarta.org\/cartasblog\/wp-json\/wp\/v2\/posts\/3019\/revisions"}],"predecessor-version":[{"id":3026,"href":"http:\/\/posicuarta.org\/cartasblog\/wp-json\/wp\/v2\/posts\/3019\/revisions\/3026"}],"wp:attachment":[{"href":"http:\/\/posicuarta.org\/cartasblog\/wp-json\/wp\/v2\/media?parent=3019"}],"wp:term":[{"taxonomy":"category","embeddable":true,"href":"http:\/\/posicuarta.org\/cartasblog\/wp-json\/wp\/v2\/categories?post=3019"},{"taxonomy":"post_tag","embeddable":true,"href":"http:\/\/posicuarta.org\/cartasblog\/wp-json\/wp\/v2\/tags?post=3019"}],"curies":[{"name":"wp","href":"https:\/\/api.w.org\/{rel}","templated":true}]}}