{"id":3257,"date":"2018-06-25T13:04:03","date_gmt":"2018-06-25T11:04:03","guid":{"rendered":"http:\/\/posicuarta.org\/cartasblog\/?p=3257"},"modified":"2018-06-25T13:06:57","modified_gmt":"2018-06-25T11:06:57","slug":"el-rey-y-sus-amigos","status":"publish","type":"post","link":"http:\/\/posicuarta.org\/cartasblog\/el-rey-y-sus-amigos\/","title":{"rendered":"El rey y sus \u00abamigos\u00bb"},"content":{"rendered":"<p style=\"text-align: justify;\"><em>(Publicado en la <a href=\"http:\/\/www.posicuarta.org\/pdf\/Carta684.pdf\" target=\"_blank\" rel=\"noopener\">Carta Semanal 684<\/a> &#8211; <a href=\"http:\/\/posicuarta.org\/cartasblog\/el-rei-i-els-seus-amics\/\">ver en catal\u00e1n<\/a>)<\/em><\/p>\n<p style=\"text-align: justify;\"><a href=\"http:\/\/posicuarta.org\/cartasblog\/wp-content\/uploads\/2018\/06\/Carta-684.jpg\" target=\"_blank\" rel=\"noopener\"><img loading=\"lazy\" decoding=\"async\" class=\"alignleft wp-image-3259\" src=\"http:\/\/posicuarta.org\/cartasblog\/wp-content\/uploads\/2018\/06\/Carta-684.jpg\" alt=\"\" width=\"150\" height=\"215\" srcset=\"http:\/\/posicuarta.org\/cartasblog\/wp-content\/uploads\/2018\/06\/Carta-684.jpg 419w, http:\/\/posicuarta.org\/cartasblog\/wp-content\/uploads\/2018\/06\/Carta-684-105x150.jpg 105w, http:\/\/posicuarta.org\/cartasblog\/wp-content\/uploads\/2018\/06\/Carta-684-210x300.jpg 210w\" sizes=\"auto, (max-width: 150px) 100vw, 150px\" \/><\/a>Su Majestad est\u00e1 de visita en los EE.UU. Lo que, en primer lugar, pone de manifiesto que la Casa Real tiene el don de la oportunidad, puesto que la visita del borb\u00f3n ha coincidido con la enorme crisis pol\u00edtica que sacude a la administraci\u00f3n Trump despu\u00e9s de la decisi\u00f3n de \u00abenjaular\u00bb a miles de ni\u00f1os separados de sus padres \u00abemigrantes irregulares\u00bb, una decisi\u00f3n que ha cosechado rechazo y cr\u00edticas de todos los colores, incluyendo los de muchos \u201caliados\u201d (entre los que no estaban ni Felipe VI ni el gobierno espa\u00f1ol, que han preferido \u201cmirar para otro lado\u201d para no irritar al anfitri\u00f3n Trump).<\/p>\n<p><!--more--><\/p>\n<p style=\"text-align: justify;\">Finalmente el presidente de los EE.UU. ha tenido que dar marcha atr\u00e1s en esta medida ante la difusi\u00f3n de im\u00e1genes de esos ni\u00f1os llorando angustiados en los campos (\u201calbergues temporales\u201d, en la jerga del gobierno Trump). El horror de estas medidas, paralelas a las que toman los muy democr\u00e1ticos gobiernos europeos, empezando por los nuestros en las c\u00e1rceles que llaman CIE, expresa de forma quiz\u00e1s m\u00e1s descarnada que en otras ocasiones el car\u00e1cter brutal de la pol\u00edtica del gran capital financiero y de los gobiernos que act\u00faan a sus \u00f3rdenes. La visita de Felipe VI muestra que el r\u00e9gimen mon\u00e1rquico se asocia a esta barbarie.<\/p>\n<p style=\"text-align: justify;\">Todo ello en contra de la voluntad de la inmensa mayor\u00eda. El movimiento obrero espa\u00f1ol aspira a que el nuevo gobierno no se acomode a esta orientaci\u00f3n del monarca al propugnar con el proTrump gobierno franc\u00e9s la creaci\u00f3n de campos de concentraci\u00f3n para los refugiados.<\/p>\n<p style=\"text-align: justify;\">Mientras el rey se sentaba con \u00e9l (y relegaba a Do\u00f1a Letizia a tomar el t\u00e9 con la se\u00f1ora Trump, una decisi\u00f3n que seg\u00fan los medios ha despertado la indignaci\u00f3n de la reina), Donald Trump sigue adelante con su pol\u00edtica de intentar modificar el \u00aborden mundial\u00bb surgido de la Segunda Guerra Mundial, porque considera que este orden y sus instituciones (el FMI, la ONU, la UE, el Banco Mundial, la OMC\u2026), ya no sirven \u2013o no bastan\u2013 para defender sus intereses o sea los del capital financiero y las multinacionales USA.<\/p>\n<p style=\"text-align: justify;\">Para un sector importante de \u00e9ste, ninguna regla, ning\u00fan tratado debe continuar en pie, y, por supuesto, incluidos los que pudieran proteger un m\u00ednimo de derechos humanos.<\/p>\n<h4 style=\"text-align: justify;\"><strong>Una Monarqu\u00eda s\u00fabdita de los EE.UU<\/strong><\/h4>\n<p style=\"text-align: justify;\">La monarqu\u00eda espa\u00f1ola, como su predecesora, la dictadura franquista, desde 1953, se ha asociado al imperialismo USA desde el mismo momento de su \u201crestauraci\u00f3n\u201d en la figura del heredero designado por el dictador Franco. Incluso en el montaje de la llamada \u201ctransici\u00f3n\u201d, Juan Carlos I, tras su viaje a los EE.UU., y bajo el \u201cconsejo\u201d de la Administraci\u00f3n norteamericana, se vio obligado a actuar, ante la potencia del movimiento de masas, y tuvo que ceder en la concesi\u00f3n de derechos y libertades incompatibles a la larga con la corona y la herencia franquista, como comprobamos ahora.<\/p>\n<p style=\"text-align: justify;\">Pero este r\u00e9gimen est\u00e1 en crisis. No es por casualidad que el CIS haya dejado de publicar ninguna encuesta sobre la apreciaci\u00f3n que los ciudadanos de este pa\u00eds, que los trabajadores y los pueblos tienen de la monarqu\u00eda.<\/p>\n<p style=\"text-align: justify;\">Cada vez son menos los que se atreven a defender que el papel de la Monarqu\u00eda es meramente decorativo. Precisamente, la crisis catalana ha demostrado lo contrario, con la salida a la palestra del Borb\u00f3n en su discurso del 3 de octubre de 2017, en el que, tras el refer\u00e9ndum del d\u00eda 1 de octubre, se dirig\u00eda al aparato de Estado con una consigna clara respecto de los que defienden el derecho a decidir o la independencia: \u00a1A por ellos! En otro terreno, el alineamiento militar detr\u00e1s de los USA y sus aventuras, a trav\u00e9s de la OTAN y de la cesi\u00f3n de bases militares, viene a expresar el mismo mensaje.<\/p>\n<p style=\"text-align: justify;\">El hecho in\u00e9dito de que un partido con menos del cuarto de los diputados sea el que ha acabado formando gobierno es precisamente expresi\u00f3n de esta crisis.<\/p>\n<p style=\"text-align: justify;\">Como lo es el hecho de que el partido que m\u00e1s fielmente representa a las instituciones heredadas del franquismo se encuentre en una grave crisis, cercado por un esc\u00e1ndalo de corrupci\u00f3n tras otro, y con el espect\u00e1culo de que N\u00fa\u00f1ez Feijoo, el candidato \u201ctapado\u201d, haya dado la espantada y de encontrarse con nada menos que siete candidatos a la presidencia del partido. EL PP se cae hecho pedazos, y los juicios por corrupci\u00f3n siguen y van a seguir, cada uno clavando un nuevo clavo en el ata\u00fad. Pocos creen que Ciudadanos est\u00e9 actualmente en condiciones de substituirlo (pasando, adem\u00e1s, por la aventura de unas elecciones anticipadas), por lo que quedan pocas oportunidades para salvar el r\u00e9gimen. Por eso el PSOE se ve obligado a gobernar, administrando los mismos Presupuestos del Estado que pocos d\u00edas antes hab\u00eda criticado y rechazado, y vi\u00e9ndose obligado a aplazar todas las grandes promesas (reforma laboral, financiaci\u00f3n auton\u00f3mica, etc.). El gobierno S\u00e1nchez tiene que tener cuenta que las masas est\u00e1n a la expectativa y por tanto prometer e incluso realizar gestos y peque\u00f1as medidas, pero seamos claros: su l\u00ednea pol\u00edtica se basa en una premisa: salvar a la Monarqu\u00eda para proteger los intereses del capital financiero, la gran banca, las multinacionales.<\/p>\n<h4 style=\"text-align: justify;\"><strong>Actualidad de la lucha por la Rep\u00fablica<\/strong><\/h4>\n<p style=\"text-align: justify;\">La lucha por la Rep\u00fablica no es una f\u00f3rmula gen\u00e9rica. Ni siquiera se trata de que, como dijo Lenin, \u00a0la rep\u00fablica democr\u00e1tica sea la \u201c<em>mejor forma del Estado para el proletariado en r\u00e9gimen capitalista<\/em>\u201d. En el Estado espa\u00f1ol, el combate por la Rep\u00fablica entronca m\u00e1s que nunca con la defensa o reconquista de todos los derechos sociales -empezando por las pensiones- al tiempo que permite abrir la v\u00eda a la soberan\u00eda de los pueblos, cerrada bajo la Monarqu\u00eda de 1978. Luchar por la Rep\u00fablica hoy es defender los derechos sociales y los servicios p\u00fablicos, conquistar las libertades plenas, tanto para los trabajadores como para los pueblos, y acabar con las amistades peligrosas del rey y su corte.<\/p>\n<p style=\"text-align: justify;\">En los a\u00f1os 30 la ruptura con la monarqu\u00eda de los partidos y organizaciones de la clase precipit\u00f3 la ca\u00edda de la instituci\u00f3n mon\u00e1rquica, que hab\u00eda dejado su suerte estrechamente vinculada a la dictadura de Primo de Rivera. Es evidente que la historia no se repite en la forma. El 26 de agosto del 2017 en Barcelona en la manifestaci\u00f3n que sigui\u00f3 a los atentados de los islamistas, la multitud rechaz\u00f3 abiertamente la presencia de Felipe VI, a quien asoci\u00f3 con el monarca saud\u00ed y con la venta de armas a ese pa\u00eds \u00e1rabe, la visita a la Casa Blanca lo asocia a la brutal e indigna pol\u00edtica de Trump.<\/p>\n<p style=\"text-align: justify;\">En la mitolog\u00eda griega, uno de los trabajos de H\u00e9rcules consisti\u00f3 en limpiar los \u201cestablos de Aug\u00edas\u201d. Avanzar hacia la Rep\u00fablica supone limpiar la porquer\u00eda de corrupci\u00f3n, destrucci\u00f3n de derechos, y alianza con la peor morralla que supone el r\u00e9gimen mon\u00e1rquico regulado en la Constituci\u00f3n de 1978.<\/p>\n<p style=\"text-align: justify;\">El hundimiento del PP y de Rajoy es, qu\u00e9 duda cabe, una victoria para los trabajadores y los pueblos. Por ello las condiciones est\u00e1n reunidas para agrupar fuerzas, particularmente en el movimiento obrero y las organizaciones en la lucha por la Rep\u00fablica.<\/p>\n","protected":false},"excerpt":{"rendered":"<p>(Publicado en la Carta Semanal 684 &#8211; ver en catal\u00e1n) Su Majestad est\u00e1 de visita en los EE.UU. Lo que, en primer lugar, pone de manifiesto que la Casa Real tiene el don de la oportunidad, puesto que la visita del borb\u00f3n ha coincidido con la enorme crisis pol\u00edtica que sacude a la administraci\u00f3n Trump [&hellip;]<\/p>\n","protected":false},"author":1,"featured_media":0,"comment_status":"open","ping_status":"open","sticky":false,"template":"","format":"standard","meta":{"ngg_post_thumbnail":0,"footnotes":""},"categories":[61],"tags":[734,721,225,187],"class_list":["post-3257","post","type-post","status-publish","format-standard","hentry","category-cartas","tag-donald-trump","tag-eeuu","tag-inmigrantes","tag-monarquia"],"aioseo_notices":[],"_links":{"self":[{"href":"http:\/\/posicuarta.org\/cartasblog\/wp-json\/wp\/v2\/posts\/3257","targetHints":{"allow":["GET"]}}],"collection":[{"href":"http:\/\/posicuarta.org\/cartasblog\/wp-json\/wp\/v2\/posts"}],"about":[{"href":"http:\/\/posicuarta.org\/cartasblog\/wp-json\/wp\/v2\/types\/post"}],"author":[{"embeddable":true,"href":"http:\/\/posicuarta.org\/cartasblog\/wp-json\/wp\/v2\/users\/1"}],"replies":[{"embeddable":true,"href":"http:\/\/posicuarta.org\/cartasblog\/wp-json\/wp\/v2\/comments?post=3257"}],"version-history":[{"count":4,"href":"http:\/\/posicuarta.org\/cartasblog\/wp-json\/wp\/v2\/posts\/3257\/revisions"}],"predecessor-version":[{"id":3266,"href":"http:\/\/posicuarta.org\/cartasblog\/wp-json\/wp\/v2\/posts\/3257\/revisions\/3266"}],"wp:attachment":[{"href":"http:\/\/posicuarta.org\/cartasblog\/wp-json\/wp\/v2\/media?parent=3257"}],"wp:term":[{"taxonomy":"category","embeddable":true,"href":"http:\/\/posicuarta.org\/cartasblog\/wp-json\/wp\/v2\/categories?post=3257"},{"taxonomy":"post_tag","embeddable":true,"href":"http:\/\/posicuarta.org\/cartasblog\/wp-json\/wp\/v2\/tags?post=3257"}],"curies":[{"name":"wp","href":"https:\/\/api.w.org\/{rel}","templated":true}]}}