{"id":3593,"date":"2018-11-12T13:01:16","date_gmt":"2018-11-12T11:01:16","guid":{"rendered":"http:\/\/posicuarta.org\/cartasblog\/?p=3593"},"modified":"2018-11-13T12:04:45","modified_gmt":"2018-11-13T10:04:45","slug":"el-capital-financiero-y-su-instrumento-la-union-europea-son-responsables-del-caos-en-que-se-hunde-europa","status":"publish","type":"post","link":"http:\/\/posicuarta.org\/cartasblog\/el-capital-financiero-y-su-instrumento-la-union-europea-son-responsables-del-caos-en-que-se-hunde-europa\/","title":{"rendered":"El capital financiero y su instrumento, la Uni\u00f3n Europea, son responsables del caos en que se hunde Europa"},"content":{"rendered":"<p style=\"text-align: justify;\"><em>(Publicado en la <a href=\"http:\/\/www.posicuarta.org\/pdf\/Carta704.pdf\" target=\"_blank\" rel=\"noopener\">Carta Semanal 704<\/a> &#8211; <a href=\"http:\/\/posicuarta.org\/cartasblog\/el-capital-financer-i-el-seu-instrument-la-unio-europea-son-responsables-del-caos-en-que-senfonsa-europa\/\">ver en catal\u00e1n<\/a>)<\/em><\/p>\n<h3 style=\"text-align: justify;\"><strong>Declaraci\u00f3n del Secretariado Internacional de la IV Internacional sobre Europa &#8211; 7 de noviembre de 2018<\/strong><\/h3>\n<p style=\"text-align: justify;\"><a href=\"http:\/\/posicuarta.org\/cartasblog\/wp-content\/uploads\/2018\/11\/Carta-704.jpg\" target=\"_blank\" rel=\"noopener\"><img loading=\"lazy\" decoding=\"async\" class=\"alignleft wp-image-3597\" src=\"http:\/\/posicuarta.org\/cartasblog\/wp-content\/uploads\/2018\/11\/Carta-704.jpg\" alt=\"\" width=\"150\" height=\"215\" srcset=\"http:\/\/posicuarta.org\/cartasblog\/wp-content\/uploads\/2018\/11\/Carta-704.jpg 419w, http:\/\/posicuarta.org\/cartasblog\/wp-content\/uploads\/2018\/11\/Carta-704-105x150.jpg 105w, http:\/\/posicuarta.org\/cartasblog\/wp-content\/uploads\/2018\/11\/Carta-704-210x300.jpg 210w\" sizes=\"auto, (max-width: 150px) 100vw, 150px\" \/><\/a>Hay que rendirse a la evidencia, todo est\u00e1 a punto para entrar en un nuevo episodio de la \u201ccrisis de la deuda soberana\u201d que sangr\u00f3, literalmente, a Grecia y a su pueblo<a href=\"#_ftn1\" name=\"_ftnref1\"><sup>(1)<\/sup><\/a>.<\/p>\n<p style=\"text-align: justify;\">Esta vez, parece que le toca a Italia el mismo papel que tuvo Grecia en 2010-2015.<\/p>\n<p style=\"text-align: justify;\">Todo el decorado, a punto. Cada cual tiene su papel: los mercados, las agencias de calificaci\u00f3n, la Comisi\u00f3n Europea de Bruselas, el FMI y sus expertos\u2026<\/p>\n<p><!--more--><\/p>\n<p style=\"text-align: justify;\">Acusan a Italia de amenazar con hundir a toda la zona euro, por negarse a someter sus presupuestos a las reglas del \u201cpacto de estabilidad\u201d.<\/p>\n<p style=\"text-align: justify;\">Seg\u00fan eso, todo el sistema financiero europeo, estrechamente interconectado, debe de estar amenazado por la quiebra de uno solo de sus eslabones, Italia.<\/p>\n<p style=\"text-align: justify;\">Y el pueblo italiano, al rechazar el presupuesto que la Uni\u00f3n Europea quiere imponerle, ser\u00eda c\u00f3mplice de las posiciones reaccionarias de Salvini y de Di Maio\u2026 llevados al poder por el rechazo de la pol\u00edtica de austeridad dictada por Bruselas y aplicada por Renzi.<\/p>\n<p style=\"text-align: justify;\">Pretenden que el pueblo italiano sea responsable de la tempestad financiera que todos los especialistas econ\u00f3micos ve\u00edan llegar a Europa. Y le toca pagar los platos rotos.<\/p>\n<p style=\"text-align: justify;\">Para ese mundo selecto de eur\u00f3filos, hay una sola salida: \u201cQue el pueblo italiano se someta\u201d. \u00bfDe qui\u00e9n quieren burlarse?<\/p>\n<h4 style=\"text-align: justify;\"><strong>La Uni\u00f3n Europea acusa y amenaza al pueblo italiano<\/strong><\/h4>\n<p style=\"text-align: justify;\">Los grandes bancos europeos, como los grandes bancos norteamericanos, ah\u00edtos de miles de millones de subvenciones p\u00fablicas, no han digerido \u2013al cabo de 10 a\u00f1os\u2013 las consecuencias de la gigantesca crisis financiera de 2007-2008.<\/p>\n<p style=\"text-align: justify;\">Sus balances siguen tocados por las temerarias operaciones especulativas que hab\u00edan emprendido.<\/p>\n<p style=\"text-align: justify;\">El capital financiero, asfixiado en los l\u00edmites demasiado estrechos del mercado mundial, ha perfeccionado m\u00e1s de lo imaginable \u2013aprovechando la desreglamentaci\u00f3n de los mercados financieros emprendida a partir de 1971 por el imperialismo norteamericano\u2013 t\u00e9cnicas financieras que le permiten saciar con la especulaci\u00f3n su sed inextinguible de beneficios, lo que lleva a la serie de quiebras estruendosas desde 2008.<\/p>\n<p style=\"text-align: justify;\">Todos reconocen que la crisis de 2011-2012, una de cuyas principales v\u00edctimas fue el pueblo griego, fue la r\u00e9plica en Europa de la crisis desarrollada en 2007-2008\u2026<\/p>\n<p style=\"text-align: justify;\">Como por casualidad, en el momento en que los expertos se preocupan de nuevo por el efecto de arrastre en las bolsas europeas que puede provocar la ca\u00edda del Nasdaq (en este octubre de 2018), el coro de las agencias de calificaci\u00f3n descubre la importancia de la deuda italiana.<\/p>\n<p style=\"text-align: justify;\">Tras Italia, ese mundo distinguido nos anuncia ya que se perfila el contagio en Portugal, en Espa\u00f1a y en Francia\u2026<\/p>\n<h4 style=\"text-align: justify;\"><strong>Se precisa la escenificaci\u00f3n<\/strong><\/h4>\n<p style=\"text-align: justify;\">Dicen los expertos que hay que salvar a Europa de la desconfianza creciente que sus pueblos alimentan respecto de la Uni\u00f3n Europea, sus instituciones y sus tratados.<\/p>\n<p style=\"text-align: justify;\">En realidad, lo que buscan esos se\u00f1ores es hacer lo que haga falta para tratar de salvar a toda costa los mecanismos que garantizan, con una brutal pol\u00edtica de austeridad aplicada en toda Europa, el pago de las monta\u00f1as de deudas contra\u00eddas con los bancos y fondos financieros de los que la UE es fiel instrumento.<\/p>\n<p style=\"text-align: justify;\">Ah\u00ed, entran en escena las elecciones al supuesto Parlamento Europeo.<\/p>\n<p style=\"text-align: justify;\">Supuestamente se enfrentan dos campos, el de los \u2018progresistas\u2019 frente al de los \u2018nacional-populistas\u2019. A toda costa hay que centrar la atenci\u00f3n en la falsa oposici\u00f3n de esos dos \u2018campos\u2019 para camuflar lo esencial de la situaci\u00f3n: el enorme rechazo, por parte de todos los pueblos, de la pol\u00edtica de austeridad reforzada de la Uni\u00f3n Europea, un rechazo que provoca una crisis sin precedentes incluso en las cumbres del poder en Francia, en Alemania, en Portugal, en Espa\u00f1a, en la Gran Breta\u00f1a, aunque la Gran Breta\u00f1a no sea miembro de la zona euro y haya decidido abandonar la Uni\u00f3n Europea.<\/p>\n<p style=\"text-align: justify;\">De un lado los Macron, Merkel, Juncker, Draghi\u2026 todos los cuales en uno u otro momento han formado parte de los estados mayores de Goldman-Sachs, Rothschild, J-P. Morgan\u2026<\/p>\n<p style=\"text-align: justify;\">Del otro, est\u00e1n los Salvini, Orban\u2026 a cuya elecci\u00f3n contribuyeron los \u2018progresistas\u2019 como reacci\u00f3n contra la pol\u00edtica de destrucci\u00f3n que desarrollan a la cabeza de la Uni\u00f3n Europea.<\/p>\n<p style=\"text-align: justify;\">Mal que les pese a los se\u00f1ores \u2018progresistas\u2019, la resistencia de los pueblos a su pol\u00edtica de destrucci\u00f3n de las conquistas sociales y pol\u00edticas de la clase obrera y de las masas populares no puede identificarse con personajes como Salvini, Orban\u2026 Presentarlo as\u00ed es una amalgama miserable. La resistencia de los pueblos para nada conlleva desorden ni caos.<\/p>\n<h4 style=\"text-align: justify;\"><strong>Europa bajo los golpes de la \u2018guerra comercial\u2019 lanzada por Trump<\/strong><\/h4>\n<p style=\"text-align: justify;\">Hay que llamar a las cosas por su nombre. En el marco del sistema de propiedad privada de los medios de producci\u00f3n, Europa est\u00e1 siendo inexorablemente expulsada de los sectores determinantes del mercado mundial por la guerra comercial en toda la l\u00ednea lanzada por Trump y el imperialismo norteamericano.<\/p>\n<p style=\"text-align: justify;\">Las econom\u00edas nacionales del continente son dislocadas por la reorganizaci\u00f3n permanente de las \u201ccadenas de valores\u201d que los monopolios imperialistas efect\u00faan, concentrando sus producciones en las zonas de bajos salarios.<\/p>\n<p style=\"text-align: justify;\">Europa, de la que tiran los intereses contradictorios de las diferentes burgues\u00edas nacionales, condenadas inexorablemente a la decadencia por la \u2018guerra comercial\u2019 es incapaz de dotarse de la pol\u00edtica com\u00fan fiscal, presupuestaria y financiera que invoca regularmente, supuestamente para hacer frente a las embestidas del imperialismo norteamericano.<\/p>\n<p style=\"text-align: justify;\">Su \u00fanica pol\u00edtica com\u00fan se reduce a la pol\u00edtica coordinada de destrucci\u00f3n en toda Europa de todas las conquistas sociales logradas por la clase obrera despu\u00e9s de la guerra, con el fin de garantizar las condiciones de sobreexplotaci\u00f3n exigidas por el capital financiero en crisis.<\/p>\n<p style=\"text-align: justify;\">Nunca fue tan cegadora la semejanza de los planes que golpean a todos los pueblos de Europa. La avidez del capital financiero en plena crisis de descomposici\u00f3n exige la destrucci\u00f3n inmediata de toda reglamentaci\u00f3n laboral, la destrucci\u00f3n de los sistemas de jubilaci\u00f3n y de Seguridad Social, la aceleraci\u00f3n de la privatizaci\u00f3n de todos los sistemas sanitarios, de todos los transportes p\u00fablicos, de los servicios p\u00fablicos de electricidad\u2026 En todas partes, la individualizaci\u00f3n est\u00e1 sustituyendo a los derechos colectivos basados en la solidaridad. Est\u00e1 amenazada de destrucci\u00f3n toda la sedimentaci\u00f3n de derechos logrados con la lucha de clases y que ha modelado los rasgos fundamentales de la fisonom\u00eda del continente.<\/p>\n<h4 style=\"text-align: justify;\"><strong>Ni los pueblos ni los migrantes amenazan con dislocar a Europa, <\/strong><strong>\u00a1son la Uni\u00f3n Europea y los gobiernos!<\/strong><\/h4>\n<p style=\"text-align: justify;\">Mal que les pese a los profesores de moral autoproclamados \u2018progresistas\u2019, la resistencia de la clase obrera y de los pueblos no amenaza con hundir al viejo continente en el caos, como s\u00ed hacen el capital financiero y sus instrumentos: la Uni\u00f3n Europea y los gobiernos sometidos a sus dictados.<\/p>\n<p style=\"text-align: justify;\">Mal que les pese a los \u2018progresistas\u2019 que se han desenmascarado formando un bloque con los \u2018nacional-populistas\u2019 el 28 y 29 de junio para restringir brutalmente la acogida de refugiados, ni el pueblo italiano ni los pueblos de Europa Oriental, ni los \u2018migrantes\u2019 amenazan con dislocar a Europa. Los pueblos polaco, h\u00fangaro, checo\u2026 saben para qu\u00e9 han servido las subvenciones de la Uni\u00f3n Europea desde 2004. Han servido para que los bancos alemanes y austriacos organizasen la implantaci\u00f3n de subcontratas de los grandes grupos monopolistas implantados en Europa Occidental para sobreexplotar a la mano de obra local, sometida al paro por el desmantelamiento de la propiedad social.<\/p>\n<p style=\"text-align: justify;\">No son los pueblos los que se apartan de Europa, son la Uni\u00f3n Europea y los gobiernos sometidos a ella los que se encarnizan en destruir y dislocar las conquistas pol\u00edticas y sociales de la clase obrera con las cuales los pueblos aspiran a unirse en una Europa de los trabajadores y de los pueblos.<\/p>\n<p style=\"text-align: justify;\">No hay salida ni en el acompa\u00f1amiento \u2018humanista\u2019 de la destrucci\u00f3n de todas las conquistas sociales y pol\u00edticas de los pueblos de Europa, ni en la pol\u00edtica de deportaci\u00f3n forzosa de millones de migrantes por el imperialismo, ni en el callej\u00f3n sin salida del repliegue sobre las propias fronteras.<\/p>\n<p style=\"text-align: justify;\">La aspiraci\u00f3n de los pueblos a recuperar su soberan\u00eda solo podr\u00e1 realizarse en la lucha de la clase obrera para arrancar, a escala de toda Europa, el poder de las manos del capital financiero para reorganizar a escala de todo el continente los transportes, la energ\u00eda, la industria y las infraestructuras al servicio de todos los pueblos y de todos los proletarios, de cualquier origen.<\/p>\n<h4 style=\"text-align: justify;\"><strong>En toda Europa, se forman agrupamientos militantes<\/strong><strong>\u00a0<\/strong><\/h4>\n<p style=\"text-align: justify;\">En toda Europa, el rechazo de la pol\u00edtica dictada por el capital financiero ha arremetido contra los poderes establecidos y a la vez contra los viejos partidos que se reclamaban de la defensa de los intereses obreros y de la democracia, que se han subordinado a sus respectivos gobiernos y al capital financiero, abriendo una crisis en su seno y llevando a algunos al borde de la implosi\u00f3n.<\/p>\n<p style=\"text-align: justify;\">En todos los pa\u00edses del continente, buscan organizarse agrupamientos de militantes, surgidos de la convergencia entre elementos que vienen de esos partidos y la joven generaci\u00f3n de militantes, para tratar de ayudar a la clase obrera a abrir, con la lucha de clases, el camino de una salida pol\u00edtica conforme con la defensa de sus intereses de clase y con la reconquista de la democracia.<\/p>\n<p style=\"text-align: justify;\">Cada uno con sus propias formas, buscan reapreciar toda la experiencia hist\u00f3rica del combate del movimiento obrero para acabar con el sistema de explotaci\u00f3n capitalista e instaurar el socialismo.<\/p>\n<p style=\"text-align: justify;\">Muchos de esos agrupamientos, cada uno a su modo, recuperan las conclusiones que estuvieron en el origen del combate revolucionario de la clase obrera.<\/p>\n<p style=\"text-align: justify;\">En este periodo de maduraci\u00f3n pol\u00edtica acelerada, la IV Internacional se inscribe en el debate que surge y que est\u00e1 \u00edntimamente ligado al combate pr\u00e1ctico por ayudar a la clase obrera a agruparse en cada uno de los pa\u00edses del continente y para ayudar a que converja la lucha de todos los pueblos de Europa que pelean por quitar el poder de las manos del capital financiero, \u00fanico camino para salir de la Europa de la dislocaci\u00f3n y de la anarqu\u00eda capitalista.<\/p>\n<p style=\"text-align: justify;\">La IV Internacional se identifica m\u00e1s que nunca con la ense\u00f1anza de Le\u00f3n Trotski, que en 1940 declaraba:<\/p>\n<p style=\"text-align: justify;\"><em>\u201cLa unificaci\u00f3n econ\u00f3mica es para Europa cuesti\u00f3n de vida o muerte. Pero realizar esa tarea no incumbe a los actuales gobiernos, sino a las masas populares, encabezadas por el proletariado. Europa ha de convertirse en los Estados Unidos Socialistas, si no quiere convertirse en la tumba de la vieja civilizaci\u00f3n.\u201d<\/em><\/p>\n<p style=\"text-align: justify;\">Pero se guarda mucho de evitar toda tentaci\u00f3n de imponer en bloque sus conclusiones pol\u00edticas.<\/p>\n<p style=\"text-align: justify;\">La IV Internacional entiende que en el terreno de la pr\u00e1ctica organizada se verificar\u00e1n los acontecimientos, que las discusiones y divergencias se zanjar\u00e1n no con palabras sino en la vida. Es absolutamente inevitable que se desarrolle la m\u00e1s amplia diversidad de opiniones pol\u00edticas, pues el camino hacia la revoluci\u00f3n mundial, en cuyo seno se integran los procesos europeos, abarcando a cientos de millones de hombres, har\u00e1 aflorar en todas partes, en todos los pa\u00edses, en todas las organizaciones, tanto productos de la descomposici\u00f3n del sistema del imperialismo, como elementos avanzados que buscan soluciones progresistas.<\/p>\n<p style=\"text-align: justify;\">La IV Internacional conf\u00eda. Es consciente de que al encajar las piezas se operar\u00e1 una selecci\u00f3n.<\/p>\n<p style=\"text-align: justify;\">Con esta disposici\u00f3n se invita al debate que se desarrolla hoy a escala de todo el continente europeo.<\/p>\n<hr \/>\n<p style=\"text-align: justify;\"><a href=\"#_ftnref1\" name=\"_ftn1\"><sup>(1)<\/sup><\/a> Desde 2008, Grecia ha perdido m\u00e1s de un mill\u00f3n de habitantes. Son sobre todo j\u00f3venes que se han ido, empezando por los m\u00e1s cualificados. Entre sus diez millones de habitantes, Grecia cuenta hoy con cerca de 500.000 j\u00f3venes entre 20 y 30 a\u00f1os menos que los que ten\u00eda en 2008.<\/p>\n<p style=\"text-align: justify;\">La cura de austeridad ha hecho perder cerca de uno de cada cinco puestos de trabajo. El paro sigue estando en el 20%, a pesar del \u00e9xodo de los j\u00f3venes.<\/p>\n<p style=\"text-align: justify;\">El gasto p\u00fablico ha bajado un 30%, y sus consecuencias dram\u00e1ticas se han visto en el incendio de Mati, no lejos de Atenas, con 97 muertos.<\/p>\n<p style=\"text-align: justify;\">Los salarios reales de los griegos han bajado m\u00e1s de un 15% de media, y los ingresos de los jubilados se han hundido hasta la mitad.<\/p>\n","protected":false},"excerpt":{"rendered":"<p>(Publicado en la Carta Semanal 704 &#8211; ver en catal\u00e1n) Declaraci\u00f3n del Secretariado Internacional de la IV Internacional sobre Europa &#8211; 7 de noviembre de 2018 Hay que rendirse a la evidencia, todo est\u00e1 a punto para entrar en un nuevo episodio de la \u201ccrisis de la deuda soberana\u201d que sangr\u00f3, literalmente, a Grecia y [&hellip;]<\/p>\n","protected":false},"author":1,"featured_media":0,"comment_status":"open","ping_status":"open","sticky":false,"template":"","format":"aside","meta":{"ngg_post_thumbnail":0,"footnotes":""},"categories":[61,20,27],"tags":[357,328,276,973,54],"class_list":["post-3593","post","type-post","status-publish","format-aside","hentry","category-cartas","category-declaracion","category-iv-internacional","tag-grecia","tag-italia","tag-leon-trotsky","tag-pacto-de-estabilidad","tag-union-europea","post_format-post-format-aside"],"aioseo_notices":[],"_links":{"self":[{"href":"http:\/\/posicuarta.org\/cartasblog\/wp-json\/wp\/v2\/posts\/3593","targetHints":{"allow":["GET"]}}],"collection":[{"href":"http:\/\/posicuarta.org\/cartasblog\/wp-json\/wp\/v2\/posts"}],"about":[{"href":"http:\/\/posicuarta.org\/cartasblog\/wp-json\/wp\/v2\/types\/post"}],"author":[{"embeddable":true,"href":"http:\/\/posicuarta.org\/cartasblog\/wp-json\/wp\/v2\/users\/1"}],"replies":[{"embeddable":true,"href":"http:\/\/posicuarta.org\/cartasblog\/wp-json\/wp\/v2\/comments?post=3593"}],"version-history":[{"count":7,"href":"http:\/\/posicuarta.org\/cartasblog\/wp-json\/wp\/v2\/posts\/3593\/revisions"}],"predecessor-version":[{"id":3604,"href":"http:\/\/posicuarta.org\/cartasblog\/wp-json\/wp\/v2\/posts\/3593\/revisions\/3604"}],"wp:attachment":[{"href":"http:\/\/posicuarta.org\/cartasblog\/wp-json\/wp\/v2\/media?parent=3593"}],"wp:term":[{"taxonomy":"category","embeddable":true,"href":"http:\/\/posicuarta.org\/cartasblog\/wp-json\/wp\/v2\/categories?post=3593"},{"taxonomy":"post_tag","embeddable":true,"href":"http:\/\/posicuarta.org\/cartasblog\/wp-json\/wp\/v2\/tags?post=3593"}],"curies":[{"name":"wp","href":"https:\/\/api.w.org\/{rel}","templated":true}]}}