{"id":4137,"date":"2019-09-02T12:24:49","date_gmt":"2019-09-02T10:24:49","guid":{"rendered":"http:\/\/posicuarta.org\/cartasblog\/?p=4137"},"modified":"2019-09-02T12:24:49","modified_gmt":"2019-09-02T10:24:49","slug":"los-pensionistas-se-movilizan-por-sus-reivindicaciones","status":"publish","type":"post","link":"http:\/\/posicuarta.org\/cartasblog\/los-pensionistas-se-movilizan-por-sus-reivindicaciones\/","title":{"rendered":"Los pensionistas se movilizan por sus reivindicaciones"},"content":{"rendered":"<p style=\"text-align: justify;\"><em>(Publicado en la <a href=\"http:\/\/www.posicuarta.org\/pdf\/Carta745.pdf\" target=\"_blank\" rel=\"noopener noreferrer\">Carta Semanal 745<\/a> &#8211; <a href=\"http:\/\/posicuarta.org\/cartasblog\/els-pensionistes-es-mobilitzen-per-les-seves-reivindicacions\/\">ver en catal\u00e1n<\/a>)<\/em><strong><br \/>\n<\/strong><\/p>\n<p style=\"text-align: justify;\"><a href=\"http:\/\/posicuarta.org\/cartasblog\/wp-content\/uploads\/2019\/09\/Carta-745.jpg\" target=\"_blank\" rel=\"noopener noreferrer\"><img loading=\"lazy\" decoding=\"async\" class=\"alignleft wp-image-4139\" src=\"http:\/\/posicuarta.org\/cartasblog\/wp-content\/uploads\/2019\/09\/Carta-745.jpg\" alt=\"\" width=\"150\" height=\"215\" srcset=\"http:\/\/posicuarta.org\/cartasblog\/wp-content\/uploads\/2019\/09\/Carta-745.jpg 419w, http:\/\/posicuarta.org\/cartasblog\/wp-content\/uploads\/2019\/09\/Carta-745-105x150.jpg 105w, http:\/\/posicuarta.org\/cartasblog\/wp-content\/uploads\/2019\/09\/Carta-745-210x300.jpg 210w\" sizes=\"auto, (max-width: 150px) 100vw, 150px\" \/><\/a>El 16 de octubre la Coordinadora Estatal por la Defensa de las Pensiones P\u00fablicas (COESPE) convoca una concentraci\u00f3n ante las Cortes en exigencia de las reivindicaciones por las que viene luchando desde hace m\u00e1s de dos a\u00f1os. Contra el Pacto de Toledo, por la defensa del modelo p\u00fablico de pensiones basado en el salario diferido, la garant\u00eda de aplicaci\u00f3n del IPC para la revalorizaci\u00f3n de las pensiones, entre otras.<\/p>\n<p><!--more--><\/p>\n<p style=\"text-align: justify;\">La convocatoria es de nivel estatal, para las 280 plataformas de la Coespe, y todas las organizaciones, colectivos personas que participen del objetivo de la defensa de las pensiones.<\/p>\n<p style=\"text-align: justify;\">La convocatoria comprende una manifestaci\u00f3n desde la Puerta del Sol hasta el Congreso de los diputados donde se realizar\u00e1 una concentraci\u00f3n y la presentaci\u00f3n del documento con las reivindicaciones a los grupos parlamentarios y el gobierno. Dos columnas saldr\u00e1n a pie en sendas marchas desde Rota y Bilbao hasta Madrid<\/p>\n<h4 style=\"text-align: justify;\"><strong>\u00abGobierne quien gobierne, las pensiones se defienden\u00bb<\/strong><\/h4>\n<p style=\"text-align: justify;\">Hay un gobierno en funciones incapaz, hasta el momento, de dar una salida positiva con la formaci\u00f3n de un ejecutivo dispuesto a satisfacer las reivindicaciones obreras y democr\u00e1ticas. Las disquisiciones y c\u00e1balas interminables sobre combinaciones gubernamentales que llenan peri\u00f3dicos y telediarios expresan el desgaste de las organizaciones y partidos que durante decenios han estado apoyando la reforma del 78, hoy agotada.<\/p>\n<p style=\"text-align: justify;\">Situaci\u00f3n que genera rechazo entre los j\u00f3venes y muy especialmente por numerosos antiguos militantes pol\u00edticos y sindicales, que en la actualidad se reincorporan a agrupamientos, como el de pensionistas., levantando en nombre de toda la clase obrera el combate por reivindicaciones concretas frente al gobierno y las instituciones.<\/p>\n<p style=\"text-align: justify;\">Sin ser recibidos por P. S\u00e1nchez en su rueda de consultas a representantes de los diferentes sectores, la Coespe explica.<\/p>\n<p style=\"text-align: justify;\">\u201c<em>Consideramos\u00a0 esta\u00a0 movilizaci\u00f3n muy necesaria \u00a0para nuestro movimiento, ya que llevamos mucho tiempo en la calle con manifestaciones y actos de todo tipo, y si bien fuimos capaces de empujar fuertemente en el pacto PNV y PP, que desbloque\u00f3 el 0,25% de subida de las pensiones estos dos \u00faltimos a\u00f1os, ,para subirlas con arreglo al IPC, as\u00ed como en la marcha del PP del gobierno, a partir de entonces nada se ha movido, las cosas siguen igual, o incluso en algunos temas peor que estaban\u201d<\/em><\/p>\n<p style=\"text-align: justify;\">Efectivamente, la situaci\u00f3n pol\u00edtica est\u00e1 dominada por una contradicci\u00f3n escandalosa, consistente en que habiendo desde hace meses una mayor\u00eda suficiente en las Cortes, a\u00fan siguen vigentes, sin derogar, las reformas de pensiones, la reforma laboral, la ley mordaza, etc., herencia del PP.<\/p>\n<p style=\"text-align: justify;\">Por ello es importante la movilizaci\u00f3n ante las Cortes. Siguiendo el lema de \u201cgobierne quien gobierne, las pensiones se defienden\u201d, los pensionistas, por encima de las conjeturas gubernamentales de cada momento, ponen en el centro de la situaci\u00f3n pol\u00edtica su rechazo al Pacto de Toledo y la defensa del actual sistema p\u00fablico de pensiones basado en el sistema de reparto financiado con salario diferido.<\/p>\n<p style=\"text-align: justify;\">\u201c<em>Han constituido ya la Comisi\u00f3n del Pacto de Toledo, algo nefasto para el futuro del SSP (Sistema p\u00fablico de Pensiones); tenemos la espada de Damocles del 0,25% (congelaci\u00f3n), que nos amenaza de cara a la subida del 2.020; sigue sin moverse en las dos reformas de Pensiones de 2011 y 2013, ni en las Reformas laborales, origen del problema que arrastramos; y lo mismo pasa con la Ley Mordaza\u201d.<\/em><\/p>\n<p style=\"text-align: justify; padding-left: 40px;\"><strong>La movilizaci\u00f3n del 16 de octubre est\u00e1 abierta a la participaci\u00f3n de todos los movimientos que quieran apoyar la defensa de las pensiones<\/strong><\/p>\n<p style=\"text-align: justify;\"><em>\u201cDesde COESPE estamos convencidos de que hemos de hacer una demostraci\u00f3n de fuerza, de penetraci\u00f3n y de extensi\u00f3n territorial en el Estado, y por eso pedimos a todos los movimientos y a todas las personas que nos quieran apoyar, que el tema sea solo con la referencia de las pensiones p\u00fablicas\u201d. <\/em><\/p>\n<p style=\"text-align: justify;\">La convocatoria se convierte en un llamamiento a la movilizaci\u00f3n de amplios sectores, plataformas y agrupamientos de todo el territorio del Estado. Por ahora, con algunas excepciones importantes, como las centrales sindicales y el Movimiento de Pensionistas de Bizkaia. Este \u00faltimo, no responde favorablemente a la movilizaci\u00f3n del 16 de octubre, se concentrar\u00e1 en acciones en la comunidad aut\u00f3noma.<\/p>\n<h4 style=\"text-align: justify;\">El lugar de los sindicatos y los trabajadores activos<\/h4>\n<p style=\"text-align: justify;\">Las centrales sindicales, atadas por sus acuerdos con el Pacto de Toledo y el di\u00e1logo social, sin iniciativa, abandonan el lugar que les corresponde asumir. En muchos casos, al reducir se actividad a meras declaraciones p\u00fablicas, impiden que el resto de la clase obrera, m\u00e1s all\u00e1 de los pensionistas, es decir los trabajadores activos, se unan a los pensionistas en defensa del actual sistema p\u00fablico de reparto.\u00a0 Las organizaciones son fundamentales para vincular a la lucha de los pensionistas a los trabajadores activos y los j\u00f3venes.<\/p>\n<p style=\"text-align: justify;\">La clase obrera, ante la necesidad de encontrar apoyos para su combate, busca puentes con las organizaciones permanentes, estableciendo marcos comunes de entendimiento y acci\u00f3n. En Madrid se ha puesto esa experiencia de manifiesto en el enlace y reciprocidad de apoyos en sus respectivos combates, entre compa\u00f1eros de la COESPE y las secciones sindicales del Metro. Abriendo la posibilidad de participaci\u00f3n com\u00fan en cada una de las manifestaciones sectoriales organizadas por cada colectivo por sus reivindicaciones espec\u00edficas. De aqu\u00ed la perspectiva de participaci\u00f3n de esos sindicatos en la manifestaci\u00f3n y concentraci\u00f3n ante las Cortes del 16 de octubre convocada por los pensionistas.<\/p>\n<p style=\"text-align: justify;\">Hay que luchar por abrir esos puentes, trabajar porque los trabajadores en activo se sumen a la movilizaci\u00f3n del 16 de octubre.<\/p>\n<p style=\"text-align: justify;\">Por nuestra parte, apoyamos tambi\u00e9n la iniciativa lanzada por el Comit\u00e9 por la Alianza de Trabajadores y Pueblos\u00a0 para recabar apoyos de sindicalistas para dirigirse a los diputados de PSOE, PODEMOS y ERC planteando la necesidad de un gobierno comprometido con las reivindicaciones concretas evocadas: derogaci\u00f3n de las reformas laborales que imponen la precariedad y atacan al derecho de negociaci\u00f3n colectiva , derogaci\u00f3n de las reformas de pensiones, actualizaci\u00f3n de las pensiones al IPC, defensa del actual sistema solidario de reparto, derogaci\u00f3n de la Ley Mordaza y del art\u00edculo 315.3 del C\u00f3digo Penal que atacan al derecho de protesta social y al derecho de huelga,<\/p>\n","protected":false},"excerpt":{"rendered":"<p>(Publicado en la Carta Semanal 745 &#8211; ver en catal\u00e1n) El 16 de octubre la Coordinadora Estatal por la Defensa de las Pensiones P\u00fablicas (COESPE) convoca una concentraci\u00f3n ante las Cortes en exigencia de las reivindicaciones por las que viene luchando desde hace m\u00e1s de dos a\u00f1os. Contra el Pacto de Toledo, por la defensa [&hellip;]<\/p>\n","protected":false},"author":1,"featured_media":0,"comment_status":"open","ping_status":"open","sticky":false,"template":"","format":"standard","meta":{"ngg_post_thumbnail":0,"footnotes":""},"categories":[61],"tags":[1029,1028,147,88],"class_list":["post-4137","post","type-post","status-publish","format-standard","hentry","category-cartas","tag-16-de-octubre","tag-coespe","tag-pacto-de-toledo","tag-pensiones"],"aioseo_notices":[],"_links":{"self":[{"href":"http:\/\/posicuarta.org\/cartasblog\/wp-json\/wp\/v2\/posts\/4137","targetHints":{"allow":["GET"]}}],"collection":[{"href":"http:\/\/posicuarta.org\/cartasblog\/wp-json\/wp\/v2\/posts"}],"about":[{"href":"http:\/\/posicuarta.org\/cartasblog\/wp-json\/wp\/v2\/types\/post"}],"author":[{"embeddable":true,"href":"http:\/\/posicuarta.org\/cartasblog\/wp-json\/wp\/v2\/users\/1"}],"replies":[{"embeddable":true,"href":"http:\/\/posicuarta.org\/cartasblog\/wp-json\/wp\/v2\/comments?post=4137"}],"version-history":[{"count":4,"href":"http:\/\/posicuarta.org\/cartasblog\/wp-json\/wp\/v2\/posts\/4137\/revisions"}],"predecessor-version":[{"id":4153,"href":"http:\/\/posicuarta.org\/cartasblog\/wp-json\/wp\/v2\/posts\/4137\/revisions\/4153"}],"wp:attachment":[{"href":"http:\/\/posicuarta.org\/cartasblog\/wp-json\/wp\/v2\/media?parent=4137"}],"wp:term":[{"taxonomy":"category","embeddable":true,"href":"http:\/\/posicuarta.org\/cartasblog\/wp-json\/wp\/v2\/categories?post=4137"},{"taxonomy":"post_tag","embeddable":true,"href":"http:\/\/posicuarta.org\/cartasblog\/wp-json\/wp\/v2\/tags?post=4137"}],"curies":[{"name":"wp","href":"https:\/\/api.w.org\/{rel}","templated":true}]}}