{"id":4144,"date":"2019-09-02T12:24:21","date_gmt":"2019-09-02T10:24:21","guid":{"rendered":"http:\/\/posicuarta.org\/cartasblog\/?p=4144"},"modified":"2019-09-02T12:25:23","modified_gmt":"2019-09-02T10:25:23","slug":"els-pensionistes-es-mobilitzen-per-les-seves-reivindicacions","status":"publish","type":"post","link":"http:\/\/posicuarta.org\/cartasblog\/els-pensionistes-es-mobilitzen-per-les-seves-reivindicacions\/","title":{"rendered":"Els pensionistes es mobilitzen per les seves reivindicacions"},"content":{"rendered":"<p style=\"text-align: justify;\"><em>(<span id=\"result_box\" class=\"short_text\" lang=\"ca\"><span class=\"alt-edited\">Publicat a la <a href=\"http:\/\/www.posicuarta.org\/pdf\/Carta745-cat.pdf\" target=\"_blank\" rel=\"noopener noreferrer\">Carta Setmanal 745<\/a><\/span><\/span> \u2013 <a href=\"http:\/\/posicuarta.org\/cartasblog\/los-pensionistas-se-movilizan-por-sus-reivindicaciones\/\">veure en castell\u00e0<\/a>)<\/em><\/p>\n<p style=\"text-align: justify;\"><a href=\"http:\/\/posicuarta.org\/cartasblog\/wp-content\/uploads\/2019\/09\/Carta-745-cat.jpg\" target=\"_blank\" rel=\"noopener noreferrer\"><img loading=\"lazy\" decoding=\"async\" class=\"alignleft wp-image-4146\" src=\"http:\/\/posicuarta.org\/cartasblog\/wp-content\/uploads\/2019\/09\/Carta-745-cat.jpg\" alt=\"\" width=\"150\" height=\"215\" srcset=\"http:\/\/posicuarta.org\/cartasblog\/wp-content\/uploads\/2019\/09\/Carta-745-cat.jpg 419w, http:\/\/posicuarta.org\/cartasblog\/wp-content\/uploads\/2019\/09\/Carta-745-cat-105x150.jpg 105w, http:\/\/posicuarta.org\/cartasblog\/wp-content\/uploads\/2019\/09\/Carta-745-cat-210x300.jpg 210w\" sizes=\"auto, (max-width: 150px) 100vw, 150px\" \/><\/a>El 16 d&#8217;octubre la Coordinadora Estatal per la Defensa de les Pensions P\u00fabliques (Coespe) convoca una concentraci\u00f3 davant les Corts en exig\u00e8ncia de les reivindicacions per les quals ve lluitant des de fa m\u00e9s de dos anys. Contra el Pacte de Toledo, per la defensa del model p\u00fablic de pensions basat en el salari diferit, la garantia d&#8217;aplicaci\u00f3 de l&#8217;IPC per a la revaloraci\u00f3 de les pensions, entre altres.<\/p>\n<p style=\"text-align: justify;\">La convocat\u00f2ria \u00e9s de nivell estatal, per a les 280 plataformes de la\u00a0Coespe, i totes les organitzacions, col\u00b7lectius, persones que participin de l&#8217;objectiu de la defensa de les pensions.<\/p>\n<p style=\"text-align: justify;\">La convocat\u00f2ria compr\u00e8n una manifestaci\u00f3 des de la Porta del Sol fins al Congr\u00e9s dels diputats on es realitzar\u00e0 una concentraci\u00f3 i la presentaci\u00f3 del document amb les reivindicacions als grups parlamentaris i el govern. Dues columnes sortiran a peu en sengles marxes des de Rota i Bilbao fins a Madrid<\/p>\n<h4 style=\"text-align: justify;\"><strong>\u00abGoverni qui governi, les pensions es defensen\u00bb<\/strong><\/h4>\n<p style=\"text-align: justify;\">Hi ha un govern en funcions incapa\u00e7, fins al moment, de donar una sortida positiva amb la formaci\u00f3 d&#8217;un executiu disposat a satisfer les reivindicacions obreres i democr\u00e0tiques. Les disquisicions i c\u00e0bales interminables sobre combinacions governamentals que omplen peri\u00f2dics i telenot\u00edcies expressen el desgast de les organitzacions i partits que durant decennis han estat donant suport a la reforma del 78, avui esgotada.<\/p>\n<p style=\"text-align: justify;\">Situaci\u00f3 que genera rebuig entre els joves i molt especialment per nombrosos antics militants pol\u00edtics i sindicals, que en l&#8217;actualitat es reincorporen a agrupaments, com el de pensionistes., aixecant en nom de tota la classe obrera el combat per reivindicacions concretes enfront del govern i les institucions.<\/p>\n<p style=\"text-align: justify;\">Sense ser rebuts per P. S\u00e1nchez en la seva roda de consultes a representants dels diferents sectors, la\u00a0Coespe\u00a0explica. <em>\u00abConsiderem aquesta mobilitzaci\u00f3 molt necess\u00e0ria per al nostre moviment, ja que\u00a0portem molt temps\u00a0al carrer amb manifestacions i actes de tota mena, i si b\u00e9 vam ser capaces d&#8217;emp\u00e8nyer fortament en el pacte PNB i PP, que va desbloquejar el 0,25% de pujada de les pensions aquests dos \u00faltims anys,\u00a0, per\u00a0a pujar-les conformement a l&#8217;IPC, aix\u00ed com en la marxa del PP del govern, a partir de llavors res s&#8217;ha mogut, les coses segueixen igual, o fins i tot en alguns temes pitjor que estaven\u00bb<\/em><\/p>\n<p style=\"text-align: justify;\">Efectivament, la situaci\u00f3 pol\u00edtica est\u00e0 dominada per una contradicci\u00f3 escandalosa, consistent en qu\u00e8 havent-hi des de fa mesos una majoria suficient en les Corts, encara continuen vigents, sense derogar, les reformes de pensions, la reforma laboral, la\u00a0llei \u00abmordassa\u00bb, etc., her\u00e8ncia del PP.<\/p>\n<p style=\"text-align: justify;\">Per aix\u00f2 \u00e9s important la mobilitzaci\u00f3 davant les Corts. Seguint el lema de \u00abgoverni qui governi, les pensions es defensen\u00bb, els pensionistes, per sobre de les conjectures governamentals de cada moment, posen en el centre de la situaci\u00f3 pol\u00edtica el seu rebuig al Pacte de Toledo i la defensa de l&#8217;actual sistema p\u00fablic de pensions basat en el sistema de repartiment finan\u00e7at amb salari diferit.<\/p>\n<p style=\"text-align: justify;\"><em>\u00abHan constitu\u00eft ja la Comissi\u00f3 del Pacte de Toledo, una cosa nefasta per al futur del\u00a0SSP\u00a0(Sistema p\u00fablic de Pensions); tenim l&#8217;espasa de D\u00e0mocles del 0,25% (congelaci\u00f3), que ens amena\u00e7a de cara a la pujada del 2.020; segueix sense moure&#8217;s en les dues reformes de Pensions de 2011 i 2013, ni en les Reformes laborals, origen del problema que arrosseguem; i el mateix passa amb la Llei Mordassa\u00bb<\/em>.<\/p>\n<p style=\"text-align: justify; padding-left: 40px;\"><strong>La mobilitzaci\u00f3 del 16 d&#8217;octubre est\u00e0 oberta a la participaci\u00f3 de tots els moviments que\u00a0vulguin\u00a0donar suport a la defensa de les\u00a0pensions<\/strong><\/p>\n<p style=\"text-align: justify;\"><em>\u00abDes de\u00a0COESPE\u00a0estem conven\u00e7uts que hem de fer una demostraci\u00f3 de for\u00e7a, de penetraci\u00f3 i d&#8217;extensi\u00f3 territorial en l&#8217;Estat, i per aix\u00f2 demanem a tots els moviments i a totes les persones que ens vulguin donar suport, que el tema sigui sol amb la refer\u00e8ncia de les pensions p\u00fabliques\u00bb<\/em>.<\/p>\n<p style=\"text-align: justify;\">La convocat\u00f2ria es converteix en una crida a la mobilitzaci\u00f3 d&#8217;amplis sectors, plataformes i agrupaments de tot el territori de l&#8217;Estat. Ara com ara, amb algunes excepcions importants, com les centrals sindicals i el Moviment de Pensionistes de\u00a0Bizkaia. Aquest \u00faltim, no respon favorablement a la mobilitzaci\u00f3 del 16 d&#8217;octubre, es concentrar\u00e0 en accions en la comunitat aut\u00f2noma.<\/p>\n<h4 style=\"text-align: justify;\"><strong>El lloc dels sindicats i els treballadors actius<\/strong><\/h4>\n<p style=\"text-align: justify;\">Les centrals sindicals, lligades pels seus acords amb el Pacte de Toledo i el di\u00e0leg social, sense iniciativa, abandonen el lloc que els correspon assumir. En molts casos, en reduir\u00a0s&#8217;activitat a meres declaracions p\u00fabliques, impedeixen que la resta de la classe obrera, m\u00e9s enll\u00e0 dels pensionistes, \u00e9s a dir els treballadors actius, s&#8217;uneixin als pensionistes en defensa de l&#8217;actual sistema p\u00fablic de repartiment. Les organitzacions s\u00f3n fonamentals per a vincular a la lluita dels pensionistes als treballadors actius i els joves.<\/p>\n<p style=\"text-align: justify;\">La classe obrera, davant la necessitat de trobar suports per al seu combat, busca ponts amb les organitzacions permanents, establint marcs comuns d&#8217;enteniment i acci\u00f3. A Madrid s&#8217;ha posat aquesta experi\u00e8ncia de manifest en l&#8217;enlla\u00e7 i reciprocitat de suports en els seus respectius combats, entre companys de la\u00a0COESPE\u00a0i les seccions sindicals del Metre. Obrint la possibilitat de participaci\u00f3 comuna en cadascuna de les manifestacions sectorials organitzades per cada col\u00b7lectiu per les seves reivindicacions espec\u00edfiques. D&#8217;aqu\u00ed la perspectiva de participaci\u00f3 d&#8217;aquests sindicats en la manifestaci\u00f3 i concentraci\u00f3 davant les Corts del 16 d&#8217;octubre\u00a0convocada\u00a0pels pensionistes.<\/p>\n<p style=\"text-align: justify;\">Cal lluitar per obrir aquests ponts, treballar perqu\u00e8 els treballadors en actiu se sumen a la mobilitzaci\u00f3 del 16 d&#8217;octubre.<\/p>\n<p style=\"text-align: justify;\">Per part nostra, donem suport tamb\u00e9 la iniciativa llan\u00e7ada pel Comit\u00e8 per l&#8217;Alian\u00e7a de Treballadors i Pobles per a recaptar suports de sindicalistes per a dirigir-se als diputats de PSOE, PODEMOS i ERC plantejant la necessitat d&#8217;un govern comprom\u00e8s amb les reivindicacions concretes evocades: derogaci\u00f3 de les reformes laborals que imposen la precarietat i ataquen al dret de negociaci\u00f3 col\u00b7lectiva\u00a0,\u00a0derogaci\u00f3 de les reformes de pensions, actualitzaci\u00f3 de les pensions a l&#8217;IPC, defensa de l&#8217;actual sistema solidari de repartiment, derogaci\u00f3 de la Llei Mordassa i de l&#8217;article 315.3 del Codi Penal que ataquen al dret de protesta social i al dret de vaga.<\/p>\n","protected":false},"excerpt":{"rendered":"<p>(Publicat a la Carta Setmanal 745 \u2013 veure en castell\u00e0) El 16 d&#8217;octubre la Coordinadora Estatal per la Defensa de les Pensions P\u00fabliques (Coespe) convoca una concentraci\u00f3 davant les Corts en exig\u00e8ncia de les reivindicacions per les quals ve lluitant des de fa m\u00e9s de dos anys. Contra el Pacte de Toledo, per la defensa [&hellip;]<\/p>\n","protected":false},"author":1,"featured_media":0,"comment_status":"open","ping_status":"open","sticky":false,"template":"","format":"standard","meta":{"ngg_post_thumbnail":0,"footnotes":""},"categories":[976],"tags":[],"class_list":["post-4144","post","type-post","status-publish","format-standard","hentry","category-cartas-catalan"],"aioseo_notices":[],"_links":{"self":[{"href":"http:\/\/posicuarta.org\/cartasblog\/wp-json\/wp\/v2\/posts\/4144","targetHints":{"allow":["GET"]}}],"collection":[{"href":"http:\/\/posicuarta.org\/cartasblog\/wp-json\/wp\/v2\/posts"}],"about":[{"href":"http:\/\/posicuarta.org\/cartasblog\/wp-json\/wp\/v2\/types\/post"}],"author":[{"embeddable":true,"href":"http:\/\/posicuarta.org\/cartasblog\/wp-json\/wp\/v2\/users\/1"}],"replies":[{"embeddable":true,"href":"http:\/\/posicuarta.org\/cartasblog\/wp-json\/wp\/v2\/comments?post=4144"}],"version-history":[{"count":3,"href":"http:\/\/posicuarta.org\/cartasblog\/wp-json\/wp\/v2\/posts\/4144\/revisions"}],"predecessor-version":[{"id":4154,"href":"http:\/\/posicuarta.org\/cartasblog\/wp-json\/wp\/v2\/posts\/4144\/revisions\/4154"}],"wp:attachment":[{"href":"http:\/\/posicuarta.org\/cartasblog\/wp-json\/wp\/v2\/media?parent=4144"}],"wp:term":[{"taxonomy":"category","embeddable":true,"href":"http:\/\/posicuarta.org\/cartasblog\/wp-json\/wp\/v2\/categories?post=4144"},{"taxonomy":"post_tag","embeddable":true,"href":"http:\/\/posicuarta.org\/cartasblog\/wp-json\/wp\/v2\/tags?post=4144"}],"curies":[{"name":"wp","href":"https:\/\/api.w.org\/{rel}","templated":true}]}}