{"id":4277,"date":"2019-10-28T13:47:21","date_gmt":"2019-10-28T11:47:21","guid":{"rendered":"http:\/\/posicuarta.org\/cartasblog\/?p=4277"},"modified":"2019-10-28T13:49:16","modified_gmt":"2019-10-28T11:49:16","slug":"la-verdad-numero-103-ja-esta-disponible","status":"publish","type":"post","link":"http:\/\/posicuarta.org\/cartasblog\/la-verdad-numero-103-ja-esta-disponible\/","title":{"rendered":"\u201cLA VERDAD\u201d \u00a0n\u00famero 103 ja est\u00e0 disponible"},"content":{"rendered":"<p style=\"text-align: justify;\"><em>(<span id=\"result_box\" class=\"short_text\" lang=\"ca\"><span class=\"alt-edited\">Publicat a la <a href=\"http:\/\/www.posicuarta.org\/pdf\/Carta753-cat.pdf\" target=\"_blank\" rel=\"noopener noreferrer\">Carta Setmanal 753<\/a><\/span><\/span> \u2013 <a href=\"http:\/\/posicuarta.org\/cartasblog\/la-verdad-no-103-esta-ya-disponible\/\">veure en castell\u00e0<\/a>)<\/em><\/p>\n<div style=\"margin-top: 10px; margin-bottom: 10px; padding: 15px; background-color: #eee;\">\n<h4><strong>Us convidem a llegir La\u00a0Verdad\u00a0n\u00fam. 103<\/strong><\/h4>\n<p style=\"text-align: justify;\"><a href=\"http:\/\/posicuarta.org\/cartasblog\/wp-content\/uploads\/2019\/10\/LV-103.png\" target=\"_blank\" rel=\"noopener noreferrer\"><img loading=\"lazy\" decoding=\"async\" class=\"alignleft wp-image-4273\" src=\"http:\/\/posicuarta.org\/cartasblog\/wp-content\/uploads\/2019\/10\/LV-103.png\" alt=\"\" width=\"150\" height=\"241\" srcset=\"http:\/\/posicuarta.org\/cartasblog\/wp-content\/uploads\/2019\/10\/LV-103.png 500w, http:\/\/posicuarta.org\/cartasblog\/wp-content\/uploads\/2019\/10\/LV-103-94x150.png 94w, http:\/\/posicuarta.org\/cartasblog\/wp-content\/uploads\/2019\/10\/LV-103-187x300.png 187w\" sizes=\"auto, (max-width: 150px) 100vw, 150px\" \/><\/a>Hondures, l&#8217;Equador, Xile, Hong Kong, L\u00edban, l&#8217;Iraq, Alg\u00e8ria&#8230; gaireb\u00e9 cada dia tenim not\u00edcies d&#8217;un poble que es rebel\u00b7la contra la situaci\u00f3 insuportable al fet que li porta el sistema basat en la propietat privada dels mitjans de producci\u00f3 i el pillatge imperialista. Sovint s\u00f3n rebel\u00b7lions sense una direcci\u00f3 ni una organitzaci\u00f3 que les condueixi a una sortida pol\u00edtica.<\/p>\n<p style=\"text-align: justify;\">En aquestes condicions, s\u00f3n milers els militants que necessiten una informaci\u00f3, des del seu punt de vista de classe, que busquen una explicaci\u00f3 de qu\u00e8 succeeix, una orientaci\u00f3.<\/p>\n<p style=\"text-align: justify;\">La revista te\u00f2rica de la IV Internacional no pret\u00e9n tenir totes les respostes. Tan sols busca, partint de la nostra orientaci\u00f3, ajudar a obrir el debat que necessiten els militants. Animem a tots i totes no sols a llegir-la, sin\u00f3, per sobre de tot, a debatre sobre els seus continguts.<\/p>\n<\/div>\n<p style=\"text-align: justify;\"><a href=\"http:\/\/posicuarta.org\/cartasblog\/wp-content\/uploads\/2019\/10\/Carta-753-cat.jpg\" target=\"_blank\" rel=\"noopener noreferrer\"><img loading=\"lazy\" decoding=\"async\" class=\"alignleft wp-image-4279\" src=\"http:\/\/posicuarta.org\/cartasblog\/wp-content\/uploads\/2019\/10\/Carta-753-cat.jpg\" alt=\"\" width=\"150\" height=\"215\" srcset=\"http:\/\/posicuarta.org\/cartasblog\/wp-content\/uploads\/2019\/10\/Carta-753-cat.jpg 419w, http:\/\/posicuarta.org\/cartasblog\/wp-content\/uploads\/2019\/10\/Carta-753-cat-105x150.jpg 105w, http:\/\/posicuarta.org\/cartasblog\/wp-content\/uploads\/2019\/10\/Carta-753-cat-210x300.jpg 210w\" sizes=\"auto, (max-width: 150px) 100vw, 150px\" \/><\/a>La publicaci\u00f3 trimestral de la revista te\u00f2rica de la IV internacional, publicada simult\u00e0niament en cinc idiomes (franc\u00e8s, angl\u00e8s, espanyol, portugu\u00e8s i alemany), \u00e9s una conquesta i materialitza els progressos realitzats en l&#8217;activitat centralitzada de la IV Internacionals i les seves seccions.<\/p>\n<p style=\"text-align: justify;\">Publicant aqu\u00ed una presentaci\u00f3 del contingut dels diferents articles que constitueixen el resum d&#8217;aquest n\u00famero, volem ajudar a tots els militants a preparar la seva discussi\u00f3 i a organitzar una difusi\u00f3 expandida.<\/p>\n<p style=\"text-align: justify;\">Revisem breument el sumari d\u2019aquest n\u00famero de 60 p\u00e0gines.<\/p>\n<p><!--more--><\/p>\n<h4 style=\"text-align: justify;\"><strong>Notes editorials: No sabem&#8230;<\/strong><\/h4>\n<p style=\"text-align: justify;\">Escrites en vig\u00edlies del judici de\u00a0Luisa\u00a0Hanune, aquestes notes afecten la significaci\u00f3 de la repressi\u00f3 contra el revolucionari, moviment popular que no retrocedeix a Alg\u00e8ria.<\/p>\n<p style=\"text-align: justify;\">Les maniobres es multipliquen, per\u00f2 dues forces s\u2019afirmen: les que volen salvar el r\u00e8gim participant en les eleccions presidencials decidides per l&#8217;ex\u00e8rcit, i les que estan en peu, com les parts de les Forces Alternatives Democr\u00e0tiques, al costat del poble i la seva exig\u00e8ncia d\u2019acabar el r\u00e8gim. El Partit dels Treballadors, que \u00e9s membre d&#8217;aquesta alian\u00e7a de set partits, sempre ha lluitat per a una Assemblea Constituent sobirana i creu que el rebuig de les eleccions presidencials significa torna la paraula al poble.<\/p>\n<p style=\"text-align: justify;\">Altres esdeveniments, com les eleccions a Tun\u00edsia, manifestacions a Hong Kong, il\u00b7lustren la incertesa i els canvis r\u00e0pids de la situaci\u00f3 de lluita de classes. El retroc\u00e9s de la burocr\u00e0cia de la Xina a Hong Kong \u00e9s hist\u00f2ric.<\/p>\n<p style=\"text-align: justify;\">La pol\u00edtica de Trump aguditza encara m\u00e9s la crisi mundial. A l&#8217;Orient Mitj\u00e0, els dos pilars de l&#8217;imperialisme, Israel i l&#8217;Ar\u00e0bia Saudita, estan en crisis.<\/p>\n<p style=\"text-align: justify;\">A tot arreu, la tena\u00e7 resist\u00e8ncia de les masses, que l&#8217;article detalla, produeix noves formes d&#8217;organitzaci\u00f3 que busquen relacionar-se internacionalment. La reuni\u00f3 del \u00abcil\u00e9\u00bb dels 28, 29 i 30 de novembre ser\u00e0 un punt de trobada i intercanvi en una situaci\u00f3 pol\u00edtica marcada per aquesta resist\u00e8ncia de les masses expressades a tot arreu, en resposta a l&#8217;ofensiva de l&#8217;imperialisme.<\/p>\n<h4 style=\"text-align: justify;\"><strong>Am\u00e8rica Llatina, una nova ofensiva de l&#8217;imperialisme dels EUA<\/strong><\/h4>\n<p style=\"text-align: justify;\">En aquest article de 22 p\u00e0gines, detallem la situaci\u00f3 del continent llatinoameric\u00e0 publicant documents transmesos per les nostres seccions a Brasil, M\u00e8xic i Vene\u00e7uela.<\/p>\n<p style=\"text-align: justify;\">L&#8217;imperialisme dominant ha passat d&#8217;una pol\u00edtica gradual de recuperaci\u00f3 de posicions a una ofensiva general. Cops d\u2019estat de nous tipus es donant suport en les debilitats dels governs \u00abprogressistes\u00bb, que han volgut contemporitzar amb l&#8217;imperialisme. La crisi de capital d&#8217;Am\u00e8rica no deixa espai per a la maniobra, \u00e9s la revoluci\u00f3 o la contrarevoluci\u00f3.<\/p>\n<p style=\"text-align: justify;\">Els partits tradicionals socialdem\u00f2crates i estalinistes, nacionalistes i d&#8217;altres, estan desintegrats per la doble pressi\u00f3 de la resist\u00e8ncia de les masses i els dictats de Washington.<\/p>\n<p style=\"text-align: justify;\">Les formes actualitzades de lluita de classe criden a q\u00fcestionar els esquemes\u00a0del passat.<\/p>\n<h4 style=\"text-align: justify;\"><strong>Brasil: resoluci\u00f3 pol\u00edtica de la 35a reuni\u00f3 Nacional d&#8217;O\u00a0Trabalho\u00a0(secci\u00f3 brasilera de la IV internacional)<\/strong><\/h4>\n<p style=\"text-align: justify;\">Publiquem extractes del document pol\u00edtic del Congr\u00e9s de la secci\u00f3 brasilera de la IV internacional (O\u00a0Trabalho\u00a0del\u00a0PT), celebrat l&#8217;agost de 2019.<\/p>\n<p style=\"text-align: justify;\"><em>\u00abFa tres anys, el cop que va destituir a Dilma\u00a0Roussef, en el marc de les institucions de la Constituci\u00f3 1988, va marcar l&#8217;inici d&#8217;un r\u00e8gim de tipus Bonapartista jur\u00eddico militar,\u00a0pro imperialista, recolzat per la classe dirigent local (\u00bb estat d&#8217;emerg\u00e8ncia\u00bb)\u00a0.\u00a0(&#8230;) Per\u00f2 el\u00a0PT\u00a0va sobreviure al cop de destituci\u00f3, a difer\u00e8ncia del PCB en el cop d&#8217;estat 1964. \u00ab<\/em><\/p>\n<p style=\"text-align: justify;\">El text especifica aquestes apreciacions i analitza quin m\u00e8tode ha d&#8217;utilitzar el\u00a0PT\u00a0per fer front a la situaci\u00f3.<\/p>\n<p style=\"text-align: justify;\">Tamb\u00e9 la CUT ha de superar les dificultats causades per la seva adaptaci\u00f3 al llarg dels anys a l&#8217;estructura sindical oficial.<\/p>\n<h4 style=\"text-align: justify;\"><strong>El DAP (Di\u00e0leg i Acci\u00f3 de Petista), la IV internacional i el 7\u00e8 Congr\u00e9s de la PT<\/strong><\/h4>\n<p style=\"text-align: justify;\">\u00abPer primera vegada,\u00a0el DAP\u00a0com a tal disputa nacionalment en el proc\u00e9s d&#8217;elecci\u00f3 directa (&#8230;) Per a nosaltres \u00e9s el moment de seguir avan\u00e7ant, centrat en la lluita de classes, sobre el balan\u00e7 de la conciliaci\u00f3 (&#8230;) \u00ab.<\/p>\n<p style=\"text-align: justify;\">L&#8217;annex reprodueix la crida de la llista de di\u00e0leg i acci\u00f3\u00a0Petista\u00a0al 7\u00e8 Congr\u00e9s de la\u00a0PT. <em>\u00abUnitat en defensa dels treballadors i la democr\u00e0cia! La Lava\u00a0Jato\u00a0\u00e9s un frau!\u00a0Lula\u00a0lliure ara! Per el final\u00a0del govern\u00a0Bolsonaro!\u00bb.<\/em> Cridem l&#8217;atenci\u00f3 sobre els set punts program\u00e0tics que es presenten.<\/p>\n<h4 style=\"text-align: justify;\"><strong>M\u00e8xic: Davant l&#8217;ofensiva de l&#8217;imperialisme, el govern de L\u00f3pez Obrador i la resist\u00e8ncia del poble treballador<\/strong><\/h4>\n<p style=\"text-align: justify;\">En continu\u00eftat amb l&#8217;article de \u201cLA VERNDAD\u201d 101, s&#8217;observa que Trump utilitza amenaces de la construcci\u00f3 del seu mur contra M\u00e8xic per assegurar una base electoral, per\u00f2 tamb\u00e9 per expressar el contingut de la seva pol\u00edtica \u00abAm\u00e8rica Primer\u00bb. Un nou acord de lliure comer\u00e7 accentuar\u00e0 el saqueig de M\u00e8xic; Analitzem els principals elements.<\/p>\n<p style=\"text-align: justify;\">Nou mesos de govern d&#8217;Obrador: s&#8217;ha de fer front no nom\u00e9s a la pressi\u00f3 externa, sin\u00f3 tamb\u00e9 una campanya permanent dels mitjans de comunicaci\u00f3, l&#8217;oligarquia, els partits del r\u00e8gim. Ha centrat la seva lluita contra la corrupci\u00f3 i la reconstrucci\u00f3 de les dues grans empreses nacionals (petroli i sectors energ\u00e8tics). Obrador no toca l&#8217;inter\u00e8s del capital financer. Busca la pau, per\u00f2 els seus adversaris sempre exigeixen m\u00e9s concessions.<\/p>\n<p style=\"text-align: justify;\">L&#8217;elecci\u00f3 d&#8217;Obrador va ser un frac\u00e0s de l&#8217;imperialisme. Les il\u00b7lusions de les masses es mantenen donades les seves primeres mesures. La situaci\u00f3 d&#8217;una regi\u00f3 (Estat de Baixa Calif\u00f2rnia) mostra la profunditat de la corrupci\u00f3 i la resist\u00e8ncia. Els treballadors estan lluitant per dotar-se amb sindicats independents, l&#8217;aparell de sindicats vinculat al partit del r\u00e8gim est\u00e0 desestabilitzat.<\/p>\n<p style=\"text-align: justify;\">El Moviment de Regeneraci\u00f3 Nacional (MORENA), el partit d&#8217;Obrador, ha resultat de sobte esser el partit majoritari en les dues cambres, atraient especialistes en canvis de jaqueta. El prestigi d&#8217;Obrador en l&#8217;actualitat cont\u00e9 la crisi.<\/p>\n<p style=\"text-align: justify;\">L&#8217;estrat\u00e8gia del front \u00fanic antiimperialista s&#8217;ha d&#8217;aplicar en les condicions espec\u00edfiques que es dibuixen: donar suport a les mesures de resist\u00e8ncia del govern a l&#8217;imperialisme; explicar les posicions contradict\u00f2ries d&#8217;Obrador; combatre per la derogaci\u00f3 de les contrareformes del govern anterior que continuen aplicant-se (educaci\u00f3, pensions).<\/p>\n<p style=\"text-align: justify;\">El 26 d&#8217;octubre esta programant una trobada Nacional de di\u00e0leg entre treballadors.<\/p>\n<h4 style=\"text-align: justify;\"><strong>Vene\u00e7uela: contra les inger\u00e8ncies imperialistes, en defensa de la naci\u00f3 i els drets laborals<\/strong><\/h4>\n<p style=\"text-align: justify;\">El govern dels Estats Units, despr\u00e9s del frac\u00e0s de l&#8217;operaci\u00f3\u00a0Guaid\u00f3, est\u00e0 duent a terme una escalada militar a trav\u00e9s de Col\u00f2mbia. Les temptatives de\u00a0Ch\u00e1vez\u00a0i de\u00a0Maduro\u00a0per negociar en un peu d&#8217;igualtat amb l&#8217;imperialisme han demostrat que l&#8217;imperialisme exigeix una relaci\u00f3 de subordinaci\u00f3 pura i simple.<\/p>\n<p style=\"text-align: justify;\">Una trobada a Caracas, el 21 d&#8217;agost, de militants i l\u00edders sindicals de diversos or\u00edgens, va adoptar un comunicat que publiquem<em>: \u00abper a nosaltres, la defensa de la naci\u00f3 ha d&#8217;estar vinculada a la lluita per millorar les condicions de vida dels treballadors (&#8230;). Cridem a lluitar en defensa de la sobirania i, a la mateixa vegada, de tot el marc de protecci\u00f3 i garantia que el poble treballador han conquerit en els darrers vint anys. \u00ab<\/em><\/p>\n<h4 style=\"text-align: justify;\"><strong>Europa- \u00abhem de t\u00e9mer que hi haur\u00e0 disturbis\u00bb (segons un informe del govern brit\u00e0nic)<\/strong><\/h4>\n<p style=\"text-align: justify;\">En aquest article es discuteixen els imprevistos de la crisi pol\u00edtica relacionada amb el Brexit. En el mateix moment, queia el govern itali\u00e0; a Alemanya, les parts de la coalici\u00f3 governant van patir un col\u00b7lapse electoral; Espanya no s&#8217;ha pogut dotar d&#8217;un govern;\u00a0Macron\u00a0es veu obligat a passar a la confrontaci\u00f3 per l&#8217;assumpte de les pensions. Tot indica que <em>\u00abque a dalt no es pot governar com abans\u00bb<\/em>, per reprendre la f\u00f3rmula de Lenin.<\/p>\n<p style=\"text-align: justify;\">L&#8217;assumpte de Brexit no \u00e9s una aventura anglesa. \u00c9s la conseq\u00fc\u00e8ncia de la crisi de capital mundial, el desenvolupament del qual recordem. El paper de la City. La pla\u00e7a financera de Londres \u00e9s global: ha liderat la innovaci\u00f3 financera i tota la reestructuraci\u00f3 del capital financer mundial. S&#8217;ha llan\u00e7at a una fugida cap endavant que avui arriba a la seva final. La guerra comercial \u00e9s un efecte d&#8217;aix\u00f2, ja que la pol\u00edtica de \u00abla m\u00e0quina de fer bitllets\u00bb est\u00e0 en un carrer\u00f3 sense sortida.<\/p>\n<p style=\"text-align: justify;\">L&#8217;esmentat document del govern brit\u00e0nic analitza els efectes d&#8217;un Brexit sense acord i indica que hi ha d&#8217;haver pors que hi haur\u00e0 moviments significatius de descontentament, fins i tot disturbis. Amb\u00a0tractat\u00a0o sense tractat, el dany ja esta fet.<\/p>\n<p style=\"text-align: justify;\">L&#8217;article torna a la import\u00e0ncia del moviment de les armilles grogues a Fran\u00e7a. Una nova etapa en la hist\u00f2ria de la lluita de classes a Europa est\u00e0 estretament combinada amb el desenvolupament d&#8217;esdeveniments mundials.<\/p>\n<p style=\"text-align: justify;\">La reuni\u00f3 de la trobada Europea del 4 de maig va expressar un moviment de cerca que s&#8217;inscriu en la maduraci\u00f3 de les condicions pol\u00edtiques per als comit\u00e8s de vaga<\/p>\n<h4 style=\"text-align: justify;\"><strong>La dislocaci\u00f3 del mercat mundial<\/strong><\/h4>\n<p style=\"text-align: justify;\">Aquest text \u00e9s un extracte del llibre \u201ccapitalisme i economia mundial\u201d, escrit en 2014. Ja fa cinc anys. Les conclusions d&#8217;aquest estudi es confirmen, la qual cosa demostra que el capitalisme no \u00e9s reformable i que la seva crisi no prov\u00e9 de la mala gesti\u00f3, sin\u00f3 que est\u00e0 arrelada en el seu mateix funcionament. I la guerra comercial resultant condueix a guerres cada vegada m\u00e9s obertes. Les mesures anunciades per Trump nom\u00e9s augmenten el caos.<\/p>\n<p style=\"text-align: justify;\">El Banc Central Europeu (BCE) acaba de rellan\u00e7ar la recompra d\u2019accions (Quantitative Easing), que ja s&#8217;utilitzava massivament en 2008, que ha provocat diverg\u00e8ncies serioses entre els banquers centrals europeus.<\/p>\n<p style=\"text-align: justify;\">El text, que dona un rep\u00e0s dels mecanismes fonamentals de la crisi cr\u00f2nica del capitalisme, est\u00e0 de plena actualitat.<\/p>\n<h4 style=\"text-align: justify;\"><strong>Dossier: 90 anys de \u201cLA VERDAD\u201d<\/strong><\/h4>\n<p style=\"text-align: justify;\">El 15 d&#8217;agost de 1929, va sortir el primer n\u00famero de \u201cLA VERDAD\u201d.<\/p>\n<p style=\"text-align: justify;\">Aquesta revista va jugar un paper important en el reagrupament de les forces internacionals d&#8217;oposici\u00f3 a l&#8217;estalinisme.\u00a0Trotsky\u00a0va expressar en ella regularment les seves posicions i l&#8217;an\u00e0lisi de la situaci\u00f3 internacional; en 1934, es va convertir en el diari de la Lliga Comunista i despr\u00e9s de la secci\u00f3 francesa de la IV internacional. Ha estat al centre de totes les seves batalles, en particular per a la reconstrucci\u00f3 de la IV internacional despr\u00e9s de la dislocaci\u00f3 causada pel\u00a0Pablisme\u00a0en 1952.<\/p>\n<p style=\"text-align: justify;\">El dossier repassa les condicions de la seva creaci\u00f3 i alguns aspectes de la seva hist\u00f2ria, presentant diversos temes de les seves lluites:<\/p>\n<ul>\n<li style=\"text-align: justify;\">la q\u00fcesti\u00f3 sindical: discussions des de la d\u00e8cada de 1930 fins a les dates recents;<\/li>\n<li style=\"text-align: justify;\">el front \u00fanic obrer: en particular els escrits de Trotski sobre Alemanya en 1930-1933;<\/li>\n<li style=\"text-align: justify;\">el front \u00fanic antiimperialista: des de la d\u00e8cada de 1920 fins als nostres dies;<\/li>\n<li style=\"text-align: justify;\">internacionalisme: \u00abl&#8217;enemic est\u00e0 al nostre propi pa\u00eds\u00bb; 78 n\u00fameros clandestins a Fran\u00e7a de 1940 a 1945;<\/li>\n<li style=\"text-align: justify;\">Revoluci\u00f3 pol\u00edtica a l&#8217;URSS i als pa\u00efsos de l&#8217;est;<\/li>\n<li style=\"text-align: justify;\">els problemes de l&#8217;internacional, l&#8217;estrat\u00e8gia de transici\u00f3.<\/li>\n<\/ul>\n<h4 style=\"text-align: justify;\"><strong>Entrevista amb\u00a0Stephen\u00a0Volkov, net de\u00a0Leon\u00a0Trotsky<\/strong><\/h4>\n<p style=\"text-align: justify;\">Amb motiu de l&#8217;aniversari de l&#8217;assassinat de\u00a0Leon\u00a0Trotsky, el 20 d&#8217;agost de 1940, per l&#8217;agent estalinista\u00a0Ram\u00f3n\u00a0Mercader, \u201cLA\u00a0VERDAD\u201d\u00a0publica una entrevista que ens va donar el 30 de mar\u00e7 a M\u00e8xic,\u00a0Esteban\u00a0Volkov, net\u00a0de Lev Trotski.<\/p>\n<p style=\"text-align: justify;\">Realitzada per\u00a0Xabier\u00a0Arrizabalo, amb la participaci\u00f3 de Gabriela P\u00e9rez\u00a0Noriega, directora de la Casa-Museu\u00a0Le\u00f3n\u00a0Trotsky\u00a0a M\u00e8xic.<\/p>\n<p style=\"text-align: justify;\">Una s\u00e8rie de televisi\u00f3,\u00a0<em>Trotsky<\/em>, produ\u00efda\u00a0per la cadena estatal russa\u00a0RT\u00a0i emesa internacionalment a Netflix, \u00e9s\u00a0una cadena\u00a0de falsedats\u00a0i mentides, com\u00a0Volkov\u00a0explica detalladament, posant la veritat sobre el seu d&#8217;assassinat.<\/p>\n<p style=\"text-align: justify;\">Dona el seu testimoni directe sobre el primer atac en qu\u00e8 ell mateix va resultar ferit i sobre el segon, que seria fatal per al seu avi.<\/p>\n","protected":false},"excerpt":{"rendered":"<p>(Publicat a la Carta Setmanal 753 \u2013 veure en castell\u00e0) Us convidem a llegir La\u00a0Verdad\u00a0n\u00fam. 103 Hondures, l&#8217;Equador, Xile, Hong Kong, L\u00edban, l&#8217;Iraq, Alg\u00e8ria&#8230; gaireb\u00e9 cada dia tenim not\u00edcies d&#8217;un poble que es rebel\u00b7la contra la situaci\u00f3 insuportable al fet que li porta el sistema basat en la propietat privada dels mitjans de producci\u00f3 i [&hellip;]<\/p>\n","protected":false},"author":1,"featured_media":0,"comment_status":"open","ping_status":"open","sticky":false,"template":"","format":"standard","meta":{"ngg_post_thumbnail":0,"footnotes":""},"categories":[976],"tags":[],"class_list":["post-4277","post","type-post","status-publish","format-standard","hentry","category-cartas-catalan"],"aioseo_notices":[],"_links":{"self":[{"href":"http:\/\/posicuarta.org\/cartasblog\/wp-json\/wp\/v2\/posts\/4277","targetHints":{"allow":["GET"]}}],"collection":[{"href":"http:\/\/posicuarta.org\/cartasblog\/wp-json\/wp\/v2\/posts"}],"about":[{"href":"http:\/\/posicuarta.org\/cartasblog\/wp-json\/wp\/v2\/types\/post"}],"author":[{"embeddable":true,"href":"http:\/\/posicuarta.org\/cartasblog\/wp-json\/wp\/v2\/users\/1"}],"replies":[{"embeddable":true,"href":"http:\/\/posicuarta.org\/cartasblog\/wp-json\/wp\/v2\/comments?post=4277"}],"version-history":[{"count":3,"href":"http:\/\/posicuarta.org\/cartasblog\/wp-json\/wp\/v2\/posts\/4277\/revisions"}],"predecessor-version":[{"id":4282,"href":"http:\/\/posicuarta.org\/cartasblog\/wp-json\/wp\/v2\/posts\/4277\/revisions\/4282"}],"wp:attachment":[{"href":"http:\/\/posicuarta.org\/cartasblog\/wp-json\/wp\/v2\/media?parent=4277"}],"wp:term":[{"taxonomy":"category","embeddable":true,"href":"http:\/\/posicuarta.org\/cartasblog\/wp-json\/wp\/v2\/categories?post=4277"},{"taxonomy":"post_tag","embeddable":true,"href":"http:\/\/posicuarta.org\/cartasblog\/wp-json\/wp\/v2\/tags?post=4277"}],"curies":[{"name":"wp","href":"https:\/\/api.w.org\/{rel}","templated":true}]}}