{"id":4353,"date":"2019-12-17T13:25:10","date_gmt":"2019-12-17T11:25:10","guid":{"rendered":"http:\/\/posicuarta.org\/cartasblog\/?p=4353"},"modified":"2019-12-17T13:26:44","modified_gmt":"2019-12-17T11:26:44","slug":"la-reforma-de-les-pensions-i-la-promocio-dels-fons-privats","status":"publish","type":"post","link":"http:\/\/posicuarta.org\/cartasblog\/la-reforma-de-les-pensions-i-la-promocio-dels-fons-privats\/","title":{"rendered":"La reforma de les pensions i la \u201cpromoci\u00f3\u201d dels fons privats"},"content":{"rendered":"<p><em>(<span id=\"result_box\" class=\"short_text\" lang=\"ca\"><span class=\"alt-edited\">Publicat a la <a href=\"http:\/\/www.posicuarta.org\/pdf\/Carta760-cat.pdf\" target=\"_blank\" rel=\"noopener noreferrer\">Carta Setmanal 760<\/a><\/span><\/span> \u2013 <a href=\"http:\/\/posicuarta.org\/cartasblog\/la-reforma-de-las-pensiones-y-el-impulso-a-los-fondos-privados-de-pensiones\/\">veure en castell\u00e0<\/a>)<\/em><\/p>\n<p style=\"text-align: justify;\"><a href=\"http:\/\/posicuarta.org\/cartasblog\/wp-content\/uploads\/2019\/12\/Carta-760-cat.jpg\" target=\"_blank\" rel=\"noopener noreferrer\"><img loading=\"lazy\" decoding=\"async\" class=\"alignleft wp-image-4354\" src=\"http:\/\/posicuarta.org\/cartasblog\/wp-content\/uploads\/2019\/12\/Carta-760-cat.jpg\" alt=\"\" width=\"150\" height=\"215\" srcset=\"http:\/\/posicuarta.org\/cartasblog\/wp-content\/uploads\/2019\/12\/Carta-760-cat.jpg 419w, http:\/\/posicuarta.org\/cartasblog\/wp-content\/uploads\/2019\/12\/Carta-760-cat-210x300.jpg 210w, http:\/\/posicuarta.org\/cartasblog\/wp-content\/uploads\/2019\/12\/Carta-760-cat-105x150.jpg 105w\" sizes=\"auto, (max-width: 150px) 100vw, 150px\" \/><\/a>A ning\u00fa se li escapa l\u2019estreta vinculaci\u00f3 dels atacs als sistemes de pensions p\u00fablics amb els interessos dels fons privats, impulsats pel capital financer i les seves institucions, la banca, les asseguradores i els governs al seu servei.<\/p>\n<p style=\"text-align: justify;\">Des del 5 de desembre passat, en tota Fran\u00e7a, joves, treballadors, jubilats, armilles grogues, sindicats, es manifesten per centenars de milers per la retirada de la reforma de les pensions de Macron i Delevoye. En el moment d\u2019escriure aquestes l\u00ednies, despr\u00e9s d\u2019una setmana de crisi governamental, Jean Paul Delevoye, ministre dels fons de pensions, acaba de dimitir en con\u00e8ixer-se la seva vinculaci\u00f3 amb aquests.<\/p>\n<p style=\"text-align: justify;\">Reprodu\u00efm un article de l\u2019n\u00ba 543 de Informations Ouvri\u00e8res, \u00f2rgan de el Partit Obrer Independent de Fran\u00e7a (POI), de l\u201912 a el 18 de desembre 2019.<\/p>\n<p style=\"text-align: justify;\"><!--more--><\/p>\n<div style=\"margin-top: 15px; margin-botton: 15px; padding: 15px; background-color: #f5f5f5;\">\n<h3 style=\"text-align: justify;\">Les m\u00e0scares cauen: Delevoye et Macron, mercenaris de les asseguradores i dels fons de pensions<\/h3>\n<p style=\"text-align: justify;\">L\u2019alt comissionat per a la reforma de les pensions, Jean Paul Delevoye, va declarar el 9 de desembre: <em>\u201cles generacions futures ens ho agrairan.\u201d<\/em> Treguin els seus mocadors&#8230; En realitat, els que m\u00e9s agra\u00efts estaran a Jean-Paul Delevoye, s\u00f3n les asseguradores privades, els fons de pensions, en resum, el capital financer que Jean-Paul Delevoye coneix molt b\u00e9: est\u00e0 estretament vinculat a ell, com acaba de revelar la premsa.<\/p>\n<p style=\"text-align: justify;\">Delevoye gaudeix del seu sou de ministre delegat (10.135 euros bruts al mes, sense comptar les prestacions en esp\u00e8cie). Amb els seus emoluments simultanieja les pensions de jubilaci\u00f3 de les seves funcions oficials passades i tamb\u00e9 el salari de president de Parallaxe, un \u201cthink tank\u201d en el si del grup de formaci\u00f3 IGS (per un import mensual de 5.368 euros, \u00e9s a dir 64.420 euros nets a l\u203aany des de 2017).<\/p>\n<h4 style=\"text-align: justify;\">\u201cEstretament vinculat a la federaci\u00f3 francesa de les companyies d\u2019asseguran\u00e7a\u201d<\/h4>\n<p style=\"text-align: justify;\">Anem al seu vincle amb les companyies d\u2019asseguran\u00e7a. Delevoye, home totalment abnegat, ocupa <em>\u201cdesinteressadament\u201d<\/em> (pot permetre-li-ho) el lloc d\u2019administrador de l\u2019organisme de formaci\u00f3 de les companyies d\u2019assegurances, l\u2019Ifpass. A m\u00e9s, Delevoye havia om\u00e8s acuradament aquesta \u00faltima funci\u00f3 en emplenar la seva \u00abdeclaraci\u00f3 d\u203ainteressos\u00bb en el moment d\u203aentrar en el govern per a pilotar el llan\u00e7ament de la \u00abreforma\u00bb de les pensions.<\/p>\n<p style=\"text-align: justify;\">Delevoye, <em>\u201cdesinteressat\u201d<\/em> a compte de les companyies d\u2019assegurances? \u201cSi \u00e9s aix\u00ed, \u00e9s que era un activista!\u201d, solta un ferroviari de Montparnasse (estaci\u00f3 parisenca, ndlt), indignat, com tots els seus companys, per aquestes revelacions.<\/p>\n<p style=\"text-align: justify;\">T\u00e9 ra\u00f3. <em>\u201cl\u2019Ifpass est\u00e0 estretament vinculat a la Federaci\u00f3 Francesa d\u203aAssegurances (FFA)\u201d<\/em>, indica en el diari <em>\u201cLe Parisien\u201d<\/em> (9 de desembre), un exdirigent d\u2019aquest organisme, afegint: <em>\u201cels vincles amb Jean-Paul Delevoye s\u00f3n valuosos, particularment perqu\u00e8 la totalitat del sector aquesta molt interessat per la reforma.\u201d<\/em> Els voltors!<\/p>\n<p style=\"text-align: justify;\">El director <em>\u201cd\u2019AGR La Mondiale<\/em>\u201d, una de les principals companyies de segur franceses, confirmava, en les columnes del <em>\u201cJournal du dimanche\u201d<\/em>, l\u2019octubre passat, tot el seu inter\u00e8s pel \u201cr\u00e8gim universal\u201d projectat per Delevoye i Macron, declarant que <em>\u201cla reforma de les pensions obre perspectives\u201d<\/em>. \u201cPerspectives\u201d &#8230; Les pensions, s\u00f3n un bot\u00ed de m\u00e9s de 300 milions!<\/p>\n<h4 style=\"text-align: justify;\">Un fons d\u2019inversi\u00f3 americ\u00e0 de 7.000 milions de d\u00f2lars<\/h4>\n<p style=\"text-align: justify;\">Aquestes companyies d\u2019assegurances estan a l\u2019aguait, com Allianz (7,5 milions de beneficis en 2018), Generali (2,3 milions d\u203aeuros en 2018) o Axa (m\u00e9s de 6 milions en 2017). Axa que presumeix en la seva p\u00e0gina web dels seus \u201cproductes financers\u201d per a preparar la jubilaci\u00f3 amb aquest argument: <em>\u201cEl nivell de les pensions ser\u00e0 sens dubte menor que el dels pensionistes actuals.\u201d<\/em><\/p>\n<p style=\"text-align: justify;\">Gr\u00e0cies Delevoye!<\/p>\n<p style=\"text-align: justify;\">I l\u2019anunci de Axa afegeix: <em>\u201cEnfront d\u2019aquesta situaci\u00f3, cadascun de nosaltres, assalariats com a professionals, independents, ha de prendre la davantera!\u201d<\/em> Que em paguin ja&#8230;<\/p>\n<p style=\"text-align: justify;\">I hi ha una altra cosa mes. En la seva p\u00e0gina web, el diari \u201cLIb\u00e9ration\u201d tamb\u00e9 indica el 9 de desembre que <em>\u201cels representants del fons de pensions m\u00e9s important en el m\u00f3n, molt interessats per la llei PACTE<\/em> (llei del 22 de maig 2019 relativa al creixement econ\u00f2mic i a la transformaci\u00f3 de les empreses, ndlt) <em>i la reforma de les pensions, ja es van reunir diverses vegades, no sols amb el president de la Rep\u00fablica, sin\u00f3 tamb\u00e9 amb Jean-Paul Delevoye, l\u2019alt comissionat per a les pensions\u201d<\/em>. Aquest mega fons d\u2019\u201dinversi\u00f3\u201d, \u00e9s l\u2019americ\u00e0 BlackRock, que gestiona, al compte de fons de pensions, prop de 7.000 milions de d\u00f2lars.<\/p>\n<\/div>\n<h4 style=\"text-align: justify;\">I a Espanya<\/h4>\n<p style=\"text-align: justify;\">Com es pot veure, el govern Macron, segons diuen ells mateixos, un govern a l\u2019servei del \u201cb\u00e9 com\u00fa\u201d, de \u201cl\u2019inter\u00e8s general\u201d, en realitat est\u00e0 a l\u2019servei dels fons privats, \u00e9s a dir, de l\u2019capital financer.<\/p>\n<p style=\"text-align: justify;\">Per qu\u00e8?, qu\u00e8 pot portar als treballadors la liquidaci\u00f3 del sistema de pensions de la Seguretat Social i la seva substituci\u00f3 per una pensi\u00f3 privada, la substituci\u00f3 del sistema de repartiment pel de capitalitzaci\u00f3?<\/p>\n<p style=\"text-align: justify;\">Segons un article del peri\u00f2dic El Pa\u00eds (25 de febrer de 2019), al seu torn defensor de les pensions privades, titulat \u201cEl gran frac\u00e0s de les pensions privades a Espanya: la seva baixa rendibilitat no cobreix ni la inflaci\u00f3\u201d:<\/p>\n<p style=\"text-align: justify;\">\u201cEls plans de pensions del sistema individual van tancar el 2018, segons les dades de l\u2019Associaci\u00f3 d\u2019Institucions d\u2019Inversi\u00f3 col\u00b7lectiva (Inverco), amb unes p\u00e8rdues anuals de mitjana del 4,08%. (&#8230;) En 15 i 20 anys, la seva rendibilitat mitjana anual va ser del 2,54% i 2,05%, \u00e9s a dir, que amb prou feines cobreixen la inflaci\u00f3.\u201d<\/p>\n<p style=\"text-align: justify;\">I aix\u00f2 si no fan fallida, clar. Est\u00e0 tot dit: els \u00fanics que guanyen amb els plans privats de pensions s\u00f3n els bancs i les asseguradores que els gestionen.<\/p>\n<h4 style=\"text-align: justify;\">I en altres pa\u00efsos<\/h4>\n<p style=\"text-align: justify;\">I qu\u00e8 passa en altres pa\u00efsos com Alemanya, \u00c0ustria o Su\u00e8cia que han avan\u00e7at amb les \u201creformes\u201d de les pensions? A Su\u00e8cia, gaireb\u00e9 el 16% dels majors de 65 anys vivien en 2017 per sota del llindar de la pobresa segons Eurostat. \u00c9s una de les principals conseq\u00fc\u00e8ncies de la posada en marxa d\u2019un sistema de jubilacions per punts (com el que proposa Macron a Fran\u00e7a) fa ja m\u00e9s de 20 anys. En aquest pa\u00eds, on es pren tota la vida laboral per al c\u00e0lcul de la pensi\u00f3, el muntant de les pensions ha caigut avui al 53% de l\u203a\u00faltim salari, enfront del 60% l\u203aany 2000.<\/p>\n<p style=\"text-align: justify;\">Encara l\u203aex-primer ministre G\u00f6ran Personn parla b\u00e9 del sistema de pensions suec: \u00abtenim el millor sistema de pensions del m\u00f3n, amb solo la petita fallada que proporciona pensions massa baixes.\u00bb Quin papanatas!<\/p>\n<p style=\"text-align: justify;\">Pot comprovar-se amb facilitat que les pensions de la seguretat social estan amena\u00e7ades en tota Europa a partir de contrareformes que utilitzen els mateixos elements: c\u00e0lcul de la pensi\u00f3 a partir del c\u00f2mput de tota la vida laboral, introducci\u00f3 de f\u00f3rmules que tinguin en compte l\u2019augment de l\u2019esperan\u00e7a de vida com a coeficient reductor de la pensi\u00f3, la substituci\u00f3 de les cotitzacions per impostos finalistes, etc.<\/p>\n<p style=\"text-align: justify;\">La defensa dels sistemes p\u00fablics de pensions es converteix en tota Europa en una q\u00fcesti\u00f3 vital per als treballadors.<\/p>\n<p style=\"text-align: justify;\">Governi qui governi, les pensions es defensen!<\/p>\n","protected":false},"excerpt":{"rendered":"<p>(Publicat a la Carta Setmanal 760 \u2013 veure en castell\u00e0) A ning\u00fa se li escapa l\u2019estreta vinculaci\u00f3 dels atacs als sistemes de pensions p\u00fablics amb els interessos dels fons privats, impulsats pel capital financer i les seves institucions, la banca, les asseguradores i els governs al seu servei. Des del 5 de desembre passat, en [&hellip;]<\/p>\n","protected":false},"author":1,"featured_media":0,"comment_status":"open","ping_status":"open","sticky":false,"template":"","format":"standard","meta":{"ngg_post_thumbnail":0,"footnotes":""},"categories":[976],"tags":[],"class_list":["post-4353","post","type-post","status-publish","format-standard","hentry","category-cartas-catalan"],"aioseo_notices":[],"_links":{"self":[{"href":"http:\/\/posicuarta.org\/cartasblog\/wp-json\/wp\/v2\/posts\/4353","targetHints":{"allow":["GET"]}}],"collection":[{"href":"http:\/\/posicuarta.org\/cartasblog\/wp-json\/wp\/v2\/posts"}],"about":[{"href":"http:\/\/posicuarta.org\/cartasblog\/wp-json\/wp\/v2\/types\/post"}],"author":[{"embeddable":true,"href":"http:\/\/posicuarta.org\/cartasblog\/wp-json\/wp\/v2\/users\/1"}],"replies":[{"embeddable":true,"href":"http:\/\/posicuarta.org\/cartasblog\/wp-json\/wp\/v2\/comments?post=4353"}],"version-history":[{"count":2,"href":"http:\/\/posicuarta.org\/cartasblog\/wp-json\/wp\/v2\/posts\/4353\/revisions"}],"predecessor-version":[{"id":4357,"href":"http:\/\/posicuarta.org\/cartasblog\/wp-json\/wp\/v2\/posts\/4353\/revisions\/4357"}],"wp:attachment":[{"href":"http:\/\/posicuarta.org\/cartasblog\/wp-json\/wp\/v2\/media?parent=4353"}],"wp:term":[{"taxonomy":"category","embeddable":true,"href":"http:\/\/posicuarta.org\/cartasblog\/wp-json\/wp\/v2\/categories?post=4353"},{"taxonomy":"post_tag","embeddable":true,"href":"http:\/\/posicuarta.org\/cartasblog\/wp-json\/wp\/v2\/tags?post=4353"}],"curies":[{"name":"wp","href":"https:\/\/api.w.org\/{rel}","templated":true}]}}