{"id":4527,"date":"2020-04-13T10:02:00","date_gmt":"2020-04-13T08:02:00","guid":{"rendered":"http:\/\/posicuarta.org\/cartasblog\/?p=4527"},"modified":"2020-04-13T10:06:54","modified_gmt":"2020-04-13T08:06:54","slug":"el-virus-la-pandemia-y-el-capitalismo","status":"publish","type":"post","link":"http:\/\/posicuarta.org\/cartasblog\/el-virus-la-pandemia-y-el-capitalismo\/","title":{"rendered":"El virus, la pandemia y el capitalismo"},"content":{"rendered":"<h3 style=\"text-align: justify;\"><strong>Notas editoriales de La Verdad n\u00ba 105 &#8211; abril de 2020<br \/>\n<\/strong><\/h3>\n<p style=\"text-align: justify;\"><a href=\"http:\/\/posicuarta.org\/cartasblog\/wp-content\/uploads\/2020\/04\/La-Verdad-105.jpg\" target=\"_blank\" rel=\"noopener noreferrer\"><img loading=\"lazy\" decoding=\"async\" class=\"alignleft wp-image-4529\" src=\"http:\/\/posicuarta.org\/cartasblog\/wp-content\/uploads\/2020\/04\/La-Verdad-105.jpg\" alt=\"\" width=\"150\" height=\"240\" srcset=\"http:\/\/posicuarta.org\/cartasblog\/wp-content\/uploads\/2020\/04\/La-Verdad-105.jpg 425w, http:\/\/posicuarta.org\/cartasblog\/wp-content\/uploads\/2020\/04\/La-Verdad-105-188x300.jpg 188w, http:\/\/posicuarta.org\/cartasblog\/wp-content\/uploads\/2020\/04\/La-Verdad-105-94x150.jpg 94w\" sizes=\"auto, (max-width: 150px) 100vw, 150px\" \/><\/a>La humanidad se encierra. En el momento en que escribimos, 15 000 muertos, millones de personas contagiadas, 2 600 millones confinados como en la Edad Media. Despu\u00e9s de Europa y algunos pa\u00edses de Asia, y despu\u00e9s de una parte de los Estados Unidos y Sud\u00e1frica, la India acaba de decidir el confinamiento de 1 000 millones de ciudadanos. \u00bfC\u00f3mo no ver en esta decisi\u00f3n la creaci\u00f3n de un vasto campamento en el que morir\u00e1n muchos indios? \u00bfE Ir\u00e1n y Venezuela bajo el embargo? \u00bfY el pueblo palestino \u00abconfinado\u00bb en el campamento que es la franja de Gaza, sometida tambi\u00e9n al embargo? Y en todas partes, servicios sanitarios que explotan\u2026 La pandemia de coronavirus provoca un verdadero se\u00edsmo en el mundo entero. A la crisis sanitaria se suma una crisis econ\u00f3mica y social. El capital amenaza con destruir a toda la humanidad.<\/p>\n<p><!--more--><\/p>\n<h4 style=\"text-align: justify;\"><strong>\u00bfUna crisis econ\u00f3mica?<\/strong><\/h4>\n<p style=\"text-align: justify;\">No es el virus lo que ha provocado esta crisis. La pandemia no es m\u00e1s que un revelador y un acelerador de la crisis del sistema capitalista.<\/p>\n<p style=\"text-align: justify;\">Y \u00e9sta es anterior a la pandemia. Desde hace meses, numerosos economistas alertaban de la llegada de una nueva crisis financiera, m\u00e1s profunda y m\u00e1s brutal que la de 2008. La marcha hacia la dislocaci\u00f3n del mercado mundial ya estaba ah\u00ed.<\/p>\n<p style=\"text-align: justify;\">En octubre de 2019, el Fondo Monetario Internacional (FMI) se\u00f1alaba en su informe anual<a href=\"#_ftn1\" name=\"_ftnref1\"><sup>[1]<\/sup><\/a>:<\/p>\n<p style=\"text-align: justify;\">\u00abLa econom\u00eda mundial atraviesa una ralentizaci\u00f3n sincronizada: de nuevo se ha revisado el crecimiento para 2019 a la baja, en un 3%, es decir, su ritmo m\u00e1s lento desde la crisis financiera mundial (\u2026). Ralentizaci\u00f3n generalizada de la industria manufacturera y del comercio mundial (\u2026). <em>La subida de los aranceles y la prolongada incertidumbre que envuelve las pol\u00edticas comerciales han conllevado un descenso de las inversiones (\u2026). La industria automovil\u00edstica atraviesa tambi\u00e9n una contracci\u00f3n.\u00bb<\/em><\/p>\n<p style=\"text-align: justify;\">Si bien la pol\u00edtica de Trump, su recurso al proteccionismo, es ilusoria \u2013ya que nada puede impedir a los trust orientar sus inversiones fuera de las fronteras de los Estados Unidos\u2013, no por ello tiene menos efectos directos sobre la econom\u00eda mundial, y en particular sobre sus \u00abaliados\u00bb europeos a golpe de tasas y restricciones, enfocadas principalmente a la industria automovil\u00edstica alemana, un pilar de esa econom\u00eda.<\/p>\n<p style=\"text-align: justify;\">Lo que adem\u00e1s se materializ\u00f3 tambi\u00e9n, antes incluso de la pandemia, en el anuncio a comienzos de 2020 de la ca\u00edda del mercado automovil\u00edstico europeo (con una bajada global del 7,4%), entre ellos el mercado alem\u00e1n que cay\u00f3 un 10%.<\/p>\n<p style=\"text-align: justify;\">Del mismo modo, la crisis del petr\u00f3leo se desarrolla desde hace muchos meses. En esta situaci\u00f3n de s\u00e1lvese qui\u00e9n pueda, Arabia Saud\u00ed, en represalia a la negativa de Rusia de acatar las decisiones de la Organizaci\u00f3n de Pa\u00edses Exportadores de Petr\u00f3leo (OPEP), anunciaba la bajada del precio de su barril y el aumento de su producci\u00f3n, provocando as\u00ed una deflagraci\u00f3n mundial.<\/p>\n<p style=\"text-align: justify;\">Fatih Birol, director de la Agencia Internacional de la Energ\u00eda<a href=\"#_ftn2\" name=\"_ftnref2\"><sup>[2]<\/sup><\/a>, se alarma:<\/p>\n<p style=\"text-align: justify;\">\u00abEste juego de ruleta rusa es asombroso cuando la econom\u00eda mundial est\u00e1 particularmente debilitada. Sus consecuencias pueden ser muy graves (\u2026). El riesgo de crisis social y las amenazas sobre la estabilidad se acrecientan.\u00bb<\/p>\n<p style=\"text-align: justify;\">\u00abCrisis social\u00bb: la palabra se queda corta. Expresa el temor a ver c\u00f3mo se profundiza la crisis en los pa\u00edses productores, que dependen b\u00e1sicamente de los ingresos del petr\u00f3leo. Es el caso de Argelia, que depende en un 98% de sus ingresos energ\u00e9ticos, donde la movilizaci\u00f3n popular contra el r\u00e9gimen se ha levantado contra la ley que privatiza parcialmente los hidrocarburos.<\/p>\n<p style=\"text-align: justify;\">Toda esa gente est\u00e1 aterrorizada por las movilizaciones masivas en Argelia, en Asia o en Am\u00e9rica Latina, que se levantan contra este sistema.<\/p>\n<p style=\"text-align: justify;\">Ahora bien, el mundo entero est\u00e1 afectado, incluidos los Estados Unidos, autosuficientes en petr\u00f3leo y que, con la extracci\u00f3n de gas de esquisto, han pasado a ser exportadores\u00a0 (en 2008, el petr\u00f3leo estadounidense representaba el 9% de la producci\u00f3n mundial; en 2019, representa el 17%). Ya que la bajada del precio del barril golpea directamente a la producci\u00f3n estadounidense, hundi\u00e9ndola por debajo de su umbral de rentabilidad. \u00abLa resiliencia de los productores estadounidenses depender\u00e1 tambi\u00e9n de la magnitud de los da\u00f1os en los mercados financieros, sus socios capitalistas\u00bb, subraya el diario franc\u00e9s <em>Le Figaro <\/em>(10 de marzo de 2020).<\/p>\n<p style=\"text-align: justify;\">Eso es lo esencial: los mercados financieros. En efecto, la crisis actual no es una crisis \u00abecon\u00f3mica\u00bb. Es producto de la agon\u00eda de un r\u00e9gimen social que ha caducado, que se ha mantenido a costa de dos guerras mundiales provocando decenas y decenas de millones de muertos, \u00a1y que hoy sume de nuevo a la humanidad en la barbarie para preservar los \u00abmercados financieros\u00bb!<\/p>\n<h4 style=\"text-align: justify;\"><strong>Los mercados financieros, la ley del capital<\/strong><\/h4>\n<p style=\"text-align: justify;\">Como indicaba el Fondo Monetario Internacional (FMI) en octubre de 2019<a href=\"#_ftn3\" name=\"_ftnref3\"><sup>[3]<\/sup><\/a>:<\/p>\n<p style=\"text-align: justify;\">\u00abLos mercados financieros se han visto sacudidos por las fluctuaciones vinculadas a las tensiones comerciales y por las crecientes preocupaciones que inspiran las <em>perspectivas econ\u00f3micas mundiales (\u2026). En su b\u00fasqueda de rendimiento, los inversores institucionales podr\u00edan exponerse de una manera que amplificar\u00eda los choques en los momentos de tensi\u00f3n en los mercados: las similitudes observadas en las carteras de los fondos de inversi\u00f3n podr\u00edan amplificar un hundimiento del mercado.\u00bb<\/em><\/p>\n<p style=\"text-align: justify;\">Esta inestabilidad de los mercados viene acompa\u00f1ada de una situaci\u00f3n en la que miles y miles de millones no se invierten en la producci\u00f3n, ya que la valorizaci\u00f3n de esos capitales no est\u00e1 asegurada.<\/p>\n<p style=\"text-align: justify;\">Warren Buffet explica as\u00ed a los accionistas de su fondo de inversi\u00f3n, Berkshire Hathaway, que a finales de 2019 se hab\u00eda acumulado una tesorer\u00eda de 128 000 millones de d\u00f3lares, puesto que no hab\u00eda encontrado a\u00fan adquisiciones suficientemente rentables. Pero no es el \u00fanico, son muchos los que est\u00e1n en ese caso. Alphabet, la casa madre de Google, es la m\u00e1s rica en liquidez \u00a1con 177 000 millones de d\u00f3lares en reservas dinerarias!<\/p>\n<p style=\"text-align: justify;\">Es lo que la prensa llama la <em>\u00abfinanciarizaci\u00f3n de la econom\u00eda\u00bb<\/em>, que est\u00e1 en su apogeo. La especulaci\u00f3n domina la econom\u00eda: <em>\u00abhundi\u00e9ndose bajo la liquidez, los grandes grupos intentan estimular el valor de sus acciones recomprando t\u00edtulos por miles de millones\u00bb<\/em>, indicaba el diario suizo Le Temps, en marzo de 2019. Siendo ya moneda corriente en Estados Unidos, las recompras de acciones proliferan en Europa. A golpe de miles de millones, esas empresas recompran acciones a fin de valorizar su precio al alza, lo que satisface a los accionistas, ya que <em>\u00abla recompra de acciones presenta la ventaja de ser mucho m\u00e1s flexible que un dividendo\u00bb<\/em>. En efecto, los dividendos est\u00e1n sometidos a las vicisitudes del mercado y a los resultados de las empresas.<\/p>\n<p style=\"text-align: justify;\">\u00abCa\u00edda de ventas de <em>Iphone, pero Apple se comporta muy bien en Bolsa (\u2026). La acci\u00f3n ha registrado una subida del 27% (\u2026). Un ejemplo m\u00e1s de que las cosas, en este \u00e1mbito, est\u00e1n a veces desconectadas de la realidad (\u2026). Intentando hacer olvidar esta situaci\u00f3n, Apple acaba de dotar su programa de recompra de acciones con 75 000 millones de d\u00f3lares m\u00e1s y de aumentar los dividendos a los accionistas en un 5% (\u2026). Si bien desde 2015, Apple ha gastado ya 363 000 millones de d\u00f3lares en recomprar acciones o pagar dividendos a sus accionistas\u00bb<\/em> (extractos de <em>Num\u00e9riques<\/em>)<a href=\"#_ftn4\" name=\"_ftnref4\"><sup>[4]<\/sup><\/a>.<\/p>\n<p style=\"text-align: justify;\">Como se\u00f1ala un estudio econ\u00f3mico publicado por el diario belga <em>L\u2019Echo <\/em>en febrero de 2019<a href=\"#_ftn5\" name=\"_ftnref5\"><sup>[5]<\/sup><\/a>:<\/p>\n<p style=\"text-align: justify;\">\u00abLa suma de todos los programas de recompra de acciones de las 500 empresas m\u00e1s grandes estadounidenses supera por primera vez el bill\u00f3n de d\u00f3lares (\u2026). La recompra de acciones sigue siendo una manera eficaz de sostener la cotizaci\u00f3n burs\u00e1til. Si las acciones recompradas se destruyen, disminuye el n\u00famero de acciones en circulaci\u00f3n, lo que permite repartir los beneficios sobre menos acciones. En otras palabras, el accionista percibe una porci\u00f3n m\u00e1s grande del pastel (\u2026). Un estudio estadounidense ha demostrado que, pasados cuatro a\u00f1os, las empresas que <em>recompraban sus acciones para destruirlas registraban una cotizaci\u00f3n superior en un 24% a la de sus competidores que no practican la recompra de acciones.\u00bb<\/em><\/p>\n<p style=\"text-align: justify;\">No estando garantizada la valorizaci\u00f3n del capital mediante inversiones productivas,\u00a0 es preciso encontrar otras v\u00edas. La de la especulaci\u00f3n, la de los capitales ficticios, lo que se llama la burbuja financiera, que puede estallar en cualquier momento, como est\u00e1 haci\u00e9ndolo hoy a consecuencia de la pandemia. Es el parasitismo imperialista que todo lo destruye.<\/p>\n<p style=\"text-align: justify;\">Los grandes fondos de inversi\u00f3n, que defienden los intereses de sus clientes, empujan a las empresas a reestructurarse, es decir, a despedir. Esos planes de reestructuraci\u00f3n de empresas (a menudo ampliamente rentables) son siempre saludados en Bolsa con una subida del precio de la acci\u00f3n.<\/p>\n<p style=\"text-align: justify;\">Esos fondos presionan asimismo para hacer saltar todas las normas, las reglas que constituyen barreras a su expansi\u00f3n. Esos miles y miles de millones que no encontraban d\u00f3nde invertir\u00a0 avivan la exigencia del capital: que se abra la protecci\u00f3n social (pensiones, seguridad social) al sector privado. Recientemente hemos visto al\u00a0 patr\u00f3n del gran fondo de pensiones estadounidense Blackroch congratularse por la reforma de las pensiones en Francia.<\/p>\n<p style=\"text-align: justify;\">El mercado privado de la sanidad, como en Estados Unidos, es jugoso.\u00a0 Raz\u00f3n por la que los grandes grupos de sanidad privados estadounidenses presionan en contra de cualquier sistema de seguridad social p\u00fablico, en detrimento de millones de norteamericanos que no tienen acceso al sistema sanitario. Del mismo modo, en Chile, el sistema de fondos de pensi\u00f3n privados, instaurado por Pinochet, conduce a la ruina a millones de chilenos.<\/p>\n<p style=\"text-align: justify;\">Ese parasitismo inherente al imperialismo se ha desarrollado de manera exponencial desde los a\u00f1os 1960-1970. En 1971, en plena guerra de Vietnam, el imperialismo estadounidense, al decidir romper la convertibilidad del d\u00f3lar en oro (cuestionando <em>de facto <\/em>los acuerdos de Bretton Woods firmados tras la Segunda Guerra Mundial), erig\u00eda el d\u00f3lar como moneda de referencia\u00a0 a escala mundial en detrimento de sus \u00abaliados\u00bb, pero concentrando al mismo tiempo sobre \u00e9l todas las contradicciones del mercado mundial: al hacerlo, el \u00abremedio\u00bb agrav\u00f3 la crisis.<\/p>\n<p style=\"text-align: justify;\">\u00abLa amenaza se ha agravado a\u00fan considerablemente porque el sector de la econom\u00eda de armamento es alimentado por los estados burgueses que lo financian con la inflaci\u00f3n de cr\u00e9dito y de moneda, con manipulaciones financieras de toda clase que acaban creando una masa creciente de capitales ficticios de los que s\u00f3lo una parte cada vez m\u00e1s d\u00e9bil llega a invertirse en la producci\u00f3n.<\/p>\n<p style=\"text-align: justify;\"><em>Ah\u00ed, y s\u00f3lo ah\u00ed, reside la causa de la crisis del sistema monetario internacional (\u2026). Los desequilibrios de las balanzas comerciales y de pagos, y principalmente el desequilibrio de las balanzas estadounidenses y europeas, que est\u00e1n en el centro de la formaci\u00f3n de enormes capitales ficticios, traducen el impasse de una econom\u00eda basada en la propiedad privada de los medios de producci\u00f3n\u00bb<\/em><a href=\"#_ftn6\" name=\"_ftnref6\"><sup>[6]<\/sup><\/a>.<\/p>\n<p style=\"text-align: justify;\">De esto hace 50 a\u00f1os. Hemos llegado a la fecha l\u00edmite. La amenaza de dislocaci\u00f3n aviva la competencia entre los trust para atraer nuevos accionistas y eliminar a sus competidores. La concentraci\u00f3n capitalista se desarrolla a\u00a0 golpe de OPA, de fusiones-adquisiciones, poniendo en movimiento cientos de miles de millones <em>(l\u00e9ase en p\u00e1gina 35 el art\u00edculo sobre la concentraci\u00f3n)<\/em>.<\/p>\n<p style=\"text-align: justify;\">Lenin, en su obra sobre el imperialismo, hab\u00eda explicado que el capital se asfixiaba dentro de las fronteras nacionales: de hecho, los monopolios y los trust se han emancipado de los marcos nacionales que les suponen impedimentos, pero que utilizan sin embargo como instrumentos de mantenimiento del \u00aborden\u00bb -es decir, la represi\u00f3n contra los trabajadores y los pueblos- y de \u00abayudas\u00bb a los trust.<\/p>\n<h4 style=\"text-align: justify;\"><strong>Hay que salvar al capital<\/strong><\/h4>\n<p style=\"text-align: justify;\">Con la aceleraci\u00f3n de la crisis por la pandemia, las Bolsas se hunden, la industria est\u00e1 al ralent\u00ed. \u00abS\u00f3lo en Par\u00eds, desde que comenz\u00f3 la ca\u00edda, se han esfumado 190 000 millones de euros (\u2026). En el mundo, han desaparecido alrededor de 6 billones de d\u00f3lares de capitalizaci\u00f3n desde principios de semana\u00bb (en el diario franc\u00e9s <em>Les Echos<\/em>, 1 de marzo de 2020). 6 billones de d\u00f3lares volatilizados: aqu\u00ed se revela de manera brutal el parasitismo de la econom\u00eda capitalista.<\/p>\n<p style=\"text-align: justify;\">Si comparamos, por ejemplo, los 190 000 millones destruidos en una semana en la Bolsa de Par\u00eds con el presupuesto de la escuela p\u00fablica (53 000 millones) o la investigaci\u00f3n p\u00fablica (28 000 millones), podemos constatar el car\u00e1cter reaccionario del r\u00e9gimen de la propiedad privada.<\/p>\n<p style=\"text-align: justify;\">Estados, gobiernos, instituciones internacionales y bancos centrales han reaccionado inmediatamente ante esta crisis.<\/p>\n<p style=\"text-align: justify;\">Esos mismos Estados y gobiernos que, hasta ahora, rechazaban todas las reivindicaciones y organizaban contrarreformas destructivas en nombre de los \u00abnecesarios ahorros\u00bb, desbloquean sumas considerables para \u00abayudar a las empresas\u00bb.<\/p>\n<p style=\"text-align: justify;\">En Estados Unidos, Trump ha desbloqueado una primera partida de urgencia de 300 000 millones de d\u00f3lares, y la FED, el banco central estadounidense, ha desbloqueado 1,5 billones (es decir, casi el equivalente del total de beneficios de las empresas estadounidenses amasado el a\u00f1o pasado: \u00a12 billones!).<\/p>\n<p style=\"text-align: justify;\">En la Uni\u00f3n Europea, el Banco Central Europeo (BCE) ha liberado\u00a0 750 000 millones de euros, lo que se a\u00f1ade a las sumas facilitadas por los Estados (300 000 millones en Francia, 700 000 millones en Alemania, etc.). Es\u00a0 una nueva confirmaci\u00f3n de que los gobiernos, en palabras de Marx, son sin lugar a dudas \u00abel consejo de administraci\u00f3n de la burgues\u00eda\u00bb.<\/p>\n<p style=\"text-align: justify;\">Inmediatamente, esos anuncios han hecho que las Bolsas empiecen a recuperarse: en Francia + 5,9%, en Alemania + 5,2%, en Londres + 3,2%. Pero esto es pasajero. La crisis est\u00e1 ah\u00ed.<\/p>\n<p style=\"text-align: justify;\">Inversamente, esta situaci\u00f3n arroja a la miseria a cientos de millones de seres humanos.<\/p>\n<p style=\"text-align: justify;\">En los pa\u00edses de Europa, el paro parcial (sin hablar siquiera de los despidos) conlleva un descenso importante de los ingresos de los trabajadores y arroja a la miseria a todos los precarios, sin derechos, que se encuentran de nuevo sin nada.<\/p>\n<p style=\"text-align: justify;\">En muchos pa\u00edses, especialmente en Asia, donde se hab\u00edan instalado empresas extranjeras (deslocalizaciones) buscando asegurarse el menor \u00abcoste\u00bb posible del trabajo y una total desreglamentaci\u00f3n, esta ralentizaci\u00f3n de la producci\u00f3n y del comercio mundial echa a la calle a decenas de millones de trabajadores.<\/p>\n<p style=\"text-align: justify;\">En \u00c1frica, en unos d\u00edas, el capital financiero a repatriado \u2013para ponerlos a resguardo en Europa y en Estados Unidos- 60 000 millones de \u00abinversiones\u00bb (\u00a1sic!), agravando as\u00ed la ya alarmante situaci\u00f3n de los pa\u00edses africanos.<\/p>\n<p style=\"text-align: justify;\">Lo que llaman \u00abmundializaci\u00f3n\u00bb y \u00abdeslocalizaciones\u00bb no son otra cosa que la ley del capital llevada a su paroxismo. En esta fase de agon\u00eda del capitalismo que es el imperialismo, le es indispensable golpear a la clase obrera y a los pueblos para sobrevivir.<\/p>\n<p style=\"text-align: justify;\">Para hacerlo, debe intentar aumentar la tasa de plusval\u00eda (y repartir los beneficios que de ella se desprenden), rebajando el \u00abcoste\u00bb del trabajo.\u00a0 Tal es el sentido de las deslocalizaciones hacia los pa\u00edses donde ese \u00abcoste\u00bb es reducido y donde no existen reglamentaciones ni normas de protecci\u00f3n, permitiendo la sobreexplotaci\u00f3n de los trabajadores.<\/p>\n<p style=\"text-align: justify;\">Seg\u00fan las cifras de la OIT, en 2018, 168 millones de ni\u00f1os menores de 15 a\u00f1os trabajaban en el mundo (de ellos 78 millones en Asia y 60\u00a0 millones en \u00c1frica).<\/p>\n<p style=\"text-align: justify;\">Con este mismo objetivo, el capital, utilizando esta situaci\u00f3n de deslocalizaci\u00f3n y en nombre de la competitividad, impulsa en los pa\u00edses imperialistas las contrarreformas destructivas de los c\u00f3digos laborales, de las pensiones, en el marco de la m\u00e1xima desreglamentaci\u00f3n.<\/p>\n<p style=\"text-align: justify;\">En una cr\u00f3nica del diario de la City de Londres, el <em>Financial Times<\/em><a href=\"#_ftn7\" name=\"_ftnref7\"><sup>[7]<\/sup><\/a>, puede leerse:<\/p>\n<p style=\"text-align: justify;\">\u00abEcon\u00f3micamente, el coronavirus es comparable al temblor de tierra que provoc\u00f3 el accidente nuclear de <em>Fukusima, a la guerra comercial China-Estados Unidos y a otras conmociones mundiales. Lo que tienen en com\u00fan es que demuestran el peligro de la concentraci\u00f3n de las cadenas de abastecimiento.\u00bb<\/em><\/p>\n<p style=\"text-align: justify;\">Esta pandemia revela abiertamente la fragilidad del sistema capitalista en crisis, sometido a los menores avatares y cambios de la situaci\u00f3n mundial.<\/p>\n<p style=\"text-align: justify;\">\u00abNo hab\u00eda, en ese comienzo de a\u00f1o, m\u00e1rgenes de maniobra para un accidente. El accidente se ha producido: el de la Covid-19 en China. La econom\u00eda del pa\u00eds est\u00e1 ahora rota. Su producci\u00f3n de carb\u00f3n se ha reducido en un 38%. Una cat\u00e1strofe para la econom\u00ed<em>a mundial. China concentra cadenas de valor que suponen un 75% del crecimiento del comercio mundial. La producci\u00f3n mundial s\u00f3lo aument\u00f3 un 2,9% en 2019 \u2013el ritmo m\u00e1s lento desde la crisis financiera de 2008-2009-, a tan s\u00f3lo 0,4 puntos del umbral del 2,5%, generalmente asociado a una recesi\u00f3n mundial\u00bb <\/em>(<em>Les Echos<\/em>) <a href=\"#_ftn8\" name=\"_ftnref8\"><sup>[8]<\/sup><\/a><em>.<\/em><\/p>\n<p style=\"text-align: justify;\">Lo que subraya la dependencia del mercado mundial respecto de China. La burocracia china, tras aplastar en sangre la revuelta de Tiananmen en 1989, y reforzar su dictadura sobre las masas, comenz\u00f3 a abrir progresivamente el pa\u00eds al capital extranjero, proporcion\u00e1ndole una mano de obra sumisa y manejable a voluntad. El hundimiento del Kremlin en la URSS dio el toque de alarma a la burocracia china. Necesitaba protegerse de las masas acerc\u00e1ndose al imperialismo. Con el desarrollo de las empresas p\u00fablicas y privadas, China pas\u00f3 a ser el \u00abtaller del mundo\u00bb, seg\u00fan la expresi\u00f3n consagrada.<\/p>\n<p style=\"text-align: justify;\">Pero cuanto m\u00e1s avanzaba el desarrollo de la industria, m\u00e1s se insertaba China en el mercado mundial, y por lo tanto en la divisi\u00f3n internacional del trabajo. As\u00ed pues, pasaba a su vez a ser cada vez m\u00e1s dependiente.<\/p>\n<p style=\"text-align: justify;\">La reorientaci\u00f3n del imperialismo estadounidense, impulsada por Trump a trav\u00e9s de la guerra comercial con China, oblig\u00f3 a la burocracia a cerrar un acuerdo bilateral que cuestiona algunas reglas, normas y tasas (sin que ello permita no obstante a Trump lograr la relocalizaci\u00f3n de industrias norteamericanas hacia Estados Unidos).<\/p>\n<p style=\"text-align: justify;\">La burocracia china est\u00e1 atenazada. Obtiene su posici\u00f3n pol\u00edtica y econ\u00f3mica del monopolio del poder pol\u00edtico en el interior. Desde hace veinte a\u00f1os, ha abierto progresivamente numerosas brechas en la econom\u00eda surgida de la expropiaci\u00f3n del capital en 1949. Pero no ha podido ir hasta el final en ese cuestionamiento que exige el capital internacional, ya que eso amenazar\u00eda su posici\u00f3n de casta privilegiada, una casta cuya naturaleza es fundamentalmente burguesa. Una casta burocr\u00e1tica que, cada vez m\u00e1s abiertamente, ha hecho suyos todos los rasgos caricaturescos de la burgues\u00eda en descomposici\u00f3n. Y, frente a ella, la clase obrera no permanece inerte.<\/p>\n<p style=\"text-align: justify;\">Estos \u00faltimos a\u00f1os se han producido numerosas huelgas en China, a menudo victoriosas, y la movilizaci\u00f3n en Hong Kong ha dado la voz de alarma para una burocracia aterrorizada ante la idea de que esa clase de movilizaci\u00f3n pueda producirse en China continental, movilizando a cientos de millones de trabajadores.<\/p>\n<h4 style=\"text-align: justify;\"><strong>Crisis de la dominaci\u00f3n de clase<\/strong><\/h4>\n<p style=\"text-align: justify;\">Esta crisis no se limita a la burocracia china, golpea al conjunto de los Estados, y mucho antes de la pandemia.\u00a0 Toda la dominaci\u00f3n pol\u00edtica de la burgues\u00eda est\u00e1 en entredicho, en cada pa\u00eds y a escala internacional. Es el producto combinado de la crisis del sistema capitalista y de la resistencia de los trabajadores y los pueblos. El \u00faltimo ejemplo, cronol\u00f3gicamente, son las movilizaciones revolucionarias que surgieron en 2019 pr\u00e1cticamente en todos los continentes, pero tambi\u00e9n la resistencia cotidiana en todo el mundo.<\/p>\n<p style=\"text-align: justify;\">En Estados Unidos, la inaudita elecci\u00f3n de Trump expres\u00f3 la crisis may\u00fascula de la clase dominante estadounidense con una desarticulaci\u00f3n del sistema bipartidista (dem\u00f3cratas-republicanos), ilustrada tambi\u00e9n en el hecho de que Sanders, que se presenta como \u00absocialista\u00bb recogiese 16 millones de votos en las primarias del Partido Dem\u00f3crata.<\/p>\n<p style=\"text-align: justify;\">Esas elecciones han puesto de manifiesto la fractura de la sociedad estadounidense, el rechazo de las \u00ab\u00e9lites\u00bb dem\u00f3cratas y republicanas por ampl\u00edsimos sectores de la sociedad norteamericana, y en particular por los obreros de las zonas industriales devastadas.<\/p>\n<p style=\"text-align: justify;\">Frente a esto, los anuncios de Trump, a menudo ca\u00f3ticos, se inscriben en una perspectiva ilusoria: restablecer la producci\u00f3n en Estados Unidos. Su agresivo \u00ab<em>America First<\/em>\u00bb, que sin embargo nada puede hacer para obligar a los trust estadounidenses a volver a casa, alimenta en cambio des\u00f3rdenes mundiales y agudiza la crisis de sus \u00abaliados\u00bb, cuando \u00e9stos est\u00e1n ya sumidos en una crisis profunda.<\/p>\n<p style=\"text-align: justify;\">No es una crisis pol\u00edtica coyuntural, sino una crisis de los l\u00edmites del capital del Viejo Continente reducido a la m\u00ednima expresi\u00f3n, principalmente a causa de las relaciones entre Estados Unidos y China que dominan la econom\u00eda mundial.<\/p>\n<p style=\"text-align: justify;\">En Alemania, es la crisis de la \u00abgran coalici\u00f3n\u00bb, en Francia, la de Macron frente a la movilizaci\u00f3n de los Chalecos Amarillos y despu\u00e9s el movimiento de la clase obrera contra la \u00abreforma\u00bb de las pensiones. Esos dos \u00abpilares\u00bb de la Uni\u00f3n Europea est\u00e1n en crisis. Por no hablar de la lenta descomposici\u00f3n de la potencia imperialista que es Gran Breta\u00f1a con el Brexit. Pero tambi\u00e9n Italia, Espa\u00f1a, etc.<\/p>\n<p style=\"text-align: justify;\">Esta crisis de los Estados golpea tambi\u00e9n de muerte a las instituciones de la Uni\u00f3n Europea. Todas las formas institucionales son rechazadas, en particular los partidos que se han repartido el poder para aplicar las mismas pol\u00edticas. Ilustrativas son las \u00faltimas elecciones en Gran Breta\u00f1a, en Alemania y en Francia, que han visto hundirse, casi desaparecer, a los partidos de la socialdemocracia. Pero todos los partidos est\u00e1n tocados por ese rechazo.<\/p>\n<p style=\"text-align: justify;\">Ese \u00ab<em>degagisme<\/em>\u00bb<a href=\"#_ftn9\" name=\"_ftnref9\"><sup>[9]<\/sup><\/a> expresa el rechazo de los viejos partidos, en otro tiempo partidos obreros, que han traicionado a las masas para defender el sistema capitalista.<\/p>\n<p style=\"text-align: justify;\">En los pa\u00edses de \u00c1frica, de Asia, de Am\u00e9rica Latina, los gobiernos establecidos est\u00e1n sometidos a las exigencias del imperialismo. Y si no se pliegan a ellas por completo, como Venezuela e Ir\u00e1n, se ven sometidos a sanciones y embargos \u2013a\u00fan mantenidos- que agravan la situaci\u00f3n en esos pa\u00edses frente a la pandemia. \u00a1Un nuevo crimen del imperialismo!<\/p>\n<p style=\"text-align: justify;\">En esta situaci\u00f3n surgi\u00f3, el a\u00f1o pasado, una ola revolucionaria a escala internacional, que se expres\u00f3 con particular fuerza en Chile, en Hong Kong, en Argelia, en L\u00edbano y en Iraq. Se trata de una verdadera revuelta de los pueblos por su supervivencia. Surgida de una reivindicaci\u00f3n a menudo menor (como el precio del billete de metro en Santiago), la movilizaci\u00f3n ha puesto en marcha a decenas de millones de hombres que, en diferentes continentes, en diferentes lenguas, defienden id\u00e9ntica consigna: \u00ab\u00a1Fuera! \u00a1Fuera todos!\u00bb (<em>v\u00e9ase art\u00edculo sobre Oriente Medio en p\u00e1gina 29<\/em>).<\/p>\n<p style=\"text-align: justify;\">\u00a0De modo que lo que est\u00e1 planteado es la cuesti\u00f3n del poder. Cualquiera que sea la consciencia que de ello tengan, las masas, al levantarse para sobrevivir, se levantan contra los reg\u00edmenes y el capitalismo que las destruyen.<\/p>\n<p style=\"text-align: justify;\">En Argelia, el rechazo del 5\u00ba mandato del presidente Buteflika se ha transformado en una exigencia de acabar con el r\u00e9gimen. Y en un pa\u00eds como Argelia, esta reivindicaci\u00f3n democr\u00e1tica est\u00e1 cargada de un contenido econ\u00f3mico y social: \u00abEn 1962 liberamos la tierra, ahora vamos a liberar al pueblo\u00bb.<\/p>\n<p style=\"text-align: justify;\">En efecto, la revoluci\u00f3n argelina que ech\u00f3 al colonialismo franc\u00e9s fue confiscada por una peque\u00f1a casta peque\u00f1oburguesa que instituy\u00f3 el monopolio del poder pol\u00edtico en sus manos. Forzada por el car\u00e1cter mismo del pa\u00eds, y por la salida de los colonos, a nacionalizar buena parte de su econom\u00eda, esta casta no la ha gestionado en beneficio del pueblo, sino de sus intereses propios, generando una capa parasitaria de oligarcas que saquean el pa\u00eds.<\/p>\n<p style=\"text-align: justify;\">Esta capa dirigente ha sometido al pa\u00eds a las reglas y exigencias del mercado mundial en detrimento de la poblaci\u00f3n trabajadora, arrojada a la precariedad y la miseria.<\/p>\n<p style=\"text-align: justify;\">As\u00ed pues, es natural que la movilizaci\u00f3n revolucionaria de las masas argelinas lleve impl\u00edcitas las reivindicaciones democr\u00e1ticas, econ\u00f3micas y sociales. A este respecto, es significativa la movilizaci\u00f3n espont\u00e1nea de las masas con la consigna \u00ab\u00a1El petr\u00f3leo es argelino!\u00bb provocada por el anuncio de un plan de privatizaci\u00f3n parcial de los hidrocarburos.<\/p>\n<p style=\"text-align: justify;\">Ya que en los pa\u00edses dominados, oprimidos por el imperialismo que quiere dictar su ley, la defensa de la soberan\u00eda nacional exige la soberan\u00eda del pueblo sobre la econom\u00eda y la ruptura de los v\u00ednculos de subordinaci\u00f3n al mercado mundial, dominado por el capital.<\/p>\n<p style=\"text-align: justify;\">\u00a0En este sentido, cualquiera que sea el actual desarrollo a causa de la pandemia, el proceso revolucionario en Argelia, planteando la cuesti\u00f3n del poder y de la soberan\u00eda, tiene un alcance mundial.<\/p>\n<p style=\"text-align: justify;\">En Chile, a partir de su reivindicaci\u00f3n inicial (el precio del billete), la movilizaci\u00f3n ha desembocado en el cuestionamiento del r\u00e9gimen, en particular a trav\u00e9s de la cuesti\u00f3n de los fondos de pensiones privados, herencia de la dictadura de Pinochet (<em>l\u00e9ase art\u00edculo sobre Chile en p\u00e1gina 17<\/em>).<\/p>\n<p style=\"text-align: justify;\">Todos los reg\u00edmenes, los de los pa\u00edses imperialistas y los de los pa\u00edses dominados, est\u00e1n dispuestos a todo para preservar el orden establecido. Por un lado, desbloquean miles de millones para los patronos y, por otro, exigen a los trabajadores y a sus organizaciones que participen \u00absolidariamente\u00bb en el esfuerzo nacional.<\/p>\n<p style=\"text-align: justify;\">Muy recientemente, esos reg\u00edmenes desencadenaban la represi\u00f3n feroz en Iraq y en Chile, igual que en Argelia y en Francia. Hemos asistido tambi\u00e9n al fortalecimiento de los mecanismos coercitivos de clase y a nuevas leyes liberticidas, subrayando as\u00ed la verdadera naturaleza de los Estados burgueses.<\/p>\n<p style=\"text-align: justify;\">Y ahora, utilizando la pandemia que es un peligro verdadero, apelan a la \u00abuni\u00f3n sagrada\u00bb. En nombre de la lucha contra el virus, deber\u00eda cesar toda oposici\u00f3n de clase, toda reivindicaci\u00f3n. Esos gobiernos intentan, no sin \u00e9xito, asociar a los partidos de \u00aboposici\u00f3n\u00bb y, sobre todo, a las organizaciones sindicales.<\/p>\n<p style=\"text-align: justify;\">En algunos pa\u00edses de Europa se han cerrado \u00abacuerdos\u00bb contrarios a la vocaci\u00f3n de las organizaciones sindicales. Desde este punto de vista, el elemento m\u00e1s avanzado se da en Portugal, donde el Parlamento -\u00abizquierda\u00bb y derecha aunadas- acaba de votar como tal la prohibici\u00f3n del derecho de huelga, en el marco de las medidas adoptadas \u00abpara luchar contra la pandemia\u00bb.<\/p>\n<p style=\"text-align: justify;\">Pero, pese a las dificil\u00edsimas condiciones ligadas a las circunstancias de la pandemia, los trabajadores obligados a acudir al trabajo a pesar de los confinamientos decretados, intentan defenderse. En Francia, en Espa\u00f1a, en Italia (donde las federaciones metal\u00fargicas de Lombard\u00eda han llamado a una huelga general si no se re\u00fanen las condiciones de seguridad), en Brasil y en Chile (con un llamamiento de la plataforma Unidad Social a la huelga general contra la situaci\u00f3n impuesta a los trabajadores), se desarrollan movimientos de trabajadores con sus organizaciones sindicales en diferentes sectores, apelando al derecho de retirada, a la huelga para exigir que se respeten las condiciones de seguridad sanitaria. Incluso en condiciones dif\u00edciles, a pesar de la propaganda de la \u00abuni\u00f3n sagrada\u00bb, la divisi\u00f3n de la sociedad en clases no ha desaparecido y la lucha de clases tampoco.<\/p>\n<h4 style=\"text-align: justify;\"><strong>Un acta de acusaci\u00f3n<\/strong><\/h4>\n<p style=\"text-align: justify;\">Y por una buena raz\u00f3n: no ha desaparecido, puesto que cualquiera puede ver la responsabilidad de los reg\u00edmenes y gobiernos en la situaci\u00f3n actual.<\/p>\n<p style=\"text-align: justify;\">La pandemia es una realidad. Pero otra realidad es la incapacidad de afrontarla por las pol\u00edticas implementadas durante decenios en nombre de los \u00abnecesarios ahorros\u00bb.<\/p>\n<p style=\"text-align: justify;\">En Europa, la pol\u00edtica de austeridad impuesta por los diferentes gobiernos de la Uni\u00f3n Europea (UE) en nombre de la regla del 3% de la deuda p\u00fablica respecto del Producto Interior Bruto (PIB) ha acarreado una verdadera destrucci\u00f3n de los servicios sanitarios, provocando hoy la cat\u00e1strofe sanitaria. Los hospitales italianos explotan: se selecciona a los enfermos, \u00abeligiendo\u00bb los que pueden vivir y los que deben morir. La situaci\u00f3n de los sanitarios es tal que ha habido que traer, para ayudarlos, 50 m\u00e9dicos de China, 60 m\u00e9dicos de Cuba y 200 de Rusia, \u00a1pero ninguna \u00abayuda\u00bb de la UE! Italia, en ese sentido, no es m\u00e1s que una expresi\u00f3n avanzada de una situaci\u00f3n general.<\/p>\n<p style=\"text-align: justify;\">El ejemplo de Francia es significativo. Anta\u00f1o ponderada por la calidad de sus sistema sanitario, \u00e9ste se encuentra hoy incapacitado para afrontar la epidemia. Desde hace un a\u00f1o, el personal hospitalario se ha movilizado, ha ido a la huelga, para denunciar la alarmante situaci\u00f3n en los hospitales. En diez a\u00f1os, \u00a1se han cerrado 17 500 camas en nombre de la rentabilidad! Ni contrataciones ni reposiciones de los que se jubilan, faltan decenas de miles de sanitarios. En situaci\u00f3n normal, el hospital estaba ya al borde de la ruptura, con la epidemia, llega la explosi\u00f3n.<\/p>\n<p style=\"text-align: justify;\">A esas dif\u00edciles condiciones para el personal sanitario se a\u00f1ade el esc\u00e1ndalo de la penuria de material de protecci\u00f3n, en particular mascarillas. Hace diez a\u00f1os, las reservas del Estado contaban con 1 000 millones de mascarillas quir\u00fargicas y 600 millones de mascarillas de tipo FFP2. Hoy quedan 80 millones, cuando s\u00f3lo el personal hospitalario necesita millones cada semana.<\/p>\n<p style=\"text-align: justify;\">Pero las reservas resultan caras. El 27 de julio de 2011, una nota de la Direcci\u00f3n General de Sanidad preconizaba \u00abno renovar una parte de las mascarillas\u00bb. Sin embargo, el Alto Consejo de Sanidad, en esa \u00e9poca, ped\u00eda el mantenimiento de las mascarillas FFP2 \u00abcomo m\u00ednimo para todo el personal expuesto a un elevado riesgo, considerando el persistente riesgo de pandemia\u00bb.<\/p>\n<p style=\"text-align: justify;\">Un nuevo arbitraje en 2013 no es favorable a mantener las reservas de mascarillas FFP2, consideradas \u00abdemasiado costosas\u00bb. As\u00ed pues, se liquidaron las reservas para \u00abahorrar\u00bb. Hoy, la poblaci\u00f3n paga el precio y, en lugar de practicar una detecci\u00f3n sistem\u00e1tica, el gobierno confina a la poblaci\u00f3n.<\/p>\n<p style=\"text-align: justify;\">El gobierno franc\u00e9s pretende que no es necesario realizar esa detecci\u00f3n durante la pandemia y por lo tanto s\u00f3lo hace 4 000 detecciones al d\u00eda, mientras que Alemania hace 12 000 y Corea del Sur 20 000. Acorralado, el ministro de Sanidad ha tenido que reconocer que no pod\u00eda hacer m\u00e1s a falta de suficientes kits, que se fabrican en el extranjero, principalmente en China.\u00a0 \u00bfQui\u00e9n organiza, pues, este caos, sino ellos que son vasallos del capital? Lo mismo sucede con el insuficiente n\u00famero de respiradores. Es la ley del capital que golpea los sistemas sanitarios.<\/p>\n<p style=\"text-align: justify;\">En Estados Unidos, donde los hospitales son privados en su mayor\u00eda, el sistema de seguros privados impide el acceso a la atenci\u00f3n sanitaria a millones de norteamericanos. En el pa\u00eds m\u00e1s rico del mundo, 320 millones de estadounidenses tienen unos seguros sanitarios muy variados, con unos precios y prestaciones igualmente muy variados. 50 millones de personas tienen seguros muy deficientes, y\u00a0\u00a0 28 millones carecen por completo de ellos. Es\u00a0 \u00abel caso de esta americana, <em>Danni Askini, que ha padecido la Covid-19 y felizmente lo ha superado. No teniendo ninguna cobertura sanitaria, ha recibido una factura de 34 000 d\u00f3lares por su tratamiento y los test\u00bb <\/em>(<em>Huffpost<\/em>, 20 de marzo).<\/p>\n<p style=\"text-align: justify;\">Adem\u00e1s, en un pa\u00eds donde los convenios colectivos \u2013cuando los hay- se aplican empresa a empresa, el 25% de los asalariados no tienen derecho a permisos por enfermedad. Llegan incluso al 42% en el sector servicios, en particular en la restauraci\u00f3n, y al 33% en la industria. Y, evidentemente, la poblaci\u00f3n m\u00e1s golpeada es la de los pobres, los negros y los latinos.<\/p>\n<p style=\"text-align: justify;\">En Europa, dependiendo de los pa\u00edses, hay entre 3 y 7 m\u00e9dicos por cada 100 000 habitantes, seg\u00fan un estudio de la OMS. 0,8 en India y Sud\u00e1frica, y ninguno en muchos pa\u00edses africanos. Siendo el m\u00ednimo estricto seg\u00fan la Organizaci\u00f3n Mundial de la Salud (OMS) 20 m\u00e9dicos por 100 000 habitantes, es decir, un m\u00e9dico para 5 000 personas, lo que tampoco es mucho.\u00a0 En \u00c1frica subsahariana, el n\u00famero de m\u00e9dicos por 100 000 habitantes \u00a1es entre 3 y 5! La mitad de las mujeres que mueren cada a\u00f1o en el mundo por complicaciones en un embarazo o un parto son africanas.<\/p>\n<p style=\"text-align: justify;\">En Zimbabue, siempre seg\u00fan la OMS, el hospital de la capital dispone de 300 camas, 3 de ellas de reanimaci\u00f3n, todas ocupadas ya.<\/p>\n<p style=\"text-align: justify;\">Afganist\u00e1n dispone en total de 30 respiradores para 42 millones de habitantes. El paludismo, enfermedad curable, mata cada a\u00f1o a medio mill\u00f3n de personas, en su mayor\u00eda en \u00c1frica. En 2004, a prop\u00f3sito de la cumbre de Kioto sobre el clima, Richard Trente, director de la asociaci\u00f3n <em>Africa Fighting Malaria<\/em>, declaraba:<\/p>\n<p style=\"text-align: justify;\">\u00abMueren porque son demasiado pobres para disponer de medicamentos. Mueren porque los gobiernos de los pa\u00edses ricos no quieren financiar medidas que salvar\u00edan vidas, como pulverizar con insecticida las casas, porque esos gestos no son conformes a la idea que se hacen de la \u201csostenibilidad medioambiental\u201d. El paludismo es una enfermedad compleja, pero el mejor remedio para los habitantes de las zonas infectadas es escapar a la pobreza. El tratado sobre el calentamiento global y el protocolo de Kioto no les ser\u00e1n de ninguna ayuda.\u00bb<\/p>\n<p style=\"text-align: justify;\">Frente a esta pandemia de la Covid-19, \u00ab3.000 millones de seres humanos carecen incluso de las herramientas b\u00e1sicas para protegerse, agua corriente y jab\u00f3n\u00bb, advierte un informe de expertos de Unicef. \u00abMientras que el virus avanza hacia los pa\u00edses con bajos recursos, nos preocupa mucho el impacto que podr\u00eda tener en poblaciones donde el \u00edndice de prevalencia del VIH es importante, o en ni\u00f1os mal nutridos\u00bb, alerta la direcci\u00f3n de la OMS. \u00a1Esas poblaciones mueren y van a morir de pobreza! Mueren de imperialismo.<\/p>\n<h4 style=\"text-align: justify;\"><strong>El capital es responsable<\/strong><\/h4>\n<p style=\"text-align: justify;\">Las cifras que presentamos a continuaci\u00f3n son cifras oficiales de la OMS, de la ONU, de la Unesco, de la Organizaci\u00f3n Internacional del Trabajo (OIT), etc.<\/p>\n<div style=\"background-color: #f5f5f5; margin-top: 15px; margin-bottom: 15px; padding: 15px;\">\n<ul>\n<li style=\"list-style-type: none;\">\n<ul>\n<li>Seis millones de seres humanos mueren de rubeola cada a\u00f1o. Enfermedad para la que existe vacuna y tratamiento.1,5 millones de muertos por tuberculosis (enfermedad que se cura).<\/li>\n<li>435.000 muertes por paludismo, principalmente ni\u00f1os. Cada dos minutos, muere un ni\u00f1o por paludismo (enfermedad que se cura).<\/li>\n<li>Mortalidad infantil: 9 millones.<\/li>\n<li>821 millones de seres humanos padecen hambre. 10 millones de ellos mueren cada a\u00f1o.<\/li>\n<li>Hay 200 millones de parados en el mundo.<\/li>\n<li>2 000 millones de personas trabajan en el sector informal y precario, es decir, el 60% de la poblaci\u00f3n activa del mundo.<\/li>\n<li>Hay 270 millones de accidentes laborales cada a\u00f1o, en los que mueren 3 millones.<\/li>\n<li>Las guerras activas que han causado m\u00e1s de 100.000 muertos. Afganist\u00e1n desde 2015: 100.000. Siria: 380.000. Sud\u00e1n: 25. 000. Yemen: 100 000. 2.000 multimillonarios a escala mundial detentan dos tercios de la riqueza de la humanidad.<\/li>\n<li>En Francia, el 10% m\u00e1s rico posee el 50% de la riqueza del pa\u00eds.<\/li>\n<li>Bernard Arnault, el P-DG del grupo LVMH, posee 92.000 millones de euros, lo que lo convierte en la primera fortuna de Francia y de Europa y la segunda mundial.<\/li>\n<li>La cifra de negocios de las grandes industrias militares asciende a 420.000 millones de euros.<\/li>\n<li>Los diez mayores trust farmac\u00e9uticos tienen una cifra de negocios de 323.000 millones de euros y han pagado a sus accionistas 60.000 millones en 2019.<\/li>\n<\/ul>\n<\/li>\n<\/ul>\n<\/div>\n<p style=\"text-align: justify;\">Este cuadro es un acta de acusaci\u00f3n del sistema capitalista. En un un lado, los muertos por enfermedad, guerra, hambre, accidentes laborales; en el otro, 2 000 multimillonarios que detentan dos tercios de la riqueza de la humanidad. La minor\u00eda capitalista frente a la mayor\u00eda explotada y oprimida, dos clases con intereses antag\u00f3nicos.<\/p>\n<p style=\"text-align: justify;\">Subrayemos: el capital s\u00f3lo est\u00e1 determinado por sus propios intereses.<\/p>\n<p style=\"text-align: justify;\">\u00ab<em>El verdadero l\u00edmite de la producci\u00f3n capitalista es el mismo capital, es el hecho de que, en ella, son el capital y du propia valorizaci\u00f3n lo que constituye el punto de partida y la meta, el motivo y el fin de la producci\u00f3n; el hecho de que aqu\u00ed la producci\u00f3n s\u00f3lo es producci\u00f3n para el capital y no a la inversa <\/em>\u00bb (Marx, <em>El Capital<\/em>)<a href=\"#_ftn10\" name=\"_ftnref10\"><sup>[10]<\/sup><\/a>.<\/p>\n<p style=\"text-align: justify;\">As\u00ed pues, el capital no s\u00f3lo es incapaz de responder a las necesidades sociales y sanitarias de la humanidad, sino que muy al contrario es \u00e9l mismo el que, para preservarse la arroja a la barbarie. Desarrolla la producci\u00f3n por sus propios intereses, el beneficio y la valorizaci\u00f3n de los capitales, y no para el desarrollo de la humanidad, a la que destruye.<\/p>\n<p style=\"text-align: justify;\">\u00abLas fuerzas productivas engendradas por el modo de producci\u00f3n capitalista <em>y el sistema de distribuci\u00f3n de los bienes originado por esta forma de producci\u00f3n, han entrado flagrante contradicci\u00f3n con esta forma de producci\u00f3n, a tal punto, que es preciso se produzca una revoluci\u00f3n en la forma de producci\u00f3n y distribuci\u00f3n; revoluci\u00f3n que suprimir\u00e1 todas las distinciones de clase, si no se quiere que perezca la sociedad moderna entera<\/em>\u00bb (F. Engels, <em>Anti-D\u00fchring<\/em>)<a href=\"#_ftn11\" name=\"_ftnref11\"><sup>[11]<\/sup><\/a>.<\/p>\n<p style=\"text-align: justify;\">La alternativa que plantea Engels es la que formular\u00e1, en la \u00e9poca del imperialismo, es decir, de la agon\u00eda del capital, Rosa Luxemburgo: \u00absocialismo o barbarie\u00bb.<\/p>\n<p style=\"text-align: justify;\">Llegado a esta fase, el capital ya no es capaz siquiera de desarrollar las fuerzas productivas. Marx y Engels apuntaban ya lo que no era m\u00e1s que una tendencia:<\/p>\n<p style=\"text-align: justify;\">\u00ab<em>Se llega a una fase en la que surgen fuerzas productivas y medios de intercambio que, bajo las relaciones existentes, s\u00f3lo pueden ser fuente males, que no son ya tales fuerzas de producci\u00f3n, sino m\u00e1s bien fuerzas de destrucci\u00f3n<\/em>\u00bb (Marx-Engels, <em>La ideolog\u00eda alemana<\/em>)<a href=\"#_ftn12\" name=\"_ftnref12\"><sup>[12]<\/sup><\/a>.<\/p>\n<p style=\"text-align: justify;\">Lo que s\u00f3lo era una tendencia en la \u00e9poca de Marx es hoy la realidad dominante. Las fuerzas productivas est\u00e1n infectadas por el parasitismo y la putrefacci\u00f3n del modo de producci\u00f3n capitalista en su fase imperialista. Se niegan ellas mismas y se transforman en fuerzas destructivas.<\/p>\n<p style=\"text-align: justify;\">La \u00e9poca del imperialismo es la de la reacci\u00f3n en toda l\u00ednea: el militarismo y las guerras, el parasitismo y la especulaci\u00f3n, la descualificaci\u00f3n, la hambruna y las enfermedades, el despilfarro de los recursos y los peligros para el medio ambiente. Manifestaciones todas de esas fuerzas destructivas (<em>v\u00e9anse los art\u00edculos sobre las guerras p\u00e1gina 55<\/em> <em>y sobre el medioambiente p\u00e1gina<\/em> <em>45<\/em>).<\/p>\n<p style=\"text-align: justify;\">El capital, para preservar sus capacidades de acumulaci\u00f3n, debe emprender\u00a0 una ofensiva destructiva a fin de acrecentar su presi\u00f3n sobre las condiciones de explotaci\u00f3n en todos los continentes. C\u00f3digos laborales, escuelas, protecci\u00f3n social, servicios p\u00fablicos deben ser pasto de su voracidad.<\/p>\n<p style=\"text-align: justify;\">El imperialismo, es decir, la fase suprema del capitalismo, ve bloqueados las fuerzas productivas y el progreso por las relaciones de producci\u00f3n capitalistas, provocando as\u00ed cat\u00e1strofes.<\/p>\n<p style=\"text-align: justify;\">Es lo que demuestra una vez m\u00e1s la crisis de la pandemia actual.<\/p>\n<p style=\"text-align: justify;\">Contrariamente a las \u00abtesis\u00bb de \u00abeconomistas\u00bb y otros \u00abexpertos\u00bb:<\/p>\n<p style=\"text-align: justify;\">\u00abNo <em>es que se produzcan demasiados medios de subsistencia en proporci\u00f3n a la poblaci\u00f3n existente. Al rev\u00e9s. Lo que realmente ocurre es que se producen pocos para sostener decorosa y humanamente a la poblaci\u00f3n. No es que se produzcan demasiados medios de producci\u00f3n para dar ocupaci\u00f3n a la parte de la poblaci\u00f3n capaz de trabajar. Al rev\u00e9s. En primer lugar, se produce una parte excesivamente grande de poblaci\u00f3n que en realidad no se halla en condiciones de trabajar y que tiene que vivir de explotar el trabajo de otros o de trabajos que s\u00f3lo pueden considerarse como tales dentro de un m\u00edsero sistema de producci\u00f3n. En segundo lugar, no se producen bastantes medios de producci\u00f3n para que toda la poblaci\u00f3n capaz de trabajar trabaje en las condiciones m\u00e1s productivas, es decir, para que su tiempo absoluto de trabajo se acorte por la masa y la efectividad del capital constante que durante ese tiempo de trabajo emplea<\/em>\u00bb (Marx, <em>El Capital<\/em>)<a href=\"#_ftn13\" name=\"_ftnref13\"><sup>[13]<\/sup><\/a>.<\/p>\n<p style=\"text-align: justify;\">Los pueblos se han levantado en todo el mundo contra esta marcha hacia la barbarie.<\/p>\n<p style=\"text-align: justify;\">De Argelia a Chile pasando por L\u00edbano e Iraq, una misma consigna: \u00ab\u00a1Fuera, fuera todos!\u00bb, \u00abPoder al <em>pueblo\u00bb<\/em>.\u00a0 A partir de ah\u00ed, la cuesti\u00f3n que plantea el proceso revolucionario est\u00e1 ligada a la del poder pol\u00edtico de los trabajadores y los pueblos contra el poder burgu\u00e9s de los viejos reg\u00edmenes.<\/p>\n<p style=\"text-align: justify;\">En las condiciones actuales, con la pandemia, esos procesos no pueden continuar de la misma forma, pero permanecen y van a seguir abriendo su camino. Aliment\u00e1ndose de la indignaci\u00f3n ante la incapacidad de los reg\u00edmenes para tratar la crisis sanitaria, resurgir\u00e1n con fuerza renovada.<\/p>\n<p style=\"text-align: justify;\">M\u00e1s que nunca, debemos entender plenamente lo que dec\u00eda Lenin:<\/p>\n<p style=\"text-align: justify;\">\u00abEl capitalismo, <em>en su fase imperialista, conduce de lleno a la socializaci\u00f3n de la producci\u00f3n en sus m\u00e1s variados aspectos; arrastra, por decirlo as\u00ed, a los capitalistas, en contra de su voluntad y consciencia, a un cierto nuevo r\u00e9gimen social, de transici\u00f3n entre la absoluta libertad de competencia y la socializaci\u00f3n completa. La producci\u00f3n pasa a ser social, pero la apropiaci\u00f3n contin\u00faa siendo privada. Los medios sociales de producci\u00f3n siguen siendo propiedad privada de un reducido n\u00famero de individuos. Se conserva el marco general de la libre competencia\u00a0 formalmente reconocida, y el yugo de unos cuantos monopolistas sobre el resto de la poblaci\u00f3n se hace cien veces m\u00e1s duro, m\u00e1s sensible, m\u00e1s insoportable\u00bb<\/em> (Lenin, <em>El imperialismo, fase suprema del capitalismo<\/em>)<a href=\"#_ftn14\" name=\"_ftnref14\"><sup>[14]<\/sup><\/a>.<\/p>\n<p style=\"text-align: justify;\">El capital ha llegado a su fin, impulsa de manera inconsciente hacia la socializaci\u00f3n, pero se opone ferozmente a ella de manera consciente. La contradicci\u00f3n entre las fuerzas productivas y las relaciones capitalistas exige que se edifique un nuevo orden social sobre la base de la expropiaci\u00f3n del capital.<\/p>\n<h4 style=\"text-align: justify;\"><strong>\u00abCrear organizaciones conformes a la situaci\u00f3n\u00bb<\/strong><\/h4>\n<p style=\"text-align: justify;\">Pero el capital no caer\u00e1 por s\u00ed mismo. Lo har\u00e1 la acci\u00f3n revolucionaria de las masas. La IV Internacional est\u00e1 claramente alineada en la ayuda a la acci\u00f3n revolucionaria de las masas, Ya que \u00abla tarea estrat\u00e9gica de la IV Internacional no consiste en reformar el capitalismo, sino en acabar con \u00e9l\u00bb (programa de fundaci\u00f3n de la IV Internacional).<\/p>\n<p style=\"text-align: justify;\">Como dec\u00eda Lenin, \u00abla teor\u00eda no es un dogma, sino una gu\u00eda para la acci\u00f3n\u00bb. Por ello, para la IV Internacional, el an\u00e1lisis de la barbarie capitalista lleva a buscar las formas de organizaci\u00f3n necesarias para este combate de expropiaci\u00f3n del capital.<\/p>\n<p style=\"text-align: justify;\">La situaci\u00f3n que vivimos actualmente es in\u00e9dita. No encontraremos respuestas ni en el dogma ni en el sectarismo. Como escrib\u00eda Pierre Lambert<a href=\"#_ftn15\" name=\"_ftnref15\"><sup>[15]<\/sup><\/a>:<\/p>\n<p style=\"text-align: justify;\"><em>\u00abY para cumplir las tareas revolucionarias, no hay soluci\u00f3n acabada.<\/em> El marxismo es el m\u00e9todo cient\u00edfico de construcci\u00f3n organizada del instrumento indispensable para ayudar a las masas a actuar ellas mismas por su emancipaci\u00f3n. Pero la soluci\u00f3n no figura en ning\u00fan libro. Partimos de la IV Internacional<em>. Establecemos con ayuda del programa que no hay otra salida a la crisis de la humanidad que el socialismo garantizado por la abolici\u00f3n de la propiedad privada de los grandes medios de producci\u00f3n y la democracia obrera (\u2026). La vida y no las palabras, zanjar\u00e1 las discusiones y divergencias. Es absolutamente inevitable que se desarrolle la mayor diversidad de opiniones pol\u00edticas, ya que la marcha hacia la revoluci\u00f3n mundial, que abarca a cientos de millones de hombres en todos los continentes, har\u00e1 aflorar a la superficie en todas partes, en todos los pa\u00edses, en todas las organizaciones, las escorias producto de la descomposici\u00f3n del sistema del imperialismo y de la burocracia, y los elementos m\u00e1s avanzados en busca de soluciones progresivas. Todo se entremezclar\u00e1. La selecci\u00f3n se efectuar\u00e1 por doquier\u00bb <\/em>(prefacio al <em>Programa de transici\u00f3n<\/em>).<\/p>\n<p style=\"text-align: justify;\">As\u00ed, sobre la base del marxismo, la IV Internacional quiere contribuir a la construcci\u00f3n del partido revolucionario indispensable para ayudar a las masas a emanciparse por ellas mismas.<\/p>\n<p style=\"text-align: justify;\">Lenin planteaba as\u00ed la cuesti\u00f3n:<\/p>\n<p style=\"text-align: justify;\">\u00ab\u00bfDurara\u0301 mucho esta situaci\u00f3n? \u00bfHasta que\u0301 extremos ha de agravarse a\u00fa<em>n? \u00bfDesembocara\u0301 en una revoluci\u00f3n? No lo sabemos, ni nadie puede saberlo. La respuesta s\u00f3lo nos la dar\u00e1 la experiencia del desarrollo del estado de \u00e1nimo revolucionario de la clase avanzada, del proletariado, y de su paso a acciones revolucionarias. Aqu\u00ed no cabe hablar de \u201cilusiones\u201d en general ni de su refutaci\u00f3n, pues ning\u00fan socialista, nunca ni en parte alguna, ha garantizado que hayan de ser precisamente la guerra actual (y no la siguiente) y la situaci\u00f3n revolucionaria actual (y no la de ma\u00f1ana) las que originen la revoluci\u00f3n. De lo que se trata aqu\u00ed es del deber m\u00e1s indiscutible y m\u00e1s esencial de todos los socialistas: el de revelar a las masas la existencia de una situaci\u00f3n revolucionaria, de explicar su amplitud y su profundidad, de despertar la conciencia revolucionaria y la decisi\u00f3n revolucionaria del proletariado, de ayudarle a pasar a las acciones revolucionarias y a crear organizaciones que correspondan a la situaci\u00f3n revolucionaria y sirvan para trabajar en ese sentido. <\/em><\/p>\n<p style=\"text-align: justify;\"><em>Ni un solo socialista influyente y responsable se ha atrevido jam\u00e1s a poner en duda que \u00e9se es precisamente el deber de los partidos socialistas. Por eso el Manifiesto de Basilea, que no ha difundido ni alimentado la menor \u201cilusi\u00f3n\u201d, al referirse precisamente a este deber de los socialistas, dice: agitar, \u201csacudir\u201d al pueblo (y no adormecerlo con el chovinismo, como hacen Plej<\/em>\u00e1<em>nov, Axelrod, Kautsky), \u201caprovechar\u201d la crisis para \u201cacelerar\u201d la bancarrota del capitalismo, inspirarse en los ejemplos de 1871 de la Comuna y de octubre-diciembre de 1905 . El incumplimiento de este deber suyo por los partidos actuales es lo que constituye precisamente su traici\u00f3n, su muerte pol\u00edtica, el abandono del papel que les incumbe, su paso al lado de la burgues\u00eda<\/em>\u00bb (Lenin, La quiebra de la II Internacional)<a href=\"#_ftn16\" name=\"_ftnref16\"><sup>[16]<\/sup><\/a><sup>.<\/sup><\/p>\n<p style=\"text-align: justify;\">Tal es el punto de vista de la IV Internacional, que rechaza toda \u00abuni\u00f3n sagrada\u00bb con los explotadores y sus servidores, responsables de la barbarie. Se mantiene al lado de las masas para salvar a la humanidad de la barbarie mediante la expropiaci\u00f3n del capital. Por ello, en las nuevas condiciones internacionales y en el seno de la clase obrera, busca \u00abcrear las organizaciones conformes a la situaci\u00f3n\u00bb.<\/p>\n<p style=\"text-align: justify;\">En estos per\u00edodos dif\u00edciles para la poblaci\u00f3n trabajadora del mundo entero, es \u00fatil recordar lo que afirmaba Le\u00f3n Trotsky en 1939, cuando se aproximaba la guerra y proliferaban los llamamientos a la uni\u00f3n sagrada:<\/p>\n<p style=\"text-align: justify;\">\u00ab<em>En consecuencia, para salvar a la sociedad no es necesario detener el desarrollo de la t\u00e9cnica, cerrar las fabricas, conceder premios a los agricultores para que saboteen la agricultura, depauperizar a un tercio de los trabajadores ni llamar a los man\u00edacos para que hagan de dictadores. Ninguna de estas medidas, que constituyen una burla horrible para los intereses de la sociedad, es necesaria. Lo que es indispensable y urgente es separar los medios de producci\u00f3n de sus actuales propietarios par\u00e1sitos y organizar la sociedad de acuerdo con un plan racional. Entonces ser\u00e1<\/em> realmente posible por primera vez curar a la sociedad de sus males. Todos los que sean capaces de trabajar deben encontrar un empleo. La jornada de trabajo debe disminuir gradualmente. Las necesidades <em>de todos los miembros de la sociedad deben asegurar una satisfacci\u00f3n creciente. Las palabras \u201cpobreza, \u201ccrisis\u201d,<\/em> <em>\u201cexplotaci\u00f3n\u201d, deben ser<\/em> <em>arrojadas de la circulaci\u00f3n. La humanidad podr\u00e1\u201d<\/em> cruzar finalmente el umbral de la verdadera humanidad\u00bb.<\/p>\n<p style=\"text-align: justify;\">Y m\u00e1s adelante:<\/p>\n<p style=\"text-align: justify;\">\u00ab<em>Marx previo\u0301 que la socializaci\u00f3n de los medios de producci\u00f3n seria la \u00fanica soluci\u00f3n del colapso econ\u00f3mico en el que debe culminar, inevitablemente, el desarrollo del capitalismo, colapso que tenemos ante nuestros ojos. Las fuerzas productivas necesitan un nuevo organizador y un nuevo amo, y dado que la existencia determina la conciencia, Marx no dudo\u0301 de que la clase trabajadora, a costa de errores y derrotas, llegar\u00eda a comprender la verdadera situaci\u00f3n y, m\u00e1s pronto o m\u00e1s tarde, extraer\u00eda las necesarias conclusiones pr\u00e1cticas\u00bb <\/em>(Le\u00f3n Trotsky, <em>El pensamiento vivo de Karl Marx<\/em>)<a href=\"#_ftn17\" name=\"_ftnref17\"><sup>[17]<\/sup><\/a>.<\/p>\n<p style=\"text-align: justify;\">Por ello hay que erradicar el virus mortal que para la humanidad es el capitalismo.<\/p>\n<p style=\"text-align: right;\">\u00a0\u00a0\u00a0\u00a0\u00a0\u00a0\u00a0\u00a0\u00a0\u00a0\u00a0\u00a0\u00a0\u00a0\u00a0\u00a0\u00a0\u00a0\u00a0\u00a0\u00a0\u00a0\u00a0\u00a0\u00a0\u00a0\u00a0\u00a0\u00a0\u00a0\u00a0\u00a0\u00a0\u00a0\u00a0\u00a0\u00a0\u00a0\u00a0\u00a0\u00a0\u00a0\u00a0\u00a0\u00a0\u00a0\u00a0\u00a0\u00a0\u00a0\u00a0\u00a0\u00a0\u00a0\u00a0\u00a0\u00a0\u00a0\u00a0 <em><strong>Lucien Gauthier &#8211; 24 de marzo de 2020<br \/>\n<\/strong><\/em><\/p>\n<p style=\"text-align: justify;\"><a href=\"#_ftnref1\" name=\"_ftn1\"><sup>[1]<\/sup><\/a>.- FMI, <em>Informe anual sobre las perspectivas de la econom\u00eda mundial<\/em>, octubre de 2019<\/p>\n<p style=\"text-align: justify;\"><a href=\"#_ftnref2\" name=\"_ftn2\"><sup>[2]<\/sup><\/a>.- Despacho de la agencia Reuters, 9 de marzo de 2020.<\/p>\n<p style=\"text-align: justify;\"><a href=\"#_ftnref3\" name=\"_ftn3\"><sup>[3]<\/sup><\/a>.- FMI, <em>Informe anual sobre las perspectivas de la econom\u00eda mundial.<\/em><\/p>\n<p style=\"text-align: justify;\"><a href=\"#_ftnref4\" name=\"_ftn4\"><sup>[4]<\/sup><\/a>.- <em>Les Num\u00e9riques<\/em>, mayo de 2019.<\/p>\n<p style=\"text-align: justify;\"><a href=\"#_ftnref5\" name=\"_ftn5\"><sup>[5]<\/sup><\/a>.-<em> L\u2019Echo<\/em> (B\u00e9lgica), <em>\u00ab<\/em><em>Los campeones de las recompras de acciones superan los<\/em> <em>\u00edndices de referencia de la Bolsa<\/em><em>\u00bb, <\/em>9 de febrero de 2019.<\/p>\n<p style=\"text-align: justify;\"><a href=\"#_ftnref6\" name=\"_ftn6\"><sup>[6]<\/sup><\/a>.- Declaraci\u00f3n del Bur\u00f3 Pol\u00edtico de la Organizaci\u00f3n Comunista Internacionalista (OCI \u2013 secci\u00f3n francesa de la IV Internacional) del 20 de agosto de 1971, publicada de nuevo en<em> La Verdad <\/em>n\u00ba 60-61, marzo de 2008, p\u00e1g. 10 a 19.<\/p>\n<p style=\"text-align: justify;\"><a href=\"#_ftnref7\" name=\"_ftn7\"><sup>[7]<\/sup><\/a>.-<em> Financial Times<\/em>, 21 de marzo de 2020.<\/p>\n<p style=\"text-align: justify;\"><a href=\"#_ftnref8\" name=\"_ftn8\"><sup>[8]<\/sup><\/a>.- <em>Les Echos <\/em>(Francia), 26 de febrero de 2020.<\/p>\n<p style=\"text-align: justify;\"><a href=\"#_ftnref9\" name=\"_ftn9\"><sup>[9]<\/sup><\/a>.- El <em>\u201cd\u00e9gagisme\u201d<\/em> es un neologismo pol\u00edtico acu\u00f1ado a partir del verbo franc\u00e9s \u201cd\u00e9gager\u201d\u00a0 (largarse), popularizado en 2011 durante la Primavera \u00c1rabe, y hoy generalizado en m\u00faltiples pa\u00edses por el rechazo a los reg\u00edmenes e instituciones vigentes.<\/p>\n<p style=\"text-align: justify;\"><a href=\"#_ftnref10\" name=\"_ftn10\"><sup>[10]<\/sup><\/a>.- Karl Marx, <em>El capital<\/em>, Libro III, secci\u00f3n 3\u00aa, cap\u00edtulo 15, FCE, 1976, p\u00e1g.\u00a0 248.<\/p>\n<p style=\"text-align: justify;\"><a href=\"#_ftnref11\" name=\"_ftn11\"><sup>[11]<\/sup><\/a>.- Engels, F., <em>Anti-D\u00fchring,<\/em> Editorial Ayuso, 1978, p\u00e1gina 175.<\/p>\n<p style=\"text-align: justify;\"><a href=\"#_ftnref12\" name=\"_ftn12\"><sup>[12]<\/sup><\/a>.- Marx, K., Engels, F., <em>La ideolog\u00eda alemana, <\/em>Ediciones Grijalbo, 1974, p\u00e1gina 81.<\/p>\n<p style=\"text-align: justify;\"><a href=\"#_ftnref13\" name=\"_ftn13\"><sup>[13]<\/sup><\/a>.- Karl Marx, <em>El Capital,<\/em> Libro III, secci\u00f3n 3\u00aa, cap\u00edtulo 15, FCE, 1976, p\u00e1g. 254.<\/p>\n<p style=\"text-align: justify;\"><a href=\"#_ftnref14\" name=\"_ftn14\"><sup>[14]<\/sup><\/a>.- V. I. Lenin, <em>El imperialismo, fase superior del capitalismo<\/em>, Obras escogidas en XII tomos, tomo V, Ed. Progreso (Mosc\u00fa), p\u00e1ginas 392-393.<\/p>\n<p style=\"text-align: justify;\"><a href=\"#_ftnref15\" name=\"_ftn15\"><sup>[15]<\/sup><\/a>.- Este prefacio de Pierre Lambert a la edici\u00f3n peruana del <em>Programe de transici\u00f3n<\/em> (abril de 1989) figura en la edici\u00f3n espa\u00f1ola de <em>La Verdad<\/em>, n\u00famero 60-61, POSI (junio de 2008), p\u00e1ginas 113-114.<\/p>\n<p style=\"text-align: justify;\"><a href=\"#_ftnref16\" name=\"_ftn16\"><sup>[16]<\/sup><\/a>.- V. I. Lenin, <em>Obras escogidas en XII tomos<\/em>, tomo V, Editorial Progreso (Mosc\u00fa), <em>\u00abLa bancarrota de la II Internacional<\/em><em>\u00bb<\/em>, p\u00e1ginas 229-230.<\/p>\n<p style=\"text-align: justify;\"><a href=\"#_ftnref17\" name=\"_ftn17\"><sup>[17]<\/sup><\/a>.- Le\u00f3n Trotsky, <em>El pensamiento vivo <\/em>de Karl Marx, consultado en https:\/\/www.marxists.org\/espanol\/trotsky\/1939\/vivo.htm<\/p>\n","protected":false},"excerpt":{"rendered":"<p>Notas editoriales de La Verdad n\u00ba 105 &#8211; abril de 2020 La humanidad se encierra. En el momento en que escribimos, 15 000 muertos, millones de personas contagiadas, 2 600 millones confinados como en la Edad Media. Despu\u00e9s de Europa y algunos pa\u00edses de Asia, y despu\u00e9s de una parte de los Estados Unidos y [&hellip;]<\/p>\n","protected":false},"author":1,"featured_media":0,"comment_status":"open","ping_status":"open","sticky":false,"template":"","format":"standard","meta":{"ngg_post_thumbnail":0,"footnotes":""},"categories":[8,27,113],"tags":[],"class_list":["post-4527","post","type-post","status-publish","format-standard","hentry","category-internacional","category-iv-internacional","category-la-verdad"],"aioseo_notices":[],"_links":{"self":[{"href":"http:\/\/posicuarta.org\/cartasblog\/wp-json\/wp\/v2\/posts\/4527","targetHints":{"allow":["GET"]}}],"collection":[{"href":"http:\/\/posicuarta.org\/cartasblog\/wp-json\/wp\/v2\/posts"}],"about":[{"href":"http:\/\/posicuarta.org\/cartasblog\/wp-json\/wp\/v2\/types\/post"}],"author":[{"embeddable":true,"href":"http:\/\/posicuarta.org\/cartasblog\/wp-json\/wp\/v2\/users\/1"}],"replies":[{"embeddable":true,"href":"http:\/\/posicuarta.org\/cartasblog\/wp-json\/wp\/v2\/comments?post=4527"}],"version-history":[{"count":4,"href":"http:\/\/posicuarta.org\/cartasblog\/wp-json\/wp\/v2\/posts\/4527\/revisions"}],"predecessor-version":[{"id":4536,"href":"http:\/\/posicuarta.org\/cartasblog\/wp-json\/wp\/v2\/posts\/4527\/revisions\/4536"}],"wp:attachment":[{"href":"http:\/\/posicuarta.org\/cartasblog\/wp-json\/wp\/v2\/media?parent=4527"}],"wp:term":[{"taxonomy":"category","embeddable":true,"href":"http:\/\/posicuarta.org\/cartasblog\/wp-json\/wp\/v2\/categories?post=4527"},{"taxonomy":"post_tag","embeddable":true,"href":"http:\/\/posicuarta.org\/cartasblog\/wp-json\/wp\/v2\/tags?post=4527"}],"curies":[{"name":"wp","href":"https:\/\/api.w.org\/{rel}","templated":true}]}}