{"id":474,"date":"2013-06-25T11:10:04","date_gmt":"2013-06-25T09:10:04","guid":{"rendered":"http:\/\/posicuarta.org\/cartasblog\/?p=474"},"modified":"2013-06-25T11:11:58","modified_gmt":"2013-06-25T09:11:58","slug":"ahora-juntos-en-defensa-de-nuestras-organizaciones-y-de-las-reivindicaciones","status":"publish","type":"post","link":"http:\/\/posicuarta.org\/cartasblog\/ahora-juntos-en-defensa-de-nuestras-organizaciones-y-de-las-reivindicaciones\/","title":{"rendered":"\u00a1Ahora juntos en defensa de nuestras organizaciones y de las reivindicaciones!"},"content":{"rendered":"<p style=\"text-align: justify;\" align=\"center\"><strong><em><a href=\"http:\/\/posicuarta.org\/cartasblog\/wp-content\/uploads\/2013\/04\/BanderaIV.jpg\"><img loading=\"lazy\" decoding=\"async\" class=\"alignleft  wp-image-254\" alt=\"BanderaIV\" src=\"http:\/\/posicuarta.org\/cartasblog\/wp-content\/uploads\/2013\/04\/BanderaIV.jpg\" width=\"120\" height=\"83\" srcset=\"http:\/\/posicuarta.org\/cartasblog\/wp-content\/uploads\/2013\/04\/BanderaIV.jpg 200w, http:\/\/posicuarta.org\/cartasblog\/wp-content\/uploads\/2013\/04\/BanderaIV-150x104.jpg 150w\" sizes=\"auto, (max-width: 120px) 100vw, 120px\" \/><\/a>Declaraci\u00f3n de la <a href=\"http:\/\/www.otrabalho.org.br\">corriente O Trabalho del Partido de los Trabajadores de Brasil<\/a> (secci\u00f3n brasile\u00f1a de la IV Internacional) &#8211; 21 de junio de 2013<\/em><\/strong><\/p>\n<h4><span style=\"color: #800000;\"><b>UNA\u00a0 NUEVA SITUACI\u00d3N<\/b><\/span><b> <\/b><span style=\"color: #800000;\">se abri\u00f3 en el pa\u00eds.<\/span><\/h4>\n<p style=\"text-align: justify;\">Un movimiento por la reducci\u00f3n de las tarifas de los transportes capi\u00adtaneado por la juventud, despu\u00e9s de 10 a\u00f1os de gobierno del PT adapt\u00e1ndose a las instituciones heredadas, cataliz\u00f3 un descontento popular latente con la situaci\u00f3n de los servicios p\u00fablicos de educaci\u00f3n, salud y transporte.<\/p>\n<p style=\"text-align: justify;\"><!--more--><\/p>\n<p style=\"text-align: justify;\">Las conquistas obtenidas por las masas populares no pueden ser usadas para esconder la realidad. As\u00ed, los enormes gastos de dinero p\u00fablico en las obras de la Copa aparecen como una ofensa.<\/p>\n<p style=\"text-align: justify;\">La negativa de la direcci\u00f3n del PT, hay que decirlo, a defender el partido del ataque del Tribunal Federal Supremo en el pleito de la Acci\u00f3n Penal 470 (proceso al t\u00e9rmino del cual, bajo la presi\u00f3n de los medios de informaci\u00f3n pro imperialistas, el STF -Tribunal Federal Supremo- conden\u00f3 sin pruebas a los dirigentes del PT) no hizo sino facilitar la manipulaci\u00f3n medi\u00e1tica contra el PT, los sindicatos, y el senti\u00admiento anti-partido.<\/p>\n<p style=\"text-align: justify;\">Por otro lado, la fuerza de las manifestaciones en dos semanas conquist\u00f3 la derogaci\u00f3n de los aumentos de las tarifas de los transportes en decenas de ciudades y Estados. Una importante victoria parcial, en la v\u00eda de la lucha por el Pase Libre Estudiantil y por un transporte p\u00fablico de calidad que, de forma duradera, s\u00f3lo la estatizaci\u00f3n puede asegurar.<\/p>\n<p style=\"text-align: justify;\"><span style=\"color: #800000;\"><b>PERO HAB\u00cdA UN PRO\u00adBLEMA en la direcci\u00f3n del movimiento<\/b><\/span>. Si es verdad que enti\u00addades representativas, como la Uni\u00f3n Nacional de los Estudiantes, se omitieron, del mismo modo que el PT como partido, por otro lado, \u201cdirecciones\u201d auto-pro\u00adclamadas, sin mandato ni control de la base, hac\u00edan el culto de la \u201chorizontalidad\u201d, de la ausen\u00adcia de coche-de-sonido, del \u201capar\u00adtidarismo\u201d, como el Movimiento Passe Livre y otros grupos.<\/p>\n<p style=\"text-align: justify;\">Ahora, se ve a d\u00f3nde eso est\u00e1 llevando: abre el espacio para que la derecha feroz ataque el sim\u00adple derecho de expresi\u00f3n de los partidos y hasta de los sindica\u00adtos, en una desorganizaci\u00f3n que facilita la acci\u00f3n de descontrola\u00addos e inclusive de provocado\u00adres polic\u00edas.<\/p>\n<p style=\"text-align: justify;\">Del interior del aparato de Estado, apoyada por los medios de comunicaci\u00f3n, se orquesta la caza a los partidos, y se infiltran banderas como \u201cno al PEC 37\u201d (propuesta de enmienda constitucional que preserva la funci\u00f3n de investigaci\u00f3n por la polic\u00eda y de acusaci\u00f3n por el ministerio p\u00fablico que contrar\u00eda los intereses de la \u00e9lite judicial) para preservar el po\u00adder de la polic\u00eda no previsto en la Constituci\u00f3n, de los procuradores del Ministerio P\u00fablico, parte de la aristocracia del Judicial fuera de cualquier control.<\/p>\n<p style=\"text-align: justify;\"><span style=\"color: #800000;\"><b>EL JUEVES PASADO<\/b><\/span>, d\u00eda 20 de junio, aparecieron nacional\u00admente sincronizadas y articu\u00adladas con sectores de la peque\u00f1a burgues\u00eda, fuerzas de derecha o extrema derecha, \u201canonymous\u201d etc., atacando las organizaciones de los trabajadores y provocando incidentes.<\/p>\n<p style=\"text-align: justify;\">\u00bfQu\u00e9 explica esta irrupci\u00f3n, a no ser la furia de intereses contrariados por la reducci\u00f3n de las tarifas decidida la v\u00edspera?<\/p>\n<p style=\"text-align: justify;\">La realidad es la de un sistema im\u00adperialista en crisis en el mundo, contradictorio con las m\u00ednimas conquistas obtenidas por la lucha, inclusive aqu\u00ed. \u00a1Y por eso se ataca a las organizaciones por todas partes!<\/p>\n<p style=\"text-align: justify;\">Y lo que pretenden en Brasil, amenazando con el caos, es provocar un sentimiento de \u201cor\u00adden\u201d en las instituciones, cuando, al contrario, se trata de avanzar en la reforma profunda del Esta\u00addo para atender a los deseos de centenas de millares en las calles.<\/p>\n<p style=\"text-align: justify;\"><span style=\"color: #800000;\"><b>LA PRESIDENTA DILMA<\/b><\/span> en la tele, el viernes, d\u00eda 21, dijo que \u201c<i>Brasil aun no consigui\u00f3 realizar muchas cosas por causa de limitaciones pol\u00edticas y econ\u00f3micas<\/i>\u201d, y reconoci\u00f3 la voz de la calle que \u201c<i>quiere m\u00e1s. Y para dar m\u00e1s, las instituciones y los gobiernos deben cambiar<\/i>\u201d. Ella invit\u00f3 a los \u201c<i>gobernadores y alcaldes a un gran pacto en torno de la mejora de los servicios p\u00fablicos<\/i>\u201d, y tam\u00adbi\u00e9n anunci\u00f3 que iba a \u201c<i>recibir a los l\u00edderes de las manifestaciones pac\u00edficas, a los representantes de las organizaciones de j\u00f3venes, de las entidades sindicales, de los movi\u00admientos de trabajadores, de las asociaciones populares. Necesita\u00admos de sus contribuciones<\/i>\u201d.<\/p>\n<p style=\"text-align: justify;\">Muy bien. Pero, de inmediato, \u00bfqu\u00e9 propone ella? Habla, por ejem\u00adplo, \u201cde que todos los royalties del petr\u00f3leo se gasten exclusiva\u00admente en la Educaci\u00f3n\u201d.<\/p>\n<p style=\"text-align: justify;\">Pero \u00bfpor qu\u00e9 s\u00f3lo los royalties, un impuesto pagado por las empre\u00adsas petrol\u00edferas? \u00bfPor qu\u00e9 no acabar con las subastas de petr\u00f3\u00adleo para empresas privadas y extranjeras, y entregar todo el petr\u00f3leo a una Petrobras 100% estatal, destinando todos los recursos del petr\u00f3leo para la Educaci\u00f3n, la Salud y el Transporte?<\/p>\n<p style=\"text-align: justify;\">Ser\u00eda, por acaso, \u201c<i>por causa de las limitaciones pol\u00edticas y econ\u00f3micas<\/i>\u201d, o sea, debido a las \u201c<i>insti\u00adtuciones<\/i>\u201d?<\/p>\n<p style=\"text-align: justify;\">La propia presidenta con\u00adcluy\u00f3 que \u201c<i>es la ciudadan\u00eda, y no el poder econ\u00f3mico, quien debe ser o\u00eddo primero<\/i>\u201d y apunto para \u201c<i>una amplia y profunda reforma pol\u00edtica<\/i>\u201d.<\/p>\n<p style=\"text-align: justify;\">S\u00ed, es precisa una profunda reforma del Estado, para barrer las instituciones heredadas de la dictadura, cambiarlas para abrir el cami\u00adno a la realizaci\u00f3n de las aspiraciones populares de justicia social y soberan\u00eda nacional.<\/p>\n<p style=\"text-align: justify;\">Para eso \u00a1es necesaria una Asamblea Constituyente Soberana!<\/p>\n<p style=\"text-align: justify;\">No como en 1986-88, la mera otorgaci\u00f3n de poderes cons\u00adtituyentes al viejo congreso de Sarney.<\/p>\n<p style=\"text-align: justify;\">Es precisa una Constituyen\u00adte Soberana, con diputados libremente electos, unicameral y proporcional (en que 1 elector vale 1 voto, hoy 1 elector de Rondonia vale 11 de S. Paulo, por ejemplo), con voto en lista y financiaci\u00f3n p\u00fablica exclu\u00adsiva.<\/p>\n<p style=\"text-align: justify;\">\u00bfEs dif\u00edcil? \u00a1Dif\u00edcil y cada vez m\u00e1s necesario! \u00a1Alerta para el sentimiento que viene de la calle!<\/p>\n<p style=\"text-align: justify;\">Es lo que vamos a defender en el pr\u00f3ximo PED, el proceso electo\u00adral directo del PT, para colocarlo a la altura del desaf\u00edo de la calle.<\/p>\n<p style=\"text-align: justify;\"><span style=\"color: #800000;\"><b>EN <\/b><b>LA SITUACI\u00d3N ACTUAL<\/b><\/span>, el PT y\u00a0 la CUT tienen una responsa\u00adbilidad inmediata.<\/p>\n<p style=\"text-align: justify;\">En primer lugar, tienen que tomar la iniciativa de defen\u00adder los derechos democr\u00e1ticos de manifestaci\u00f3n, y rechazar los ataques al PT y a los partidos, a la CUT y otras organizaciones de los trabajadores y del pueblo.<\/p>\n<p style=\"text-align: justify;\">Es hora de una Plenaria de Emergencia de todas las organi\u00adzaciones de los trabajadores y del pueblo para adoptar una platafor\u00adma popular de reivindicaciones, y un plan de acci\u00f3n, seg\u00fan los m\u00e9todos de la democracia del movimiento de los trabajadores, para exigir del gobierno Dilma que escuche.<\/p>\n<p style=\"text-align: justify;\">Por todo el pa\u00eds, en cada ciudad, categor\u00eda o sector popu\u00adlar hay que abrir la discusi\u00f3n al respeto.<\/p>\n<p style=\"text-align: justify;\">Es hora de retomar con firmeza la movilizaci\u00f3n del pueblo trabajador y de la juventud por sus leg\u00edtimas demandas:<\/p>\n<p style=\"text-align: justify; padding-left: 30px;\"><span style=\"color: #000000;\"><b>\u2022 \u00a1Reducci\u00f3n de las tarifas de transporte y Pase Libre Estudiantil! \u00a1Ning\u00fan recorte en los gastos sociales de los Esta\u00addos y municipios! <\/b><\/span><\/p>\n<p style=\"text-align: justify; padding-left: 30px;\"><span style=\"color: #000000;\"><b>\u2022 \u00a1Fin del super\u00e1vit fiscal primario que paga la deuda y ahoga a los municipios, Estados y a <\/b><b>la Uni\u00f3n<\/b><b>!<\/b><\/span><\/p>\n<p style=\"text-align: justify; padding-left: 30px;\"><span style=\"color: #000000;\"><b>\u2022 \u00a1Invertir a fondo en los servicios p\u00fablicos de salud, educaci\u00f3n y transporte!<\/b><\/span><\/p>\n<p style=\"text-align: justify; padding-left: 30px;\"><span style=\"color: #000000;\"><b>\u2022 \u00a1Desmilitarizaci\u00f3n de las Polic\u00edas Militares (PM)!<\/b><\/span><\/p>\n<p style=\"text-align: justify; padding-left: 30px;\"><span style=\"color: #000000;\"><b>\u2022 \u00a1Basta de concesiones al \u201cmercado\u201d, con subastas de petr\u00f3leo, exoneraciones fiscales y pri\u00advatizaciones!<\/b><\/span><\/p>\n<p style=\"text-align: justify; padding-left: 30px;\"><span style=\"color: #000000;\"><b>\u2022 \u00a1No a las exigencias del capital internacional y del agro-negocio, reforma agraria!<\/b><\/span><\/p>\n<p style=\"text-align: justify; padding-left: 30px;\"><span style=\"color: #000000;\"><b>\u2022 \u00a1Es hora de otra pol\u00edtica! <\/b><\/span><\/p>\n<p style=\"text-align: justify;\"><span style=\"color: #800000;\"><b>ATENCI\u00d3N<\/b><\/span>, porque \u00a1todas las conquistas de los \u00faltimos 30 a\u00f1os, nuevas y viejas, todas est\u00e1n en juego!<\/p>\n<p style=\"text-align: justify;\"><span style=\"color: #800000;\"><b>\u00a1Es hora de cerrar filas!<\/b><\/span><\/p>\n<p style=\"text-align: justify;\"><strong><span style=\"color: #800000;\">\u00a1J\u00daNTATE A NOSOTROS EN ESTA LUCHA!<\/span><\/strong><\/p>\n<p style=\"text-align: right;\"><strong><em>Corriente O Trabalho del Partido de los Trabajadores,<br \/>\nsecci\u00f3n brasile\u00f1a de la IV Internacional<\/em><\/strong><\/p>\n","protected":false},"excerpt":{"rendered":"<p>Declaraci\u00f3n de la corriente O Trabalho del Partido de los Trabajadores de Brasil (secci\u00f3n brasile\u00f1a de la IV Internacional) &#8211; 21 de junio de 2013<\/p>\n","protected":false},"author":1,"featured_media":0,"comment_status":"open","ping_status":"open","sticky":false,"template":"","format":"standard","meta":{"ngg_post_thumbnail":0,"footnotes":""},"categories":[20,8,27],"tags":[106,30,108,109,107],"class_list":["post-474","post","type-post","status-publish","format-standard","hentry","category-declaracion","category-internacional","category-iv-internacional","tag-brasil","tag-clase-obrera","tag-cut","tag-dilma-rousseff","tag-partido-de-los-trabajadores"],"aioseo_notices":[],"_links":{"self":[{"href":"http:\/\/posicuarta.org\/cartasblog\/wp-json\/wp\/v2\/posts\/474","targetHints":{"allow":["GET"]}}],"collection":[{"href":"http:\/\/posicuarta.org\/cartasblog\/wp-json\/wp\/v2\/posts"}],"about":[{"href":"http:\/\/posicuarta.org\/cartasblog\/wp-json\/wp\/v2\/types\/post"}],"author":[{"embeddable":true,"href":"http:\/\/posicuarta.org\/cartasblog\/wp-json\/wp\/v2\/users\/1"}],"replies":[{"embeddable":true,"href":"http:\/\/posicuarta.org\/cartasblog\/wp-json\/wp\/v2\/comments?post=474"}],"version-history":[{"count":7,"href":"http:\/\/posicuarta.org\/cartasblog\/wp-json\/wp\/v2\/posts\/474\/revisions"}],"predecessor-version":[{"id":481,"href":"http:\/\/posicuarta.org\/cartasblog\/wp-json\/wp\/v2\/posts\/474\/revisions\/481"}],"wp:attachment":[{"href":"http:\/\/posicuarta.org\/cartasblog\/wp-json\/wp\/v2\/media?parent=474"}],"wp:term":[{"taxonomy":"category","embeddable":true,"href":"http:\/\/posicuarta.org\/cartasblog\/wp-json\/wp\/v2\/categories?post=474"},{"taxonomy":"post_tag","embeddable":true,"href":"http:\/\/posicuarta.org\/cartasblog\/wp-json\/wp\/v2\/tags?post=474"}],"curies":[{"name":"wp","href":"https:\/\/api.w.org\/{rel}","templated":true}]}}