{"id":4771,"date":"2020-08-10T15:54:48","date_gmt":"2020-08-10T13:54:48","guid":{"rendered":"http:\/\/posicuarta.org\/cartasblog\/?p=4771"},"modified":"2020-08-10T17:17:13","modified_gmt":"2020-08-10T15:17:13","slug":"estados-unidos-dos-meses-y-medio-de-levantamiento","status":"publish","type":"post","link":"http:\/\/posicuarta.org\/cartasblog\/estados-unidos-dos-meses-y-medio-de-levantamiento\/","title":{"rendered":"Estados Unidos: dos meses y medio de levantamiento"},"content":{"rendered":"<p style=\"text-align: justify;\"><em>(Publicado en la <a href=\"http:\/\/posicuarta.org\/cartasblog\/wp-content\/uploads\/2020\/08\/Carta-795.pdf\">Carta Semanal 795\u00a0<\/a>&#8211; <a href=\"http:\/\/posicuarta.org\/cartasblog\/estats-units-dos-mesos-i-mig-daixecament\/\">ver en catal\u00e1n<\/a>)<\/em><\/p>\n<p><a href=\"http:\/\/posicuarta.org\/cartasblog\/wp-content\/uploads\/2020\/08\/carta795.jpg\"><img loading=\"lazy\" decoding=\"async\" class=\"alignleft wp-image-4772\" src=\"http:\/\/posicuarta.org\/cartasblog\/wp-content\/uploads\/2020\/08\/carta795.jpg\" alt=\"\" width=\"150\" height=\"215\" srcset=\"http:\/\/posicuarta.org\/cartasblog\/wp-content\/uploads\/2020\/08\/carta795.jpg 419w, http:\/\/posicuarta.org\/cartasblog\/wp-content\/uploads\/2020\/08\/carta795-210x300.jpg 210w, http:\/\/posicuarta.org\/cartasblog\/wp-content\/uploads\/2020\/08\/carta795-105x150.jpg 105w\" sizes=\"auto, (max-width: 150px) 100vw, 150px\" \/><\/a><\/p>\n<p style=\"text-align: justify;\">Sesenta y seis d\u00edas seguidos llevaban los vecinos de Portland manifest\u00e1ndose desde el asesinato de George Floyd. Portland en el estado de Oreg\u00f3n, en la costa del Pac\u00edfico, es la gran ciudad de los Estados Unidos en la que menos negros hay (un 6,3%). Se manifiestan en torno al palacio de justicia, \u201cLas vidas de los negros importan\u201d, \u201cno al estado policial\u201d. Los manifestantes han echado abajo dos barreras que les imped\u00edan acercarse a ese edificio. Ahora han puesto grandes bloques de hormig\u00f3n y barras de acero, que intentan paran a los manifestantes.<\/p>\n<p><!--more--><\/p>\n<p style=\"text-align: justify;\">Con el pretexto de proteger ese palacio de Justicia, Trump ha enviado, pasando por encima de las autoridades locales, fuerzas federales de fronteras y otros cuerpos. Es la militarizaci\u00f3n: con uniformes de campa\u00f1a an\u00f3nimos, sin ninguna identificaci\u00f3n, lanzan gases lacrim\u00f3genos, disparan pelotas de goma, intervienen para despejar el terreno, detienen manifestantes y se los llevan en veh\u00edculos sin identificar. No tienen ninguna preparaci\u00f3n para ello y pisotean la ley.<\/p>\n<p style=\"text-align: justify;\">Trump tuitea que hay que proteger a la ciudad de los \u2018anarquistas\u2019, y las autoridades locales dicen que son pac\u00edficos manifestantes que llevan ah\u00ed m\u00e1s de dos meses. Trump no sabe c\u00f3mo terminar con esas persistentes manifestaciones. Su recurso a las fuerzas federales levanta la oposici\u00f3n en el ej\u00e9rcito y en el Congreso. Pero sobre todo, crecen las manifestaciones en solidaridad con los de Portland en la cercana Seattle, en Oakland, en otras ciudades de los Estados Unidos. Trump env\u00eda fuerzas federales a Seattle y Kansas City y anuncia mandarlas a Chicago.<\/p>\n<p style=\"text-align: justify;\">Al cabo de diez d\u00edas, el treinta de julio, el Gobierno anuncia vergonzantemente que retira las fuerzas federales de Portland. Siguen las manifestaciones, chocando con los mediadores dem\u00f3cratas que tratan de alejarles del palacio de Justicia,<\/p>\n<p style=\"text-align: justify;\">Si Trump hace campa\u00f1a electoral como salvador del orden, los dem\u00f3cratas hacen campa\u00f1a electoral por reducir el gasto policial. En realidad, en ciudades gobernadas por dem\u00f3cratas como Oakland la polic\u00eda local es la que ha herido a m\u00e1s manifestantes. Ni dem\u00f3cratas ni republicanos dan respuesta a la movilizaci\u00f3n que lleva dos meses y medio en las calles de todos los Estados Unidos,<\/p>\n<p style=\"text-align: justify;\"><strong>Lo que provoca y alimenta el levantamiento<\/strong><\/p>\n<p style=\"text-align: justify;\">Manifestantes negros llevan todo este tiempo juntos en las calles con j\u00f3venes blancos y otras minor\u00edas, enfrentados a las instituciones, porque comparten una situaci\u00f3n insoportable.<\/p>\n<p style=\"text-align: justify;\">Es insoportable la discriminaci\u00f3n de la poblaci\u00f3n negra. Pero tambi\u00e9n lo son 40 millones de parados. Han despedido de golpe, con el coronavirus, m\u00e1s de 20 millones. J\u00f3venes de cualquier color han sido despedidos. Buena parte de ellos ten\u00edan un contrato o un convenio colectivo. Ahora, a diferencia de Espa\u00f1a, no tienen seguro de paro, sino unas ayudas. Pero, al estar en paro pierden el seguro de enfermedad que les proporcionaba la empresa. Se encuentran en el paro y sin asistencia sanitaria, con unas ayudas. Y tambi\u00e9n est\u00e1n los precarios. Ahora, son innumerables los negros y los j\u00f3venes blancos que se encuentran ya sin ninguna ayuda, sin nada, buscando trabajo como otros 40 millones.<\/p>\n<p style=\"text-align: justify;\">Mientras, como en el Estado espa\u00f1ol, se han encontrado expuestos a todos los virus los sanitarios, los del transporte, los del metal, los que barren y mantienen, los que llaman \u201ctrabajadores esenciales\u201d, que garantizan con gran esfuerzo los servicios de todos sin la protecci\u00f3n precisa. Y hay otros que han encontrado en el teletrabajo una nueva forma de sobreexplotaci\u00f3n.<\/p>\n<p style=\"text-align: justify;\">La rebeli\u00f3n de millones en los Estados Unidos no solo es contra el racismo, sino contra la pol\u00edtica del imperialismo m\u00e1s poderoso, que como otros gobiernos y patronales ha aprovechado el coronavirus para llevar a millones de los trabajadores a situaciones imposibles. Ha utilizado el confinamiento para liquidar derechos y conquistas.<\/p>\n<p style=\"text-align: justify;\">Las instituciones del m\u00e1s poderoso estado del mundo son antinegras, y son profundamente antiobreras, desprecian el derecho al trabajo y a la salud.<\/p>\n<p style=\"text-align: justify;\">Ninguna reforma de la polic\u00eda lo resolver\u00e1, porque la polic\u00eda est\u00e1 al servicio de los amos,\u00a0 toda polic\u00eda ejerce violencias de Estado. Lo que hay que cambiar son los gobiernos y fundamentalmente liberarse de esos Estados.<\/p>\n<p style=\"text-align: justify;\">Para ello lo fundamental es que los trabajadores se organicen. En los Estados Unidos, que nunca han tenido un partido obrero representativo, donde gobiernan dos partidos de los patronos, hay un gran trabajo de organizaci\u00f3n pendiente, pero se han dado ahora algunos pasos. Para organizar las manifestaciones, aqu\u00ed se\u00a0 juntaban diez, all\u00ed veinte. Las compa\u00f1eras y los compa\u00f1eros discut\u00edan qu\u00e9 vamos a hacer ahora, qu\u00e9 objetivos nos damos. Establec\u00edan contactos con otros grupos, contrastaban propuestas. La IV Internacional, con otros compa\u00f1eros, apoya incondicionalmente ese movimiento y tiene como tarea, en los Estados Unidos y en los dem\u00e1s pa\u00edses participar en esa discusi\u00f3n, en esos pasos organizativos, pues solo de ellos saldr\u00e1 la direcci\u00f3n que requiere el gran movimiento, en el que deber\u00edan participar las instancias sindicales. No tenemos nada que ver con los que andan repartiendo recetas de soluciones prefabricadas y levantando banderines para que la gente se apunte.<\/p>\n<p style=\"text-align: justify;\"><strong>El lugar del movimiento negro de los Estados Unidos<\/strong><\/p>\n<p style=\"text-align: justify;\">En el n\u00famero 29 de <em>Combate Socialista, <\/em>los lectores encontrar\u00e1n algunas explicaciones del car\u00e1cter \u00fanico del movimiento negro norteamericano. Esclavos, que cuando consiguieron la emancipaci\u00f3n, no recibieron indemnizaci\u00f3n, se encontraron sin nada y enseguida fueron sometidos a leyes discriminatorias para impedir que participasen en la vida social y pol\u00edtica. Hasta hace poco no han tenido derecho de voto y ahora buena parte de ellos no pueden ejercerlo por multas y otras trabas. Hasta hace no mucho no pod\u00edan afiliarse a algunos sindicatos.<\/p>\n<p style=\"text-align: justify;\">Esa poblaci\u00f3n negra ha tenido que crear sus costumbres, su historia como pueblo, en los Estados Unidos,.<\/p>\n<p style=\"text-align: justify;\">Es justo hablar del racismo estructural. Un ejemplo que ha saltado en los \u00faltimos d\u00edas: los sanitarios negros tienen el doble de posibilidades que los dem\u00e1s sanitarios de contraer la covid-19. El 62% de los sanitarios fallecidos por ese virus, han sido negros. Por ejemplo, muchos sanitarios negros trabajan en medios deprimidos, m\u00e1s contaminados, y sin siquiera mascarillas N-95.<\/p>\n<p style=\"text-align: justify;\">La mortalidad infantil es el doble entre los negros que entre los blancos. El riesgo de que te mate un polic\u00eda es 2,5 veces m\u00e1s si eres negro. El riesgo de tuberculosis, es 4 veces mayor si eres negro. Y aqu\u00ed hay un dato sobre los latinos. Los latinos sufren una gran discriminaci\u00f3n, su riesgo de tuberculosis es muy elevado. Pero si eres latino nacido en los Estados Unidos tienes el mismo riesgo que un blanco. Dicho de otro modo, un latino es un inmigrante, pero el hijo de ese latino, nacido en los Estados Unidos, es norteamericano. Eso no pasa con los negros, el hijo es tan negro como su padre, pertenece a otra categor\u00eda. Est\u00e1n marcados como hijos de esclavos.<\/p>\n<p style=\"text-align: justify;\">Gran parte de la poblaci\u00f3n negra est\u00e1 encerrada en barrios negros, en los que la polic\u00eda interviene a golpe de porra, cuando no a tiros, en los que la pobreza roe todo, y ahora la privatizaci\u00f3n de escuelas echa a las familias negras, y los transportes escasean. Todo ello bajo la direcci\u00f3n de los ayuntamientos, la mayor parte en manos del Partido Dem\u00f3crata, el viejo partido de los esclavistas. Esto no cambi\u00f3 con Obama.<\/p>\n<p style=\"text-align: justify;\">Est\u00e1 totalmente justificada la desconfianza de los luchadores negros en los apoyos que vengan marcados por el poder econ\u00f3mico y pol\u00edtico blanco. Tienen todos los motivos para desconfiar de las izquierdas norteamericanas. Est\u00e1n hartos de ser manipulados. Los negros tienen derecho a organizarse ellos mismos y fijar sus objetivos. Tienen derecho a decidir sobre el futuro de la poblaci\u00f3n negra. \u00bfVan a organizarse aparte de los Estados Unidos? En los Estados Unidos no puede haber una lucha revolucionaria consecuente que no asuma plenamente la emancipaci\u00f3n de los negros, que no apoye incondicionalmente los caminos que el pueblo negro decida tomar para emanciparse.<\/p>\n<p style=\"text-align: justify;\">Pero esta vez los negros se han visto acompa\u00f1ados en sus protestas en la calle por j\u00f3venes blancos, que tienen muchos motivos para enfrentarse a las instituciones de los Estados Unidos, y a sus dos partidos.<\/p>\n<p style=\"text-align: justify;\">Esto crea una situaci\u00f3n que Trump no sabe c\u00f3mo abordar, y los dem\u00f3cratas tampoco. Es la hora de sostener y desarrollar el movimiento que se inici\u00f3 el 25 de mayo.<\/p>\n<p style=\"text-align: justify;\"><strong>El significado internacional<\/strong><\/p>\n<p style=\"text-align: justify;\">Ese propio movimiento norteamericano es consciente del lugar internacional de su lucha. Siguen la estela de los pueblos de Argelia, de Chile, del L\u00edbano (ahora otra vez levantado contra los oligarcas), de Hong Kong. Como en todos esos pa\u00edses, su movimiento ha topado con unas instituciones, unas clases, que nunca aceptar\u00e1n la soluci\u00f3n de sus problemas.<\/p>\n<p style=\"text-align: justify;\">Pero ahora hay un nuevo v\u00ednculo que les une. En Espa\u00f1a, como en los Estados Unidos, como en Francia, como en la Gran Breta\u00f1a, el capital ha utilizado el coronavirus, y el confinamiento, para crear millones de parados sin perspectivas. Para sobreexplotar \u201cen la nueva situaci\u00f3n\u201d. Para reprimir a los j\u00f3venes sin dejar que saliesen, se reuniesen\u2026<\/p>\n<p style=\"text-align: justify;\">Eso no puede detener a los trabajadores. Los pueblos exigen soluciones ya. Podr\u00edamos decir que nos vale la tercera parte de lo que dice Torra: no hay soluci\u00f3n con los borbones. Torra se calla que no hay soluci\u00f3n con los gobiernos europeos, ni con los bancos.<\/p>\n<p style=\"text-align: justify;\">Es hora de aunar a los sanitarios, los del metal, los del transporte, los de correos, los profesores y alumnos, los trabajadores de servicios, de la cultura y los trabajadores inmigrados, por los derechos de todos. Esto requiere respetar las formas que los trabajadores, j\u00f3venes, pueblos se den. Por ejemplo defender la coordinaci\u00f3n que los pensionistas se han dado, u otras nuevas formas organizativas. El objetivo es unir fuerzas (en las que deber\u00edan participar las organizaciones creadas por los trabajadores) para recuperar el derecho a la vida, a la salud, al trabajo y a una pensi\u00f3n digna. Eso es incompatible con los planes de recuperaci\u00f3n votados por el Congreso de los Diputados, es incompatible con las instituciones del r\u00e9gimen mon\u00e1rquico, y con sus corruptos, y reclama con urgencia la Rep\u00fablica del pueblo, de la juventud, de los pueblos.<\/p>\n<p style=\"text-align: justify;\">Este movimiento ser\u00e1 solidario, en primer lugar, con los negros de los Estados Unidos.<\/p>\n<p style=\"text-align: justify;\">\n","protected":false},"excerpt":{"rendered":"<p>(Publicado en la Carta Semanal 795\u00a0&#8211; ver en catal\u00e1n) Sesenta y seis d\u00edas seguidos llevaban los vecinos de Portland manifest\u00e1ndose desde el asesinato de George Floyd. Portland en el estado de Oreg\u00f3n, en la costa del Pac\u00edfico, es la gran ciudad de los Estados Unidos en la que menos negros hay (un 6,3%). Se manifiestan [&hellip;]<\/p>\n","protected":false},"author":1,"featured_media":0,"comment_status":"open","ping_status":"open","sticky":false,"template":"","format":"aside","meta":{"ngg_post_thumbnail":0,"footnotes":""},"categories":[61],"tags":[1100,1102,721,957,693],"class_list":["post-4771","post","type-post","status-publish","format-aside","hentry","category-cartas","tag-floyd","tag-movimientonegro","tag-eeuu","tag-racismo","tag-trump","post_format-post-format-aside"],"aioseo_notices":[],"_links":{"self":[{"href":"http:\/\/posicuarta.org\/cartasblog\/wp-json\/wp\/v2\/posts\/4771","targetHints":{"allow":["GET"]}}],"collection":[{"href":"http:\/\/posicuarta.org\/cartasblog\/wp-json\/wp\/v2\/posts"}],"about":[{"href":"http:\/\/posicuarta.org\/cartasblog\/wp-json\/wp\/v2\/types\/post"}],"author":[{"embeddable":true,"href":"http:\/\/posicuarta.org\/cartasblog\/wp-json\/wp\/v2\/users\/1"}],"replies":[{"embeddable":true,"href":"http:\/\/posicuarta.org\/cartasblog\/wp-json\/wp\/v2\/comments?post=4771"}],"version-history":[{"count":12,"href":"http:\/\/posicuarta.org\/cartasblog\/wp-json\/wp\/v2\/posts\/4771\/revisions"}],"predecessor-version":[{"id":4803,"href":"http:\/\/posicuarta.org\/cartasblog\/wp-json\/wp\/v2\/posts\/4771\/revisions\/4803"}],"wp:attachment":[{"href":"http:\/\/posicuarta.org\/cartasblog\/wp-json\/wp\/v2\/media?parent=4771"}],"wp:term":[{"taxonomy":"category","embeddable":true,"href":"http:\/\/posicuarta.org\/cartasblog\/wp-json\/wp\/v2\/categories?post=4771"},{"taxonomy":"post_tag","embeddable":true,"href":"http:\/\/posicuarta.org\/cartasblog\/wp-json\/wp\/v2\/tags?post=4771"}],"curies":[{"name":"wp","href":"https:\/\/api.w.org\/{rel}","templated":true}]}}