{"id":4893,"date":"2020-09-07T20:33:57","date_gmt":"2020-09-07T18:33:57","guid":{"rendered":"http:\/\/posicuarta.org\/cartasblog\/?p=4893"},"modified":"2020-09-07T22:12:08","modified_gmt":"2020-09-07T20:12:08","slug":"11-setembre-2020-mes-que-mai-republica-per-als-pobles","status":"publish","type":"post","link":"http:\/\/posicuarta.org\/cartasblog\/11-setembre-2020-mes-que-mai-republica-per-als-pobles\/","title":{"rendered":"11 setembre 2020: M\u00c9S QUE MAI, REP\u00daBLICA PER ALS POBLES"},"content":{"rendered":"<p><em>(Publicat a la Carta Setmanal 799 &#8211; veure en <a href=\"http:\/\/posicuarta.org\/cartasblog\/11-de-septiembre-2020-mas-que-nunca-republica-para-los-pueblos\/\">castellano)<\/a><\/em><\/p>\n<p style=\"text-align: justify;\"><img loading=\"lazy\" decoding=\"async\" class=\"alignleft wp-image-4889\" src=\"http:\/\/posicuarta.org\/cartasblog\/wp-content\/uploads\/2020\/09\/carta799.jpg\" alt=\"\" width=\"150\" height=\"215\" srcset=\"http:\/\/posicuarta.org\/cartasblog\/wp-content\/uploads\/2020\/09\/carta799.jpg 419w, http:\/\/posicuarta.org\/cartasblog\/wp-content\/uploads\/2020\/09\/carta799-210x300.jpg 210w, http:\/\/posicuarta.org\/cartasblog\/wp-content\/uploads\/2020\/09\/carta799-105x150.jpg 105w\" sizes=\"auto, (max-width: 150px) 100vw, 150px\" \/>La crisi econ\u00f2mica i l&#8217;emerg\u00e8ncia social han posat en evid\u00e8ncia el r\u00e8gim capitalista, la podridura d&#8217;un sistema que mostra a les clares la incompatibilitat entre el r\u00e8gim de la propietat privada i la protecci\u00f3 de la salut p\u00fablica i els drets m\u00e9s elementals . I davant d&#8217;aquesta evid\u00e8ncia una altra igualment clara que qualsevol treballador pot constatar: tots els governs es mostren incapa\u00e7os i impotents per garantir m\u00ednimament la salut dels treballadors, els llocs de treball, etc., perqu\u00e8 estan condicionats per les pol\u00edtiques imposades per les institucions del capital financer amb les que no volen trencar. Aix\u00ed es donen paradoxes com la de regalar centenars de milers de milions a les empreses i no hi ha per salvar les f\u00e0briques, o es limita l&#8217;aforament i les reunions socials mentre que la poblaci\u00f3 ha d&#8217;anar amuntegada en el transport p\u00fablic. O que els ajuntaments amb super\u00e0vit no puguin dedicar els romanents de tresoreria per fer front a les necessitats de la poblaci\u00f3 a la qual representen, a conseq\u00fc\u00e8ncia de les lleis d&#8217;estabilitat pressupost\u00e0ria -encara vigents perqu\u00e8 el govern PSOE-UP no les han derogat &#8211; aprovades amb els vots d&#8217;alguns dels que ara parlen c\u00ednicament d&#8217;espoli en els municipis, o dels que parlen de sobirania per\u00f2 amb els seus vots van contribuir al fet que es pogu\u00e9s fer.<\/p>\n<p><!--more--><\/p>\n<h2 style=\"text-align: justify;\">Espoli als municipis, espoli als pobles<\/h2>\n<p style=\"text-align: justify;\">No hi ha sobirania nacional sense autonomia i democr\u00e0cia municipal. I tant una cosa com l&#8217;altra, avui no s\u00f3n possibles per la perviv\u00e8ncia de tot un r\u00e8gim que les nega. Des de la Llei de Bases de R\u00e8gim Local fins a les d&#8217;Estabilitat Pressupost\u00e0ria, passant per la LRSAL. Tots els ajuntaments estan intervinguts per l&#8217;Estat que s&#8217;ha estat aprofitant dels super\u00e0vits municipals des de fa vuit anys, per dedicar-los a el pagament del seu deute. L&#8217;asf\u00edxia financera que pateixen tots els municipis no concorda amb els recursos de qu\u00e8 disposen, per\u00f2 que no poden utilitzar. L&#8217;espoli \u00e9s el que organitzen les institucions \u00a0del capital financer, la banca rescatada amb recursos p\u00fablics i a la qual el govern no exigeix \u200b\u200bque els retornin. Aquest \u00e9s el veritable espoli contra tots els pobles.<\/p>\n<h2 style=\"text-align: justify;\">La lluita per la sobirania de Catalunya<\/h2>\n<p style=\"text-align: justify;\">Recentment el Parlament de Catalunya ha aprovat una resoluci\u00f3 en qu\u00e8 proclama que \u00abCatalunya \u00e9s republicana i que no reconeix ni vol cap rei\u00bb. Per\u00f2 perqu\u00e8 aquesta resoluci\u00f3 no quedi en una simple maniobra entre partits o en pura ret\u00f2rica, cal omplir-la de contingut. I aix\u00f2 vol dir enfrontar-se a les pol\u00edtiques del r\u00e8gim mon\u00e0rquic que impedeixen destinar els recursos necessaris per a la sanitat, per a l&#8217;inici de curs escolar, o per a garantir la continu\u00eftat dels llocs de treball amena\u00e7ats. La lluita per la sobirania \u00e9s inseparable de la defensa de les condicions de vida dels treballadors, de la defensa dels serveis p\u00fablics, que requereixen en aquests moments revertir totes les conseq\u00fc\u00e8ncies de les retallades. No hi pot haver sobirania en el marc de el r\u00e8gim mon\u00e0rquic,<\/p>\n<h2 style=\"text-align: justify;\">Per la llibertat dels presos<\/h2>\n<p style=\"text-align: justify;\">Gaireb\u00e9 un any despr\u00e9s de les enormes manifestacions en protesta per les condemnes, les reivindicacions continuen pendents. La continu\u00eftat de la situaci\u00f3 dels presos republicans catalans \u00e9s un clam directea la mobilitzaci\u00f3. Per\u00f2 a difer\u00e8ncia de les mobilitzacions hagudes en aquell moment, la crida de la convocat\u00f2ria de l&#8217;onze de setembre no esmenta els presos ni interpel\u00b7la a tothom.<\/p>\n<h2 style=\"text-align: justify;\">El significat de la lluita per la Rep\u00fablica<\/h2>\n<p style=\"text-align: justify;\">El r\u00e8gim de la Monarquia nega les aspiracions de el poble catal\u00e0 i asfixia a tots els pobles d&#8217;Espanya. \u00c9s la columna vertebral en la qual es recolzen l&#8217;IBEX-35 i les institucions de l&#8217;capital financer. La seva continu\u00eftat \u00e9s ja una c\u00e0rrega insuportable per a tots els treballadors i pobles que volen recuperar els drets, defensar la sanitat i l&#8217;ensenyament p\u00fablics, defensar els llocs de treball amena\u00e7ats.<\/p>\n<p style=\"text-align: justify;\">No es tracta de canviar un rei podrit que no tria ning\u00fa, per un president votat per la ciutadania perqu\u00e8 aquesta f\u00f3rmula sigui m\u00e9s democr\u00e0tica, que \u00f2bviament ho \u00e9s. El que cal \u00e9s modificar substancialment les bases pol\u00edtiques i econ\u00f2miques de pa\u00eds. I aix\u00f2 nom\u00e9s s&#8217;aconseguir\u00e0 forjant una potent alian\u00e7a entre els treballadors i els pobles de tot l&#8217;Estat espanyol, per defensar les pensions, per exigir la derogaci\u00f3 immediata de les reformes laborals, etc. Per defensar-nos en definitiva de l&#8217;enemic com\u00fa.<\/p>\n<p style=\"text-align: justify;\">L&#8217;octubre passat, la mobilitzaci\u00f3 de tot el poble catal\u00e0 es va enfrontar a la sent\u00e8ncia i als jutges, a les polic\u00edes i institucions, i en particular es va manifestar massivament contra la Monarquia. Aix\u00ed es posava a primera l\u00ednia de combat com\u00fa dels treballadors i pobles contra el r\u00e8gim mon\u00e0rquic. La qual cosa no t\u00e9 res a veure amb qui es dedica a fomentar un ranci discurs antiespanyol o fer creure que les institucions europees donaran suport a la lluita per la llibertat dels pobles.<\/p>\n<p style=\"text-align: justify;\">Nom\u00e9s els treballadors emanciparan als treballadors, i nom\u00e9s els pobles emanciparan als pobles. La lluita de tots plegats \u00e9s l&#8217;\u00fanic cam\u00ed que ens pot fer avan\u00e7ar. No hi ha soluci\u00f3 per a Catalunya sense una soluci\u00f3 per a Espanya i al rev\u00e9s. I la soluci\u00f3 \u00e9s la Rep\u00fablica, del Poble i per als Pobles, basada en la llibertat i la fraternitat, on l&#8217;exercici del dret d&#8217;autodeterminaci\u00f3 estigui garantit.<\/p>\n<p><strong><em>7 setembre 2020<\/em><\/strong><\/p>\n<p><strong><em>Secretariat de Catalunya del POSI<\/em><\/strong><\/p>\n","protected":false},"excerpt":{"rendered":"<p>(Publicat a la Carta Setmanal 799 &#8211; veure en castellano) La crisi econ\u00f2mica i l&#8217;emerg\u00e8ncia social han posat en evid\u00e8ncia el r\u00e8gim capitalista, la podridura d&#8217;un sistema que mostra a les clares la incompatibilitat entre el r\u00e8gim de la propietat privada i la protecci\u00f3 de la salut p\u00fablica i els drets m\u00e9s elementals . I [&hellip;]<\/p>\n","protected":false},"author":1,"featured_media":0,"comment_status":"open","ping_status":"open","sticky":false,"template":"","format":"standard","meta":{"ngg_post_thumbnail":0,"footnotes":""},"categories":[976],"tags":[],"class_list":["post-4893","post","type-post","status-publish","format-standard","hentry","category-cartas-catalan"],"aioseo_notices":[],"_links":{"self":[{"href":"http:\/\/posicuarta.org\/cartasblog\/wp-json\/wp\/v2\/posts\/4893","targetHints":{"allow":["GET"]}}],"collection":[{"href":"http:\/\/posicuarta.org\/cartasblog\/wp-json\/wp\/v2\/posts"}],"about":[{"href":"http:\/\/posicuarta.org\/cartasblog\/wp-json\/wp\/v2\/types\/post"}],"author":[{"embeddable":true,"href":"http:\/\/posicuarta.org\/cartasblog\/wp-json\/wp\/v2\/users\/1"}],"replies":[{"embeddable":true,"href":"http:\/\/posicuarta.org\/cartasblog\/wp-json\/wp\/v2\/comments?post=4893"}],"version-history":[{"count":7,"href":"http:\/\/posicuarta.org\/cartasblog\/wp-json\/wp\/v2\/posts\/4893\/revisions"}],"predecessor-version":[{"id":4902,"href":"http:\/\/posicuarta.org\/cartasblog\/wp-json\/wp\/v2\/posts\/4893\/revisions\/4902"}],"wp:attachment":[{"href":"http:\/\/posicuarta.org\/cartasblog\/wp-json\/wp\/v2\/media?parent=4893"}],"wp:term":[{"taxonomy":"category","embeddable":true,"href":"http:\/\/posicuarta.org\/cartasblog\/wp-json\/wp\/v2\/categories?post=4893"},{"taxonomy":"post_tag","embeddable":true,"href":"http:\/\/posicuarta.org\/cartasblog\/wp-json\/wp\/v2\/tags?post=4893"}],"curies":[{"name":"wp","href":"https:\/\/api.w.org\/{rel}","templated":true}]}}