{"id":5674,"date":"2021-05-24T00:54:21","date_gmt":"2021-05-23T22:54:21","guid":{"rendered":"http:\/\/posicuarta.org\/cartasblog\/?p=5674"},"modified":"2021-05-24T09:49:48","modified_gmt":"2021-05-24T07:49:48","slug":"en-todos-los-territorios-de-palestina-se-levanta-un-solo-pueblo","status":"publish","type":"post","link":"http:\/\/posicuarta.org\/cartasblog\/en-todos-los-territorios-de-palestina-se-levanta-un-solo-pueblo\/","title":{"rendered":"En todos los territorios de Palestina, se levanta un solo pueblo"},"content":{"rendered":"<h3><a href=\"http:\/\/posicuarta.org\/cartasblog\/en-tots-els-territoris-de-palestina-saixeca-un-sol-poble\/\">Carta Semanal 836 en catal\u00e1n<\/a><\/h3>\n<h3><a href=\"http:\/\/posicuarta.org\/cartasblog\/wp-content\/uploads\/2021\/05\/Carta_836.pdf\">Carta Semanal 836 para descargar en PDF<\/a><\/h3>\n<h1><a href=\"http:\/\/posicuarta.org\/cartasblog\/wp-content\/uploads\/2021\/05\/Carta_836.pdf\"><img loading=\"lazy\" decoding=\"async\" class=\"alignleft wp-image-5678\" style=\"margin-top: 0.857143rem; margin-right: 1.71429rem; margin-bottom: 0.857143rem;\" src=\"http:\/\/posicuarta.org\/cartasblog\/wp-content\/uploads\/2021\/03\/Carta_836_cat.jpg\" alt=\"\" width=\"150\" height=\"212\" srcset=\"http:\/\/posicuarta.org\/cartasblog\/wp-content\/uploads\/2021\/03\/Carta_836_cat.jpg 1190w, http:\/\/posicuarta.org\/cartasblog\/wp-content\/uploads\/2021\/03\/Carta_836_cat-212x300.jpg 212w, http:\/\/posicuarta.org\/cartasblog\/wp-content\/uploads\/2021\/03\/Carta_836_cat-724x1024.jpg 724w, http:\/\/posicuarta.org\/cartasblog\/wp-content\/uploads\/2021\/03\/Carta_836_cat-106x150.jpg 106w, http:\/\/posicuarta.org\/cartasblog\/wp-content\/uploads\/2021\/03\/Carta_836_cat-768x1086.jpg 768w, http:\/\/posicuarta.org\/cartasblog\/wp-content\/uploads\/2021\/03\/Carta_836_cat-1086x1536.jpg 1086w, http:\/\/posicuarta.org\/cartasblog\/wp-content\/uploads\/2021\/03\/Carta_836_cat-624x883.jpg 624w\" sizes=\"auto, (max-width: 150px) 100vw, 150px\" \/><\/a><strong>\u00abNo ha<\/strong><strong>y ninguna du<\/strong><strong>da de que Palestina se perfila ahora como una unidad geogr\u00e1fica y demogr\u00e1fica\u00bb<\/strong><\/h1>\n<div class=\"page\" title=\"Page 1\">\n<div class=\"section\">\n<div class=\"layoutArea\">\n<div class=\"column\">\n<p>Excepcionalmente publicamos una entrevista a Awad Abdelfatta\u0301, coordinador de la Campan\u0303a por un Solo Estado Democra\u0301tico, publicada por Informations Ouvrie\u0301res (Francia)<\/p>\n<\/div>\n<\/div>\n<\/div>\n<\/div>\n<h4 style=\"text-align: justify;\"><strong>Los miembros de la Campa\u00f1a por un Solo Estado Democr\u00e1tico en toda la Palestina his<\/strong><strong>t\u00f3rica<em>, One Democratic State Campaign<\/em> (ODSC), est\u00e1n directamente comprometidos con el levantamiento del pueblo palestino: el 5 de mayo de 2021, <em>One Democratic State Campaign<\/em> public\u00f3 un comunicado condenando con la m\u00e1xima firmeza la intervenci\u00f3n del ej\u00e9rcito israel\u00ed en Gaza y llam\u00f3 <em>\u00aba todas las organizaciones de la sociedad civil y a las personas amantes de la libertad a actuar inmediatamente para presionar a sus gobiernos para que exijan que el Estado delincuente de Israel cese su guerra genocida contra los palestinos de Gaza (&#8230;) y ponga fin al bloqueo\u00bb.<\/em> El 11 de mayo, ODSC sacaba su comunicado <em>\u00abLa revoluci\u00f3n popular es el camino de la Palestina ocupada\u00bb. Informations Ouvri\u00e8res <\/em>ha pedido a Awad Abdelfatt\u00e1, coordinador de la Campa\u00f1a por un Solo Estado Democr\u00e1tico que d\u00e9 su punto de vista sobre la situaci\u00f3n para los lectores del peri\u00f3dico. <\/strong><\/h4>\n<p style=\"text-align: justify;\"><!--more-->\u00abLa situaci\u00f3n encierra grandes oportunidades y tambi\u00e9n riesgos. Vivimos un momento casi sin precedentes. Pese al dolor, el miedo y los riesgos que engendra, como naci\u00f3n colonizada nos sentimos renacer en un pueblo m\u00e1s unido y determinado. El pueblo palestino se reunifica, lucha y hace que se tambaleen los fundamentos ideol\u00f3gicos mismos del colonizador. Creo que entramos en un nuevo cap\u00edtulo de la historia de la lucha. La imagen de Israel se est\u00e1 rompiendo y su debilidad moral, su racismo y su barbarie inherentes al sistema colonial sionista resultan m\u00e1s evidentes que nunca. Ya no pueden presentarlo como un refugio de paz para los jud\u00edos. Quieren que Gaza, asediada, hambrienta y empobrecida acepte el bloqueo mort\u00edfero y quedar separada de Palestina. Su poblaci\u00f3n deber\u00eda seguir muriendo a fuego lento. \u00a1No!\u00a0 La poblaci\u00f3n de Gaza se defiende porque quiere vivir, quiere la libertad para ella y para todo su pueblo. \u00a1Todos estamos con Gaza! No hay ninguna duda de que Palestina se perfila ahora como una sola unidad geogr\u00e1fica y demogr\u00e1fica, contrariamente a los c\u00e1lculos del sistema colonial sionista. La chispa de los acontecimientos recientes parti\u00f3 de Jerusal\u00e9n, se extendi\u00f3 despu\u00e9s al interior de las fronteras de 1948, despu\u00e9s a la Franja de Gaza, despu\u00e9s a Cisjordania.<\/p>\n<p style=\"text-align: justify;\">Muchos analistas palestinos dicen equivocadamente que es la primera vez que asistimos a una aut\u00e9ntica cohesi\u00f3n en la lucha. Parecen olvidar que en 2000, la explosi\u00f3n de un frente \u00fanico de combate, en toda Palestina, dio lugar a lo que se conoce como la segunda Intifada. Y los palestinos de los territorios de 1948 unieron sus fuerzas a la Intifada.<\/p>\n<p style=\"text-align: justify;\">Lo que sucede hoy en las fronteras de 1948 es notable. La interacci\u00f3n potente e inmediata con la causa de la liberaci\u00f3n de nuestro pueblo, por una parte, la intensificaci\u00f3n de la brutalidad de las bandas de colonos, por otra, deben tomarse en serio, en particular por las j\u00f3venes vanguardias.<\/p>\n<h4 style=\"text-align: justify;\"><strong>El levantamiento procede de abajo, no de decisiones de partidos o movimientos<\/strong><\/h4>\n<p style=\"text-align: justify;\">El sentimiento creciente en el seno del r\u00e9gimen del apartheid de haber perdido el control de los ciudadanos \u00e1rabes lo hace m\u00e1s peligroso y m\u00e1s brutal para esta parte de nuestro pueblo. Los medios de comunicaci\u00f3n israel\u00edes enga\u00f1an y mienten para que la gente crea que se levantan en respuesta a Ham\u00e1s, cuando ellos emprendieron la batalla de Jerusal\u00e9n antes de que el movimiento de resistencia y Ham\u00e1s lanzasen ning\u00fan misil. Hay que tomar en consideraci\u00f3n estas cuestiones para evitar la desilusi\u00f3n ante la brutal represi\u00f3n del levantamiento.<\/p>\n<p style=\"text-align: justify;\">En las fronteras de 1948, el levantamiento procede de abajo y no de decisiones de partidos o movimientos. La mayor parte de las iniciativas de masas son dirigidas por las vanguardias de la juventud palestina con decisiones adoptadas localmente sobre objetivos precisos. Es una evoluci\u00f3n importante, pero no garantiza la continuidad.<\/p>\n<p style=\"text-align: justify;\">En las fronteras de 1948, el problema m\u00e1s importante al que se enfrenta el levantamiento, y esto vale tambi\u00e9n en Cisjordania, es la ausencia de direcci\u00f3n pol\u00edtica capaz de hacer frente a la escalada del r\u00e9gimen de apartheid y a su agresi\u00f3n.<\/p>\n<p style=\"text-align: justify;\">Hay una urgente necesidad de dirigentes capaces de guiar el levantamiento. Debemos reflexionar con rapidez sobre el modo de crear un \u00f3rgano de coordinaci\u00f3n que ayude a estructurarlo y a garantizar la protecci\u00f3n de los movimientos. Entre la vanguardia de los j\u00f3venes se destacan algunos dirigentes, pero necesitar\u00e1n el apoyo de los que tienen experiencia pol\u00edtica y organizativa. Es uno de los desaf\u00edos que hay que resolver.<\/p>\n<p style=\"text-align: justify;\">Sin duda ha sido la presi\u00f3n de decenas de cuadros, de movimientos de mujeres y hombres lo que ha hecho que el Alto Comit\u00e9 de Seguimiento de los Asuntos de los \u00c1rabes en Israel (en las fronteras de 1948) haya decidido convocar una huelga general para el martes 18 de mayo.\u00bb<\/p>\n<h4><strong>\u00daltima hora<\/strong><\/h4>\n<p style=\"text-align: justify;\">Todas las agencias lo afirman: la huelga general ha sido seguida masivamente por <em>\u00abcientos de miles de palestinos\u00bb<\/em> en el interior del Estado de Israel, en Cisjordania y en Gaza por id\u00e9nticas consignas. Se informa que, en toda Palestina, todos los comercios \u00e1rabes estaban cerrados el 18 de mayo.<\/p>\n<hr \/>\n<h1><strong>\u00bfRompe el plan Biden con el ajuste estructural asim\u00e9trico?<\/strong><\/h1>\n<p><em>Art\u00edculo aparecido en la Lettre de la V\u00e9rit\u00e9, publicada por la secci\u00f3n francesa de la IV Internacional<\/em><\/p>\n<h4><strong>\u00bfImpresionante?<\/strong><\/h4>\n<p style=\"text-align: justify;\">Leyendo los peri\u00f3dicos franceses, tenemos la impresi\u00f3n de que se ha producido un milagro: Joe Biden, tocado por la gracia como Pablo de Tarso en el camino de Damasco, ha roto con la pol\u00edtica seguida desde 1980 por los Estados Unidos.<\/p>\n<p style=\"text-align: justify;\">\u00a1Y citan una cifras que impresionan! Pero mir\u00e9moslo m\u00e1s de cerca.<\/p>\n<p style=\"text-align: justify;\">Se ha votado un primer plan de 1,9 billones de d\u00f3lares de ayudas p\u00fablicas: adem\u00e1s de las ayudas a las empresas, se ha pagado un cheque de 1.400 d\u00f3lares a todos los estadounidenses que tienen menos de 75.000 d\u00f3lares de ingresos anuales, y una ayuda que pasa de 200 a 300 d\u00f3lares al mes para los ni\u00f1os, incluidos los m\u00e1s pobres que no ten\u00edan derecho a nada (27 millones de ni\u00f1os).<\/p>\n<p style=\"text-align: justify;\">El nivel de pobreza de los ni\u00f1os en Estados Unidos hab\u00eda llegado a tal punto que esta medida aparec\u00eda como una simple necesidad para evitar la subalimentaci\u00f3n masiva que la pandemia amenazaba con generalizar r\u00e1pidamente. Efectivamente esta medida parece en ruptura con la decisi\u00f3n en 1996 del presidente dem\u00f3crata Bill Clinton, con el decidido apoyo entonces del senador dem\u00f3crata Joe Biden, que recort\u00f3 enormemente las ayudas a las familias considerando que propiciaban la pereza.<\/p>\n<h4><strong>\u00a1No tanto!<\/strong><\/h4>\n<p style=\"text-align: justify;\">\u00bfQu\u00e9 sucedi\u00f3 en la primavera de 2020? La movilizaci\u00f3n contra el racismo sist\u00e9mico y los asesinatos de negros por los polic\u00edas, secundada por la juventud y los trabajadores en todo el pa\u00eds, sac\u00f3 a la luz la gravedad de la situaci\u00f3n: el incremento del paro, la miseria infantil, de los ni\u00f1os afroamericanos en particular, con los despidos debidos al cierre de algunos sectores. El gran reproche que los negros hac\u00edan a Barack Obama era que no hab\u00eda hecho nada por ellos y hab\u00eda entregado sumas colosales a los banqueros en quiebra en 2008. Biden, para obtener un apoyo electoral, tuvo que cambiar de chaqueta; en unas primarias en las que estaba mal situado, tuvo que buscar el apoyo del voto negro. Elegido en una situaci\u00f3n ca\u00f3tica, deb\u00eda al menos anunciar un r\u00e1pido plan de apoyo a la econom\u00eda tras los considerables regalos que Trump hizo a los multimillonarios. Sin embargo, vemos que la ayuda a los ni\u00f1os, por ejemplo, est\u00e1 limitada a un a\u00f1o y hasta el cheque de 1.400 d\u00f3lares para cada estadounidense va a permitir sobre todo pagar los cr\u00e9ditos para los estudios, para la casa, para el seguro m\u00e9dico, etc. As\u00ed pues, en cierto modo ayuda tambi\u00e9n a los bancos a pasar el mal trago, pero mantiene la especulaci\u00f3n, de ah\u00ed que las bolsas se hayan disparado, tranquilizadas al ver impl\u00edcitamente confirmados los regalos de Trump. Los cr\u00e9ditos para la vacunaci\u00f3n inundan los grandes laboratorios. En lo que respecta al saqueo organizado por el sistema sanitario en beneficio de los laboratorios y las aseguradoras, nada ha cambiado. En cuanto al prometido salario federal m\u00ednimo de 15 d\u00f3lares, la oposici\u00f3n de un solo senador dem\u00f3crata ha bastado para retirar el proyecto de ley.<\/p>\n<p style=\"text-align: justify;\">As\u00ed pues, es un reflejo de la gravedad de la situaci\u00f3n: ante la c\u00f3lera que se expresa en las manifestaciones masivas, Biden tiene que hacer de bombero para no ceder en lo esencial. La distribuci\u00f3n de las ayudas es provisional y permite al ahogado mantener la cabeza fuera del agua por un tiempo. \u00bfLos mecanismos fiscales que han producido incre\u00edbles desigualdades? Eso no se modifica.<\/p>\n<h4><strong>\u00bfY el plan de 3 billones de d\u00f3lares para infraestructuras? <\/strong><\/h4>\n<p style=\"text-align: justify;\">Por el momento es solo un proyecto que se realizar\u00eda a lo largo de ocho a\u00f1os, de modo que no es tan importante para cada a\u00f1o. Podemos estar seguros de que la discusi\u00f3n en el Senado permitir\u00e1 establecer unos par\u00e1metros muy ventajosos para el sector privado. El deterioro de las infraestructuras es un problema grave. Los incendios en California comenzaron por postes el\u00e9ctricos vetustos y la empresa, que durante a\u00f1os ceb\u00f3 a los accionistas, se declar\u00f3 en quiebra para no tener que pagar las reparaciones, mejorar su red e indemnizar a las v\u00edctimas.\u00a0 Algunos condados ni siquiera tienen agua potable. Durante todo su mandato, Trump promet\u00eda cada dos por tres grandes planes de reconstrucci\u00f3n de infraestructuras. De modo que esto no es una novedad. Los gastos militares de 780.000 millones de d\u00f3lares se votaron con total acuerdo de dem\u00f3cratas y republicanos, y jam\u00e1s han sido objeto de la m\u00e1s m\u00ednima austeridad. Habr\u00e1, pues, gastos en infraestructuras con una asociaci\u00f3n p\u00fablico-privado que organizar\u00e1 los costes a cargo del Estado y las ganancias para los multimillonarios.\u00a0 Para intentar atenuar las cr\u00edticas, Biden anuncia que para financiarlos habr\u00e1 un ligero aumento del impuesto sobre los beneficios de las empresas. Ahora bien, Trump baj\u00f3 ese impuesto del 35% al 21%, y Biden sugiere subirlo del 21% al 25%. \u00a1Qu\u00e9 audacia!<\/p>\n<h4><strong>Tensiones extremas<\/strong><\/h4>\n<p style=\"text-align: justify;\">Como siempre, los periodistas invierten las causas y las consecuencias. Biden intenta contener la lucha de clases para no tener que recular. La reacci\u00f3n va a seguir su ofensiva, como lo muestra que el Senado de Georgia haya votado nuevas leyes Jim Crow para limitar el voto de los negros. Mientras, Biden intenta evitar las provocaciones que pueden reavivar las movilizaciones contra el capitalismo.<\/p>\n<p style=\"text-align: justify;\">Para los trabajadores, los j\u00f3venes, m\u00e1s vale p\u00e1jaro en mano que ciento volando. La cuesti\u00f3n clave: siguen m\u00e1s que nunca de actualidad las exigencias de salario federal m\u00ednimo a 15 d\u00f3lares y Medicare para todos.<\/p>\n<p style=\"text-align: justify;\">El veredicto que reconoce culpable al polic\u00eda Derek Chauvin de la muerte de George Floyd ha sido recibido por Biden con alivio, ya que, si bien esto nunca hab\u00eda sucedido, esta vez una absoluci\u00f3n habr\u00eda desencadenado revueltas en todo el pa\u00eds. Pero la situaci\u00f3n sigue tensa: contin\u00faan los asesinatos de negros por polic\u00edas, no se ha modificado la legislaci\u00f3n del Tribunal Supremo que garantiza la inmunidad de los polic\u00edas. El Senado de Georgia acaba de votar una ley Jim Crow, para limitar el derecho de voto de los negros y, en muchos Estados, hay numerosos proyectos de ley del mismo tipo.<\/p>\n<p style=\"text-align: justify;\">Todo sigue pendiente de un hilo y Biden lo sabe muy bien.<\/p>\n","protected":false},"excerpt":{"rendered":"<p>Carta Semanal 836 en catal\u00e1n Carta Semanal 836 para descargar en PDF \u00abNo hay ninguna duda de que Palestina se perfila ahora como una unidad geogr\u00e1fica y demogr\u00e1fica\u00bb Excepcionalmente publicamos una entrevista a Awad Abdelfatta\u0301, coordinador de la Campan\u0303a por un Solo Estado Democra\u0301tico, publicada por Informations Ouvrie\u0301res (Francia) Los miembros de la Campa\u00f1a por [&hellip;]<\/p>\n","protected":false},"author":1,"featured_media":0,"comment_status":"open","ping_status":"open","sticky":false,"template":"","format":"standard","meta":{"ngg_post_thumbnail":0,"footnotes":""},"categories":[61],"tags":[246,55],"class_list":["post-5674","post","type-post","status-publish","format-standard","hentry","category-cartas","tag-palestina","tag-usa"],"aioseo_notices":[],"_links":{"self":[{"href":"http:\/\/posicuarta.org\/cartasblog\/wp-json\/wp\/v2\/posts\/5674","targetHints":{"allow":["GET"]}}],"collection":[{"href":"http:\/\/posicuarta.org\/cartasblog\/wp-json\/wp\/v2\/posts"}],"about":[{"href":"http:\/\/posicuarta.org\/cartasblog\/wp-json\/wp\/v2\/types\/post"}],"author":[{"embeddable":true,"href":"http:\/\/posicuarta.org\/cartasblog\/wp-json\/wp\/v2\/users\/1"}],"replies":[{"embeddable":true,"href":"http:\/\/posicuarta.org\/cartasblog\/wp-json\/wp\/v2\/comments?post=5674"}],"version-history":[{"count":7,"href":"http:\/\/posicuarta.org\/cartasblog\/wp-json\/wp\/v2\/posts\/5674\/revisions"}],"predecessor-version":[{"id":5686,"href":"http:\/\/posicuarta.org\/cartasblog\/wp-json\/wp\/v2\/posts\/5674\/revisions\/5686"}],"wp:attachment":[{"href":"http:\/\/posicuarta.org\/cartasblog\/wp-json\/wp\/v2\/media?parent=5674"}],"wp:term":[{"taxonomy":"category","embeddable":true,"href":"http:\/\/posicuarta.org\/cartasblog\/wp-json\/wp\/v2\/categories?post=5674"},{"taxonomy":"post_tag","embeddable":true,"href":"http:\/\/posicuarta.org\/cartasblog\/wp-json\/wp\/v2\/tags?post=5674"}],"curies":[{"name":"wp","href":"https:\/\/api.w.org\/{rel}","templated":true}]}}