{"id":5856,"date":"2021-07-27T18:11:42","date_gmt":"2021-07-27T16:11:42","guid":{"rendered":"http:\/\/posicuarta.org\/cartasblog\/?p=5856"},"modified":"2021-07-27T18:16:22","modified_gmt":"2021-07-27T16:16:22","slug":"tribunals-i-poder-judicial-franquista","status":"publish","type":"post","link":"http:\/\/posicuarta.org\/cartasblog\/tribunals-i-poder-judicial-franquista\/","title":{"rendered":"Tribunals i poder judicial franquista"},"content":{"rendered":"<h3><a href=\"http:\/\/posicuarta.org\/cartasblog\/wp-content\/uploads\/2021\/07\/Carta_845_cat.pdf\">Carta Setmanal 845 per descarregar en PDF<\/a><\/h3>\n<p><a href=\"http:\/\/posicuarta.org\/cartasblog\/wp-content\/uploads\/2021\/07\/Carta_845_cat.pdf\"><img loading=\"lazy\" decoding=\"async\" class=\"alignleft wp-image-5861\" src=\"http:\/\/posicuarta.org\/cartasblog\/wp-content\/uploads\/2021\/07\/Carta_845_cat.jpg\" alt=\"\" width=\"150\" height=\"212\" srcset=\"http:\/\/posicuarta.org\/cartasblog\/wp-content\/uploads\/2021\/07\/Carta_845_cat.jpg 1240w, http:\/\/posicuarta.org\/cartasblog\/wp-content\/uploads\/2021\/07\/Carta_845_cat-212x300.jpg 212w, http:\/\/posicuarta.org\/cartasblog\/wp-content\/uploads\/2021\/07\/Carta_845_cat-724x1024.jpg 724w, http:\/\/posicuarta.org\/cartasblog\/wp-content\/uploads\/2021\/07\/Carta_845_cat-106x150.jpg 106w, http:\/\/posicuarta.org\/cartasblog\/wp-content\/uploads\/2021\/07\/Carta_845_cat-768x1086.jpg 768w, http:\/\/posicuarta.org\/cartasblog\/wp-content\/uploads\/2021\/07\/Carta_845_cat-1087x1536.jpg 1087w, http:\/\/posicuarta.org\/cartasblog\/wp-content\/uploads\/2021\/07\/Carta_845_cat-624x882.jpg 624w\" sizes=\"auto, (max-width: 150px) 100vw, 150px\" \/><\/a><\/p>\n<p style=\"text-align: justify;\">En les \u00faltimes setmanes, diverses resolucions d&#8217;\u00f2rgans judicials i similars s&#8217;han destacat en la vida pol\u00edtica del pa\u00eds. Citem, sense anar m\u00e9s lluny, l&#8217;informe de Tribunal Suprem contra els indults, l&#8217;informe del Consell General de Poder Judicial a favor de la Fundaci\u00f3 Franco, i m\u00e9s recentment la sent\u00e8ncia (il\u00b7legal segons juristes) del Tribunal Constitucional sobre l&#8217;estat d&#8217;alarma i les resolucions del Tribunal de Comptes pel que fa als republicans catalans.<\/p>\n<p style=\"text-align: justify;\">En el cas de l&#8217;estat d&#8217;alarma, el TC ha dictaminat que el confinament imposat al mar\u00e7 de 2020 en relaci\u00f3 amb la pand\u00e8mia era inconstitucional, i que es va haver de rec\u00f3rrer a l&#8217;estat d&#8217;excepci\u00f3. Una decisi\u00f3 m\u00e9s que rellevant, perqu\u00e8 d\u00b4haver-ho fet hagu\u00e9s perm\u00e8s grav\u00edssimes restriccions de llibertats i drets, encara m\u00e9s greus que les sofertes, incloent la lliure utilitzaci\u00f3 de l&#8217;ex\u00e8rcit. El que pot passar si s&#8217;aplica aquesta doctrina a futurs episodis pand\u00e8mics. No han faltat els qui han vist en aquesta sent\u00e8ncia, m\u00e9s que una q\u00fcesti\u00f3 de doctrina constitucional, la voluntat dels jutges del TC d&#8217;atacar el govern de coalici\u00f3 de PSOE i Unides Podem ratllant d&#8217;inconstitucional, il\u00b7leg\u00edtima la seva actuaci\u00f3. I assenyalen, amb ra\u00f3, la incongru\u00e8ncia d&#8217;haver adm\u00e8s un recurs d&#8217;inconstitucionalitat de Vox, que havia aprovat amb el seu vot el mateix estat d&#8217;alarma que va impugnar davant del TC.<\/p>\n<p style=\"text-align: justify;\">Pel que fa al Tribunal de Comptes, la persecuci\u00f3 d&#8217;aquest \u00f2rgan als dirigents republicans catalans, que l&#8217;ha portat a exigir-los responsabilitats econ\u00f2miques milion\u00e0ries -que poden dur a l&#8217;embargament de tots els seus b\u00e9ns i a la ru\u00efna econ\u00f2mica- forma part de l&#8217;ofensiva de l&#8217;aparell de estat, des de les c\u00e0rregues policials contra el refer\u00e8ndum d&#8217;l&#8217;1 d&#8217;octubre de 2017 i la persecuci\u00f3 judicial desfermada despr\u00e9s del discurs del Borb\u00f3 el 3 d&#8217;octubre, que va donar lloc a les condemnes per sedici\u00f3 dels principals dirigents republicans catalans, i que continua encara. L&#8217;actuaci\u00f3 del Tribunal de Comptes referma just despr\u00e9s dels indults dictats pel govern, com si busquessin contrarestar amb una nova mitjana repressiva la recerca de distensi\u00f3 que suposen els indults.<\/p>\n<p style=\"text-align: justify;\">En tot cas, aquestes diferents mesures posen de manifest el poder desmesurat d&#8217;un aparell judicial controlat per una xarxa organitzada de franquistes, l&#8217;APM i l&#8217;AF (\u00e9s el mateix poder judicial del franquisme, que no va patir depuraci\u00f3 alguna durant l&#8217;anomenada Transici\u00f3), i que est\u00e0 protegit des del Consell General de Poder Judicial controlat pels designats majorit\u00e0riament pel PP.<\/p>\n<h3><strong>La regla dels tres cinquens<\/strong><\/h3>\n<p style=\"text-align: justify;\">Tots dos organismes, TC i T de C, com succeeix amb el Consell general del Poder Judicial, depenen de la necessitat de la seva renovaci\u00f3 en Corts per una majoria de tres cinquens. Per tant, d&#8217;un necessari acord de PP i el PSOE.<\/p>\n<p style=\"text-align: justify;\">Els organismes que en depenen l&#8217;acord del PSOE i el PP per renovar-los s&#8217;han succe\u00eft en primer terme de la vida pol\u00edtica en els \u00faltims mesos, per correspondre intervenir en assumptes importants, i ho han fet i en definitiva, tot passa \u00abnormalment\u00bb.<\/p>\n<p style=\"text-align: justify;\">Cal recordar que, encara que alguns ho semblin, aquests organismes no s\u00f3n tribunals de just\u00edcia, compostos per jutges i magistrats, que es cobreixen per la designaci\u00f3 del CGPJ i les inst\u00e0ncies judicials. El Consell General del Poder Judicial \u00e9s un \u00f2rgan de govern. El Tribunal de Comptes \u00e9s un organisme de control dels comptes p\u00fablics. El Tribunal Constitucional \u00e9s l&#8217;int\u00e8rpret de la Constituci\u00f3 i nom\u00e9s sotm\u00e8s. Se sol afegir el Defensor del Poble, la Junta Electoral Central (de les seves resolucions deriva en definitiva la inhabilitaci\u00f3 del president de la Generalitat de Catalunya, Quim Torra) i el Consell de Radiotelevisi\u00f3, entre d&#8217;altres. Tots ells s\u00f3n organismes elegits per una majoria qualificada de les Corts. Una majoria de tres cinquens, com hem assenyalat abans.<\/p>\n<p style=\"text-align: justify;\">Aquests organismes permeten que l&#8217;estat segueixi funcionant. Que hi hagi jutges, que hi hagi un control econ\u00f2mic, que es tanquin les disputes entre les altes inst\u00e0ncies de l&#8217;Estat &#8230; Les tres cinquenes parts s\u00f3n una de les claus del funcionament de l&#8217;Estat.<\/p>\n<p style=\"text-align: justify;\">Aix\u00f2 concentra el car\u00e0cter de la constituci\u00f3 del 78 de defensa de les institucions heretades.<\/p>\n<p style=\"text-align: justify;\">En teoria, tots ells depenen per a la seva composici\u00f3 i renovaci\u00f3 d&#8217;acords a les Corts. Per\u00f2 passa una i altra vegada el mateix: Quan t\u00e9 majoria el PP, cobreix les vacants segons l&#8217;orientaci\u00f3 franquista. Quan t\u00e9 majoria el PSOE, no es cobreixen les vacants, fins que hi hagi un altre govern del PP. El que garanteix majories eternes dels jutges aferrats als franquistes. El paper dels vocals designats per Converg\u00e8ncia i PNB no sol comptar.<\/p>\n<p style=\"text-align: justify;\">Caldria afegir una altra perversitat del m\u00e8tode. El PP, fins i tot quan permet la renovaci\u00f3, no accepta a qualsevol jurista proposat pel PSOE. Recordem, per exemple, que quan el TC va dictar la sent\u00e8ncia que va derogar l&#8217;Estatut de Catalunya aprovat per les Corts, el Parlament de Catalunya i pel poble catal\u00e0 en refer\u00e8ndum, ho va fer despr\u00e9s d&#8217;haver apartat irregularment a un vocal i amb el vot favorable d&#8217;un magistrat nomenat a iniciativa del PSOE, i el mateix s&#8217;ha repetit ara amb el vot de la Sra Encarna Roca a favor de la inconstitucionalitat de l&#8217;estat d&#8217;alarma i la no renovaci\u00f3 d&#8217;un altre. Vol dir que al menys en alguns casos el PSOE tria els seus candidats perqu\u00e8 siguin acceptables per al PP.<\/p>\n<p style=\"text-align: justify;\">El resultat \u00e9s que aquests \u00f2rgans \u00abconstitucionals\u00bb de l&#8217;Estat est\u00e0 previst que funcionin segons els dictats franquistes, i el que en els fets est\u00e0 descartat \u00e9s que funcionin amb una altra pol\u00edtica.<\/p>\n<p style=\"text-align: justify;\">Com succeeix amb moltes altres disposicions constitucionals, les tres cinquenes parts deixen el pa\u00eds pres de la decisi\u00f3 de l&#8217;aparell d&#8217;Estat i de les organitzacions franquistes.<\/p>\n<p style=\"text-align: justify;\">La disciplina d&#8217;aquests \u00f2rgans constitucionals encaixa perfectament amb els criteris que regeixen a les institucions no escollides pels ciutadans, com s\u00f3n la judicatura, les forces armades, o la Corona. Una part de l&#8217;Estat ve de la dictadura, sense depuraci\u00f3 si m\u00e9s no, i la part suposadament triada funciona de tal manera que sempre han de guanyar els franquistes. Tinguem present que militars, jutges i en particular el monarca s\u00f3n molt donats a sobreposar-se a les atribucions del \u00a0Govern i de la majoria de les Corts.<\/p>\n<h3><strong>Tot amb la complicitat de la Uni\u00f3 Europea<\/strong><\/h3>\n<p style=\"text-align: justify;\">Ha de seguir tot aix\u00f2 sent aix\u00ed? El govern S\u00e1nchez-Iglesias va ser el primer a q\u00fcestionar-ho. Va fer un projecte de llei perqu\u00e8 l&#8217;acord del PP no pugui bloquejar els nomenaments en \u00f2rgans constitucionals. Per\u00f2 va intervenir la Comissi\u00f3 Europea, entitat que no \u00e9s triada pels ciutadans, ni directament ni indirectament i va amena\u00e7ar amb sancionar econ\u00f2micament a Espanya si l&#8217;atreviment de S\u00e1nchez persistia.<\/p>\n<p style=\"text-align: justify;\">Per tant, no \u00e9s just dir que estem lligats per l&#8217;her\u00e8ncia plasmada en les tres cinquenes parts constitucionals, sin\u00f3 que cal afegir que aix\u00f2 \u00e9s aix\u00ed perqu\u00e8 l&#8217;antidemocr\u00e0tica UE ho imposa, amb ple coneixement de causa: la UE d\u00f3na suport, sens dubte, la continu\u00eftat del poder franquista.<\/p>\n<p style=\"text-align: justify;\">La qual cosa ens porta a la q\u00fcesti\u00f3 de les q\u00fcestions. \u00c9s reformable aquest r\u00e8gim? Poden utilitzar les seves institucions en benefici de la majoria treballadora de pa\u00eds? Qui pensi que s\u00ed que ho expliqui. Perqu\u00e8 l&#8217;experi\u00e8ncia acumulada des de 1978 demostra que tant el r\u00e8gim com les seves institucions s\u00f3n formidables obstacles per al progr\u00e9s de la classe treballadora, per a la satisfacci\u00f3 de les reivindicacions obreres i els drets dels diferents pobles de l&#8217;Estat.<\/p>\n<p style=\"text-align: justify;\">En democr\u00e0cia, cap instituci\u00f3 pot escapar a la voluntat i sobirania popular. Per tant, l&#8217;exig\u00e8ncia d&#8217;elecci\u00f3 dels jutges pel poble \u00e9s un imperatiu.<\/p>\n<p style=\"text-align: justify;\">L&#8217;\u00fanica sortida, si es vol democr\u00e0cia i drets, \u00e9s acabar amb aquest r\u00e8gim i substituir-lo per la Rep\u00fablica.<\/p>\n","protected":false},"excerpt":{"rendered":"<p>Carta Setmanal 845 per descarregar en PDF En les \u00faltimes setmanes, diverses resolucions d&#8217;\u00f2rgans judicials i similars s&#8217;han destacat en la vida pol\u00edtica del pa\u00eds. Citem, sense anar m\u00e9s lluny, l&#8217;informe de Tribunal Suprem contra els indults, l&#8217;informe del Consell General de Poder Judicial a favor de la Fundaci\u00f3 Franco, i m\u00e9s recentment la sent\u00e8ncia [&hellip;]<\/p>\n","protected":false},"author":1,"featured_media":0,"comment_status":"open","ping_status":"open","sticky":false,"template":"","format":"standard","meta":{"ngg_post_thumbnail":0,"footnotes":""},"categories":[976],"tags":[1099,1054,257,286],"class_list":["post-5856","post","type-post","status-publish","format-standard","hentry","category-cartas-catalan","tag-republica","tag-aparato-judicial-franquista","tag-tribunal-constitucional","tag-tribunal-supremo"],"aioseo_notices":[],"_links":{"self":[{"href":"http:\/\/posicuarta.org\/cartasblog\/wp-json\/wp\/v2\/posts\/5856","targetHints":{"allow":["GET"]}}],"collection":[{"href":"http:\/\/posicuarta.org\/cartasblog\/wp-json\/wp\/v2\/posts"}],"about":[{"href":"http:\/\/posicuarta.org\/cartasblog\/wp-json\/wp\/v2\/types\/post"}],"author":[{"embeddable":true,"href":"http:\/\/posicuarta.org\/cartasblog\/wp-json\/wp\/v2\/users\/1"}],"replies":[{"embeddable":true,"href":"http:\/\/posicuarta.org\/cartasblog\/wp-json\/wp\/v2\/comments?post=5856"}],"version-history":[{"count":4,"href":"http:\/\/posicuarta.org\/cartasblog\/wp-json\/wp\/v2\/posts\/5856\/revisions"}],"predecessor-version":[{"id":5862,"href":"http:\/\/posicuarta.org\/cartasblog\/wp-json\/wp\/v2\/posts\/5856\/revisions\/5862"}],"wp:attachment":[{"href":"http:\/\/posicuarta.org\/cartasblog\/wp-json\/wp\/v2\/media?parent=5856"}],"wp:term":[{"taxonomy":"category","embeddable":true,"href":"http:\/\/posicuarta.org\/cartasblog\/wp-json\/wp\/v2\/categories?post=5856"},{"taxonomy":"post_tag","embeddable":true,"href":"http:\/\/posicuarta.org\/cartasblog\/wp-json\/wp\/v2\/tags?post=5856"}],"curies":[{"name":"wp","href":"https:\/\/api.w.org\/{rel}","templated":true}]}}