{"id":5937,"date":"2021-08-23T18:38:46","date_gmt":"2021-08-23T16:38:46","guid":{"rendered":"http:\/\/posicuarta.org\/cartasblog\/?p=5937"},"modified":"2021-08-31T09:24:46","modified_gmt":"2021-08-31T07:24:46","slug":"escriva-el-pacte-de-toledo-i-lacord-del-dialeg-social-contra-les-cordes","status":"publish","type":"post","link":"http:\/\/posicuarta.org\/cartasblog\/escriva-el-pacte-de-toledo-i-lacord-del-dialeg-social-contra-les-cordes\/","title":{"rendered":"ESCRIV\u00c0, EL\u00a0PACTE DE TOLEDO I\u00a0 L&#8217;ACORD DEL \u00abDI\u00c0LEG SOCIAL\u00bb CONTRA LES CORDES"},"content":{"rendered":"<h3><a href=\"http:\/\/posicuarta.org\/cartasblog\/wp-content\/uploads\/2021\/08\/Carta_849_cat.pdf\">Carta Setmanal 849 per descarregar en PDF<\/a><\/h3>\n<h3><a href=\"http:\/\/posicuarta.org\/cartasblog\/wp-content\/uploads\/2021\/08\/Carta_849_cat.pdf\"><img loading=\"lazy\" decoding=\"async\" class=\"alignleft wp-image-5940\" style=\"margin-top: 0.857143rem; margin-right: 1.71429rem; margin-bottom: 0.857143rem;\" src=\"http:\/\/posicuarta.org\/cartasblog\/wp-content\/uploads\/2021\/08\/Carta_849_cat-1.jpg\" alt=\"\" width=\"150\" height=\"212\" srcset=\"http:\/\/posicuarta.org\/cartasblog\/wp-content\/uploads\/2021\/08\/Carta_849_cat-1.jpg 595w, http:\/\/posicuarta.org\/cartasblog\/wp-content\/uploads\/2021\/08\/Carta_849_cat-1-212x300.jpg 212w, http:\/\/posicuarta.org\/cartasblog\/wp-content\/uploads\/2021\/08\/Carta_849_cat-1-106x150.jpg 106w\" sizes=\"auto, (max-width: 150px) 100vw, 150px\" \/><\/a><strong>LA MOBILITZACI\u00d3 EN DEFENSA DE LA SEGURETAT SOCIAL POSA A ESCRIV\u00c0, EL&nbsp;<\/strong><strong style=\"font-size: 1.14286rem;\">PACTE DE <\/strong><strong style=\"font-size: 1.14286rem;\">TOLEDO I&nbsp; L&#8217;ACORD DEL \u00abDI\u00c0LEG SOCIAL\u00bb CONTRA LES CORDES<\/strong><\/h3>\n<p style=\"text-align: justify;\">La situaci\u00f3 actual de la lluita per la defensa de sistema p\u00fablic de pensions es troba en una cru\u00eflla, gr\u00e0cies a la forta resist\u00e8ncia que de manera independent han organitzat les plataformes de pensionistes. L&#8217;anomenada crisi de la Seguretat Social, amb la qual es vol justificar tot tipus de retallades, \u00e9s una crisi provocada per la pol\u00edtica dels governs al servei del capital financer.<\/p>\n<p style=\"text-align: justify;\">La responsabilitat de l&#8217;Estat arrenca des de la transici\u00f3 pol\u00edtica, quan ja va ser objecte la Seguretat Social d&#8217;un important desmembrament d&#8217;institucions i serveis socials creats i finan\u00e7ats pels super\u00e0vits de les cotitzacions socials.<!--more--><\/p>\n<p style=\"text-align: justify;\">L&#8217;Estat, que no \u00e9s neutral ja que est\u00e0 al servei de la classe dominant, ha teixit un entramat de complicitats pol\u00edtiques amb l&#8217;objectiu de debilitar, dislocar, el r\u00e8gim de repartiment i la Seguretat Social. Acords que enllacen amb la Uni\u00f3 Europea. Les propostes de reformes d&#8217;Escriv\u00e1 formen part del Pla de Recuperaci\u00f3, Transformaci\u00f3 i Resili\u00e8ncia acordat amb Brussel\u00b7les i inserit en els plans de destrucci\u00f3 de conquestes socials per a tot Europa i molt especialment del sistema de repartiment basat en cotitzacions socials, \u00e9s a dir, en salari diferit .<\/p>\n<p style=\"text-align: justify;\">La l\u00ednia mantinguda a Espanya pels governs, procurant afeblir el sistema de repartiment durant decennis, es pot concretar en dos eixos centrals:<\/p>\n<h3><strong>Finan\u00e7ar amb cotitzacions socials despeses del Pressupost de l&#8217;Estat per ocultar els seus d\u00e8ficits<\/strong><\/h3>\n<p style=\"text-align: justify;\">El Pacte de Toledo, des de la seva creaci\u00f3 el 1994, col\u00b7loca entre els seus objectius principals <em>\u00abevitar majors d\u00e8ficits p\u00fablics al pressupost de l&#8217;Estat<\/em>\u00ab. Aquest objectiu s&#8217;ha cobert sobradament. Des de fa anys, el moviment de pensionistes denuncia com pol\u00edtiques governamentals, que havien de finan\u00e7ar-se amb el pressupost de l&#8217;Estat, es finan\u00e7aven indegudament amb cotitzacions socials.<\/p>\n<p style=\"text-align: justify;\">El ministre ho va recon\u00e8ixer en Corts al juliol \u00faltim al presentar els Acords del Di\u00e0leg Social. Va dir que, a m\u00e9s de les despeses en pensions, amb <em>\u00ables cotitzacions socials s&#8217;estan abordant i s&#8217;han abordat al llarg de molts anys pol\u00edtiques de diferent naturalesa<\/em>\u00ab. L&#8217;any 2020, suposaven un total de 22.000 milions d&#8217;euros.<\/p>\n<p style=\"text-align: justify;\">Exigir con\u00e8ixer a quant ascendeix el saqueig que el mateix ministre reconeix \u00e9s un dret democr\u00e0tic irrenunciable, d&#8217;aqu\u00ed l&#8217;exig\u00e8ncia de realitzaci\u00f3 d&#8217;una auditoria als comptes de la Seguretat Social. Perqu\u00e8 tota discussi\u00f3 sobre el futur de la Seguretat Social exigeix \u200b\u200bpartir de bases s\u00f2lides.<\/p>\n<p style=\"text-align: justify;\">Amb tot desvergonyiment el ministre segueix parlant de d\u00e8ficit de la Seguretat Social. Un relat fals, perqu\u00e8 principalment es deu al fet que s&#8217;expliquen com a despeses de la Seguretat Social despeses que corresponen al Ministeri d&#8217;Hisenda, que no les registra com a despesa del seu pressupost. Per aix\u00f2, els pensionistes insisteixen en defensar la veritat: aquests d\u00e8ficits que diuen els comptes apanyata s\u00f3n falsos d\u00e8ficits. S\u00f3n despeses dedicades a pol\u00edtiques de millora de la contractaci\u00f3, pol\u00edtiques actives d&#8217;ocupaci\u00f3, subvencions a determinats r\u00e8gims &#8230;, que corresponen al Ministeri d&#8217;Hisenda.<\/p>\n<p style=\"text-align: justify;\">El ministre va haver de recon\u00e8ixer que en l&#8217;\u00faltim exercici \u00ab<em>les despeses impr\u00f2pies superen el nivell de d\u00e8ficit de la Seguretat Social<\/em>\u00ab. Per tant, si s&#8217;hagu\u00e9s fet el que calia, aquest any els comptes de la Seguretat Social haurien aparegut amb super\u00e0vit.<\/p>\n<h3 style=\"text-align: justify;\"><strong style=\"font-size: 1rem;\">L&#8217;incompliment de l&#8217;article 109.2 de la LGSS genera en els comptes una falsa de deute de m\u00e9s 85.000 milions<\/strong><\/h3>\n<p style=\"text-align: justify;\">L&#8217;article 109.2 de la Llei General de Seguretat Social estableix que el pressupost de l&#8217;Estat (PGE) ha de fer les aportacions necess\u00e0ries per finan\u00e7ar les prestacions contributives. En canvi, Hisenda va donar pr\u00e9stecs a la Seguretat Social. Una manipulaci\u00f3 comptable que permet que la despesa no figuri en els PGE, augmentant el d\u00e8ficit de l&#8217;Estat, i, com a contrapartida, en els comptes de la S. Social apareix com a despesa, creant-li un d\u00e8ficit finan\u00e7at amb pr\u00e9stecs.<\/p>\n<p style=\"text-align: justify;\">Amb aquestes operacions fraudulentes, la Seguretat Social apareix amb un deute de m\u00e9s de 85.000 milions d&#8217;euros a 1 de desembre de 2020.<\/p>\n<h3 style=\"text-align: justify;\"><strong>Queda clar que els diferents governs han creat la imatge de \u00abcrisi\u00bb i \u00abfallida\u00bb de la Seguretat Social, amb un d\u00e8ficit cr\u00f2nic i un deute astron\u00f2mic. Sobre aquestes bases s&#8217;han constru\u00eft el Pacte de Toledo i les propostes sobre pensions de govern, patronal i direccions sindicals durant un quart de segle.<\/strong><\/h3>\n<p style=\"text-align: justify;\">Aquesta presa de decisions opaques i contr\u00e0ries al compliment de la llei no pot ser assumida com a normal. Molts treballadors, pensionistes i actius, han fet balan\u00e7 d&#8217;aquesta experi\u00e8ncia, i exigeixen que es faci llum sobre la veritat i es reparin les seves conseq\u00fc\u00e8ncies.<\/p>\n<p style=\"text-align: justify;\">Les organitzacions de pensionistes preparen una concentraci\u00f3 el 16 d&#8217;octubre davant les Corts per aturar l&#8217;ofensiva contra la Seguretat Social. Rebutgen els acords de govern, la patronal i els sindicats, i aixequen l&#8217;exig\u00e8ncia d&#8217;una auditoria als comptes de la Seguretat Social que determini la magnitud del saqueig perpetrat durant decennis a les cotitzacions socials i estableixi les bases de la restituci\u00f3 corresponent a la caixa \u00fanica de la S. Social.<\/p>\n<p style=\"text-align: justify;\">Nom\u00e9s aix\u00ed \u00e9s possible establir bases s\u00f2lides que esvaeixin els n\u00favols sobre el futur que, partint de falsos d\u00e8ficits i deutes falsos, parteixen el govern actual, la patronal i les direccions sindicals.<\/p>\n<p style=\"text-align: justify;\">La iniciativa d&#8217;auditoria i concentraci\u00f3 davant les Corts el 16 d&#8217;octubre es dirigeix \u200b\u200ba tots els treballadors, sindicalistes i organitzacions. La defensa de la S. Social \u00e9s compet\u00e8ncia de tots els treballadors. Partint de la COESPE, ha reunit molts suports, amb centenars de milers de signatures, centenars de mocions d&#8217;ajuntaments, de seccions sindicals, la Federaci\u00f3 de Jubilats i Pensionistes i el Congr\u00e9s Confederal de la UGT, diversos congressos de CCOO, parlamentaris de 8 grups pol\u00edtics diferents, associacions diverses i altres coordinadores de pensionistes. La subscriuen sindicalistes europeus: la recolzen des d&#8217;Alemanya la comissi\u00f3 internacional del sindicat IG Metall de Berl\u00edn, responsables del sindicat de serveis verdi de Berl\u00edn,, d&#8217;\u00c0ustria, (els sindicalistes del moviment \u00abRebel\u00b7li\u00f3 de la gent gran\u00bb, el moviment \u00abSocialdem\u00f2crates i sindicalistes contra l&#8217;estat d&#8217;urg\u00e8ncia\u00bb), de Fran\u00e7a (la Uni\u00f3 de pensionistes del sindicat For\u00e7a Obrera de Paris).<\/p>\n<p style=\"text-align: justify;\">A la recollida de signatures i suports, a m\u00e9s de les plataformes i coordinadores de pensionistes s&#8217;han vinculat militants de diverses organitzacions i col\u00b7lectius: militants de la IV Internacional, organitzacions de Esquerra Unida, Esquerra Socialista, regidors del PSOE, d&#8217;IU, de PODEM, militants i parlamentaris d&#8217;ERC, de Comprom\u00eds, Comit\u00e8 per l&#8217;Alian\u00e7a de Treballadors i Pobles (CATP), associacions de ve\u00efns.<\/p>\n<p style=\"text-align: justify;\">Tot i la penetraci\u00f3 real de la campanya en el moviment obrer, d&#8217;una forma solapada i defensiva s&#8217;han manifestat alguns rebutjos: d&#8217;una banda, el rebuig es va manifestar sota la forma d&#8217;una discussi\u00f3 de dates, evitant que apareguessin les difer\u00e8ncies de continguts . En el contingut ha entrat Unai Sordo, secretari general de CCOO, al dir en una entrevista que \u00ab<em>parlar d&#8217;auditoria d&#8217;uns comptes p\u00fablics, que estan publicats, i coneguts per qualsevol que els vulgui buscar, nom\u00e9s incideix en el descr\u00e8dit del sistema p\u00fablic i en general del que \u00e9s p\u00fablic. Em sembla un error estrat\u00e8gic important <\/em>\u00ab.<\/p>\n<p style=\"text-align: justify;\">Per\u00f2 el que es discuteix \u00e9s que s&#8217;estan fent acords en el marc del di\u00e0leg social sobre la base de dades falses. No poden abordar mesures de retallades que redueixen la taxa de substituci\u00f3 respecte a l&#8217;\u00faltim salari, penalitzacions a les jubilacions anticipades, increments dels requisits d&#8217;acc\u00e9s al sistema, modificar la naturalesa de prestacions, augments del per\u00edode de c\u00e0lcul de les pensions, reducci\u00f3 de les pensions inicials als 11 milions de treballadors actius del baby boom, basant-se en un relat i unes bases manipulades i falses, com succeeix en el di\u00e0leg social.<\/p>\n<p style=\"text-align: justify;\">Per parlar del futur del sistema cal deixar clarament establert que aquest ha estat i \u00e9s sostenible, demostrar i quantificar l&#8217;import dels saquejos, que CCOO, davant el Pacte de Toledo, el 28 de novembre de 2016, va xifrar en m\u00e9s de mig bili\u00f3 d&#8217;euros, i treure les conseq\u00fc\u00e8ncies adequades als interessos de la classe obrera.<\/p>\n<h3 style=\"text-align: justify;\"><strong>La situaci\u00f3 actual est\u00e0 determinada per dos elements centrals: la import\u00e0ncia de la mobilitzaci\u00f3 del 16 d&#8217;octubre a les Corts i l&#8217;acollida de la proposta d&#8217;auditoria pels parlamentaris compromesos en la seva consecuci\u00f3, i, a m\u00e9s, pel previsible rebuig a les Corts dels Acords de govern, la patronal i sindicats.<\/strong><\/h3>\n<p style=\"text-align: justify;\">La mobilitzaci\u00f3 del 16 d&#8217;octubre davant les Corts concentrar\u00e0 tota l&#8217;activitat d&#8217;organitzacions, plataformes i col\u00b7lectius implicats. Seran setmanes de recollida de nous suports, preparaci\u00f3 d&#8217;autobusos, discussions i organitzaci\u00f3 de tasques. Els militants que han recollit milers de signatures en taules en pobles i places, els que durant anys han defensat al carrer els seus drets, els que en els seus sindicats van aprovar mocions de suport, els regidors que van portar mocions als seus ajuntaments, formaran l&#8217;avantguarda necess\u00e0ria per guanyar.<\/p>\n<p style=\"text-align: justify;\">El rebuig als Acords signats pel govern, la patronal i sindicats, anunciat per diputats i grups parlamentaris, es mant\u00e9. Carlos Bravo, dirigent de CCOO, valorava fins i tot les possibilitats de suport de PP. Alg\u00fa t\u00e9 algun dubte sobre qu\u00e8 podria donar suport al PP ?:<\/p>\n<p style=\"text-align: justify;\"><em>\u00abAquesta reforma que acabem d&#8217;acordar s&#8217;ha d&#8217;aprovar en la Comissi\u00f3 de treball i Seguretat Social. Jo crec que en aquest moment est\u00e0 a falta de confirmar dos vots perqu\u00e8 sigui aprovada i crec que \u00e9s molt factible que aquests dos vots s&#8217;obtinguin. Treballarem perqu\u00e8 el vot sigui m\u00e9s ampli. \u00c9s veritat que amb la posici\u00f3 que ha pres el Partit Popular hi ha aqu\u00ed alguna discussi\u00f3 que cal veure com queda. El normal \u00e9s que el que hem aprovat passi sense m\u00e9s dificultats, per\u00f2 no estic tan segur que aix\u00f2 passi a la seg\u00fcent<\/em> \u00ab.<\/p>\n<p style=\"text-align: justify;\">El que queda per a les seg\u00fcents fases ja compta amb un argumentat rebuig: la determinaci\u00f3 del nou \u00abfactor d&#8217;equitat intergeneracional\u00bb, quan l&#8217;equitat intergeneracional es basa en la igualtat de la taxa de substituci\u00f3 entre generacions, l&#8217;augment del per\u00edode de c\u00e0lcul de les pensions, la implantaci\u00f3 d&#8217;un sistema complementari de pensions sense que hi hagi una taxa de substituci\u00f3 m\u00ednima infranquejable, el respecte a l&#8217;article 109.2 de la LGSS abandonant els cants de sirena d&#8217;impostos espec\u00edfics finalistes per finan\u00e7ar les pensions.<\/p>\n<p style=\"text-align: justify;\">Els Acords assolits entre govern, patronal i sindicats presenten serioses dificultats per a la seva aprovaci\u00f3. Les relacions de for\u00e7a en la lluita de classes decidiran el resultat.<\/p>\n","protected":false},"excerpt":{"rendered":"<p>Carta Setmanal 849 per descarregar en PDF LA MOBILITZACI\u00d3 EN DEFENSA DE LA SEGURETAT SOCIAL POSA A ESCRIV\u00c0, EL&nbsp;PACTE DE TOLEDO I&nbsp; L&#8217;ACORD DEL \u00abDI\u00c0LEG SOCIAL\u00bb CONTRA LES CORDES La situaci\u00f3 actual de la lluita per la defensa de sistema p\u00fablic de pensions es troba en una cru\u00eflla, gr\u00e0cies a la forta resist\u00e8ncia que de [&hellip;]<\/p>\n","protected":false},"author":1,"featured_media":0,"comment_status":"open","ping_status":"open","sticky":false,"template":"","format":"standard","meta":{"ngg_post_thumbnail":0,"footnotes":""},"categories":[976],"tags":[30,84,88,672],"class_list":["post-5937","post","type-post","status-publish","format-standard","hentry","category-cartas-catalan","tag-clase-obrera","tag-independencia-sindical","tag-pensiones","tag-seguridad-social"],"aioseo_notices":[],"_links":{"self":[{"href":"http:\/\/posicuarta.org\/cartasblog\/wp-json\/wp\/v2\/posts\/5937","targetHints":{"allow":["GET"]}}],"collection":[{"href":"http:\/\/posicuarta.org\/cartasblog\/wp-json\/wp\/v2\/posts"}],"about":[{"href":"http:\/\/posicuarta.org\/cartasblog\/wp-json\/wp\/v2\/types\/post"}],"author":[{"embeddable":true,"href":"http:\/\/posicuarta.org\/cartasblog\/wp-json\/wp\/v2\/users\/1"}],"replies":[{"embeddable":true,"href":"http:\/\/posicuarta.org\/cartasblog\/wp-json\/wp\/v2\/comments?post=5937"}],"version-history":[{"count":5,"href":"http:\/\/posicuarta.org\/cartasblog\/wp-json\/wp\/v2\/posts\/5937\/revisions"}],"predecessor-version":[{"id":5954,"href":"http:\/\/posicuarta.org\/cartasblog\/wp-json\/wp\/v2\/posts\/5937\/revisions\/5954"}],"wp:attachment":[{"href":"http:\/\/posicuarta.org\/cartasblog\/wp-json\/wp\/v2\/media?parent=5937"}],"wp:term":[{"taxonomy":"category","embeddable":true,"href":"http:\/\/posicuarta.org\/cartasblog\/wp-json\/wp\/v2\/categories?post=5937"},{"taxonomy":"post_tag","embeddable":true,"href":"http:\/\/posicuarta.org\/cartasblog\/wp-json\/wp\/v2\/tags?post=5937"}],"curies":[{"name":"wp","href":"https:\/\/api.w.org\/{rel}","templated":true}]}}