{"id":6975,"date":"2022-09-19T19:26:05","date_gmt":"2022-09-19T17:26:05","guid":{"rendered":"https:\/\/posicuarta.org\/cartasblog\/?p=6975"},"modified":"2022-09-19T19:41:48","modified_gmt":"2022-09-19T17:41:48","slug":"diada-2022-cast","status":"publish","type":"post","link":"http:\/\/posicuarta.org\/cartasblog\/diada-2022-cast\/","title":{"rendered":"DIADA 2022: DECENAS DE MILES DE MANIFESTANTES BUSCAN UNA SALIDA POL\u00cdTICA"},"content":{"rendered":"<h2><a href=\"https:\/\/posicuarta.org\/cartasblog\/diada-2022-cat\/\">Carta Semanal 905 en catal\u00e1n<\/a><\/h2>\n<h2><a href=\"https:\/\/posicuarta.org\/cartasblog\/wp-content\/uploads\/2022\/09\/Carta_905_Diada2022.pdf\">Carta Semanal 905 para descargar en PDF<\/a><\/h2>\n<p style=\"text-align: justify;\"><a href=\"https:\/\/posicuarta.org\/cartasblog\/diada-2022\/\"><img loading=\"lazy\" decoding=\"async\" class=\"alignleft wp-image-6979\" src=\"http:\/\/posicuarta.org\/cartasblog\/wp-content\/uploads\/2022\/09\/Carta_905_Diada2022.jpg\" alt=\"\" width=\"150\" height=\"212\" srcset=\"http:\/\/posicuarta.org\/cartasblog\/wp-content\/uploads\/2022\/09\/Carta_905_Diada2022.jpg 1240w, http:\/\/posicuarta.org\/cartasblog\/wp-content\/uploads\/2022\/09\/Carta_905_Diada2022-212x300.jpg 212w, http:\/\/posicuarta.org\/cartasblog\/wp-content\/uploads\/2022\/09\/Carta_905_Diada2022-724x1024.jpg 724w, http:\/\/posicuarta.org\/cartasblog\/wp-content\/uploads\/2022\/09\/Carta_905_Diada2022-106x150.jpg 106w, http:\/\/posicuarta.org\/cartasblog\/wp-content\/uploads\/2022\/09\/Carta_905_Diada2022-768x1086.jpg 768w, http:\/\/posicuarta.org\/cartasblog\/wp-content\/uploads\/2022\/09\/Carta_905_Diada2022-1086x1536.jpg 1086w, http:\/\/posicuarta.org\/cartasblog\/wp-content\/uploads\/2022\/09\/Carta_905_Diada2022-624x883.jpg 624w\" sizes=\"auto, (max-width: 150px) 100vw, 150px\" \/><\/a>De la manifestaci\u00f3n de la Diada de este a\u00f1o hay dos aspectos importantes a se\u00f1alar. El primero de ellos, que a pesar de las disputas internas que enfrentan, un d\u00eda s\u00ed y otro tambi\u00e9n, a los partidos que componen el gobierno de la Generalitat, y a pesar tambi\u00e9n de la ausencia de ERC (disconforme con los objetivos de los convocantes, la ANC, \u00d3mnium y la Asamblea de Municipios por la Independencia, que por otro lado, tampoco estaban de acuerdo entre ellos), la manifestaci\u00f3n ha reunido a miles de personas. Obviamente, much\u00edsimas menos que otros a\u00f1os, pero muchas m\u00e1s de las que algunos esperaban o deseaban. Especialmente, los que especulan con las subidas y bajadas del \u201csouffl\u00e9\u201d catal\u00e1n. Dicho de otra manera: las condiciones para que la manifestaci\u00f3n fuera un aut\u00e9ntico fracaso estaban dadas, y sin embargo, esto no ha ocurrido. Es un hecho.&nbsp;<\/p>\n<p style=\"text-align: justify;\">Y el segundo aspecto a destacar es tambi\u00e9n un hecho incuestionable: el desarrollo de la manifestaci\u00f3n ha puesto en evidencia el divorcio existente entre las masas que segu\u00edan antes fielmente las indicaciones de los partidos y organizaciones partidarias de la independencia, y las que han dejado de hacerlo, o incluso critican ferozmente y se enfrentan al rumbo seguido&nbsp;&nbsp;por la mayor\u00eda de aquellas. El divorcio ciertamente no es de ahora \u2013viene como m\u00ednimo desde 2019-, pero es ahora cuando se ha visualizado de manera clar\u00edsima, alcanzando cotas como nunca antes se hab\u00edan visto, en los d\u00edas anteriores a la Diada y en la propia manifestaci\u00f3n. Divorcio que ha llevado a que miles de manifestantes se hayan girado en contra del gobierno de ERC y Junts, en contra del independentismo \u201coficial\u201d incluida la CUP, con insultos y abucheos a sus dirigentes (desde el propio presidente de la Generalitat, hasta el mismo Oriol Junqueras, que se ha pasado m\u00e1s de 3 a\u00f1os y medio en prisi\u00f3n), y con ultim\u00e1tums para que el gobierno de la Generalitat recupere la v\u00eda unilateral o convoque elecciones. Todo ello en medio de la indiferencia de la inmensa mayor\u00eda de los trabajadores catalanes que no se identifican con los objetivos de la convocatoria, porque entre otras cosas, como es tradicional, se ha realizado al margen de las reivindicaciones.<\/p>\n<p style=\"text-align: justify;\">Desde el punto de vista de quienes combatimos por los derechos de los trabajadores y los pueblos, no nos interesa tanto las querellas que rodean las relaciones de los diversos componentes del independentismo gubernamental, como el hecho de constatar que, a pesar de todo, y en contra de los que creen que el llamado \u201cproblema catal\u00e1n\u201d ya est\u00e1 resuelto&nbsp;&nbsp;por agotamiento, son muchos los catalanes que no quieren seguir viviendo bajo el r\u00e9gimen de la Monarqu\u00eda. Y no nos referimos solo a los que asistieron a la manifestaci\u00f3n. Tambi\u00e9n a los que han dejado de ir porque han constatado que lo que se ha dado en llamar el \u201cproc\u00e9s\u201d est\u00e1 en una v\u00eda muerta. Y que lo que proponen los dirigentes de los partidos que se reclaman de la independencia, en un caso difiere bastante de lo que estuvieron prometiendo no hace mucho, y en otro, supone poco m\u00e1s o menos que repetir experiencias que han fracasado, por m\u00e1s que hayan despertado la ilusi\u00f3n de much\u00edsima gente. Es normal, por lo tanto, que no despierte ninguna emoci\u00f3n las convocatorias, y menos si \u00e9stas se realizan en medio de las querellas.<\/p>\n<p style=\"text-align: justify;\">Sin embargo, la aspiraci\u00f3n del pueblo catal\u00e1n a poder decidir libremente su futuro contin\u00faa en buena medida intacta. Y por lo que se ha visto en esta Diada esa aspiraci\u00f3n no tiene una representaci\u00f3n pol\u00edtica. No la tiene ni para los independentistas, ni tampoco para quienes sin serlo consideran que hay que poder votar en un refer\u00e9ndum. Conducir a esta mayor\u00eda social por la senda del autonomismo -bien o mal gestionado- o por el de la proclama vac\u00eda de la unilateralidad, es conducirlo a la frustraci\u00f3n.&nbsp;<\/p>\n<p style=\"text-align: justify;\">Los lectores de la Carta Semanal conocen el posicionamiento que los militantes de la Cuarta Internacional hemos defendido desde el inicio de las Diadas multitudinarias: partidarios incondicionales del derecho de autodeterminaci\u00f3n, afirmamos que \u00e9ste no es posible ejercerlo bajo el actual r\u00e9gimen. Que las aspiraciones del pueblo catal\u00e1n, y la de todos los pueblos de Espa\u00f1a, no caben dentro de este r\u00e9gimen, que por otro lado es irreformable. Por tanto, la lucha por la abolici\u00f3n de la Monarqu\u00eda, por la Rep\u00fablica del Pueblo y para los Pueblos, basada en la fraternidad y en la libertad que garantice el ejercicio de este derecho, es una prioridad que debe unir a todos.&nbsp;<\/p>\n<p style=\"text-align: justify;\">Como debe unir a todos la defensa incondicional de los militantes represaliados y la exigencia de que cese la persecuci\u00f3n judicial que padece el independentismo, al igual que padecen todos aquellos que se oponen al r\u00e9gimen. M\u00e1s que nunca hay una exigencia que une a todos: la derogaci\u00f3n total de la ley Mordaza, sin m\u00e1s excusas.&nbsp;<\/p>\n<p style=\"text-align: justify;\">Urge recuperar las mejores tradiciones fraguadas en la lucha contra Franco. La lucha contra la Monarqu\u00eda y por la Rep\u00fablica, la lucha por los derechos democr\u00e1ticos y sociales, que son inseparables, requiere el combate unido de todos los trabajadores y pueblos del Estado espa\u00f1ol, y en ese combate estamos comprometidos. Ignorar que existe una aspiraci\u00f3n com\u00fan en todos los pueblos de Espa\u00f1a a la libertad y a la democracia, que existen reivindicaciones comunes que defender, es volver a llevar las aspiraciones del pueblo catal\u00e1n a un callej\u00f3n sin salida. Para la causa del pueblo catal\u00e1n y de todos los pueblos, no hay m\u00e1s aliados que los trabajadores y los pueblos.&nbsp;<\/p>\n<hr>\n<h1 style=\"text-align: justify;\"><span style=\"color: #ff0000;\"><strong>Presentaci\u00f3n IO 372<\/strong><\/span><\/h1>\n<p style=\"text-align: justify;\">Este n\u00famero se centra en tres aspectos de nuestra actividad:<\/p>\n<p style=\"text-align: justify;\">-La preparaci\u00f3n del Encuentro en Defensa de la Industria (ver p\u00e1gina 3).<\/p>\n<p style=\"text-align: justify;\">-El impulso y la participaci\u00f3n en la marcha a Madrid del 15-O en defensa de los salarios y de las pensiones, por su revalorizaci\u00f3n seg\u00fan el IPC real (anual) y la exigencia al Gobierno de que cumpla la Ley y realice la auditor\u00eda p\u00fablica a las cuentas de la Seguridad Social (ver portada y p\u00e1gina 9).<\/p>\n<p style=\"text-align: justify;\">-Informar del desarrollo de la Coordinadora Ampliada del CATP del 10 de septiembre (ver p\u00e1ginas centrales: 6 y 7, tambi\u00e9n la 5).<\/p>\n<p style=\"text-align: justify;\">&nbsp;<\/p>\n<p style=\"text-align: justify;\">El conjunto del peri\u00f3dico se encuadra pol\u00edticamente en la crisis econ\u00f3mica y la inflaci\u00f3n (tambi\u00e9n producto de la guerra imperialista, pero sobre todo de la utilizaci\u00f3n que se hace de este pretexto para disparar a\u00fan m\u00e1s los precios) y su reflejo en las instituciones del Estado; las consecuencias de esto para los trabajadores y los obst\u00e1culos que levantan las direcciones sindicales y pol\u00edticas a la movilizaci\u00f3n. Sin embargo, esa misma crisis hace dif\u00edcil los consensos entre el PP y el PSOE (cambio de mayor\u00eda en el Tribunal Constitucional, renovaci\u00f3n del poder judicial, acuerdo sobre las medidas a tomar ante la escalada imparable del coste de la energ\u00eda) y entre los dirigentes sindicales y el Gobierno (Pacto de Rentas, nueva \u00abreforma\u00bb de las pensiones), consensos necesarios para abordar la crisis desde los intereses de la burgues\u00eda y del capital.<\/p>\n<p style=\"text-align: justify;\">Destacamos en este sentido el editorial (en la portada) que da el eje pol\u00edtico a <em>Informaci\u00f3n Obrera<\/em>. Tambi\u00e9n las p\u00e1ginas 2 y 4 contienen art\u00edculos sobre la falta de acuerdo PP-PSOE para renovar las instancias y las medidas del Gobierno, supuestamente para controlar la inflaci\u00f3n, pero que hacen descargar la crisis sobre los trabajadores y sus derechos y condiciones de vida.<\/p>\n<p style=\"text-align: justify;\">&nbsp;<\/p>\n<p style=\"text-align: justify;\">Las p\u00e1ginas de internacional (3 en esta ocasi\u00f3n) informan:<\/p>\n<p style=\"text-align: justify;\">&#8211; De la resistencia obrera en Europa (ver p\u00e1gina 11) a una situaci\u00f3n muy semejante a la de Espa\u00f1a, en realidad pr\u00e1cticamente igual pues todos los Gobiernos y la UE se alinean con el imperialismo norteamericano. UP<\/p>\n<p style=\"text-align: justify;\">&#8211; De la situaci\u00f3n en Am\u00e9rica Latina (ver art\u00edculo sobre Chile en la p\u00e1gina 10).<\/p>\n<p style=\"text-align: justify;\">&#8211; De la represi\u00f3n en Palestina (p\u00e1gina 12).<\/p>\n<p style=\"text-align: justify;\">&nbsp;<\/p>\n<p style=\"text-align: justify;\">Recomendamos tambi\u00e9n la lectura de la primera parte de la entrevista de Informaci\u00f3n Obrera a Joan Tard\u00e0 sobre la ley de memoria democr\u00e1tica; la segunda parte de esta entrevista se publicar\u00e1 en el pr\u00f3ximo n\u00famero de Informaci\u00f3n Obrera y en siguientes n\u00fameros seguiremos el debate sobre esta ley y su utilizaci\u00f3n para la continuidad o no de la impunidad de los cr\u00edmenes franquistas.<\/p>\n<p style=\"text-align: justify;\">&nbsp;<\/p>\n<p style=\"text-align: justify;\">Por \u00faltimo, resaltar el art\u00edculo \u00abLas movilizaciones del profesorado en Catalu\u00f1a fuerzan la contrataci\u00f3n de 3.500 profesores\u00bb, que muestra los efectos diferidos de las huelgas del profesorado en Catalu\u00f1a.<\/p>\n<p style=\"text-align: justify;\">&nbsp;<\/p>\n","protected":false},"excerpt":{"rendered":"<p>Carta Semanal 905 en catal\u00e1n Carta Semanal 905 para descargar en PDF De la manifestaci\u00f3n de la Diada de este a\u00f1o hay dos aspectos importantes a se\u00f1alar. El primero de ellos, que a pesar de las disputas internas que enfrentan, un d\u00eda s\u00ed y otro tambi\u00e9n, a los partidos que componen el gobierno de la [&hellip;]<\/p>\n","protected":false},"author":1,"featured_media":0,"comment_status":"open","ping_status":"open","sticky":false,"template":"","format":"standard","meta":{"ngg_post_thumbnail":0,"footnotes":""},"categories":[61],"tags":[10,13,194,187],"class_list":["post-6975","post","type-post","status-publish","format-standard","hentry","category-cartas","tag-autodeterminacion","tag-cataluna","tag-franquismo","tag-monarquia"],"aioseo_notices":[],"_links":{"self":[{"href":"http:\/\/posicuarta.org\/cartasblog\/wp-json\/wp\/v2\/posts\/6975","targetHints":{"allow":["GET"]}}],"collection":[{"href":"http:\/\/posicuarta.org\/cartasblog\/wp-json\/wp\/v2\/posts"}],"about":[{"href":"http:\/\/posicuarta.org\/cartasblog\/wp-json\/wp\/v2\/types\/post"}],"author":[{"embeddable":true,"href":"http:\/\/posicuarta.org\/cartasblog\/wp-json\/wp\/v2\/users\/1"}],"replies":[{"embeddable":true,"href":"http:\/\/posicuarta.org\/cartasblog\/wp-json\/wp\/v2\/comments?post=6975"}],"version-history":[{"count":6,"href":"http:\/\/posicuarta.org\/cartasblog\/wp-json\/wp\/v2\/posts\/6975\/revisions"}],"predecessor-version":[{"id":6983,"href":"http:\/\/posicuarta.org\/cartasblog\/wp-json\/wp\/v2\/posts\/6975\/revisions\/6983"}],"wp:attachment":[{"href":"http:\/\/posicuarta.org\/cartasblog\/wp-json\/wp\/v2\/media?parent=6975"}],"wp:term":[{"taxonomy":"category","embeddable":true,"href":"http:\/\/posicuarta.org\/cartasblog\/wp-json\/wp\/v2\/categories?post=6975"},{"taxonomy":"post_tag","embeddable":true,"href":"http:\/\/posicuarta.org\/cartasblog\/wp-json\/wp\/v2\/tags?post=6975"}],"curies":[{"name":"wp","href":"https:\/\/api.w.org\/{rel}","templated":true}]}}