{"id":7069,"date":"2022-10-25T08:33:34","date_gmt":"2022-10-25T06:33:34","guid":{"rendered":"http:\/\/posicuarta.org\/cartasblog\/?p=7069"},"modified":"2022-10-25T08:33:34","modified_gmt":"2022-10-25T06:33:34","slug":"pensions-lauditoria","status":"publish","type":"post","link":"http:\/\/posicuarta.org\/cartasblog\/pensions-lauditoria\/","title":{"rendered":"Pensions: l&#8217;auditoria \u00e9s absolutament necess\u00e0ria"},"content":{"rendered":"<h2 style=\"text-align: justify;\"><a href=\"http:\/\/posicuarta.org\/cartasblog\/wp-content\/uploads\/2022\/10\/Carta_910_deNuevoAuditoria_cat.pdf\">Carta Setmanal 910 per descarregar en PDF<\/a><\/h2>\n<h2 style=\"text-align: justify;\"><a href=\"http:\/\/posicuarta.org\/cartasblog\/wp-content\/uploads\/2022\/10\/Carta_910_deNuevoAuditoria_cat.pdf\"><img loading=\"lazy\" decoding=\"async\" class=\"alignleft wp-image-7073\" style=\"margin-top: 0.857143rem; margin-right: 1.71429rem; margin-bottom: 0.857143rem;\" src=\"http:\/\/posicuarta.org\/cartasblog\/wp-content\/uploads\/2022\/10\/Carta_910_deNuevoAuditoria_cat-scaled.jpg\" alt=\"\" width=\"150\" height=\"212\" srcset=\"http:\/\/posicuarta.org\/cartasblog\/wp-content\/uploads\/2022\/10\/Carta_910_deNuevoAuditoria_cat-scaled.jpg 1810w, http:\/\/posicuarta.org\/cartasblog\/wp-content\/uploads\/2022\/10\/Carta_910_deNuevoAuditoria_cat-212x300.jpg 212w, http:\/\/posicuarta.org\/cartasblog\/wp-content\/uploads\/2022\/10\/Carta_910_deNuevoAuditoria_cat-724x1024.jpg 724w, http:\/\/posicuarta.org\/cartasblog\/wp-content\/uploads\/2022\/10\/Carta_910_deNuevoAuditoria_cat-106x150.jpg 106w, http:\/\/posicuarta.org\/cartasblog\/wp-content\/uploads\/2022\/10\/Carta_910_deNuevoAuditoria_cat-768x1086.jpg 768w, http:\/\/posicuarta.org\/cartasblog\/wp-content\/uploads\/2022\/10\/Carta_910_deNuevoAuditoria_cat-1086x1536.jpg 1086w, http:\/\/posicuarta.org\/cartasblog\/wp-content\/uploads\/2022\/10\/Carta_910_deNuevoAuditoria_cat-1448x2048.jpg 1448w, http:\/\/posicuarta.org\/cartasblog\/wp-content\/uploads\/2022\/10\/Carta_910_deNuevoAuditoria_cat-624x883.jpg 624w\" sizes=\"auto, (max-width: 150px) 100vw, 150px\" \/><\/a><\/h2>\n<p style=\"text-align: justify;\">Tot i la maniobra del govern d&#8217;anunciar una pujada del 8,5% per a les pensions, la manifestaci\u00f3 del 15 d&#8217;octubre, convocada per les principals organitzacions de pensionistes, va ser un \u00e8xit rotund. Especialment, per una participaci\u00f3 m\u00e9s gran de treballadors en actiu i de sindicalistes. Per\u00f2 aix\u00f2 no vol dir que desapareguin les pressions per a una forta retallada de les pensions.<\/p>\n<p style=\"text-align: justify;\">D&#8217;una banda, la Uni\u00f3 Europea exigeix \u200b\u200bal govern que compleixi el comprom\u00eds de reduir la despesa en pensions, ja sigui elevant a 35 anys el per\u00edode de c\u00f2mput de la pensi\u00f3 o per un altre mecanisme. I, per altra banda, precisament la persist\u00e8ncia de la mobilitzaci\u00f3 dels pensionistes \u2013que preparen noves jornades de mobilitzaci\u00f3 per al mes de novembre\u2013 obliga a redoblar la campanya de pressi\u00f3 sobre el govern perqu\u00e8 deixi de marejar la perdiu i apliqui les retallades a que s&#8217;ha comprom\u00e8s el ministre Escriv\u00e0, i, com a complement, la campanya d&#8217;intoxicaci\u00f3 de l&#8217;opini\u00f3 p\u00fablica amb el mite que el sistema p\u00fablic de pensions \u00e9s insostenible.<\/p>\n<p style=\"text-align: justify;\">En un mercat mundial que es contreu, el capital financer t\u00e9 avidesa per ficar la m\u00e0 als milers de milions de la seguretat social per als seus fons de pensions, malgrat la manca de rendibilitat d&#8217;aquests (vegeu la seva fallida actual a la Gran Bretanya i les p\u00e8rdues de gaireb\u00e9 un 10% acumulades aquest any a Espanya)<\/p>\n<p style=\"text-align: justify;\">Les mobilitzacions cont\u00ednues dels pensionistes amb les plataformes, la participaci\u00f3 creixent de grups de treballadors i sindicalistes, la crisi pol\u00edtica oberta al propi govern que va arribar a la seva culminaci\u00f3 quan una majoria parlament\u00e0ria va votar, el 21 de desembre de 2021, l&#8217;auditoria de la caixa de la Seguretat Social que el govern es nega a dur a terme, expliquen la campanya desaforada contra els pensionistes com a privilegiats.<\/p>\n<p style=\"text-align: justify;\">Per tant, aix\u00f2 indica que l&#8217;auditoria \u00e9s el centre de la batalla, aix\u00ed com la relaci\u00f3 de l&#8217;exig\u00e8ncia d&#8217;augment de salaris.<\/p>\n<p style=\"text-align: justify;\">La batalla per l&#8217;auditoria \u00e9s una batalla pol\u00edtica. No \u00e9s simplement la demostraci\u00f3 de que el sistema \u00e9s sostenible, sin\u00f3 que demostraria la podridura de les institucions que des de la dictadura, sota la qual es va imposar la creaci\u00f3 de la seguretat social, les institucions, han actuat per permetre que tots els governs tiressin de la caixa de la gent gran.<\/p>\n<p style=\"text-align: justify;\">A aix\u00f2 se suma el que en realitat regeix els pressupostos de l&#8217;estat, l&#8217;ocultaci\u00f3 de despeses, com hem comprovat a Defensa, a la Casa Reial, en realitat a tot el sistema.<\/p>\n<h3 style=\"text-align: justify;\"><strong>Un cop m\u00e9s, el Banc d&#8217;Espanya a l&#8217;atac<\/strong><\/h3>\n<p style=\"text-align: justify;\">L&#8217;experi\u00e8ncia ha demostrat que la suposada independ\u00e8ncia dels bancs centrals respecte dels governs i dels pobles permet la seva depend\u00e8ncia absoluta de les necessitats del capital financer.<\/p>\n<p style=\"text-align: justify;\">En aquesta ocasi\u00f3, el governador del Banc d&#8217;Espanya, Pablo Hern\u00e1ndez de Cos, ha intervingut, una vegada m\u00e9s, per defensar la necessitat d&#8217;un pacte de rendes i que inclogui les pensions. Durant la seva intervenci\u00f3 a la Comissi\u00f3 de Pressupostos del Congr\u00e9s dels Diputats, Hern\u00e1ndez de Cos ha demanat que les llars, les empreses i els governs han d&#8217;actuar, demanant-los \u201cque assumeixin una p\u00e8rdua de renda\u201d. I ha insistit de manera especial que tamb\u00e9 ho han de fer els pensionistes, en afirmar els efectes de \u201crisc\u201d que, segons ell, tindr\u00e0 la revaloraci\u00f3 de totes les pensions en funci\u00f3 de l&#8217;evoluci\u00f3 de la inflaci\u00f3, amb la pujada prevista del 8 ,5% per al proper any.<\/p>\n<p style=\"text-align: justify;\">Hern\u00e1ndez de Cos, a qui el poble no ha triat, s&#8217;ha perm\u00e8s donar lli\u00e7ons a tots els grups parlamentaris sobre els \u201csenyals\u201d que cal donar per aturar la inflaci\u00f3. Ha dit que la inflaci\u00f3 suposa que\u00bbhi ha una p\u00e8rdua de benestar s\u00ed o s\u00ed\u00bb, i que \u00abprincipalment empreses i llars, per\u00f2 tamb\u00e9 les administracions p\u00fabliques\u00bb han d'\u00bbinterioritzar la p\u00e8rdua de renda que implica l&#8217;encariment\u00bb de les primeres mat\u00e8ries que importa Espanya i l&#8217;efecte de la inflaci\u00f3i, per aix\u00f2, \u00abl&#8217;\u00fanic que podem fer \u00e9s repartir-ne el cost\u00bb.Per Hern\u00e1ndez de Cos, aquest repartiment es materialitzaria en el pacte de rendes, que podria adoptar-se nom\u00e9s al sector privat, per\u00f2 ha defensat que \u00abseria un missatge molt m\u00e9s potent de desindexaci\u00f3 de l&#8217;economia en un context d&#8217;inflaci\u00f3 molt elevada que tamb\u00e9 cobr\u00eds el sector p\u00fablic\u00bb, afectant a\u201cfuncionaris i pensionistes\u201d.<\/p>\n<p style=\"text-align: justify;\">L&#8217;advertiment sobre els funcionaris no sembla tan necessari despr\u00e9s de la signatura d&#8217;un acord que suposa una p\u00e8rdua d&#8217;almenys un 6% del poder adquisitiu. Potser per aix\u00f2, el president del Banc d&#8217;Espanya ha insistit m\u00e9s en els pensionistes.<\/p>\n<p style=\"text-align: justify;\">Resignant-se, aparentment, davant del que \u00e9s inevitable, Hern\u00e1ndez ha demanat, hip\u00f2critament, per protegir els pensionistes m\u00e9s vulnerables, amb una revaloraci\u00f3 de les prestacions m\u00ednimes el proper any en l\u00ednia amb la inflaci\u00f3, estimada en un 8,5%. Per\u00f2 ha demanat que aquest manteniment del poder adquisitiu no afecti la resta de pensions.<\/p>\n<p style=\"text-align: justify;\">El governador ha insistit que \u00abla despesa p\u00fablica hauria d\u00b4evitar l\u00b4\u00fas generalitzat de cl\u00e0usules d\u00b4indexaci\u00f3 autom\u00e0tiques en un context en qu\u00e8 el marge\u00bb de l\u00b4Estat \u00abes troba molt constrenyit per l\u00b4abultat endeutament p\u00fablic\u00bb. Aquesta desindexaci\u00f3 (no actualitzaci\u00f3 autom\u00e0tica amb la inflaci\u00f3) \u00abes pot fer compatible\u00bb amb protegir els m\u00e9s vulnerables, \u00e9s a dir, \u00abque les pensions m\u00ednimes s&#8217;indexin (a l&#8217;IPC) per\u00f2 potser no la resta\u00bb.<\/p>\n<p style=\"text-align: justify;\">Al banc d?Espanya s\u2019uneixen els experts de la Fundaci\u00f3 d\u2019Estudis d\u2019Economia Aplicada (Fedea), que proposen \u00ababaratir la factura\u00bb de les pensions, amb una pujada selectiva del 11% per a les pensions m\u00ednimes i del 2,5% per a les pensions que superin els 1.400 euros, de manera que segons ells, es retallaria la despesa de pensions en 6.225 el 2023, i en deu anys, en 68.000 milions \u201cque podrien destinar-se a programes que benefici\u00efn els joves, com l&#8217;amortitzaci\u00f3 de deute p\u00fablic\u201d .<\/p>\n<h3 style=\"text-align: justify;\"><strong>ABC se suma a la campanya<\/strong><\/h3>\n<p style=\"text-align: justify;\">Per la seva banda, el diari ABC -considerat per molts com a portaveu ofici\u00f3s de la Casa Reial- publicava el 17 d&#8217;octubre passat un editorial i un llarg article. L&#8217;editorial, amb un t\u00edtol engany\u00f3s, segons el qual \u201cLes pensions mitjanes tripliquen els salaris\u201d, afirmaci\u00f3 absolutament falses, ja que el salari mitj\u00e0 \u00e9s de 24.009,2 euros, la pensi\u00f3 mitjana de jubilaci\u00f3, de 19.100 \u20ac, i la pensi\u00f3 mitjana del sistema de 15.256 euros anuals.<\/p>\n<p style=\"text-align: justify;\">La not\u00edcia explica, desmentint a l&#8217;editorial, que, a l&#8217;\u00faltima d\u00e8cada, les pensions mitjanes a Espanya han crescut m\u00e9s del triple que els salaris. Aix\u00f2 no impedeix que ABC pontifiqui que \u201caquestes dades haurien de posar en alerta tots els agents socials sobre la sostenibilitat del sistema de pensions\u201d.<\/p>\n<p style=\"text-align: justify;\">Per\u00f2 a l&#8217;ABC mateix se li escapa el perqu\u00e8 d&#8217;aquesta difer\u00e8ncia de creixement de salaris i pensions. No \u00e9s que les pensions hagin crescut gaire (al contrari, van patir una congelaci\u00f3 amb Zapatero, i van pujar nom\u00e9s un 0,25 mentre va durar la reforma de pensions de Rajoy, i han tornat a perdre poder de compra el 2022), sin\u00f3 que, com reconeix la not\u00edcia, \u201cels salaris han patit l&#8217;\u00faltima d\u00e8cada l&#8217;impacte de l&#8217;enorme desocupaci\u00f3 que es va generar durant el segon mandat de Rodr\u00edguez Zapatero i l&#8217;ajust de costos laborals que van efectuar les empreses durant la recuperaci\u00f3 posterior. A aix\u00f2 se suma que l&#8217;ocupaci\u00f3 recuperada a partir del 2013 compta amb salaris, en general, m\u00e9s baixos que els anys previs a la crisi, que aquesta ocupaci\u00f3 ha crescut m\u00e9s r\u00e0pid en sectors amb esc\u00e0s valor afegit i que el salari dels joves \u00e9s baix i precari,<\/p>\n<p style=\"text-align: justify;\">Aix\u00f2 no impedeix que ABC demani que s&#8217;elimini el \u201csistema de reajustament autom\u00e0tic\u201d de les pensions segons l&#8217;IPC (que no \u00e9s tal), \u201cque el Govern no hagi volgut considerar la possibilitat de tocar-lo, per motius clarament electoralistes\u201d.<\/p>\n<p style=\"text-align: justify;\">No hi ha dubte de quina \u00e9s la causa que les pensions pugin m\u00e9s que els salaris i mantinguin l&#8217;actualitzaci\u00f3 segons l&#8217;IPC: l&#8217;exist\u00e8ncia d&#8217;un moviment de pensionistes que, malgrat les debilitats, ha mantingut un principi: que governi qui governi, les pensions es defensen, i ho ha donat suport a la mobilitzaci\u00f3 unida. Aix\u00f2 assenyala la responsabilitat dels dirigents de les principals organitzacions sindicals, que acaben de signar un acord que suposa p\u00e8rdua de poder adquisitiu per als tres milions d&#8217;empleats p\u00fablics, i que es mostren partidaris del pacte de rendes, com Hern\u00e1ndez de Cos.<\/p>\n<h3 style=\"text-align: justify;\">Davant la confusi\u00f3 organitzada, l&#8217;auditoria<\/h3>\n<p style=\"text-align: justify;\">Es compr\u00e8n, en aquest marc, que el govern, que intenta imposar la retallada de pensions que ha comprom\u00e8s amb la Uni\u00f3 Europea, es negui a complir l&#8217;acord parlamentari que obliga a fer una auditoria p\u00fablica dels comptes de la Seguretat Social, auditoria que demostraria que el sistema \u00e9s perfectament sostenible, perqu\u00e8 s&#8217;han tret de la seva caixa &#8211; ho reconeix el mateix Tribunal de Comptes &#8211; centenars de milers de milions per a \u201cdespeses impropies\u201d no relacionades amb les pensions. Per aix\u00f2, l&#8217;exig\u00e8ncia d&#8217;auditoria forma part essencial de la lluita en defensa del sistema p\u00fablic de pensions, i no cal abandonar ni relegar.<\/p>\n<p style=\"text-align: justify;\">En aquesta batalla pol\u00edtica, impulsar la participaci\u00f3 a les mobilitzacions organitzades per la COESPE i altres plataformes \u00e9s vital. Per\u00f2, insistim, es tracta d&#8217;una batalla pol\u00edtica que ha d&#8217;incloure assenyalar la responsabilitat dels parlamentaris, l&#8217;exig\u00e8ncia perqu\u00e8 compleixin el que van votar organitzant delegacions, pronunciant inst\u00e0ncies sindicals, on sigui possible, grups de treballadors, obrant perqu\u00e8 actu\u00efn en com\u00fa constituint des de dalt i des de baix un potent agrupament de sindicalistes i treballadors en defensa del sistema p\u00fablic de pensions, per l&#8217;auditoria.<\/p>\n","protected":false},"excerpt":{"rendered":"<p>Carta Setmanal 910 per descarregar en PDF Tot i la maniobra del govern d&#8217;anunciar una pujada del 8,5% per a les pensions, la manifestaci\u00f3 del 15 d&#8217;octubre, convocada per les principals organitzacions de pensionistes, va ser un \u00e8xit rotund. Especialment, per una participaci\u00f3 m\u00e9s gran de treballadors en actiu i de sindicalistes. Per\u00f2 aix\u00f2 no [&hellip;]<\/p>\n","protected":false},"author":1,"featured_media":0,"comment_status":"open","ping_status":"open","sticky":false,"template":"","format":"standard","meta":{"ngg_post_thumbnail":0,"footnotes":""},"categories":[976],"tags":[1169,88,672],"class_list":["post-7069","post","type-post","status-publish","format-standard","hentry","category-cartas-catalan","tag-auditoria","tag-pensiones","tag-seguridad-social"],"aioseo_notices":[],"_links":{"self":[{"href":"http:\/\/posicuarta.org\/cartasblog\/wp-json\/wp\/v2\/posts\/7069","targetHints":{"allow":["GET"]}}],"collection":[{"href":"http:\/\/posicuarta.org\/cartasblog\/wp-json\/wp\/v2\/posts"}],"about":[{"href":"http:\/\/posicuarta.org\/cartasblog\/wp-json\/wp\/v2\/types\/post"}],"author":[{"embeddable":true,"href":"http:\/\/posicuarta.org\/cartasblog\/wp-json\/wp\/v2\/users\/1"}],"replies":[{"embeddable":true,"href":"http:\/\/posicuarta.org\/cartasblog\/wp-json\/wp\/v2\/comments?post=7069"}],"version-history":[{"count":4,"href":"http:\/\/posicuarta.org\/cartasblog\/wp-json\/wp\/v2\/posts\/7069\/revisions"}],"predecessor-version":[{"id":7075,"href":"http:\/\/posicuarta.org\/cartasblog\/wp-json\/wp\/v2\/posts\/7069\/revisions\/7075"}],"wp:attachment":[{"href":"http:\/\/posicuarta.org\/cartasblog\/wp-json\/wp\/v2\/media?parent=7069"}],"wp:term":[{"taxonomy":"category","embeddable":true,"href":"http:\/\/posicuarta.org\/cartasblog\/wp-json\/wp\/v2\/categories?post=7069"},{"taxonomy":"post_tag","embeddable":true,"href":"http:\/\/posicuarta.org\/cartasblog\/wp-json\/wp\/v2\/tags?post=7069"}],"curies":[{"name":"wp","href":"https:\/\/api.w.org\/{rel}","templated":true}]}}