{"id":7618,"date":"2023-06-19T21:22:51","date_gmt":"2023-06-19T19:22:51","guid":{"rendered":"http:\/\/posicuarta.org\/cartasblog\/?p=7618"},"modified":"2023-06-26T18:31:22","modified_gmt":"2023-06-26T16:31:22","slug":"francia-victoria-pirrica-de-macron","status":"publish","type":"post","link":"http:\/\/posicuarta.org\/cartasblog\/francia-victoria-pirrica-de-macron\/","title":{"rendered":"Francia: Victoria p\u00edrrica de Macron"},"content":{"rendered":"<h2><a href=\"https:\/\/posicuarta.org\/cartasblog\/franca-victoria-pirrica-de-macron\/\">Carta Semanal 944 en catal\u00e1n<\/a><\/h2>\n<h2><a href=\"http:\/\/posicuarta.org\/cartasblog\/wp-content\/uploads\/2023\/06\/Carta_944_FranciaGrecia.pdf\">Carta Semanal 944 para descargar en PDF<\/a><\/h2>\n<p><a href=\"http:\/\/posicuarta.org\/cartasblog\/wp-content\/uploads\/2023\/06\/Carta_944_FranciaGrecia.pdf\"><img loading=\"lazy\" decoding=\"async\" class=\"alignleft wp-image-7623\" src=\"http:\/\/posicuarta.org\/cartasblog\/wp-content\/uploads\/2023\/06\/Carta_944_FranciaGrecia-scaled.jpg\" alt=\"\" width=\"150\" height=\"212\" srcset=\"http:\/\/posicuarta.org\/cartasblog\/wp-content\/uploads\/2023\/06\/Carta_944_FranciaGrecia-scaled.jpg 1810w, http:\/\/posicuarta.org\/cartasblog\/wp-content\/uploads\/2023\/06\/Carta_944_FranciaGrecia-212x300.jpg 212w, http:\/\/posicuarta.org\/cartasblog\/wp-content\/uploads\/2023\/06\/Carta_944_FranciaGrecia-724x1024.jpg 724w, http:\/\/posicuarta.org\/cartasblog\/wp-content\/uploads\/2023\/06\/Carta_944_FranciaGrecia-106x150.jpg 106w, http:\/\/posicuarta.org\/cartasblog\/wp-content\/uploads\/2023\/06\/Carta_944_FranciaGrecia-768x1086.jpg 768w, http:\/\/posicuarta.org\/cartasblog\/wp-content\/uploads\/2023\/06\/Carta_944_FranciaGrecia-1086x1536.jpg 1086w, http:\/\/posicuarta.org\/cartasblog\/wp-content\/uploads\/2023\/06\/Carta_944_FranciaGrecia-1448x2048.jpg 1448w, http:\/\/posicuarta.org\/cartasblog\/wp-content\/uploads\/2023\/06\/Carta_944_FranciaGrecia-624x882.jpg 624w\" sizes=\"auto, (max-width: 150px) 100vw, 150px\" \/><\/a><\/p>\n<p class=\"p2\" style=\"text-align: justify;\"><strong><i>En esta ocasi\u00f3n, publicamos en la carta semanal varios art\u00edculos aparecidos en <\/i>Informations Ouvri\u00e8res<i>, semanario del POI de Francia, en los que analizan la situaci\u00f3n el pa\u00eds tras la ola de movilizaciones.<\/i> <i>De particular inter\u00e9s para los militantes del Estado Espa\u00f1ol, que vemos c\u00f3mo las instituciones de la Monarqu\u00eda act\u00faan como un arma del capital financiero y la reacci\u00f3n para impedir toda medida de progreso, consideramos las reflexiones sobre el papel de las instituciones de la V Rep\u00fablica, que fueron calificadas en su d\u00eda de \u201cgolpe de Estado permanente\u201d (aqu\u00ed las instituciones son heredadas de otro golpe de Estado, el de 18 de julio de 1936). <\/i><\/strong><!--more--><\/p>\n<p class=\"p2\" style=\"text-align: justify;\"><i>Algunos intert\u00edtulos son originales, pero otros han sido introducidos por nosotros para ordenar la lectura del texto.<\/i><\/p>\n<h3 class=\"p1\" style=\"text-align: justify;\"><b>La c\u00f3lera y el rechazo siguen siendo el sello distintivo de toda la situaci\u00f3n.<\/b><\/h3>\n<p class=\"p2\" style=\"text-align: justify;\">Despu\u00e9s de una en\u00e9sima aprobaci\u00f3n en vigor en la Asamblea el 8 de junio, el gobierno quiere creer que el par\u00e9ntesis de las pensiones est\u00e1 cerrado y que todo puede finalmente volver al orden. Los primeros decretos de aplicaci\u00f3n se publicaron en el Diario Oficial el 4 de junio, incluso se cre\u00f3 un simulador para calcular su pensi\u00f3n despu\u00e9s de la implementaci\u00f3n de la \u00abreforma\u00bb el lunes 12 de junio.<\/p>\n<p class=\"p2\" style=\"text-align: justify;\">Sin embargo, es cierto que a pesar de la unidad de las confederaciones en la demanda de retirada y a pesar de las manifestaciones con niveles hist\u00f3ricos de movilizaci\u00f3n, a pesar de las huelgas y bloqueos en muchos sectores, la \u00abreforma\u00bb de las pensiones ha pasado, el bloqueo del pa\u00eds no ha tenido lugar.<\/p>\n<p class=\"p2\" style=\"text-align: justify;\">Tambi\u00e9n es cierto que los millones de trabajadores que salieron a las calles durante cinco meses siguen aferrados a todas sus demandas.<\/p>\n<p class=\"p2\" style=\"text-align: justify;\">Las confederaciones lo saben muy bien, siguen diciendo que no quieren \u00abpasar p\u00e1gina\u00bb sobre las pensiones.<\/p>\n<p class=\"p2\" style=\"text-align: justify;\">Para enfrentar la situaci\u00f3n actual, marcada por la voluntad del ejecutivo de continuar y amplificar su trabajo destructivo sucio en todas las \u00e1reas (\u00abtrabajo, orden, progreso\u00bb), los trabajadores que son cualquier cosa menos resignados necesitan poder contar con la independencia de sus organizaciones.<\/p>\n<p class=\"p2\" style=\"text-align: justify;\">A nivel pol\u00edtico, La <i>France Insoumise <\/i>(LFI), que prepara su asamblea representativa el 17 de junio, ha puesto todo su peso durante los cinco meses de movilizaci\u00f3n, confirmando as\u00ed su orientaci\u00f3n de ruptura. Esto le vali\u00f3 un fuego alimentado por los ataques tanto de los partidarios de Emmanuel Macron como de los de su predecesor Fran\u00e7ois Hollande.<\/p>\n<h3 class=\"p1\" style=\"text-align: justify;\"><b>El gobierno busca in\u00fatilmente el di\u00e1logo social<\/b><\/h3>\n<p class=\"p2\" style=\"text-align: justify;\">Para seguir adelante, el gobierno est\u00e1 tratando de hacer todo lo posible para reactivar el \u00abdi\u00e1logo social\u00bb. En muchos sectores, ya sea la ense\u00f1anza, la sanidad, etc., de salud, se inventan \u00abacuerdos\u00bb, \u00abpactos\u00bb destinados a involucrar a los sindicatos en la implementaci\u00f3n de los planes destructivos del gobierno, por el momento, con resultados escasos: en educaci\u00f3n, por ejemplo, el \u00abpacto de ense\u00f1antes\u00bb impuesto por Pap Ndiaye, y ante el cual todas las federaciones nacionales dieron el portazo en el ministerio la semana pasada,<span class=\"Apple-converted-space\">&nbsp; <\/span>ha provocado, a mediados de junio, y a tiro de piedra de las vacaciones de verano, reuniones informativas sindicales muy concurridas. En la funci\u00f3n p\u00fablica, despu\u00e9s de la provocaci\u00f3n del ministro, Stanislas Guerini, de una subida salarial del 1,5% el 1 de julio, todas las federaciones de funcionarios dieron a conocer su desaprobaci\u00f3n tan pronto como termin\u00f3 la reuni\u00f3n con el ministerio.<\/p>\n<p class=\"p2\" style=\"text-align: justify;\">Esta pol\u00edtica, que pretende encadenar a los sindicatos a los planes del ejecutivo, se ha visto reflejada en los \u00faltimos d\u00edas por el deseo de Macron de organizar en los pr\u00f3ximos d\u00edas una \u00abconferencia social\u00bb con todas las confederaciones sindicales. Anunciada para el 12 de junio, luego para mediados de junio, parece dif\u00edcil de organizar. La ira y la negativa a aceptar las pol\u00edticas de Macron siguen siendo el sello distintivo de toda la situaci\u00f3n.<\/p>\n<h3 class=\"p1\" style=\"text-align: justify;\"><b>El car\u00e1cter antidemocr\u00e1tico de las instituciones de la V Rep\u00fablica<\/b><\/h3>\n<p class=\"p2\" style=\"text-align: justify;\">Durante 6 meses, de enero a junio de 2023, el gobierno utiliz\u00f3 sucesivamente los art\u00edculos 47-1, 44.3, 49.3 y 40, todos ellos instrumentos extra\u00eddos de la antidemocr\u00e1tica Constituci\u00f3n de la Quinta Rep\u00fablica, para aprobar su reforma de la jubilaci\u00f3n. Al d\u00eda siguiente de la manifestaci\u00f3n del 19 de enero, que el propio Ministerio del Interior calific\u00f3 <i>como \u00abla movilizaci\u00f3n m\u00e1s fuerte de los \u00faltimos 30 a\u00f1os<\/i>\u00ab, Elisabeth Borne anunci\u00f3 que utilizaba el art\u00edculo 47-1, nunca antes utilizado, que limita la duraci\u00f3n de los debates en la Asamblea Nacional y el Senado. Mientras millones de franceses se manifiestan en las calles ante la convocatoria de un sindicato unido, los diputados de LFI-Nupes se niegan a someterse a los dictados del gobierno. Al final de los debates, el 17 de febrero, solo se votaron los primeros 2 art\u00edculos del proyecto de ley. El gobierno no puede reclamar ninguna legitimidad parlamentaria. Manuel Bompard, diputado de LFI-Nupes de Bouches-du-Rh\u00f4ne, escribi\u00f3 en su blog el 18 de febrero: <i>\u00abSe ha ganado una primera victoria\u00bb<\/i>.<\/p>\n<h3 class=\"p1\" style=\"text-align: justify;\"><b>Despu\u00e9s del art\u00edculo 47-1 en la Asamblea, el art\u00edculo 44.3, para amordazar al Senado&#8230;<\/b><\/h3>\n<p class=\"p2\" style=\"text-align: justify;\">Despu\u00e9s de la poderosa huelga y las manifestaciones gigantescas del 7 de marzo, en v\u00edsperas de la manifestaci\u00f3n del 11 de marzo, y sin ninguna legitimidad en la Asamblea, el gobierno busca a toda costa un voto favorable del Senado.<\/p>\n<p class=\"p2\" style=\"text-align: justify;\">En vano&#8230; el poder de la clase obrera con sus organizaciones unidas sobre la demanda de la retirada de la \u00abreforma\u00bb de las pensiones, arrastrando a la masa de la poblaci\u00f3n, impacta incluso en el Palacio de Luxemburgo. El 10 de marzo, Macron se vio obligado a recurrir al art\u00edculo 44.3, que obliga al Senado a considerar s\u00f3lo las enmiendas propuestas o aceptadas por el gobierno. <i>\u00abLas m\u00e1scaras est\u00e1n cayendo. (&#8230;) Despu\u00e9s de pasar por alto a la Asamblea Nacional, el gobierno est\u00e1 amordazando al Senado\u00bb<\/i>, dijo Patrick Kanner, presidente del grupo socialista en el Senado, en Twitter el 10 de marzo.<\/p>\n<p class=\"p2\" style=\"text-align: justify;\">La reforma fue votada en el Senado el 11 de marzo. El 40% de los senadores centristas, el 10% de los senadores republicanos votaron en contra o se abstuvieron.<\/p>\n<h3 class=\"p1\" style=\"text-align: justify;\"><b>&#8230; para luego recurrir al 49.3<\/b><\/h3>\n<p class=\"p2\" style=\"text-align: justify;\">A finales de marzo, a pesar de la violencia de la represi\u00f3n, millones siguen manifest\u00e1ndose para exigir la retirada de la \u00abreforma\u00bb. Aislados, inseguros sobre el voto de su propio campo, Emmanuel Macron y Elisabeth Borne decidieron el 16 de marzo usar el art\u00edculo 49.3 para aprobar sin votaci\u00f3n la reforma de pensiones en la Asamblea Nacional. La Nupes y el grupo Liot (Libertad, Independientes, Ultramar y Territorios) presentaron una moci\u00f3n de censura que no consigui\u00f3, por un estrecho margen de 9 votos, derribar al gobierno.<span class=\"Apple-converted-space\">&nbsp; <\/span>El 49.3 permite al gobierno hacer pasar la reforma de la jubilaci\u00f3n, pero al precio de una gran crisis pol\u00edtica, incluso y especialmente en las filas del partido presidencial. <i>\u00abEl uso de 49.3 fue un golpe para el grupo\u00bb<\/i>, dice un diputado de <i>Renaissance<\/i> (Le Monde, 26 de marzo). <i>Fue la primera vez que me dije a m\u00ed mismo: de hecho, somos in\u00fatiles\u201d.<\/i><\/p>\n<h3 class=\"p1\" style=\"text-align: justify;\"><b>\u00abHaremos todo lo posible para garantizar que este debate no tenga lugar\u201d (Charlotte Caubel, secretaria de Estado)<\/b><\/h3>\n<p class=\"p2\" style=\"text-align: justify;\">La ley fue promulgada el 15 de abril, un d\u00eda despu\u00e9s de la opini\u00f3n del Consejo Constitucional rechazando el recurso presentado por LFI. Una vez m\u00e1s, con motivo del proyecto de ley para derogar el paso de la edad legal de jubilaci\u00f3n a 64 a\u00f1os presentado por el grupo Liot, los macronistas har\u00e1n todo lo posible para evitar que los parlamentarios voten. En este sentido, qu\u00e9 mejor declaraci\u00f3n que la de la secretaria de Estado para la Infancia, Charlotte Caubel, en <i>Public S\u00e9nat<\/i> el 24 de mayo: <i>\u00abEste proyecto de ley es pol\u00edticamente inaceptable. Haremos todo lo posible para garantizar que este debate no tenga lugar<\/i>\u201d. Emmanuel Macron emerge de esta batalla cada vez m\u00e1s aislado. La prensa patronal habla de una \u00abvictoria p\u00edrrica\u00bb. Macron, su r\u00e9gimen, sus instituciones pueden recurrir a todas estas maniobras sucias que consisten en utilizar hasta el fondo las disposiciones antidemocr\u00e1ticas que ofrece la Constituci\u00f3n de la Quinta Rep\u00fablica para aumentar la jubilaci\u00f3n a 64 a\u00f1os y el desguace de los reg\u00edmenes especiales, pero queda un hecho, que es irrefutable: no solo no hay apoyo entre la poblaci\u00f3n a la necesidad de \u00abreformar\u00bb la jubilaci\u00f3n (incluso menos en junio que en Enero) sino que, por el contrario, Macron ha logrado soldar todas las capas de trabajadores en la necesidad de seguir defendi\u00e9ndolo con u\u00f1as y dientes.<\/p>\n<p class=\"p2\" style=\"text-align: justify;\"><i>Mientras el gobierno Macron utiliza todos los medios para librar una guerra social contra la clase trabajadora francesa, tambi\u00e9n pone todos sus esfuerzos al servicio de la guerra que est\u00e1 destruyendo Ucrania y amenaza con llevar a toda Europa al abismo.<span class=\"Apple-converted-space\">&nbsp; <\/span>Ha hecho aprobar un descomunal incremento del presupuesto militar: <\/i><\/p>\n<h3 class=\"p1\" style=\"text-align: justify;\"><b>Aceleraci\u00f3n de la escalada de guerra<\/b><\/h3>\n<p class=\"p2\" style=\"text-align: justify;\">En los \u00faltimos d\u00edas, estamos asistiendo a una terrible aceleraci\u00f3n de la escalada de la guerra. El Pent\u00e1gono ha estado pilotando durante una semana una \u00abcontraofensiva\u00bb de las tropas de Zelensky. Las \u00f3rdenes son estadounidenses, los muertos son ucranianos y rusos. Despu\u00e9s de haber votado el 7 de junio en la Asamblea Nacional un presupuesto militar de 413 mil millones de euros para los pr\u00f3ximos siete a\u00f1os, Emmanuel Macron confirm\u00f3 el lunes 12, durante una conferencia de prensa en el El\u00edseo antes de una reuni\u00f3n del \u00abtri\u00e1ngulo de Weimar\u00bb con los l\u00edderes de Alemania y Polonia, que la contraofensiva del ej\u00e9rcito ucraniano contra las fuerzas rusas hab\u00eda comenzado, estimando que durar\u00eda \u00abvarias semanas o incluso meses\u00bb. Emmanuel Macron tambi\u00e9n confirm\u00f3 que Francia continuar\u00eda \u00abintensificando\u00bb su ayuda militar a Ucrania<i>. \u00abHemos intensificado las entregas de armas y municiones, veh\u00edculos blindados, apoyo log\u00edstico\u00bb<\/i>, dijo. El compromiso de la OTAN es m\u00e1s visible que nunca. Seg\u00fan <i>Le Monde<\/i>, <i>\u00aben Rumania, las tropas de la OTAN simulan la reconquista de un territorio invadido. Una docena de pa\u00edses, entre ellos Francia, han estado participando desde principios de junio en el vasto ejercicio \u00abSaber Guardian\u00bb (que re\u00fane bajo el mando estadounidense a m\u00e1s de 10.000 soldados en Rumania) a tiro de piedra de la frontera ucraniana<\/i>\u201d. A partir del lunes 12 de junio, la OTAN lanzar\u00e1, desde Alemania, <i>\u00abel mayor ejercicio de la fuerza a\u00e9rea de todos los tiempos\u00bb<\/i>. El objetivo es aumentar la presi\u00f3n militar sobre Rusia.<\/p>\n<p class=\"p2\" style=\"text-align: justify;\">Rechazando cualquier uni\u00f3n sagrada detr\u00e1s de los gobiernos, en Francia, militantes y activistas se organizan y re\u00fanen por un alto el fuego inmediato. En la Bolsa de Trabajo de Saint-Denis, el domingo 11 de junio, funcionarios electos, sindicalistas, activistas pol\u00edticos y asociativos se reunieron en torno al llamamiento europeo \u00ab\u00a1Alto a la guerra!\u00bb La plataforma de esta reuni\u00f3n expres\u00f3 su apoyo a la iniciativa de la conferencia europea del 8 de julio en Berl\u00edn \u00abContra la guerra, contra la guerra social\u00bb. Varias otras reuniones de \u00ab\u00a1Alto a la guerra!\u00bb est\u00e1n planeadas para junio en toda Francia. E<span class=\"s1\">l mitin de Saint Denis del domingo 12 forma parte de una larga cadenas de m\u00e1s&nbsp;de 50 m\u00edtines&nbsp;y\/o concentraciones en todo el pa\u00eds&nbsp;impulsados por los firmantes&nbsp;del llamamiento Alto a la Guerra<\/span><\/p>\n","protected":false},"excerpt":{"rendered":"<p>Carta Semanal 944 en catal\u00e1n Carta Semanal 944 para descargar en PDF En esta ocasi\u00f3n, publicamos en la carta semanal varios art\u00edculos aparecidos en Informations Ouvri\u00e8res, semanario del POI de Francia, en los que analizan la situaci\u00f3n el pa\u00eds tras la ola de movilizaciones. De particular inter\u00e9s para los militantes del Estado Espa\u00f1ol, que vemos [&hellip;]<\/p>\n","protected":false},"author":1,"featured_media":0,"comment_status":"open","ping_status":"open","sticky":false,"template":"","format":"standard","meta":{"ngg_post_thumbnail":0,"footnotes":""},"categories":[61],"tags":[200,1174,88],"class_list":["post-7618","post","type-post","status-publish","format-standard","hentry","category-cartas","tag-francia","tag-golpe-de-estado-permanente","tag-pensiones"],"aioseo_notices":[],"_links":{"self":[{"href":"http:\/\/posicuarta.org\/cartasblog\/wp-json\/wp\/v2\/posts\/7618","targetHints":{"allow":["GET"]}}],"collection":[{"href":"http:\/\/posicuarta.org\/cartasblog\/wp-json\/wp\/v2\/posts"}],"about":[{"href":"http:\/\/posicuarta.org\/cartasblog\/wp-json\/wp\/v2\/types\/post"}],"author":[{"embeddable":true,"href":"http:\/\/posicuarta.org\/cartasblog\/wp-json\/wp\/v2\/users\/1"}],"replies":[{"embeddable":true,"href":"http:\/\/posicuarta.org\/cartasblog\/wp-json\/wp\/v2\/comments?post=7618"}],"version-history":[{"count":6,"href":"http:\/\/posicuarta.org\/cartasblog\/wp-json\/wp\/v2\/posts\/7618\/revisions"}],"predecessor-version":[{"id":7639,"href":"http:\/\/posicuarta.org\/cartasblog\/wp-json\/wp\/v2\/posts\/7618\/revisions\/7639"}],"wp:attachment":[{"href":"http:\/\/posicuarta.org\/cartasblog\/wp-json\/wp\/v2\/media?parent=7618"}],"wp:term":[{"taxonomy":"category","embeddable":true,"href":"http:\/\/posicuarta.org\/cartasblog\/wp-json\/wp\/v2\/categories?post=7618"},{"taxonomy":"post_tag","embeddable":true,"href":"http:\/\/posicuarta.org\/cartasblog\/wp-json\/wp\/v2\/tags?post=7618"}],"curies":[{"name":"wp","href":"https:\/\/api.w.org\/{rel}","templated":true}]}}