{"id":8672,"date":"2024-08-06T13:20:52","date_gmt":"2024-08-06T11:20:52","guid":{"rendered":"https:\/\/posicuarta.org\/cartasblog\/?p=8672"},"modified":"2024-08-24T12:20:17","modified_gmt":"2024-08-24T10:20:17","slug":"la-investidura-de-illa","status":"publish","type":"post","link":"http:\/\/posicuarta.org\/cartasblog\/la-investidura-de-illa\/","title":{"rendered":"La investidura de Illa"},"content":{"rendered":"<header>\n<h1 style=\"text-align: justify;\"><a href=\"https:\/\/posicuarta.org\/cartasblog\/la-investidura-dilla\/\">Carta Semanal 1003 en catal\u00e1n<\/a><\/h1>\n<\/header>\n<h1 style=\"text-align: justify;\"><a href=\"http:\/\/posicuarta.org\/cartasblog\/wp-content\/uploads\/2024\/08\/Carta1003_Investidura_IllaCataluna.pdf\">Carta Semanal 1003 para descargar en PDF<\/a><\/h1>\n<p class=\"p3\" style=\"text-align: left;\"><a href=\"http:\/\/posicuarta.org\/cartasblog\/wp-content\/uploads\/2024\/08\/Carta1003_Investidura_IllaCataluna.pdf\"><img loading=\"lazy\" decoding=\"async\" class=\"alignleft wp-image-8676\" src=\"http:\/\/posicuarta.org\/cartasblog\/wp-content\/uploads\/2024\/08\/Carta1003_Investidura_IllaCataluna01-212x300.jpg\" alt=\"\" width=\"150\" height=\"212\" srcset=\"http:\/\/posicuarta.org\/cartasblog\/wp-content\/uploads\/2024\/08\/Carta1003_Investidura_IllaCataluna01-212x300.jpg 212w, http:\/\/posicuarta.org\/cartasblog\/wp-content\/uploads\/2024\/08\/Carta1003_Investidura_IllaCataluna01-724x1024.jpg 724w, http:\/\/posicuarta.org\/cartasblog\/wp-content\/uploads\/2024\/08\/Carta1003_Investidura_IllaCataluna01-106x150.jpg 106w, http:\/\/posicuarta.org\/cartasblog\/wp-content\/uploads\/2024\/08\/Carta1003_Investidura_IllaCataluna01-768x1086.jpg 768w, http:\/\/posicuarta.org\/cartasblog\/wp-content\/uploads\/2024\/08\/Carta1003_Investidura_IllaCataluna01-1086x1536.jpg 1086w, http:\/\/posicuarta.org\/cartasblog\/wp-content\/uploads\/2024\/08\/Carta1003_Investidura_IllaCataluna01-1448x2048.jpg 1448w, http:\/\/posicuarta.org\/cartasblog\/wp-content\/uploads\/2024\/08\/Carta1003_Investidura_IllaCataluna01-624x883.jpg 624w, http:\/\/posicuarta.org\/cartasblog\/wp-content\/uploads\/2024\/08\/Carta1003_Investidura_IllaCataluna01-scaled.jpg 1810w\" sizes=\"auto, (max-width: 150px) 100vw, 150px\" \/><\/a>Este viernes&nbsp;1 de agosto la mayor\u00eda de la militancia de ERC ha dado su voto favorable al preacuerdo alcanzado con el PSC. De un total de 8226 afiliados con derecho a voto, 3.397 votaron a favor (un 53,5 %), mientras que 2.847 lo hicieron en contra (un 44,8%) y 105 votaron en blanco. La participaci\u00f3n fue de un 77%. D\u00edas antes, la Comisi\u00f3n Ejecutiva Federal del PSOE se pronunci\u00f3 al respecto, el mi\u00e9rcoles 30 de julio la direcci\u00f3n de En Com\u00fan hizo lo propio y este s\u00e1bado 3 de agosto el Consell del PSC ratific\u00f3 igualmente el preacuerdo. Hay, por tanto, una mayor\u00eda en el Parlamento de Catalunya que, si no hay imprevistos de \u00faltima hora, votar\u00e1 a favor de la investidura de Illa en la sesi\u00f3n que probablemente se convoque para el jueves 8 de agosto.<!--more--><\/p>\n<p class=\"p3\" style=\"text-align: justify;\">Desde el exilio y amenazando con volver, Carles Puigdemont ha realizado una amplia campa\u00f1a con su organizaci\u00f3n Junts y la actual ANC en contra de investir a Illa como presidente de la Generalitat. Paralelamente, las instituciones franquistas, los partidos que las representan -PP y VOX- y los grandes medios de comunicaci\u00f3n se est\u00e1n explayando contra el acuerdo entre PSC y ERC, y particularmente contra Pedro S\u00e1nchez acus\u00e1ndolo de destruir Espa\u00f1a. Acus\u00e1ndolo de romper la unidad de los espa\u00f1oles que el Estado de las Autonom\u00edas supuestamente garantiza, as\u00ed como la pretendida&nbsp; \u00abigualdad\u00bb fiscal entre las diferentes Comunidades Aut\u00f3nomas. Se pronuncian tambi\u00e9n algunos dirigentes del PSOE apegados a la regionalizaci\u00f3n de Espa\u00f1a que la Constituci\u00f3n del 78 organiz\u00f3, mientras otros est\u00e1n a favor de la mejora que este preacuerdo podr\u00eda iniciar para el conjunto de los pueblos (Catalu\u00f1a, Valencia -segunda federaci\u00f3n-, Baleares, Murcia, Galicia\u2026).<\/p>\n<h3 class=\"p3\" style=\"text-align: justify;\"><span class=\"s1\"><b>Pero<\/b><\/span><b>,&nbsp;\u00bfde qu\u00e9 se trata?<\/b><\/h3>\n<p class=\"p5\" style=\"text-align: justify;\">Desde el punto de vista pol\u00edtico, es evidente que el contenido del acuerdo, sobre el papel, mejora (y mucho), el sistema de financiaci\u00f3n que existe para Catalunya. Para la inmensa mayor\u00eda del pueblo catal\u00e1n lo que existe ahora es injusto: se contribuye m\u00e1s, y se recibe bastante menos, cuesti\u00f3n que se agrava adem\u00e1s con los incumplimientos reiterados en cuanto a la ejecuci\u00f3n de las inversiones acordadas, etc. Mientras por otro lado, todos los servicios p\u00fablicos est\u00e1n patas arriba y problemas tan f\u00e1ciles de solucionar como la sequ\u00eda parecen insolubles.<\/p>\n<p class=\"p3\" style=\"text-align: justify;\"><span class=\"s1\">Sin duda, supera la propuesta que Artur Mas llev\u00f3 a Rajoy en 2012 y que \u00e9ste rechaz\u00f3 \u201c<\/span>porque no hab\u00eda dinero\u201d, aunque Puigdemont y Junts intenten devaluarlo con el argumento de que no se va a cumplir. Argumento que parece m\u00e1s bien dictado por el hecho de que no ha sido el partido de Puigdemont quien lo ha negociado, ni el que va a formar gobierno. Otra cosa es, naturalmente, que las implicaciones que tiene el acuerdo, que requieren una modificaci\u00f3n de la LOFCA, necesitan una mayor\u00eda en las Cortes que, a d\u00eda de hoy, no est\u00e1 garantizada.<\/p>\n<p class=\"p3\" style=\"text-align: justify;\"><span class=\"s1\">Pero si el acuerdo alcanzado entre ERC, PSC y Comuns, puede mejorar la financiaci\u00f3n en <\/span>Catalu\u00f1a, la cuesti\u00f3n es, sin embargo, que el problema de fondo subsiste. A nadie se le escapa las implicaciones que tambi\u00e9n tiene en el resto de Espa\u00f1a. Para los trabajadores y los pueblos, no se trata solo de solucionar el expolio fiscal de Catalu\u00f1a, sino de abrir un futuro para todos, que el actual sistema impide. Y ello afecta tambi\u00e9n a Catalu\u00f1a. No se trata de \u201csalirse\u201d o no del sistema, sino de acabar con \u00e9l, porque mientras subsista y se contribuya a su mantenimiento participando del mismo aunque no se reconozca, la soluci\u00f3n para unos implica inevitablemente un problema para otros.<\/p>\n<p class=\"p3\" style=\"text-align: justify;\">Del mismo modo, se trata de un acuerdo que no rompe el Estado de las Autonom\u00edas, sino que justamente va en la l\u00ednea de reforzarlo, independientemente de que \u00e9sta sea o no la intenci\u00f3n de los firmantes. Todo el \u201cjaleo\u201d montado en torno a la supuesta destrucci\u00f3n de Espa\u00f1a y a la ruptura de la solidaridad interterritorial no es m\u00e1s que una cortina de humo que esconde otras cuestiones. En realidad, el preacuerdo entre ERC y PSC se sit\u00faa en la l\u00ednea de lo que ya recog\u00eda la \u201cDeclaraci\u00f3n de Granada\u201d elaborada por el propio PSOE en 2013, e impulsada por Alfredo P\u00e9rez Rubalcaba. Incluso es posible encontrar declaraciones del PP catal\u00e1n por las mismas fechas que afirman la necesidad de una financiaci\u00f3n singular para Catalunya.<\/p>\n<h3 class=\"p5\" style=\"text-align: justify;\"><b>\u00bfA qu\u00e9 se debe entonces tanto \u201cruido\u201d?<\/b><\/h3>\n<p class=\"p5\" style=\"text-align: justify;\">Es falso lo que alientan los dirigentes del PP con la ayuda de algunos barones \u201csocialistas\u201d, que el acuerdo vaya a romper Espa\u00f1a o que la solidaridad interterritorial quede anulada. Empezando por esto \u00faltimo, quienes nos reclamamos del marxismo afirmamos con rotundidad que el \u201catraso\u201d de determinados territorios no es algo que haya sido decidido por quienes los habitan: es el resultado de las bases econ\u00f3micas del sistema capitalista y de la propiedad privada, que se <span class=\"s2\">ha desarrollado sin tener en cuenta las necesidades de la mayor\u00eda social y solo los beneficios e intereses del capital financiero. Esto <\/span>se ha acentuado con la forma en que los especuladores configuran cada motor econ\u00f3mico, en particular el de Madrid, que ha desecado toda la gran Castilla y Le\u00f3n. El de Barcelona en la misma l\u00ednea, menos acentuada por sus bases.<\/p>\n<p class=\"p3\" style=\"text-align: justify;\">No es verdad lo que dice Garc\u00eda-Page acerca de que la \u201criqueza nacional\u201d es de todos los espa\u00f1oles: es de unos cuantos, e incluso de algunos que no son ni espa\u00f1oles. Como tampoco es verdad que recaudar todos los impuestos (concierto econ\u00f3mico) y establecer luego una cuota de solidaridad (cupo), que son dos cosas diferentes, rompa la solidaridad. Lo que rompe la solidaridad es el mantenimiento de un r\u00e9gimen parasitario que consagra y permanentiza la desigualdad y el atraso. Lo que rompe la solidaridad son los fabulosos gastos militares a cuenta de la OTAN, o las cuentas opacas de la Casa Real (ver diario Ara, 28 de julio), o el fraude fiscal<span class=\"Apple-converted-space\">&nbsp; <\/span>consentido que sustraen los recursos de todos para gastos que nada tienen que ver con las necesidades de la mayor\u00eda social. Lo que rompe la solidaridad y la igualdad <span class=\"s1\">es que el 10% m\u00e1s rico de la poblaci\u00f3n espa\u00f1ola posea m\u00e1s de la mitad de la riqueza del pa\u00eds. Ciertamente, ya no sorprende el cinismo de quienes afirman que el acuerdo alcanzado rompe la unidad, y sin embargo omiten cualquier cr\u00edtica al concierto vasco y navarro\u2026 <\/span><span class=\"s3\">\u00a1<\/span><span class=\"s1\">porque est\u00e1 en la Constituci\u00f3n! Debe ser que al estar en la Constituci\u00f3n, un principio que se pretende insolidario y que rompe la unidad de Espa\u00f1a deja de serlo autom\u00e1ticamente.<\/span><\/p>\n<p class=\"p5\" style=\"text-align: justify;\">El ataque furibundo contra Pedro S\u00e1nchez, que no tardar\u00e1 en equipararse al que se desarrolla contra la amnist\u00eda (y tal vez lo supere) desvela el principal problema pol\u00edtico de este pa\u00eds, y por ende de todos los trabajadores y pueblos. La herencia franquista presente en las instituciones, impide cualquier avance de calado en la soluci\u00f3n de los problemas. Porque vive del enfrentamiento y la confrontaci\u00f3n entre pueblos. Porque un acuerdo de estas caracter\u00edsticas (como el acuerdo sobre la amnist\u00eda) aleja lo que para ellos sigue siendo el objetivo principal: presionar a S\u00e1nchez y al PSOE para volver a la senda del pacto de Estado PP-PSOE. Al primero lo dan por perdido, de ah\u00ed la ofensiva contra \u00e9l en todos los <span class=\"s2\">\u00e1mbitos. Al PSOE, con la esperanza de que los barones se planten y provoquen una divisi\u00f3n interna que acabe con S\u00e1nchez. Lo que por otra parte, solo abre una perspectiva al PSOE, si quiere resistir con garant\u00edas, que pasa por plantar cara a esa herencia. Cuesti\u00f3n que no est\u00e1 en la agenda de sus dirigentes.<\/span><\/p>\n<p class=\"p3\" style=\"text-align: justify;\">La ofensiva franquista solo obedece al intento de preservar los privilegios de la casta que ejerce de hecho una buena parte del poder en inter\u00e9s propio, en inter\u00e9s del gran capital y la banca y al servicio del imperialismo, de la OTAN, el FMI y la UE contra los pueblos. Que nadie se equivoque de enemigo.<\/p>\n<p class=\"p3\" style=\"text-align: justify;\">A otro nivel, los movimientos de Junts, la ANC, y algunos supuestos \u201cCDR\u201d, moviliz\u00e1ndose contra el preacuerdo y llamando a impedir la investidura de Illa, no pueden ser interpretados sino como una pataleta, dirigida contra S\u00e1nchez y buscando erosionar a ERC. Que Carles Puigdemont asuma ahora la posibilidad de ser detenido, solo por impedir que Illa sea presidente de la Generalitat, los invalida y retrata la estrategia de quienes han utilizado las aspiraciones nacionales no como catapulta para la emancipaci\u00f3n nacional y social, sino para mantener su particular estatus quo.<\/p>\n<h3 class=\"p3\" style=\"text-align: justify;\"><b>\u00bfY ahora qu\u00e9?<\/b><\/h3>\n<p class=\"p5\" style=\"text-align: justify;\"><span class=\"s2\">Salvador Illa se pas\u00f3 toda la<span class=\"Apple-converted-space\">&nbsp; <\/span>campa\u00f1a electoral diciendo que hab\u00eda que pasar p\u00e1gina y que quer\u00eda liderar un cambio de etapa. Para unos (los poderes econ\u00f3micos, <\/span>etc.) representa la estabilidad institucional que no garantizan otros a d\u00eda de hoy. Para los trabajadores (sin gran entusiasmo) representa la posibilidad de no caer otra vez en un callej\u00f3n sin salida, que los enfrente gratuitamente a los trabajadores y pueblos de Espa\u00f1a. Se trata sin duda de una cuesti\u00f3n contradictoria.<\/p>\n<p class=\"p5\" style=\"text-align: justify;\">Todo apunta a que Illa ser\u00e1, salvo imprevistos, el pr\u00f3ximo presidente de la Generalitat. Hay quien cree que esto certifica el fin del \u201cproc\u00e8s\u201d. Despu\u00e9s de 14 a\u00f1os de gobiernos en manos de partidos independentistas, es evidente que ese ciclo y todo lo que ha conllevado, se ha acabado. Pero no se ha acabado la cuesti\u00f3n nacional, de la misma manera que el Estado de las Autonom\u00edas, recogido en el t\u00edtulo VIII de la Constituci\u00f3n de 1978, donde se consagr\u00f3 la regionalizaci\u00f3n del Estado, la formaci\u00f3n de las Comunidades Aut\u00f3nomas y el \u201ccaf\u00e9 para todos\u201d, tampoco lo ha resuelto.<\/p>\n<p class=\"p5\" style=\"text-align: justify;\">El Estado de las Autonom\u00edas dise\u00f1ado para desviar las aspiraciones nacionales del conjunto de pueblos, en particular de vascos y catalanes, y para aplacar la movilizaci\u00f3n de los trabajadores desencadenada antes y despu\u00e9s de la muerte de Franco, lejos de representar los intereses comunes de todos los pueblos de Espa\u00f1a no ha hecho sino profundizar la divisi\u00f3n: las regiones m\u00e1s pobres se han empobrecido en detrimento de las m\u00e1s ricas. En contra del discurso oficial que <span class=\"s2\">ensalza la estructura auton\u00f3mica como garante de la unidad y la igualdad, los servicios p\u00fablicos no son los mismos en todos los territorios. Todas las autonom\u00edas est\u00e1n \u201cinfrafinanciadas\u201d, es decir, reciben menos de lo necesario para garantizar unos servicios p\u00fablicos suficientes: los recortes son una realidad en todas las Autonom\u00edas. No son una&nbsp; particularidad de Catalunya, la bajada real de salarios <\/span>lo mismo, o el nivel de pobreza. Su aumento es pr\u00e1cticamente el mismo -hacia el 24% de la poblaci\u00f3n<span class=\"s3\">&#8211;<\/span>, mientras que las ganancias fabulosas de las multinacionales sean de origen vasco, catal\u00e1n o de Madrid son parejos. La realidad es que el Estado de la Autonom\u00edas ha favorecido al gran capital con la competencia entre regiones y facilitado la divisi\u00f3n de la clase obrera y las organizaciones, pero NO ha eliminado ni la lucha de clases, ni la aspiraci\u00f3n a la soberan\u00eda de los pueblos<span class=\"s3\">.<\/span><\/p>\n<p class=\"p3\" style=\"text-align: justify;\"><span class=\"s1\">Efectivamente, el acuerdo para investir a Illa <\/span>pretende una reforma del Estado auton\u00f3mico, intentando solucionar la cuesti\u00f3n de la infradotaci\u00f3n de los servicios p\u00fablicos y otras competencias, pero sin cuestionar el marco en que estas pol\u00edticas&nbsp; se desarrollan o sea el marco del r\u00e9gimen mon\u00e1rquico y la preservaci\u00f3n del Estado parasitario heredado del franquismo: no es la soluci\u00f3n. Lo que se abre a continuaci\u00f3n es una situaci\u00f3n que lejos de estabilizarse, avanza a pasos agigantados en direcci\u00f3n contraria. Esta situaci\u00f3n exige m\u00e1s <span class=\"s1\">que nunca avanzar en la formaci\u00f3n <\/span>de un movimiento organizado de ruptura con el sistema, con el r\u00e9gimen mon\u00e1rquico, por el conjunto de las reivindicaciones sociales y democr\u00e1ticas que ayude a forjar la alianza de los Trabajadores y los Pueblos del estado<\/p>\n<p class=\"p3\" style=\"text-align: justify;\">Que combata un sistema que infrafinancia los territorios (las comunidades aut\u00f3nomas y los ayuntamientos) en aras de mantener un estado parasitario, y que no garantiza la existencia de unos servicios p\u00fablicos iguales para todos. Que combata en definitiva por la <span class=\"s1\">Rep\u00fablica y la Uni\u00f3n de rep\u00fablicas.<\/span><\/p>\n","protected":false},"excerpt":{"rendered":"<p>Carta Semanal 1003 en catal\u00e1n Carta Semanal 1003 para descargar en PDF Este viernes&nbsp;1 de agosto la mayor\u00eda de la militancia de ERC ha dado su voto favorable al preacuerdo alcanzado con el PSC. De un total de 8226 afiliados con derecho a voto, 3.397 votaron a favor (un 53,5 %), mientras que 2.847 lo [&hellip;]<\/p>\n","protected":false},"author":1,"featured_media":0,"comment_status":"open","ping_status":"open","sticky":false,"template":"","format":"standard","meta":{"ngg_post_thumbnail":0,"footnotes":""},"categories":[61],"tags":[10,13],"class_list":["post-8672","post","type-post","status-publish","format-standard","hentry","category-cartas","tag-autodeterminacion","tag-cataluna"],"aioseo_notices":[],"_links":{"self":[{"href":"http:\/\/posicuarta.org\/cartasblog\/wp-json\/wp\/v2\/posts\/8672","targetHints":{"allow":["GET"]}}],"collection":[{"href":"http:\/\/posicuarta.org\/cartasblog\/wp-json\/wp\/v2\/posts"}],"about":[{"href":"http:\/\/posicuarta.org\/cartasblog\/wp-json\/wp\/v2\/types\/post"}],"author":[{"embeddable":true,"href":"http:\/\/posicuarta.org\/cartasblog\/wp-json\/wp\/v2\/users\/1"}],"replies":[{"embeddable":true,"href":"http:\/\/posicuarta.org\/cartasblog\/wp-json\/wp\/v2\/comments?post=8672"}],"version-history":[{"count":8,"href":"http:\/\/posicuarta.org\/cartasblog\/wp-json\/wp\/v2\/posts\/8672\/revisions"}],"predecessor-version":[{"id":8707,"href":"http:\/\/posicuarta.org\/cartasblog\/wp-json\/wp\/v2\/posts\/8672\/revisions\/8707"}],"wp:attachment":[{"href":"http:\/\/posicuarta.org\/cartasblog\/wp-json\/wp\/v2\/media?parent=8672"}],"wp:term":[{"taxonomy":"category","embeddable":true,"href":"http:\/\/posicuarta.org\/cartasblog\/wp-json\/wp\/v2\/categories?post=8672"},{"taxonomy":"post_tag","embeddable":true,"href":"http:\/\/posicuarta.org\/cartasblog\/wp-json\/wp\/v2\/tags?post=8672"}],"curies":[{"name":"wp","href":"https:\/\/api.w.org\/{rel}","templated":true}]}}