{"id":9002,"date":"2025-02-03T23:21:46","date_gmt":"2025-02-03T21:21:46","guid":{"rendered":"http:\/\/posicuarta.org\/cartasblog\/?p=9002"},"modified":"2025-02-03T23:21:46","modified_gmt":"2025-02-03T21:21:46","slug":"nunca-mas-para-nadie","status":"publish","type":"post","link":"http:\/\/posicuarta.org\/cartasblog\/nunca-mas-para-nadie\/","title":{"rendered":"Nunca m\u00e1s, para nadie"},"content":{"rendered":"<header>\n<h1 style=\"text-align: justify;\"><a href=\"http:\/\/posicuarta.org\/cartasblog\/wp-content\/uploads\/2025\/02\/Carta_1029_Gaza_cat.pdf\">Carta Semanal 1029 en catal\u00e1n<\/a><\/h1>\n<\/header>\n<h1 style=\"text-align: justify;\"><a href=\"http:\/\/posicuarta.org\/cartasblog\/wp-content\/uploads\/2025\/02\/Carta1029_Gaza_cast.pdf\">Carta Semanal 1029 para descargar en PDF<\/a><\/h1>\n<p style=\"text-align: justify;\"><span style=\"font-weight: 400;\"><a href=\"http:\/\/posicuarta.org\/cartasblog\/wp-content\/uploads\/2025\/02\/Carta1029_Gaza_cast.pdf\"><img loading=\"lazy\" decoding=\"async\" class=\"alignleft\" src=\"http:\/\/posicuarta.org\/cartasblog\/wp-content\/uploads\/2025\/02\/Carta_1029_Gaza_cat-pdf.jpg\" alt=\"\" width=\"150\" height=\"212\"><\/a>En estos d\u00edas se celebra el 80 aniversario de la liberaci\u00f3n del campo de concentraci\u00f3n y exterminio de Auschwitz por el Ej\u00e9rcito Rojo.<\/span> <span style=\"font-weight: 400;\">Frente a las celebraciones oficiales celebradas en le propio campo, de las que ha sido excluida la Federaci\u00f3n Rusa, y en la que varios participantes han aprovechado la condena al Holocausto para defender el genocidio contra los palestinos, otras voces se han levantado en todo el mundo.<\/span><\/p>\n<p><strong>La V\u00e9rit\u00e9, el primer peri\u00f3dico en denunciar la existencia del campo de Auschwitz<\/strong><\/p>\n<p style=\"text-align: justify;\"><span style=\"font-weight: 400;\">El 20 de mayo de 1943, La V\u00e9rit\u00e9 clandestina public\u00f3 el primer testimonio de un polaco que hab\u00eda logrado escapar de Auschwitz, donde hab\u00eda permanecido seis meses, y que relataba el infierno del exterminio. El 8 de julio de 1943, este testimonio publicado por los trotskistas fue le\u00eddo en la BBC en Radio-Londres,&nbsp; extractado, por el diputado del PCF, F. Grenier, que ocult\u00f3 cuidadosamente la orientaci\u00f3n del peri\u00f3dico. Este testimonio fue recogido tambi\u00e9n en Lib\u00e9ration-Sud el 12 de octubre de 1943 y, finalmente, en febrero de 1944 en Franc-Tireur.<\/span><\/p>\n<p style=\"text-align: justify;\"><span style=\"font-weight: 400;\">La V\u00e9rit\u00e9 \u2013La Verdad, en su versi\u00f3n espa\u00f1ola-&nbsp; se publica hoy como revista te\u00f3rica de la IV Internacional.<\/span><\/p>\n<p style=\"text-align: justify;\"><span style=\"font-weight: 400;\">Reproducimos en esta Carta Semanal el manifiesto que ha lanzado la Associaci\u00f3 Catalana de Jueus i Palestins para el acto que han celebrado en Barcelona en ese aniversario.&nbsp;<\/span><\/p>\n<p><!--more--><\/p>\n<p style=\"text-align: justify;\"><span style=\"font-weight: 400;\">Despu\u00e9s de que Israel haya destruido el \u00faltimo hospital del Norte de la Franja de Gaza llev\u00e1ndose a todos los hombres mayores de 15 a\u00f1os. Despu\u00e9s de m\u00e1s de 14 meses de destrucci\u00f3n sistem\u00e1tica de edificios, de infraestructuras, de todos los hospitales y escuelas de Gaza. Despu\u00e9s de bombardeos sobre la poblaci\u00f3n civil que han dejado 46.000 v\u00edctimas contabilizadas, pero que seguramente son much\u00edsimas m\u00e1s, sin contar las muertas a causa del hambre, del frio, de la falta de medicamentos, del agua insalubre. Despu\u00e9s de los asesinatos de personal sanitario y periodistas para que no quede nadie para curar o dar testimonio. Despu\u00e9s de hacer a toda la poblaci\u00f3n colectivamente responsable del ataque del 7\/10\/23 en palabras de los dirigentes del Estado sionista. Despu\u00e9s de todo esto ninguna persona medianamente informada y de buena fe puede negar que estos hechos constituyen un crimen de genocidio contra la poblaci\u00f3n palestina en su conjunto.<\/span><\/p>\n<p style=\"text-align: justify;\"><span style=\"font-weight: 400;\">Cuando los dirigentes israel\u00edes se presentaron en la ONU con la infame estrella amarilla en la solapa haci\u00e9ndose pasar por las eternas v\u00edctimas del genocidio nazi, intentando justificar as\u00ed su \u201cderecho a defenderse\u201d, que en realidad significa masacrar indiscriminadamente a civiles palestinos, asistimos a un grotesco ejercicio de manipulaci\u00f3n de la memoria hist\u00f3rica del genocidio nazi perpetrado contra los jud\u00edos europeos. Algunos de los miembros de Junts, Associaci\u00f3 Catalana de Jueus i Palestins, tenemos familiares que perecieron en esa operaci\u00f3n de exterminio, otros queremos honrar la memoria de todas esas v\u00edctimas, as\u00ed como la de las victimas palestinas. No obstante, tenemos muy claro que la lecci\u00f3n a sacar de la historia no es la de reivindicar un exclusivismo del sufrimiento o, peor a\u00fan, llenarse de un esp\u00edritu de venganza sediento de sangre como el de los dirigentes sionistas. La lecci\u00f3n es: \u201c<\/span><b>Nunca m\u00e1s para nadie<\/b><span style=\"font-weight: 400;\">\u201d.<\/span><\/p>\n<p style=\"text-align: justify;\"><span style=\"font-weight: 400;\">Los nazis empezaron matando a sus oponentes pol\u00edticos, en particular comunistas, muchos de ellos jud\u00edos, en el contexto del triunfo de la revoluci\u00f3n sovi\u00e9tica y del temor a su victoria en otros pa\u00edses. Siguieron con los enfermos mentales, las personas con \u201cdiscapacidades\u201d, los testigos de Jehov\u00e1, los gitanos, los homosexuales, los eslavos, y la llamada \u201csoluci\u00f3n final\u201d, la eliminaci\u00f3n f\u00edsica de todas las personas jud\u00edas. Sin embargo, el sionismo no hizo gran cosa para luchar contra los nazis: es m\u00e1s, negociaron con ellos un acuerdo, llamado Haavara, o transferencia, para que algunos jud\u00edos alemanes pudieran emigrar a Palestina a cambio de abrir un mercado en Palestina para los bienes alemanes, lo que en la pr\u00e1ctica rompi\u00f3 el boicot de los sindicatos de EEUU contra Alemania. El acuerdo se aplic\u00f3 de 1933 a 1939 y represent\u00f3 un aporte de 35 millones de d\u00f3lares de la \u00e9poca.<\/span><\/p>\n<p style=\"text-align: justify;\"><span style=\"font-weight: 400;\">Ben Guri\u00f3n, pieza clave en la fundaci\u00f3n del Estado de Israel, dijo que si pudiera salvar a todos los ni\u00f1os jud\u00edos alemanes a condici\u00f3n de que fueran a Inglaterra o solo a la mitad si fueran a Palestina, prefer\u00eda esta segunda opci\u00f3n. Y cuando llegaron algunos supervivientes del genocidio a Palestina, los despreciaron diciendo que no hab\u00edan luchado contra su aniquilaci\u00f3n, lo que desmienten los levantamientos de los guetos de Vilna y Varsovia. Fue solo entrando en la d\u00e9cada de los 1970 cuando Israel entendi\u00f3 que pod\u00eda utilizar pol\u00edticamente la memoria del Holocausto para sus propios fines.<\/span><\/p>\n<p style=\"text-align: justify;\"><span style=\"font-weight: 400;\">Sin embargo, la cuesti\u00f3n que se nos plantea hoy, en v\u00edsperas de la conmemoraci\u00f3n del 80 aniversario de la liberaci\u00f3n del campo de exterminio de Auschwitz el 27 de enero de 1945, es la siguiente: \u00bfQu\u00e9 sentido tiene dicha conmemoraci\u00f3n si no se puede aprovecharla para denunciar el genocidio que est\u00e1 llevando a cabo Israel contra el pueblo palestino, justamente en nombre del genocidio que se pretende conmemorar?<\/span><\/p>\n<p style=\"text-align: justify;\"><span style=\"font-weight: 400;\">\u00bfQu\u00e9 sentido tiene si no se puede denunciar la represi\u00f3n y persecuci\u00f3n de la que son objeto los activistas del movimiento de solidaridad con Palestina? Desgraciadamente, muchos gobiernos, incluidos los del Estado Espa\u00f1ol y la ciudad de Barcelona, han adoptado una definici\u00f3n del antisemitismo que incluye las cr\u00edticas a Israel. Equiparar el antisionismo \u2013una posici\u00f3n pol\u00edtica legitima, que tambi\u00e9n existe entre jud\u00edos- con el antisemitismo -el racismo contra los jud\u00edos, condenable como cualquier otro racismo-, lejos de proteger a las personas jud\u00edas, crea una confusi\u00f3n que las perjudica. Para nosotros es muy importante distinguir entre una religi\u00f3n y cultura milenarias, el juda\u00edsmo, y un movimiento pol\u00edtico nacionalista, supremacista y colonialista, el sionismo. Junts est\u00e1 con las personas injustamente perseguidas y enjuiciadas en base a esta definici\u00f3n y rechaza la estrategia perseguida por el sionismo de descalificar cualquier cr\u00edtica a la pol\u00edtica israel\u00ed con la falsa acusaci\u00f3n de antisemitismo.<\/span><\/p>\n<p style=\"text-align: justify;\"><span style=\"font-weight: 400;\">En estas condiciones, Junts, Associaci\u00f3 Catalana de Jueus i Palestins se niega a participar en las conmemoraciones siniestras e instrumentalizadas organizadas por la hipocres\u00eda institucional europea. Por ejemplo, la protagonizada por Katharina von Schnurbein, coordinadora de la Comisi\u00f3n Europea de la lucha contra el antisemitismo y el fomento de la vida jud\u00eda, que el 21 de&nbsp;<\/span><b>este mes se encontrar\u00e1 con grupos sionistas en aquella oportunidad, sin contar con los grupos antisionistas de European Jews for Palestine. En cambio, convocamos para el 27 de enero a las 19h00 una concentraci\u00f3n en la pla\u00e7a Sant Jaume con el lema: \u201cProu Genocidi: Mai m\u00e9s per a ning\u00fa!\u201d<\/b><\/p>\n<p style=\"text-align: justify;\"><span style=\"font-weight: 400;\">En nombre de la dignidad de nuestros muertos, palestinos y jud\u00edos, sin ninguna distinci\u00f3n, Junts manifiesta su total solidaridad con el pueblo palestino en su lucha por la liberaci\u00f3n.<\/span><\/p>\n<p style=\"text-align: center;\"><span style=\"font-weight: 400;\"><br \/>\n<\/span><b>\u00a1NUNCA M\u00c1S PARA NADIE!<\/b><\/p>\n<p style=\"text-align: center;\"><span style=\"font-weight: 400;\">Barcelona, 10 de enero de 2025<\/span><\/p>\n<p style=\"text-align: justify;\"><b>Mai m\u00e9s per a ning\u00fa<\/b><\/p>\n<p style=\"text-align: justify;\"><span style=\"font-weight: 400;\">Despr\u00e9s que Israel hagi destru\u00eft l\u2019\u00faltim hospital del Nord de la Franja de Gaza emportant-se tots els homes m\u00e9s grans de 15 anys. Despr\u00e9s de m\u00e9s de 14 mesos de destrucci\u00f3 sistem\u00e0tica d\u2019edificis, d\u2019infraestructures, de tots els hospitals i escoles de Gaza. Despr\u00e9s de bombardejos sobre la poblaci\u00f3 civil que han deixat 46.000 v\u00edctimes comptabilitzades, per\u00f2 que segurament s\u00f3n molt\u00edssimes m\u00e9s, sense comptar les mortes a causa de la gana, del fred, de la manca de medicaments, de l\u2019aigua insalubre. Despr\u00e9s dels assassinats de personal sanitari i periodistes perqu\u00e8 no quedi ning\u00fa per guarir o donar testimoni. Despr\u00e9s de fer tota la poblaci\u00f3 col\u00b7lectivament responsable de l\u2019atac del 7\/10\/23, en paraules dels dirigents de l\u2019Estat sionista. Despr\u00e9s de tot aix\u00f2 cap persona mitjanament informada i de bona fe no pot negar que aquests fets constitueixen un crim de genocidi contra la poblaci\u00f3 palestina en conjunt.<\/span><\/p>\n<p style=\"text-align: justify;\"><span style=\"font-weight: 400;\">Quan els dirigents israelians es van presentar a l\u2019ONU amb la infame estrella groga a la solapa fent-se passar per les eternes v\u00edctimes del genocidi nazi, intentant justificar aix\u00ed el seu \u201cdret a defensar-se\u201d, que en realitat significa massacrar indiscriminadament civils palestins, assistim a un grotesc exercici de manipulaci\u00f3 de la mem\u00f2ria hist\u00f2rica del genocidi nazi perpetrat contra els jueus europeus. Alguns membres de Junts, Associaci\u00f3 Catalana de Jueus i Palestins, tenim familiars que van morir en aquesta operaci\u00f3 d\u2019extermini, d\u2019altres volem honorar la mem\u00f2ria de totes aquestes v\u00edctimes, aix\u00ed com la de les v\u00edctimes palestines. Aix\u00f2 no obstant, tenim clar que la lli\u00e7\u00f3 que cal treure de la hist\u00f2ria no \u00e9s reivindicar un exclusivisme del patiment o, pitjor encara, omplir-se d\u2019un esperit de venjan\u00e7a assedegat de sang com el dels dirigents sionistes. La lli\u00e7\u00f3 \u00e9s: \u201c<\/span><b>Mai m\u00e9s per a ning\u00fa<\/b><span style=\"font-weight: 400;\">\u201d.<\/span><\/p>\n<p style=\"text-align: justify;\"><span style=\"font-weight: 400;\">Els nazis van comen\u00e7ar matant els seus oponents pol\u00edtics, en particular comunistes, molts d\u2019ells jueus, en el context del triomf de la revoluci\u00f3 sovi\u00e8tica i del temor a la seva vict\u00f2ria en altres pa\u00efsos. Van continuar amb els malalts mentals, les persones amb \u201cdiscapacitats\u201d, els testimonis de Jehov\u00e0, els gitanos, els homosexuals, els eslaus, i l\u2019anomenada \u201csoluci\u00f3 final\u201d, l\u2019eliminaci\u00f3 f\u00edsica de totes les persones jueves. Tanmateix, el sionisme no va fer gran cosa per lluitar contra els nazis: \u00e9s m\u00e9s, van negociar amb ells un acord, anomenat Haavara, o transfer\u00e8ncia, perqu\u00e8 alguns jueus alemanys poguessin emigrar a Palestina a canvi d\u2019obrir un mercat a Palestina per als b\u00e9ns alemanys, cosa que a la pr\u00e0ctica va trencar el boicot dels sindicats dels EUA contra Alemanya. L\u2019acord es va aplicar del 1933 al 1939 i va representar una aportaci\u00f3 de 35 milions de d\u00f2lars de l\u2019\u00e8poca.<\/span><\/p>\n<p style=\"text-align: justify;\"><span style=\"font-weight: 400;\">Ben Guri\u00f3n, pe\u00e7a clau en la fundaci\u00f3 de l\u2019Estat d\u2019Israel, va dir que si pogu\u00e9s salvar tots els nens jueus alemanys a condici\u00f3 que anessin a Anglaterra o nom\u00e9s a la meitat si anessin a Palestina, preferia aquesta segona opci\u00f3. I quan van arribar alguns supervivents del genocidi a Palestina, els van menysprear dient que no havien lluitat contra la seva aniquilaci\u00f3, cosa que desmenteixen els aixecaments dels guetos de V\u00edlnius i Vars\u00f2via. Va ser nom\u00e9s entrant a la d\u00e8cada dels 1970 que Israel va entendre que podia utilitzar pol\u00edticament la mem\u00f2ria de l\u2019Holocaust per a les seves pr\u00f2pies finalitats.<\/span><\/p>\n<p style=\"text-align: justify;\"><span style=\"font-weight: 400;\">Tot i aix\u00f2, la q\u00fcesti\u00f3 que se\u2019ns planteja avui, en vig\u00edlies de la commemoraci\u00f3 del 80\u00e8 aniversari de l\u2019alliberament del camp d\u2019extermini d\u2019Auschwitz el 27 de gener de 1945, \u00e9s la seg\u00fcent: Quin sentit t\u00e9 aquesta commemoraci\u00f3 si no es pot aprofitar per denunciar el genocidi que est\u00e0 duent a terme Israel contra el poble palest\u00ed, justament en nom del genocidi que es vol commemorar?<\/span><\/p>\n<p style=\"text-align: justify;\"><span style=\"font-weight: 400;\">Quin sentit t\u00e9 si no es pot denunciar la repressi\u00f3 i la persecuci\u00f3 de qu\u00e8 s\u00f3n objecte els activistes del moviment de solidaritat amb Palestina? Malauradament, molts governs, inclosos els de l\u2019Estat Espanyol i la ciutat de Barcelona, han adoptat una definici\u00f3 de l\u2019antisemitisme que inclou les cr\u00edtiques a Israel. Equiparar l\u2019antisionisme -una posici\u00f3 pol\u00edtica legitima, que tamb\u00e9 existeix entre jueus- amb l\u2019antisemitisme -el racisme contra els jueus, condemnable com qualsevol altre racisme-, lluny de protegir les persones jueves, crea una confusi\u00f3 que les perjudica. Per a nosaltres \u00e9s molt important distingir entre una religi\u00f3 i cultura mil\u00b7len\u00e0ries, el judaisme, i un moviment pol\u00edtic nacionalista, supremacista i colonialista, el sionisme. Junts est\u00e0 amb les persones injustament perseguides i enjudiciades sobre la base d\u2019aquesta definici\u00f3 i rebutja l\u2019estrat\u00e8gia perseguida pel sionisme de desqualificar qualsevol cr\u00edtica a la pol\u00edtica israeliana amb la falsa acusaci\u00f3 d\u2019antisemitisme.<\/span><\/p>\n<p style=\"text-align: justify;\"><span style=\"font-weight: 400;\">En aquestes condicions, Junts, Associaci\u00f3 Catalana de Jueus i Palestins es nega a participar a les commemoracions sinistres i instrumentalitzades organitzades per la hipocresia institucional europea. Per exemple, la protagonitzada per Katharina von Schnurbein, coordinadora de la Comissi\u00f3 Europea de la lluita contra l\u2019antisemitisme i la promoci\u00f3 de la vida jueva, que el 21 d\u2019aquest mes&nbsp;<\/span><b>es trobar\u00e0 amb grups sionistes en aquella oportunitat, sense comptar amb els grups antisionistes de European Jews for Palestine. En canvi, convoquem pel 27 de gener a les 19h00 una concentraci\u00f3 a la pla\u00e7a Sant Jaume amb el lema: \u201cProu Genocidi: Mai m\u00e9s per a ning\u00fa!\u201d<\/b><\/p>\n<p style=\"text-align: justify;\"><span style=\"font-weight: 400;\">En nom de la dignitat dels nostres morts, palestins i jueus, sense cap distinci\u00f3, Junts manifesta la seva total solidaritat amb el poble palest\u00ed en la lluita per l\u2019alliberament.<\/span><\/p>\n<p style=\"text-align: center;\"><b>MAI M\u00c9S PER A NING\u00da!<\/b><\/p>\n<p style=\"text-align: center;\"><span style=\"font-weight: 400;\">Barcelona, 10 de gener de 2025<\/span><\/p>\n<p style=\"text-align: justify;\"><b>Ronald Lauder, presidente del Congreso Jud\u00edo Mundial<\/b><\/p>\n<p style=\"text-align: justify;\"><span style=\"font-weight: 400;\">Lauder habla en nombre los donantes del Museo Estatal de Auschwitz-Birkenau. Pide una \u00abeducaci\u00f3n honesta\u00bb y advierte de que muchos j\u00f3venes est\u00e1n repitiendo contra Israel los prejuicios que los nazis ten\u00edan contra los jud\u00edos: \u00abEllos son los l\u00edderes del futuro. Las cosas no est\u00e1n bien\u00bb.<\/span><\/p>\n<p style=\"text-align: justify;\"><b>Tova Friedman, superviviente de Auschwitz, defiende Israel, que \u00ablucha por su propia existencia\u00bb<\/b><\/p>\n<p style=\"text-align: justify;\"><span style=\"font-weight: 400;\">\u00abEl antisemitismo rampante que se extiende entre naciones nos impacta a nosotros, a nuestros hijos y nietos. Israel, la \u00fanica democracia de Oriente Pr\u00f3ximo, lucha por su propia existencia\u00bb.<\/span><\/p>\n<p style=\"text-align: justify;\"><span style=\"font-weight: 400;\">Friedman, nacida en Polonia, fue una de las personas m\u00e1s j\u00f3venes en salir de Auschwitz: ten\u00eda ocho a\u00f1os cuando termin\u00f3 la guerra. Es autora del libro &#8216;La hija de Auschwitz&#8217;.<\/span><\/p>\n<p style=\"text-align: justify;\">\n<p style=\"text-align: justify;\"><span style=\"font-weight: 400;\">&nbsp;<\/span><\/p>\n<p style=\"text-align: justify;\">&nbsp;<\/p>\n","protected":false},"excerpt":{"rendered":"<p>Carta Semanal 1029 en catal\u00e1n Carta Semanal 1029 para descargar en PDF En estos d\u00edas se celebra el 80 aniversario de la liberaci\u00f3n del campo de concentraci\u00f3n y exterminio de Auschwitz por el Ej\u00e9rcito Rojo. Frente a las celebraciones oficiales celebradas en le propio campo, de las que ha sido excluida la Federaci\u00f3n Rusa, y [&hellip;]<\/p>\n","protected":false},"author":1196,"featured_media":0,"comment_status":"open","ping_status":"open","sticky":false,"template":"","format":"standard","meta":{"ngg_post_thumbnail":0,"footnotes":""},"categories":[61],"tags":[1194,248,1193,247,246],"class_list":["post-9002","post","type-post","status-publish","format-standard","hentry","category-cartas","tag-auschwitz","tag-gaza","tag-holocausto","tag-israel","tag-palestina"],"aioseo_notices":[],"_links":{"self":[{"href":"http:\/\/posicuarta.org\/cartasblog\/wp-json\/wp\/v2\/posts\/9002","targetHints":{"allow":["GET"]}}],"collection":[{"href":"http:\/\/posicuarta.org\/cartasblog\/wp-json\/wp\/v2\/posts"}],"about":[{"href":"http:\/\/posicuarta.org\/cartasblog\/wp-json\/wp\/v2\/types\/post"}],"author":[{"embeddable":true,"href":"http:\/\/posicuarta.org\/cartasblog\/wp-json\/wp\/v2\/users\/1196"}],"replies":[{"embeddable":true,"href":"http:\/\/posicuarta.org\/cartasblog\/wp-json\/wp\/v2\/comments?post=9002"}],"version-history":[{"count":1,"href":"http:\/\/posicuarta.org\/cartasblog\/wp-json\/wp\/v2\/posts\/9002\/revisions"}],"predecessor-version":[{"id":9003,"href":"http:\/\/posicuarta.org\/cartasblog\/wp-json\/wp\/v2\/posts\/9002\/revisions\/9003"}],"wp:attachment":[{"href":"http:\/\/posicuarta.org\/cartasblog\/wp-json\/wp\/v2\/media?parent=9002"}],"wp:term":[{"taxonomy":"category","embeddable":true,"href":"http:\/\/posicuarta.org\/cartasblog\/wp-json\/wp\/v2\/categories?post=9002"},{"taxonomy":"post_tag","embeddable":true,"href":"http:\/\/posicuarta.org\/cartasblog\/wp-json\/wp\/v2\/tags?post=9002"}],"curies":[{"name":"wp","href":"https:\/\/api.w.org\/{rel}","templated":true}]}}