{"id":9063,"date":"2025-07-01T20:20:11","date_gmt":"2025-07-01T18:20:11","guid":{"rendered":"https:\/\/posicuarta.org\/cartasblog\/?p=9063"},"modified":"2025-07-15T21:04:59","modified_gmt":"2025-07-15T19:04:59","slug":"mas-de-un-millon-de-manifestantes-en-los-ee-uu-contra-la-politica-de-trump","status":"publish","type":"post","link":"http:\/\/posicuarta.org\/cartasblog\/mas-de-un-millon-de-manifestantes-en-los-ee-uu-contra-la-politica-de-trump\/","title":{"rendered":"M\u00e1s de un mill\u00f3n de manifestantes en los EE.UU. contra la pol\u00edtica de Trump"},"content":{"rendered":"<h3><em><a href=\"http:\/\/posicuarta.org\/cartasblog\/wp-content\/uploads\/2025\/07\/Carta-Semanal-1039-cat.pdf\">Carta Semanal 1039 en catal\u00e1n<\/a><\/em><\/h3>\n<h3><em><a href=\"http:\/\/posicuarta.org\/cartasblog\/wp-content\/uploads\/2025\/07\/Carta-Semanal-1039-cast.pdf\">Carta Semanal 1039 para descargar en PDF<\/a><\/em><\/h3>\n<p><img loading=\"lazy\" decoding=\"async\" class=\"alignleft wp-image-9064\" src=\"http:\/\/posicuarta.org\/cartasblog\/wp-content\/uploads\/2025\/07\/Carta-Semanal-1039-cast-212x300.jpg\" alt=\"\" width=\"152\" height=\"215\" srcset=\"http:\/\/posicuarta.org\/cartasblog\/wp-content\/uploads\/2025\/07\/Carta-Semanal-1039-cast-212x300.jpg 212w, http:\/\/posicuarta.org\/cartasblog\/wp-content\/uploads\/2025\/07\/Carta-Semanal-1039-cast-724x1024.jpg 724w, http:\/\/posicuarta.org\/cartasblog\/wp-content\/uploads\/2025\/07\/Carta-Semanal-1039-cast-106x150.jpg 106w, http:\/\/posicuarta.org\/cartasblog\/wp-content\/uploads\/2025\/07\/Carta-Semanal-1039-cast-768x1086.jpg 768w, http:\/\/posicuarta.org\/cartasblog\/wp-content\/uploads\/2025\/07\/Carta-Semanal-1039-cast-1086x1536.jpg 1086w, http:\/\/posicuarta.org\/cartasblog\/wp-content\/uploads\/2025\/07\/Carta-Semanal-1039-cast-1448x2048.jpg 1448w, http:\/\/posicuarta.org\/cartasblog\/wp-content\/uploads\/2025\/07\/Carta-Semanal-1039-cast-624x883.jpg 624w, http:\/\/posicuarta.org\/cartasblog\/wp-content\/uploads\/2025\/07\/Carta-Semanal-1039-cast-scaled.jpg 1810w\" sizes=\"auto, (max-width: 152px) 100vw, 152px\" \/><\/p>\n<p align=\"justify\"><strong><span style=\"font-family: Times New Roman, serif;\">Millones de ciudadanos y ciudadanas de Norteam\u00e9rica comienzan a sufrir las consecuencias de las pol\u00edticas de Trump, que suponen una declaraci\u00f3n de guerra contra la clase trabajadora.<\/span><\/strong><\/p>\n<p align=\"justify\"><span style=\"font-family: Times New Roman, serif;\"><span style=\"font-size: medium;\">La imposici\u00f3n de aranceles a las importaciones de numerosos pa\u00edses va a suponer un aumento inmediato de los precios, incluyendo los (seg\u00fan Reuters, un <span style=\"color: #000000;\">73 % de los <\/span><span style=\"color: #000000;\"><span style=\"font-size: small;\">americanos esperan una subida <\/span><\/span><span style=\"font-size: small;\">de los art\u00edculos de primera necesidad, mientras s\u00f3lo <\/span><span style=\"font-size: small;\">el <\/span><span style=\"color: #000000;\"><span style=\"font-size: small;\">4 % piensan que los precios van a bajar). Los pensionistas han visto c\u00f3mo el hundimiento de las bolsas ha generado p\u00e9rdidas de miles de millones en sus fondos de pensiones (es el caso de <\/span><\/span><em><span style=\"font-size: small;\">David Chaffin, de 64 ans, que cita el <\/span><\/em><em><span style=\"font-size: small;\">Seattle Times<\/span><\/em><span style=\"font-size: small;\">&nbsp;del 4&nbsp;de abril: \u201c<\/span><em><span style=\"font-size: small;\">este habitante de Ballard hab\u00eda previsto iniciar su jubilaci\u00f3n en agosto. Hoy, ese plan est\u00e1 en duda. Desde el inicio de la semana, el valor de su cuenta de ahorro-jubilaci\u00f3n ha perdido 40.000&nbsp;d\u00f3lares. Y teme que las p\u00e9rdidas se agraven con la entrada en vigor de los aranceles\u201d. <\/span><\/em><em><span style=\"font-size: small;\">Por m\u00e1s que las bolsas se hayan recuperado tras la \u201ctregua\u201d de 90 d\u00edas en los aranceles, los bonos de deuda siguen con intereses muy altos (lo que demuestra que la desconfianza de los inversores persiste)<\/span><\/em><\/span><\/span><\/p>\n<p align=\"justify\"><!--more--><\/p>\n<p align=\"justify\"><span style=\"color: #000000;\"><span style=\"font-family: Times New Roman, serif;\">Los empleados federales se ven amenazados con el despido, han perdido el derecho a teletrabajar, y el propio derecho a su negociaci\u00f3n colectiva est\u00e1 amenazado. <\/span><\/span><\/p>\n<p align=\"justify\"><span style=\"color: #000000;\"><span style=\"font-family: Times New Roman, serif;\">Pero, sin duda, el sector de la clase trabajadora m\u00e1s amenazado por las pol\u00edticas de Trump son los inmigrantes. A las expulsiones arbitrarias \u2013en alguna ocasi\u00f3n, directamente a c\u00e1rceles de alta seguridad de El Salvador- ha a\u00f1adido recientemente una nueva medida: la imposici\u00f3n de multas de hasta 998 $ diarios a los inmigrantes que permanezcan en los EEUU tras haber recibido una orden de expulsi\u00f3n (las multas pueden ser aplicadas hasta con 5 a\u00f1os de retroactividad, lo que llegar\u00eda a m\u00e1s de <\/span><\/span><span style=\"color: #000000;\"><span style=\"font-family: Times New Roman, serif;\">un mill\u00f3n de d\u00f3lares). <\/span><\/span><\/p>\n<p align=\"justify\"><span style=\"color: #000000;\"><span style=\"font-family: Times New Roman, serif;\">Al mismo tiempo Trump afirma haber autorizado un presupuesto militar pr\u00f3ximo al bill\u00f3n de d\u00f3lares, lo que supondr\u00eda un notable incremento respecto de los <\/span><\/span><span style=\"color: #000000;\"><span style=\"font-family: Times New Roman, serif;\">850.000 millones actuales. <\/span><\/span><\/p>\n<p align=\"justify\"><span style=\"color: #000000;\"><span style=\"font-family: Times New Roman, serif;\">Estas medidas despiertan un creciente descontento, que la semana pasada se ha traducido en la convocatoria de manifestaciones en 1.400 ciudades.<\/span><\/span><\/p>\n<p align=\"center\"><span style=\"font-family: Times New Roman, serif;\"><span style=\"color: #141414;\"><span style=\"font-size: medium;\"><b>La mayor movilizaci\u00f3n registrada desde el regreso de Trump a la Casa Blanca.<\/b><\/span><\/span><\/span><\/p>\n<p align=\"justify\"><span style=\"font-family: Times New Roman, serif;\"><span style=\"font-size: medium;\"><span style=\"color: #141414;\"><span style=\"font-size: small;\">Las protestas fueron convocadas bajo el lema \u00abManos fuera\u00bb, y los manifestantes salieron a las calles en Boston, Chicago, Los \u00c1ngeles, Nueva York y Washington, entre otras ciudades.<\/span><\/span><\/span><\/span><\/p>\n<p align=\"justify\"><span style=\"font-family: Times New Roman, serif;\"><span style=\"font-size: medium;\"><span style=\"color: #141414;\"><span style=\"font-size: small;\">En esas movilizaciones, los asistentes expresaron su desacuerdo con el conjunto de la agenda de Trump, desde los aranceles y la reestructuraci\u00f3n del gobierno, hasta la ampliaci\u00f3n de la autoridad presidencial. Tambi\u00e9n se celebraron concentraciones fuera del pa\u00eds, en lugares como Londres, Par\u00eds y Berl\u00edn.<\/span><\/span><\/span><\/span><\/p>\n<p align=\"justify\"><span style=\"font-family: Times New Roman, serif;\"><span style=\"color: #191919;\">las marchas, que responden a lo que los organizadores &#8211; una coalici\u00f3n nacional formada por organizaciones de derechos civiles, veteranos, grupos de mujeres, sindicatos y defensores de la comunidad LGBTQ- llaman una \u201ctoma del poder hostil\u201d y un ataque a los derechos y las libertades de los estadounidenses, recorrieron las capitales de los Estados de este a oeste del pa\u00eds. <\/span><span style=\"color: #191919;\">Entre los organizadores de<\/span><span style=\"color: #191919;\"><i>&nbsp;\u00a1Manos fuera!<\/i><\/span><span style=\"color: #191919;\">&nbsp;figuran grupos progresistas como Move On, Third Act y Reproductive Freedom for All, que afirman tener tres reivindicaciones: <\/span><span style=\"color: #191919;\"><i>\u201cEl fin de la toma de control multimillonaria y la corrupci\u00f3n desenfrenada de la Administraci\u00f3n de Trump; el fin del recorte de fondos federales para Medicaid, la Seguridad Social y otros programas de los que dependen las personas trabajadoras; y el fin de los ataques a inmigrantes, personas trans y otras comunidades<\/i><\/span><span style=\"color: #191919;\">\u201d. <\/span><span style=\"color: #0c0c0c;\"><i>\u201cYa sea que te movilices por los ataques a nuestra democracia, el recorte de empleos, la invasi\u00f3n de la privacidad o el asalto a nuestros servicios \u2013 este momento es para ti,\u201d <\/i><\/span><span style=\"color: #0c0c0c;\">dicen las octavillas der convocatoria<\/span><span style=\"color: #0c0c0c;\"><i>. \u201cEstamos buscando construir un rechazo masivo, visible y nacional a esta crisis\u201d.<\/i><\/span><\/span><\/p>\n<p align=\"justify\"><span style=\"font-family: Times New Roman, serif;\"><span style=\"color: #191919;\">Las concentraciones fueron convocadas en edificios federales, los Capitolios estatales, sedes de la Seguridad Social y parques y ayuntamientos. En Estados como Nueva York, donde la protesta&nbsp;<\/span><span style=\"color: #191919;\"><i>oficial<\/i><\/span><span style=\"color: #191919;\">&nbsp;se celebr\u00f3 en su capital, Albany, hubo una r\u00e9plica en la Gran Manzana, donde un tiempo lluvioso y gris no impidi\u00f3 una gran participaci\u00f3n imposible de cuantificar: en EE UU no es costumbre dar cifras de asistencia.<\/span><\/span><\/p>\n<p align=\"justify\"><span style=\"font-family: Times New Roman, serif;\"><span style=\"font-size: medium;\"><span style=\"color: #141414;\"><span style=\"font-size: small;\">Los asistentes portaban pancartas que no solo criticaban duramente a Trump, sino tambi\u00e9n los recortes aplicados por el Departamento de Eficiencia Gubernamental (DOGE, por sus siglas en ingl\u00e9s), que dirige el magnate sudafricano Elon Musk. <\/span><\/span><\/span><\/span><\/p>\n<p align=\"justify\"><span style=\"font-family: Times New Roman, serif;\"><span style=\"font-size: medium;\"><span style=\"color: #141414;\"><span style=\"font-size: small;\">\u00abNo queremos reyes\u00bb, \u00abNo al fascismo\u00bb y \u00abApoyo a los trabajadores federales\u00bb eran algunos de los mensajes que se le\u00edan en las pancartas. <\/span><\/span><\/span><\/span><\/p>\n<p align=\"justify\"><span style=\"font-family: Times New Roman, serif;\"><span style=\"font-size: medium;\"><span style=\"color: #141414;\"><span style=\"font-size: small;\">Una manifestante dijo a la BBC que sali\u00f3 a protestar porque quiere que la gente \u00abpreste atenci\u00f3n al hecho de que estamos perdiendo nuestros derechos democr\u00e1ticos\u00bb.<\/span><\/span><\/span><\/span><\/p>\n<p align=\"justify\"><span style=\"font-family: Times New Roman, serif;\"><span style=\"font-size: medium;\"><span style=\"color: #141414;\"><span style=\"font-size: small;\">\u00abEstoy muy preocupada por los recortes que est\u00e1n haciendo en el gobierno federal\u00bb, asegur\u00f3. \u00abTengo un hijo con discapacidad y quiero asegurarme de que tenga acceso a la seguridad social y a sus derechos educativos\u00bb.<\/span><\/span><\/span><\/span><\/p>\n<p align=\"justify\"><span style=\"font-family: Times New Roman, serif;\"><span style=\"font-size: medium;\"><span style=\"color: #141414;\"><span style=\"font-size: small;\">En algunas ciudades, como Boston, los manifestantes expresaron su rechazo a las redadas contra los migrantes, especialmente contra el arresto y los procesos de deportaci\u00f3n de estudiantes universitarios.<\/span><\/span><\/span><\/span><\/p>\n<p align=\"justify\"><span style=\"font-family: Times New Roman, serif;\"><span style=\"font-size: medium;\"><span style=\"color: #141414;\"><span style=\"font-size: small;\">La alumna de Derecho Katie Smith declar\u00f3 a la BBC que sali\u00f3 a protestar por el caso de la estudiante turca Rumeysa Ozturk, quien fue detenida cerca de la Universidad Tufts, en el \u00e1rea de Boston, por agentes estadounidenses enmascarados, en una operaci\u00f3n que fue grabada en video.<\/span><\/span><\/span><\/span><\/p>\n<p align=\"justify\"><span style=\"font-family: Times New Roman, serif;\"><span style=\"font-size: medium;\"><span style=\"color: #141414;\"><span style=\"font-size: small;\">En la manifestaci\u00f3n en el centro de la ciudad de Boston sonaban flautas y tambores de la \u00e9poca de la Guerra de Independencia, un recordatorio del papel crucial que jug\u00f3 la ciudad en la Revoluci\u00f3n estadounidense hace 250 a\u00f1os, report\u00f3 la corresponsal de la BBC, Robin Levinson King.<\/span><\/span><\/span><\/span><\/p>\n<p align=\"justify\"><span style=\"font-family: Times New Roman, serif;\"><span style=\"font-size: medium;\"><span style=\"color: #141414;\"><span style=\"font-size: small;\">En la ciudad de Washington, las l\u00edneas de metro estuvieron abarrotadas por manifestantes que se dirig\u00edan al punto de concentraci\u00f3n en el Monumento a Washington, donde se <\/span><\/span><span style=\"color: #0c0c0c;\"><span style=\"font-size: small;\">reunieron miles de manifestantes llegados desde todo el pa\u00eds. Los manifestantes en el National Mall coreaban \u201cHey ho, Trump\u2019s gotta go\u201d (Trump se tiene que marchar), mientras sosten\u00edan carteles en los que se le\u00eda \u201cProtejamos nuestra Constituci\u00f3n\u201d y \u201cManos fuera de nuestros derechos\u201d.<\/span><\/span><\/span><\/span><\/p>\n<h3 align=\"center\"><span style=\"font-family: Times New Roman, serif;\"><span style=\"color: #191919;\"><span style=\"font-size: medium;\">Una oposici\u00f3n pol\u00edtica \u201cdormida\u201d<\/span><\/span><\/span><\/h3>\n<p align=\"justify\"><span style=\"font-family: Times New Roman, serif;\"><span style=\"color: #191919;\">La movilizaci\u00f3n de este s\u00e1bado rompe una din\u00e1mica de pasividad mantenida por la direcci\u00f3n del Partido dem\u00f3crata desde la elecci\u00f3n de Trump. Una actitud que se ha manifestado en hechos como&nbsp;<\/span>como la aprobaci\u00f3n con apoyo de 10 dem\u00f3cratas de una propuesta republicana para prorrogar el presupuesto&nbsp;<span style=\"color: #191919;\">de la Administraci\u00f3n, han puesto en evidencia sus grietas internas. S\u00f3lo la reciente gira por el pa\u00eds de Bernie Sanders y Alexandria Ocasio-Cortez, bajo el lema \u201cCombatir la oligarqu\u00eda\u201d, con gran asistencia de p\u00fablico (se calcula unas 85.000 personas en los 5 actos realizados),&nbsp;<\/span>pareci\u00f3 galvanizar la hasta ahora silenciosa oposici\u00f3n al Gobierno de Trump<span style=\"color: #191919;\">&nbsp;y el milmillonario Musk. El senador y la popular congresista estar\u00e1n en Los \u00c1ngeles el s\u00e1bado 12 de abril, lo que ayudar\u00e1 a mantener la energ\u00eda de la protesta a lo largo de la semana.<\/span><\/span><\/p>\n<h3 align=\"center\"><span style=\"font-family: Times New Roman, serif;\"><span style=\"color: #191919;\"><b>Participaci\u00f3n sindical<\/b><\/span><\/span><\/h3>\n<p align=\"justify\"><span style=\"font-family: Times New Roman, serif;\">A la convocatoria se han sumado de numerosas organizaciones, entre ellas la confederaci\u00f3n AFL-CIO y sus principales sindicatos (citemos, en particular, AFT, de maestros, NEA, de la Educaci\u00f3n, UAW, del autom\u00f3vil), as\u00ed como los DSA.<\/span><\/p>\n<p align=\"justify\"><span style=\"font-family: Times New Roman, serif;\"><span style=\"font-size: medium;\"><span style=\"color: #0c0c0c;\"><span style=\"font-size: small;\">En la protesta de Washington, dos presidentes de sindicatos de empleados federales contra Trump y sus pol\u00edticas dirigidas a los trabajadores federales.<\/span><\/span><\/span><\/span><\/p>\n<p align=\"justify\"><span style=\"color: #0c0c0c;\">\u201c<span style=\"font-family: Times New Roman, serif;\"><span style=\"font-size: medium;\"><span style=\"font-size: small;\"><i>La administraci\u00f3n Trump est\u00e1 destruyendo absolutamente los servicios p\u00fablicos en este pa\u00eds. As\u00ed es. Afirman que est\u00e1n haciendo que el Gobierno sea m\u00e1s eficiente\u201d<\/i><\/span><\/span><span style=\"font-size: small;\">, dijo el presidente de la Federaci\u00f3n Nacional de Empleados Federales (NFFE), Randy Erwin. <\/span><span style=\"font-size: small;\"><i>\u201cEso es una broma, gente. Es una broma cruel. Est\u00e1n haciendo exactamente lo contrario\u201d<\/i><\/span><span style=\"font-size: small;\">.<\/span><\/span><\/span><\/p>\n<p align=\"justify\"><span style=\"font-family: Times New Roman, serif;\"><span style=\"font-size: medium;\"><span style=\"font-size: small;\">La NFFE y la Federaci\u00f3n Estadounidense de Empleados Gubernamentales (AFGE) forman parte de una coalici\u00f3n de sindicatos que presentaron esta semana una demanda ante la Corte de Distrito de EE.UU. en San Francisco contra la Orden ejecutiva de Trump que proh\u00edbe la negociaci\u00f3n colectiva para los empleados del gobierno cuyo trabajo \u201cafecte a cuestiones de seguridad nacional\u201d, con una interpretaci\u00f3n amplia, <\/span><span style=\"font-size: small;\">que se aplica al personal de numerosas agencias federales, incluyendo los departamentos de Estado, Defensa, Justicia, Salud y Servicios Humanos. Tambi\u00e9n afecta a los centros de control y prevenci\u00f3n de enfermedades, la Comisi\u00f3n Federal de Comunicaciones, y los departamentos federales de Inmigraci\u00f3n y Aduanas. <\/span><\/span><\/span><\/p>\n<p align=\"justify\">\u201c<span style=\"font-family: Times New Roman, serif;\"><span style=\"font-size: medium;\"><span style=\"font-size: small;\"><i>Pensaron que \u00e9ramos un blanco f\u00e1cil. Pero d\u00e9jenme decirles algo sobre los miembros de los sindicatos y los veteranos. No nos van a intimidar. Yo mismo soy un veterano. Soy veterano del Ej\u00e9rcito. No nos silenciar\u00e1n. No nos doblegaremos. Nos levantaremos y diremos \u2018quiten las manos de nuestro sindicato\u2019<\/i><\/span><span style=\"font-size: small;\">. <\/span><span style=\"font-size: small;\"><i>Nos pondremos de pie y diremos \u2018quiten las manos de nuestro contrato\u2019\u201d<\/i><\/span><span style=\"font-size: small;\">, dijo el presidente de AFGE, Everett Kelley. Por su parte, Erwin calific\u00f3 la medida de la administraci\u00f3n Trump como <\/span><span style=\"font-size: small;\"><i>\u201cel mayor asalto a la negociaci\u00f3n colectiva que jam\u00e1s hayamos visto en este pa\u00eds\u201d.<\/i><\/span><\/span><\/span><\/p>\n<h3 align=\"center\"><span style=\"font-family: Times New Roman, serif;\"><span style=\"font-size: medium;\"><b>Inquietud entre los propios republicanos<\/b><\/span><\/span><\/h3>\n<p align=\"justify\"><span style=\"font-family: Times New Roman, serif;\">La cuesti\u00f3n de los aranceles est\u00e1 lejos de tener apoyo un\u00e1nime entre los propios capitalistas norteamericanos. Apple, por ejemplo, fabrica sus iphone en China y sus directivos han declarado que es inviable hacerlo en los EEUU por el \u201calto coste\u201d de su mano de obra, y por la <span style=\"color: #3b3b3b;\">escasez generalizada de trabajadores industriales cualificados<\/span>. Elon Musk, a pesar de ser uno de los aliados m\u00e1s cercanos de Trump, ha llegado incluso a defender una zona de librecambio entre Europa y los Estados Unidos. El <i>Wall Street Journal, en un <\/i>editorial del 7 de abril, explica que estos aranceles pueden provocar una implosi\u00f3n del comercio internacional, o puede que s\u00f3lo lo afecten de manera pasajera, seg\u00fan lo que Trump decida: represalias, o negociaci\u00f3n.<\/span><\/p>\n<p align=\"justify\"><span style=\"font-family: Times New Roman, serif;\">La inquietud gana las propias filas republicanas, mientras que la campa\u00f1a de las elecciones de medio mandato se anuncia dif\u00edcil.<\/span><\/p>\n<p align=\"justify\"><span style=\"font-family: Times New Roman, serif;\">El pretexto esgrimido por Trump para defender sus aranceles, la reindustrializaci\u00f3n de los Estados Unidos, se enfrenta al coste de la mano de obra en el pa\u00eds. La \u00fanica manera de hacer retornar al pa\u00eds a las grandes firmas industriales es atacar los derechos de los trabajadores americanos, tanto los de quienes tienen la nacionalidad como, sobre todo, los de los que no la tienen. <\/span><\/p>\n<h3 align=\"center\"><a name=\"_GoBack\"><\/a> <span style=\"font-family: Times New Roman, serif;\"><span style=\"font-size: medium;\">Sin duda, la clase obrera de los EEUU ser\u00e1 el factor determinante<\/span><\/span><\/h3>\n<p align=\"justify\"><span style=\"font-family: Times New Roman, serif;\">A pesar de que muchos comentaristas \u2013incluyendo a buena parte de los que provienen de los viejos partidos estalinistas- no la tienen en cuenta en sus an\u00e1lisis, en los EEUU existe una clase trabajadora, que tiene sus organizaciones (casi 15 millones de personas afiliadas a los sindicatos), y, que defiende sus conquistas sociales enfrent\u00e1ndose al capital y a sus gobiernos. Hoy se enfrenta a los ataques del gobierno Trump y trata de levantar su propia alternativa pol\u00edtica. <\/span><\/p>\n<p>&nbsp;<\/p>\n","protected":false},"excerpt":{"rendered":"<p>Carta Semanal 1039 en catal\u00e1n Carta Semanal 1039 para descargar en PDF Millones de ciudadanos y ciudadanas de Norteam\u00e9rica comienzan a sufrir las consecuencias de las pol\u00edticas de Trump, que suponen una declaraci\u00f3n de guerra contra la clase trabajadora. La imposici\u00f3n de aranceles a las importaciones de numerosos pa\u00edses va a suponer un aumento inmediato [&hellip;]<\/p>\n","protected":false},"author":1197,"featured_media":0,"comment_status":"open","ping_status":"open","sticky":false,"template":"","format":"standard","meta":{"ngg_post_thumbnail":0,"footnotes":""},"categories":[61],"tags":[721,1205,693],"class_list":["post-9063","post","type-post","status-publish","format-standard","hentry","category-cartas","tag-eeuu","tag-movilizaciones-eeuu","tag-trump"],"aioseo_notices":[],"_links":{"self":[{"href":"http:\/\/posicuarta.org\/cartasblog\/wp-json\/wp\/v2\/posts\/9063","targetHints":{"allow":["GET"]}}],"collection":[{"href":"http:\/\/posicuarta.org\/cartasblog\/wp-json\/wp\/v2\/posts"}],"about":[{"href":"http:\/\/posicuarta.org\/cartasblog\/wp-json\/wp\/v2\/types\/post"}],"author":[{"embeddable":true,"href":"http:\/\/posicuarta.org\/cartasblog\/wp-json\/wp\/v2\/users\/1197"}],"replies":[{"embeddable":true,"href":"http:\/\/posicuarta.org\/cartasblog\/wp-json\/wp\/v2\/comments?post=9063"}],"version-history":[{"count":4,"href":"http:\/\/posicuarta.org\/cartasblog\/wp-json\/wp\/v2\/posts\/9063\/revisions"}],"predecessor-version":[{"id":9305,"href":"http:\/\/posicuarta.org\/cartasblog\/wp-json\/wp\/v2\/posts\/9063\/revisions\/9305"}],"wp:attachment":[{"href":"http:\/\/posicuarta.org\/cartasblog\/wp-json\/wp\/v2\/media?parent=9063"}],"wp:term":[{"taxonomy":"category","embeddable":true,"href":"http:\/\/posicuarta.org\/cartasblog\/wp-json\/wp\/v2\/categories?post=9063"},{"taxonomy":"post_tag","embeddable":true,"href":"http:\/\/posicuarta.org\/cartasblog\/wp-json\/wp\/v2\/tags?post=9063"}],"curies":[{"name":"wp","href":"https:\/\/api.w.org\/{rel}","templated":true}]}}