{"id":9072,"date":"2025-07-01T20:34:27","date_gmt":"2025-07-01T18:34:27","guid":{"rendered":"https:\/\/posicuarta.org\/cartasblog\/?p=9072"},"modified":"2025-07-15T21:04:16","modified_gmt":"2025-07-15T19:04:16","slug":"declaracion-del-secretariado-internacional-de-la-iv-internacional-2","status":"publish","type":"post","link":"http:\/\/posicuarta.org\/cartasblog\/declaracion-del-secretariado-internacional-de-la-iv-internacional-2\/","title":{"rendered":"Declaraci\u00f3n del Secretariado Internacional de la IV Internacional"},"content":{"rendered":"<h3><em><a href=\"http:\/\/posicuarta.org\/cartasblog\/wp-content\/uploads\/2025\/07\/Carta-Semanal-1040-cat.pdf\">Carta Semanal 1040 en catal\u00e1n<\/a><\/em><\/h3>\n<h3><em><a href=\"http:\/\/posicuarta.org\/cartasblog\/wp-content\/uploads\/2025\/07\/Carta-Semanal-1040-cast.pdf\">Carta Semanal 1040 para descargar en PDF<\/a><\/em><\/h3>\n<p><img loading=\"lazy\" decoding=\"async\" class=\"alignleft wp-image-9073\" src=\"http:\/\/posicuarta.org\/cartasblog\/wp-content\/uploads\/2025\/07\/Carta-Semanal-1040-cast-212x300.jpg\" alt=\"\" width=\"152\" height=\"215\" srcset=\"http:\/\/posicuarta.org\/cartasblog\/wp-content\/uploads\/2025\/07\/Carta-Semanal-1040-cast-212x300.jpg 212w, http:\/\/posicuarta.org\/cartasblog\/wp-content\/uploads\/2025\/07\/Carta-Semanal-1040-cast-724x1024.jpg 724w, http:\/\/posicuarta.org\/cartasblog\/wp-content\/uploads\/2025\/07\/Carta-Semanal-1040-cast-106x150.jpg 106w, http:\/\/posicuarta.org\/cartasblog\/wp-content\/uploads\/2025\/07\/Carta-Semanal-1040-cast-768x1086.jpg 768w, http:\/\/posicuarta.org\/cartasblog\/wp-content\/uploads\/2025\/07\/Carta-Semanal-1040-cast-1086x1536.jpg 1086w, http:\/\/posicuarta.org\/cartasblog\/wp-content\/uploads\/2025\/07\/Carta-Semanal-1040-cast-1448x2048.jpg 1448w, http:\/\/posicuarta.org\/cartasblog\/wp-content\/uploads\/2025\/07\/Carta-Semanal-1040-cast-624x883.jpg 624w, http:\/\/posicuarta.org\/cartasblog\/wp-content\/uploads\/2025\/07\/Carta-Semanal-1040-cast-scaled.jpg 1810w\" sizes=\"auto, (max-width: 152px) 100vw, 152px\" \/><\/p>\n<p align=\"justify\"><strong><span style=\"color: #000000;\"><span style=\"font-family: Calibri, serif;\"><span lang=\"fr-FR\"><span style=\"font-family: Times LT Std, serif;\"><span style=\"font-size: small;\"><span lang=\"es-ES-u-co-trad\">Los anuncios de Trump sobre los aranceles atestiguan, ante todo, la crisis generalizada del capitalismo mundial y, en particular, de su eje, el imperialismo estadounidense. <\/span><\/span><\/span><\/span><\/span><\/span><\/strong><\/p>\n<p align=\"justify\"><span style=\"color: #000000;\"><span style=\"font-family: Calibri, serif;\"><span lang=\"fr-FR\"><span style=\"font-family: Times LT Std, serif;\"><span style=\"font-size: small;\"><span lang=\"es-ES-u-co-trad\">El sistema de la propiedad privada de los medios de producci\u00f3n se ha agotado. Sus \u00fanicas soluciones, en todos los continentes y pa\u00edses, son atacar los derechos y garant\u00edas de los trabajadores y la soberan\u00eda de las naciones, provocando la guerra en Ucrania, el genocidio en Palestina y numerosos conflictos en \u00c1frica, Oriente y Asia. Seg\u00fan el presidente del Consejo de Asesores Econ\u00f3micos de la Casa Blanca: \u00abcomercio y defensa est\u00e1n inextricablemente ligados: (el comercio mundial, principalmente representado en d\u00f3lares) solo puede prosperar gracias al poder militar estadounidense, que garantiza nuestra estabilidad financiera y la credibilidad de nuestros pr\u00e9stamos\u00bb. Cabe se\u00f1alar que, al mismo tiempo que Trump toma estas decisiones \u00abecon\u00f3micas\u00bb, que marcan una verdadera convulsi\u00f3n mundial, presta un apoyo incondicional a B. Netanyahu que masacra al pueblo palestino y que pretende ser el garante del orden en toda esta regi\u00f3n del mundo.<\/span><\/span><\/span><\/span><\/span><\/span><\/p>\n<p align=\"justify\"><!--more--><\/p>\n<p align=\"justify\"><span style=\"color: #000000;\"><span style=\"font-family: Calibri, serif;\"><span lang=\"fr-FR\"><span style=\"font-family: Times LT Std, serif;\"><span style=\"font-size: small;\"><span lang=\"es-ES-u-co-trad\">En esta situaci\u00f3n, en un intento desesperado por superar la crisis del capital estadounidense, Trump desata esta guerra a escala mundial.<\/span><\/span><\/span><\/span><\/span><\/span><\/p>\n<p align=\"justify\"><span style=\"color: #000000;\">\u201c<span style=\"font-family: Calibri, serif;\"><span lang=\"fr-FR\"><span style=\"font-family: Times LT Std, serif;\"><span style=\"font-size: small;\"><span lang=\"es-ES-u-co-trad\"><i>Los aranceles constituyen el choque pol\u00edtico m\u00e1s importante para el sistema comercial mundial desde que Richard Nixon revent\u00f3 (los acuerdos de) Bretton Woods en 1971\u201d<\/i><\/span><\/span><\/span><\/span><span lang=\"fr-FR\"><span style=\"font-family: Times LT Std, serif;\"><span style=\"font-size: small;\"><span lang=\"es-ES-u-co-trad\"><b>, <\/b><\/span><\/span><\/span><\/span><span lang=\"fr-FR\"><span style=\"font-family: Times LT Std, serif;\"><span style=\"font-size: small;\"><span lang=\"es-ES-u-co-trad\"><i>Wall Street Journal<\/i><\/span><\/span><\/span><\/span><\/span><\/span><\/p>\n<p align=\"justify\"><span style=\"color: #000000;\"><span style=\"font-family: Calibri, serif;\"><span lang=\"fr-FR\"><span style=\"font-family: Times LT Std, serif;\"><span style=\"font-size: small;\"><span lang=\"es-ES-u-co-trad\">\u00abLa desconexi\u00f3n del d\u00f3lar del oro por parte del presidente Richard Nixon en 1971 no solo convirti\u00f3 al d\u00f3lar en la moneda de reserva mundial y de referencia del comercio internacional; tambi\u00e9n permiti\u00f3 al Tesoro producir masivamente d\u00f3lares en exceso y sobrevalorarlos, reduciendo sus exportaciones y creando un abismal d\u00e9ficit financiero y comercial. El secretario del Tesoro estadounidense dijo entonces: \u00abel d\u00f3lar es nuestra moneda, es vuestro problema\u00bb. Cincuenta y cinco a\u00f1os despu\u00e9s, <\/span><\/span><\/span><\/span><span lang=\"fr-FR\"><span style=\"font-family: Times LT Std, serif;\"><span style=\"font-size: small;\"><span lang=\"es-ES-u-co-trad\"><i>The Times<\/i><\/span><\/span><\/span><\/span><span lang=\"fr-FR\"><span style=\"font-family: Times LT Std, serif;\"><span style=\"font-size: small;\"><span lang=\"es-ES-u-co-trad\"> escribe: \u00abEl \u201cexorbitante privilegio\u201d de la moneda de reserva mundial es descrito ahora como una \u201cexorbitante carga\u201d por el equipo presidencial\u00bb. <\/span><\/span><\/span><\/span><\/span><\/span><\/p>\n<p align=\"justify\"><span style=\"color: #000000;\"><span style=\"font-family: Calibri, serif;\"><span lang=\"fr-FR\"><span style=\"font-family: Times LT Std, serif;\"><span style=\"font-size: small;\"><span lang=\"es-ES-u-co-trad\">La decisi\u00f3n de Trump es una expresi\u00f3n brutal de lo que anteriores gobiernos estadounidenses han pretendido hacer sin conseguirlo del todo. El plan de Trump hoy es hacer que todo el planeta pague el gigantesco d\u00e9ficit estadounidense a trav\u00e9s de aranceles aduaneros, la eliminaci\u00f3n de barreras a la entrada de mercanc\u00edas estadounidenses, la compra de armamento estadounidense, el traslado de f\u00e1bricas a Estados Unidos o, como dice la Casa Blanca, \u00abel libramiento de cheques al Tesoro estadounidense\u00bb. Se trata del saqueo y la confiscaci\u00f3n de la riqueza de las naciones por parte del imperialismo estadounidense, a escala mundial, para financiar al ej\u00e9rcito estadounidense y mantener el d\u00f3lar como moneda de reserva mundial. El imperialismo estadounidense, el imperialismo dominante, concentra todas las contradicciones del sistema capitalista mundial y ahora ha decidido culpar de la crisis a todos los pa\u00edses, empezando por China. Para el representante de Comercio de EEUU, Jamieson Greer: <\/span><\/span><\/span><\/span><span lang=\"fr-FR\"><span style=\"font-family: Times LT Std, serif;\"><span style=\"font-size: small;\"><span lang=\"es-ES-u-co-trad\">\u00abEl&nbsp; sistema comercial mundial de los \u00faltimos a\u00f1os tal vez estuviera adaptado a la \u00e9poca, pero fracas\u00f3 desde hace diez o veinte a\u00f1os en Estados Unidos. Cuando China se convierte en el gran ganador del sistema comercial, hay que cambiarlo<\/span><\/span><\/span><\/span><span lang=\"fr-FR\"><span style=\"font-family: Times LT Std, serif;\"><span style=\"font-size: small;\"><span lang=\"es-ES-u-co-trad\">\u00bb,<\/span><\/span><\/span><\/span><b> <\/b><span lang=\"fr-FR\"><span style=\"font-family: Times LT Std, serif;\"><span style=\"font-size: small;\"><span lang=\"es-ES-u-co-trad\">Entrevista en <\/span><\/span><\/span><\/span><span lang=\"fr-FR\"><span style=\"font-family: Times LT Std, serif;\"><span style=\"font-size: small;\"><span lang=\"es-ES-u-co-trad\"><i>Fox Business<\/i><\/span><\/span><\/span><\/span><\/span><\/span><\/p>\n<p align=\"justify\"><span style=\"color: #000000;\"><span style=\"font-family: Calibri, serif;\"><span lang=\"fr-FR\"><span style=\"font-family: Times LT Std, serif;\"><span style=\"font-size: small;\"><span lang=\"es-ES-u-co-trad\">La burocracia china reaccion\u00f3 r\u00e1pida y firmemente a la escalada de aranceles impuesta por Estados Unidos, porque lo que est\u00e1 en juego es la propia existencia del Estado chino, y no la mera competencia econ\u00f3mica en el mercado mundial. Las burgues\u00edas europeas, atrapadas entre la presi\u00f3n del imperialismo estadounidense y el miedo a ver a los trabajadores y al pueblo movilizarse contra los despidos vinculados a los aranceles y los recortes de los presupuestos sociales exigidos por el imperialismo estadounidense en nombre del rearme, est\u00e1n paralizadas. Treinta y tres gobiernos de Am\u00e9rica Latina y el Caribe, reunidos el 9 de abril en una cumbre continental en Honduras, no adoptaron ninguna medida pr\u00e1ctica com\u00fan para oponerse a las medidas unilaterales de Trump, a pesar de que est\u00e1n conduciendo al estrangulamiento presupuestario y a la desertificaci\u00f3n de regiones enteras.<\/span><\/span><\/span><\/span><\/span><\/span><\/p>\n<p align=\"justify\"><span style=\"color: #000000;\"><span style=\"font-family: Calibri, serif;\"><span lang=\"fr-FR\"><span style=\"font-family: Times LT Std, serif;\"><span style=\"font-size: small;\"><span lang=\"es-ES-u-co-trad\">Al iniciar una guerra comercial mundial, al reforzar la naturaleza autoritaria del poder dentro de los propios Estados Unidos, al hacer la guerra a los migrantes, a los refugiados y al propio pueblo estadounidense, al imponer multas de 10.000 d\u00f3lares al d\u00eda a millones de migrantes y refugiados bajo \u00f3rdenes de deportaci\u00f3n si no se marchan inmediatamente, el imperialismo se est\u00e1 preparando para la guerra. El mercado mundial es demasiado peque\u00f1o. Para mantenerse en el poder cuando son rechazados o desafiados, para salvar su sistema en bancarrota y asegurarse a\u00fan m\u00e1s beneficios colosales, para explotar a\u00fan m\u00e1s y saquear a\u00fan m\u00e1s, los dirigentes del capital financiero est\u00e1n dispuestos a hundir a los pueblos y naciones en la guerra, y a desafiar la soberan\u00eda de las naciones oprimidas, ganada con tanto esfuerzo. La econom\u00eda armament\u00edstica, principal motor del capitalismo mundial, debe funcionar a toda m\u00e1quina. <\/span><\/span><\/span><\/span><\/span><\/span><\/p>\n<p align=\"justify\"><span style=\"color: #000000;\"><span style=\"font-family: Calibri, serif;\"><span lang=\"fr-FR\"><span style=\"font-family: Times LT Std, serif;\"><span style=\"font-size: small;\"><span lang=\"es-ES-u-co-trad\">En una visita a la sede de la OTAN en Bruselas, el secretario de Estado estadounidense Marco Rubio reiter\u00f3 su exigencia de que los presupuestos militares se eleven al 5% del PIB de los Estados miembros, donde el 64% de las compras de armas proceden de Estados Unidos. Al mismo tiempo, contin\u00faa la carnicer\u00eda en Ucrania y se rebaja la edad del servicio militar obligatorio.<\/span><\/span><\/span><\/span><\/span><\/span><\/p>\n<p align=\"justify\"><span style=\"color: #000000;\"><span style=\"font-family: Calibri, serif;\"><span lang=\"fr-FR\"><span style=\"font-family: Times LT Std, serif;\"><span style=\"font-size: small;\"><span lang=\"es-ES-u-co-trad\">El genocidio de la poblaci\u00f3n palestina de Gaza, masacrada por el ej\u00e9rcito israel\u00ed con la ayuda de las bombas estadounidenses y enfrentada a un bloqueo, sin alimentos, electricidad ni agua, se agrava hasta alcanzar proporciones sin precedentes. La guerra es el rostro del futuro prometido a los pueblos por el sistema capitalista en crisis. <\/span><\/span><\/span><\/span><\/span><\/span><\/p>\n<p align=\"justify\"><span style=\"color: #000000;\"><span style=\"font-family: Calibri, serif;\"><span lang=\"fr-FR\"><span style=\"font-family: Times LT Std, serif;\"><span style=\"font-size: small;\"><span lang=\"es-ES-u-co-trad\">El superimperialismo no existe, ni en Estados Unidos ni en ninguna otra parte. El silencio embarazoso o las declaraciones de los principales dirigentes del movimiento obrero que piden, abiertamente o a hurtadillas, el aumento de los gastos militares sin recortar los presupuestos sociales, en nombre de la defensa de los intereses nacionales, suenan como un grito de guerra a los gobiernos belicistas que llaman a la unidad nacional. Chocar\u00e1n inevitablemente con los 100.000 manifestantes que marcharon en Roma el 5 de abril para exigir \u00abdinero para hospitales, no para misiles\u00bb; con los millones de estadounidenses que salieron a la calle el mismo d\u00eda, entre ellos 100.000 en Washington y otros tantos en Nueva York, para oponerse al gobierno de D. Trump; con los j\u00f3venes y decenas de miles de serbios que se organizan en asambleas populares; con el mill\u00f3n de marroqu\u00edes que se manifestaron en Rabat el 6 de abril al grito de \u00abbasta de guerra\u00bb; y con los cientos de miles que se manifiestan desde hace meses en Inglaterra, en Yemen y en cuatro continentes para oponerse al genocidio del pueblo palestino.<\/span><\/span><\/span><\/span><\/span><\/span><\/p>\n<p align=\"justify\"><span style=\"color: #000000;\"><span style=\"font-family: Calibri, serif;\"><span lang=\"fr-FR\"><span style=\"font-family: Times LT Std, serif;\"><span style=\"font-size: small;\"><span lang=\"es-ES-u-co-trad\">M\u00e1s que nunca, ayudemos a agrupar fuerzas en cada pa\u00eds y a escala internacional, para tomar las calles el 1 de mayo, en las condiciones propias de cada pa\u00eds. <\/span><\/span><\/span><\/span><\/span><\/span><\/p>\n<ul>\n<li>\n<h3 align=\"justify\"><span style=\"color: #000000;\"><span style=\"font-family: Calibri, serif;\"><span lang=\"fr-FR\"><span style=\"font-family: Times LT Std, serif;\"><span style=\"font-size: small;\"><span lang=\"es-ES-u-co-trad\"><b>\u00a1Ruptura con el imperialismo y los gobiernos promotores de guerra!<\/b><\/span><\/span><\/span><\/span><\/span><\/span><\/h3>\n<\/li>\n<li>\n<h3 align=\"justify\"><span style=\"color: #000000;\"><span style=\"font-family: Calibri, serif;\"><span lang=\"fr-FR\"><span style=\"font-family: Times LT Std, serif;\"><span style=\"font-size: small;\"><span lang=\"es-ES-u-co-trad\"><b>\u00a1Alto el fuego en Palestina! <\/b><\/span><\/span><\/span><\/span><\/span><\/span><\/h3>\n<\/li>\n<li>\n<h3 align=\"justify\"><span style=\"color: #000000;\"><span style=\"font-family: Calibri, serif;\"><span lang=\"fr-FR\"><span style=\"font-family: Times LT Std, serif;\"><span style=\"font-size: small;\"><span lang=\"es-ES-u-co-trad\"><b>\u00a1Embargo de armas!<\/b><\/span><\/span><\/span><\/span><\/span><\/span><\/h3>\n<\/li>\n<li>\n<h3 align=\"justify\"><span style=\"color: #000000;\"><span style=\"font-family: Calibri, serif;\"><span lang=\"fr-FR\"><span style=\"font-family: Times LT Std, serif;\"><span style=\"font-size: small;\"><span lang=\"es-ES-u-co-trad\"><b>\u00a1Ni OTAN, ni Putin, ni Trump!<\/b><\/span><\/span><\/span><\/span><\/span><\/span><\/h3>\n<\/li>\n<li>\n<h3><span style=\"color: #000000;\"><span style=\"font-family: Calibri, serif;\"><span lang=\"fr-FR\"><span style=\"font-family: Times LT Std, serif;\"><span style=\"font-size: small;\"><span lang=\"es-ES-u-co-trad\"><b>\u00a1Dinero para salarios, hospitales, escuelas e infraestructuras p\u00fablicas, no para la guerra! <\/b><\/span><\/span><\/span><\/span><\/span><\/span><\/h3>\n<\/li>\n<\/ul>\n<p lang=\"es-ES-u-co-trad\" align=\"justify\">&nbsp;<\/p>\n","protected":false},"excerpt":{"rendered":"<p>Carta Semanal 1040 en catal\u00e1n Carta Semanal 1040 para descargar en PDF Los anuncios de Trump sobre los aranceles atestiguan, ante todo, la crisis generalizada del capitalismo mundial y, en particular, de su eje, el imperialismo estadounidense. El sistema de la propiedad privada de los medios de producci\u00f3n se ha agotado. Sus \u00fanicas soluciones, en [&hellip;]<\/p>\n","protected":false},"author":1197,"featured_media":0,"comment_status":"open","ping_status":"open","sticky":false,"template":"","format":"standard","meta":{"ngg_post_thumbnail":0,"footnotes":""},"categories":[61,27],"tags":[1206,919,1229,721,176,1230,693],"class_list":["post-9072","post","type-post","status-publish","format-standard","hentry","category-cartas","category-iv-internacional","tag-1206","tag-aranceles","tag-declaracion","tag-eeuu","tag-otan","tag-secretariado","tag-trump"],"aioseo_notices":[],"_links":{"self":[{"href":"http:\/\/posicuarta.org\/cartasblog\/wp-json\/wp\/v2\/posts\/9072","targetHints":{"allow":["GET"]}}],"collection":[{"href":"http:\/\/posicuarta.org\/cartasblog\/wp-json\/wp\/v2\/posts"}],"about":[{"href":"http:\/\/posicuarta.org\/cartasblog\/wp-json\/wp\/v2\/types\/post"}],"author":[{"embeddable":true,"href":"http:\/\/posicuarta.org\/cartasblog\/wp-json\/wp\/v2\/users\/1197"}],"replies":[{"embeddable":true,"href":"http:\/\/posicuarta.org\/cartasblog\/wp-json\/wp\/v2\/comments?post=9072"}],"version-history":[{"count":6,"href":"http:\/\/posicuarta.org\/cartasblog\/wp-json\/wp\/v2\/posts\/9072\/revisions"}],"predecessor-version":[{"id":9304,"href":"http:\/\/posicuarta.org\/cartasblog\/wp-json\/wp\/v2\/posts\/9072\/revisions\/9304"}],"wp:attachment":[{"href":"http:\/\/posicuarta.org\/cartasblog\/wp-json\/wp\/v2\/media?parent=9072"}],"wp:term":[{"taxonomy":"category","embeddable":true,"href":"http:\/\/posicuarta.org\/cartasblog\/wp-json\/wp\/v2\/categories?post=9072"},{"taxonomy":"post_tag","embeddable":true,"href":"http:\/\/posicuarta.org\/cartasblog\/wp-json\/wp\/v2\/tags?post=9072"}],"curies":[{"name":"wp","href":"https:\/\/api.w.org\/{rel}","templated":true}]}}