{"id":9111,"date":"2025-07-01T21:47:17","date_gmt":"2025-07-01T19:47:17","guid":{"rendered":"https:\/\/posicuarta.org\/cartasblog\/?p=9111"},"modified":"2025-07-15T20:58:02","modified_gmt":"2025-07-15T18:58:02","slug":"a-donde-va-la-economia-mundial-una-clarificacion-necesaria","status":"publish","type":"post","link":"http:\/\/posicuarta.org\/cartasblog\/a-donde-va-la-economia-mundial-una-clarificacion-necesaria\/","title":{"rendered":"\u00bfA d\u00f3nde va la econom\u00eda mundial? Una clarificaci\u00f3n necesaria"},"content":{"rendered":"<h3><em><a href=\"http:\/\/posicuarta.org\/cartasblog\/wp-content\/uploads\/2025\/07\/Carta-Semanal-1047-cat.pdf\">Carta Semanal 1047 en catal\u00e1n<\/a><\/em><\/h3>\n<h3><em><a href=\"http:\/\/posicuarta.org\/cartasblog\/wp-content\/uploads\/2025\/07\/Carta-Semanal-1047-cast.pdf\">Carta Semanal 1047 para descargar en PDF<\/a><\/em><\/h3>\n<p><img loading=\"lazy\" decoding=\"async\" class=\"alignleft wp-image-9112\" src=\"http:\/\/posicuarta.org\/cartasblog\/wp-content\/uploads\/2025\/07\/Carta-Semanal-1047-cast-211x300.jpg\" alt=\"\" width=\"151\" height=\"215\" srcset=\"http:\/\/posicuarta.org\/cartasblog\/wp-content\/uploads\/2025\/07\/Carta-Semanal-1047-cast-211x300.jpg 211w, http:\/\/posicuarta.org\/cartasblog\/wp-content\/uploads\/2025\/07\/Carta-Semanal-1047-cast-106x150.jpg 106w, http:\/\/posicuarta.org\/cartasblog\/wp-content\/uploads\/2025\/07\/Carta-Semanal-1047-cast.jpg 452w\" sizes=\"auto, (max-width: 151px) 100vw, 151px\" \/><\/p>\n<p align=\"justify\"><span style=\"color: #222222;\"><span style=\"font-family: Times LT Std, serif;\"><span style=\"font-size: medium;\">La Verdad 116, revista de actualidad pol\u00edtica y de debate, \u00f3rgano de la IV Internacional, est\u00e1 en circulaci\u00f3n estos d\u00edas. Publica un conjunto de documentos de an\u00e1lisis, debates y propuestas que, sin duda, son un instrumento para ayudar al combate de emancipaci\u00f3n de los trabajadores y los pueblos, poniendo&nbsp;en el centro la larga lucha de resistencia del pueblo palestino.<\/span><\/span><\/span><\/p>\n<p align=\"justify\"><span style=\"color: #222222;\"><span style=\"font-family: Times LT Std, serif;\"><span style=\"font-size: medium;\">Uno de los documentos publicados&nbsp;se centra en un an\u00e1lisis riguroso, basado en los instrumentos del marxismo, acerca del significado, las causas y efectos de la pol\u00edtica emprendida&nbsp;por la administraci\u00f3n Trump de los EEUU.<\/span><\/span><\/span><\/p>\n<p align=\"justify\"><span style=\"color: #222222;\"><span style=\"font-family: Times LT Std, serif;\"><span style=\"font-size: medium;\">En efecto, el art\u00edculo titulado <\/span><\/span><\/span><span style=\"color: #222222;\"><span style=\"font-family: Times LT Std, serif;\"><span style=\"font-size: medium;\"><i>\u201c\u00bfAd\u00f3nde va Trump? \u00bfAd\u00f3nde va la econom\u00eda mundial?\u201d<\/i><\/span><\/span><\/span><span style=\"color: #222222;\"><span style=\"font-family: Times LT Std, serif;\"><span style=\"font-size: medium;\"> traza los puntos centrales&nbsp;de la pol\u00edtica de Trump, y demuestra c\u00f3mo, a partir de un an\u00e1lisis marxista, es posible desentra\u00f1ar lo que para muchos -y as\u00ed lo difunde&nbsp;la \u00abopini\u00f3n p\u00fablica\u00bb oficial, o sea los medios de comunicaci\u00f3n del capital- aparece como la \u00ablocura de un hombre\u00bb que adem\u00e1s goza de los poderes m\u00e1s extensos en nuestro mundo. Pero el an\u00e1lisis no se limita a comentar los hechos, sino que se\u00f1ala la v\u00eda de combate y resistencia ante esta pol\u00edtica, que no es tan \u201cnueva\u201d, sino que es la continuidad de la pol\u00edtica del imperialismo. Dentro de la cual supone un paso cualitativo importante en la l\u00ednea de destrucci\u00f3n que supone el sistema de producci\u00f3n capitalista, que amenaza con llevar a la humanidad a la barbarie.<\/span><\/span><\/span><\/p>\n<p align=\"justify\"><!--more--><\/p>\n<h3 style=\"text-align: center;\"><span style=\"color: #222222;\"><span style=\"font-family: Folio Std Bold Condensed, serif;\"><span style=\"font-size: medium;\">M\u00e1s all\u00e1 de las formas grotescas o insultantes<\/span><\/span><\/span><\/h3>\n<p align=\"justify\"><span style=\"color: #222222;\"><span style=\"font-family: Times LT Std, serif;\"><span style=\"font-size: medium;\">La ruptura entre Trump y Elon Musk despu\u00e9s de que el 28 de mayo \u00e9ste acabara su contrato con su presidencia es una cuesti\u00f3n de fondo. Los insultos y acusaciones reflejan no solo la bajeza y zafiedad de los personajes (y la crisis de un sistema que tiene que recurrir a personajes de esta cala\u00f1a para gobernarse) sino un enfrentamiento entre sectores de la propia clase capitalista. El art\u00edculo nos recuerda que \u00ablos capitalistas como clase comparten intereses frente a los trabajadores\u00bb, pero la pugna competitiva entre ellos es feroz para sobrevivir en un mercado mundial demasiado estrecho para valorizar el capital. Musk estalla porque Trump pretende eliminar la<\/span><\/span><\/span><span style=\"color: #ff0000;\"><span style=\"font-family: Times LT Std, serif;\"><span style=\"font-size: medium;\">s<\/span><\/span><\/span><span style=\"color: #222222;\"><span style=\"font-family: Times LT Std, serif;\"><span style=\"font-size: medium;\"> subvenciones al coche el\u00e9ctrico, porque los aranceles penalizan a sus propias industrias, y, como guinda del pastel, denuncia que la Ley fiscal (aprobada por un solo voto en el Congreso y a\u00fan no en el Senado) supone un aumento del d\u00e9ficit en 2,4 billones en unos pocos a\u00f1os, contrariamente al intento de Musk de reducir el d\u00e9ficit a costa, en primer lugar, de los gastos sociales.<\/span><\/span><\/span><\/p>\n<h3 style=\"text-align: center;\"><span style=\"color: #222222;\"><span style=\"font-family: Folio Std Bold Condensed, serif;\"><span style=\"font-size: medium;\"><b>La Ley fiscal<\/b><\/span><\/span><\/span><\/h3>\n<p align=\"justify\"><span style=\"color: #222222;\"><span style=\"font-family: Times LT Std, serif;\"><span style=\"font-size: medium;\">El 21 de mayo Trump hizo aprobar en el Congreso la Ley Fiscal, centro de la pol\u00edtica interior, que supone la madre de las batallas para Trump. Esta ley, se resume, seg\u00fan la prensa norteamericana, en tres cosas:<\/span><\/span><\/span><\/p>\n<p align=\"justify\"><span style=\"color: #222222;\"><span style=\"font-family: Times LT Std, serif;\"><span style=\"font-size: medium;\">-Reducir los impuestos al 1% por cien a los millonarios.<\/span><\/span><\/span><\/p>\n<p align=\"justify\"><span style=\"color: #222222;\"><span style=\"font-family: Times LT Std, serif;\"><span style=\"font-size: medium;\">-Recortar en sanidad, educaci\u00f3n, energ\u00edas limpias, dependencia&#8230; brutalmente.<\/span><\/span><\/span><\/p>\n<p align=\"justify\"><span style=\"color: #222222;\"><span style=\"font-family: Times LT Std, serif;\"><span style=\"font-size: medium;\">-Aumentar casi el 20 por ciento el presupuesto militar, llegando a un bill\u00f3n de d\u00f3lares.<\/span><\/span><\/span><\/p>\n<p align=\"justify\"><span style=\"color: #222222;\"><span style=\"font-family: Times LT Std, serif;\"><span style=\"font-size: medium;\">El art\u00edculo resume el compendio de la destrucci\u00f3n&nbsp;de fuerzas productivas que significa la pol\u00edtica de Trump, expresi\u00f3n de la crisis permanente del sistema capitalista. Pol\u00edtica que exige aumenta<\/span><\/span><\/span><span style=\"color: #ff0000;\"><span style=\"font-family: Times LT Std, serif;\"><span style=\"font-size: medium;\">r<\/span><\/span><\/span><span style=\"color: #222222;\"><span style=\"font-family: Times LT Std, serif;\"><span style=\"font-size: medium;\"> las exportaciones a todo el mundo y, en particular, a Europa, con la exigencia de aumento al 5 % del PIB los gastos militares&#8230; No se trata s\u00f3lo de gastar m\u00e1s en armas, sino de desmantelar todo lo que la clase obrera ha conseguido en su lucha secular contra su explotaci\u00f3n, o sea, la lucha de clases en estado puro.<\/span><\/span><\/span><\/p>\n<p align=\"justify\"><span style=\"color: #222222;\"><span style=\"font-family: Times LT Std, serif;\"><span style=\"font-size: medium;\">Es, como precisa el art\u00edculo, \u00abuna aut\u00e9ntica declaraci\u00f3n de guerra contra la clase trabajadora\u00bb<\/span><\/span><\/span><span style=\"color: #ff0000;\"><span style=\"font-family: Times LT Std, serif;\"><span style=\"font-size: medium;\">;<\/span><\/span><\/span><span style=\"color: #222222;\"><span style=\"font-family: Times LT Std, serif;\"><span style=\"font-size: medium;\"> este es el significado de su carrera de armamentos, en beneficio casi exclusivo de las empresas norteamericanas.<\/span><\/span><\/span><\/p>\n<p align=\"justify\"><span style=\"color: #222222;\"><span style=\"font-family: Times LT Std, serif;\"><span style=\"font-size: medium;\">Es decir, el ataque a la clase obrera norteamericana, que ya ha perdido&nbsp;en los \u00faltimos 30 a\u00f1os un tercio de su poder de compra, y ha perdido m\u00e1s de 18 millones de empleos industriales bien pagados, recuperando el empleo con contratos en el sector servicios, precarios y con bajos salarios, supone, al mismo tiempo, un ataque a todos los pueblos del mundo. Pues el endeudamiento creciente del Estado norteamericano es trasladado a los pueblos del mundo por medio del d\u00f3lar que sigue siendo la moneda de cambio central. Contrariamente a lo que dicen algunos, en el \u00faltimo periodo ha aumentado un 12 por ciento la compra de bonos del tesoro norteamericano, y esto a pesar de que China ha vendido una parte de ellos, pero en el mercado mundial, para los \u00abinversionistas\u00bb el estado norteamericano, a pesar de su crisis, sigue siendo el \u00fanico valor seguro.<\/span><\/span><\/span><\/p>\n<h3 style=\"text-align: center;\"><span style=\"color: #222222;\"><span style=\"font-family: Folio Std Bold Condensed, serif;\"><span style=\"font-size: medium;\"><b>No hay superimperialismo<\/b><\/span><\/span><\/span><\/h3>\n<p align=\"justify\"><span style=\"color: #222222;\"><span style=\"font-family: Times LT Std, serif;\"><span style=\"font-size: medium;\">La potencia de los EEUU viene garantizada, entre otras cosas, por su fuerza militar, 750 bases repartidas por todo el mundo. No hay equivalente ni competencia, por el lugar de Wall Street, tampoco lo tiene, por su dominio en la industria creciente de armas (m\u00e1s del 40 por ciento del mercado mundial), por su dominio en la tecnolog\u00eda, pero en este terreno est\u00e1 amenazada por China, as\u00ed como en el nivel de productividad.<\/span><\/span><\/span><\/p>\n<p align=\"justify\"><span style=\"color: #222222;\"><span style=\"font-family: Times LT Std, serif;\"><span style=\"font-size: medium;\">Sin embargo, las relaciones EEUU-China no son de rivales en pie de igualdad. El mill\u00f3n doscientos cincuenta mil empresas extranjeras que fabrican en China, con bajos costes, puede ser deslocalizado a otros pa\u00edses. Algunas ya lo han hecho; a Vietnam, Corea, India, Turqu\u00eda&#8230;<\/span><\/span><\/span><\/p>\n<p align=\"justify\"><span style=\"color: #222222;\"><span style=\"font-family: Times LT Std, serif;\"><span style=\"font-size: medium;\">Trump pretende dictar, pero no puede: amenaza, amaga, avanza, retrocede\u2026 Es la expresi\u00f3n de la crisis de descomposici\u00f3n del sistema, que pretende superar con el lanzamiento de la econom\u00eda de guerra, que supone, a su vez, un paso m\u00e1s hacia la barbarie.<\/span><\/span><\/span><\/p>\n<h3 style=\"text-align: center;\"><span style=\"color: #222222;\"><span style=\"font-family: Folio Std Bold Condensed, serif;\"><span style=\"font-size: medium;\"><b>Lucha de clases o lucha de bloques<\/b><\/span><\/span><\/span><\/h3>\n<p align=\"justify\"><span style=\"color: #222222;\"><span style=\"font-family: Times LT Std, serif;\"><span style=\"font-size: medium;\">El pensamiento vulgar \u201cneoliberal\u00bb reduce la situaci\u00f3n a un supuesto combate entre bloques. Habr\u00eda un bloque progresista, el de los BRICS, y el bloque reaccionario acaudillado por los EEUU. Y en medio la \u00abpobre Europa \u00bb sin autonom\u00eda ni pol\u00edtica propia. El pensamiento vulgar intenta obviar lo esencial: la lucha de clases. Y en este sentido la Ley Fiscal concentra lo que es la lucha de clases. El hecho de que en v\u00edsperas de la Cumbre de la OTAN (23 y 24 de junio en La Haya) las instituciones europeas quieren someter a los gobiernos a la misma pol\u00edtica de guerra que Trump, los brutales recortes sociales que \u00e9sta implica, y que implican la destrucci\u00f3n de las conquistas sociales arrancadas en a\u00f1os de combate de la clase trabajadora (pensiones, sanidad p\u00fablica, educaci\u00f3n, seguro de desempleo\u2026), a las que la clase se aferra, dan toda su dimensi\u00f3n al meollo de las cuestiones: la lucha de clases, que decidir\u00e1, en \u00faltima instancia, el resultado de esta pol\u00edtica.<\/span><\/span><\/span><\/p>\n<h3 style=\"text-align: center;\"><span style=\"color: #222222;\"><span style=\"font-family: Folio Std Bold Condensed, serif;\"><span style=\"font-size: medium;\"><b>Hay una v\u00eda y una salida<\/b><\/span><\/span><\/span><\/h3>\n<p align=\"justify\"><span style=\"color: #222222;\"><span style=\"font-family: Times LT Std, serif;\"><span style=\"font-size: medium;\">El art\u00edculo concluye con la necesidad de ayudar a dotar al movimiento obrero de una pol\u00edtica independiente de cualquier fracci\u00f3n del capital o gobierno, ya sea \u00ablibrecambista\u00bb o \u00abproteccionista\u00bb, de luchar contra el intento de arrastrar a la guerra a las organizaciones, como ocurri\u00f3 en 1914 con la socialdemocracia. De ah\u00ed la importancia mundial de la resistencia del pueblo palestino. Por eso, el imperialismo necesita aplastarlo en primer lugar como advertencia a todos los trabajadores y pueblos del mundo.<\/span><\/span><\/span><\/p>\n<p align=\"justify\"><span style=\"color: #222222;\"><span style=\"font-family: Times LT Std, serif;\"><span style=\"font-size: medium;\">Sirva este comentario al art\u00edculo como est\u00edmulo para su lectura y debate, as\u00ed como de toda la revista La Verdad, rica de contenidos, y que pretende ser un arma para el combate de clase.<\/span><\/span><\/span><\/p>\n","protected":false},"excerpt":{"rendered":"<p>Carta Semanal 1047 en catal\u00e1n Carta Semanal 1047 para descargar en PDF La Verdad 116, revista de actualidad pol\u00edtica y de debate, \u00f3rgano de la IV Internacional, est\u00e1 en circulaci\u00f3n estos d\u00edas. Publica un conjunto de documentos de an\u00e1lisis, debates y propuestas que, sin duda, son un instrumento para ayudar al combate de emancipaci\u00f3n de [&hellip;]<\/p>\n","protected":false},"author":1197,"featured_media":0,"comment_status":"open","ping_status":"open","sticky":false,"template":"","format":"standard","meta":{"ngg_post_thumbnail":0,"footnotes":""},"categories":[61],"tags":[146,721,1220,693],"class_list":["post-9111","post","type-post","status-publish","format-standard","hentry","category-cartas","tag-economia","tag-eeuu","tag-ley-fiscal","tag-trump"],"aioseo_notices":[],"_links":{"self":[{"href":"http:\/\/posicuarta.org\/cartasblog\/wp-json\/wp\/v2\/posts\/9111","targetHints":{"allow":["GET"]}}],"collection":[{"href":"http:\/\/posicuarta.org\/cartasblog\/wp-json\/wp\/v2\/posts"}],"about":[{"href":"http:\/\/posicuarta.org\/cartasblog\/wp-json\/wp\/v2\/types\/post"}],"author":[{"embeddable":true,"href":"http:\/\/posicuarta.org\/cartasblog\/wp-json\/wp\/v2\/users\/1197"}],"replies":[{"embeddable":true,"href":"http:\/\/posicuarta.org\/cartasblog\/wp-json\/wp\/v2\/comments?post=9111"}],"version-history":[{"count":5,"href":"http:\/\/posicuarta.org\/cartasblog\/wp-json\/wp\/v2\/posts\/9111\/revisions"}],"predecessor-version":[{"id":9297,"href":"http:\/\/posicuarta.org\/cartasblog\/wp-json\/wp\/v2\/posts\/9111\/revisions\/9297"}],"wp:attachment":[{"href":"http:\/\/posicuarta.org\/cartasblog\/wp-json\/wp\/v2\/media?parent=9111"}],"wp:term":[{"taxonomy":"category","embeddable":true,"href":"http:\/\/posicuarta.org\/cartasblog\/wp-json\/wp\/v2\/categories?post=9111"},{"taxonomy":"post_tag","embeddable":true,"href":"http:\/\/posicuarta.org\/cartasblog\/wp-json\/wp\/v2\/tags?post=9111"}],"curies":[{"name":"wp","href":"https:\/\/api.w.org\/{rel}","templated":true}]}}