{"id":9383,"date":"2025-08-19T09:34:57","date_gmt":"2025-08-19T07:34:57","guid":{"rendered":"https:\/\/posicuarta.org\/cartasblog\/?p=9383"},"modified":"2025-08-26T09:20:15","modified_gmt":"2025-08-26T07:20:15","slug":"a-donde-va-el-estado-de-israel","status":"publish","type":"post","link":"http:\/\/posicuarta.org\/cartasblog\/a-donde-va-el-estado-de-israel\/","title":{"rendered":"\u00bfA d\u00f3nde va el Estado de Israel?"},"content":{"rendered":"<h3><em><a href=\"http:\/\/posicuarta.org\/cartasblog\/wp-content\/uploads\/2025\/08\/Carta-Semanal-1057-cat.pdf\">Carta Semanal 1057 en catal\u00e1n<\/a><\/em><\/h3>\n<h3><em><a href=\"http:\/\/posicuarta.org\/cartasblog\/wp-content\/uploads\/2025\/08\/Carta-Semanal-1057-cast.pdf\">Carta Semanal 1057 para descargar en PDF<\/a> <\/em><\/h3>\n<p><img loading=\"lazy\" decoding=\"async\" class=\"alignleft wp-image-9385\" src=\"http:\/\/posicuarta.org\/cartasblog\/wp-content\/uploads\/2025\/08\/Carta-Semanal-1057-e1755588688313-210x300.jpg\" alt=\"\" width=\"150\" height=\"215\" srcset=\"http:\/\/posicuarta.org\/cartasblog\/wp-content\/uploads\/2025\/08\/Carta-Semanal-1057-e1755588688313-210x300.jpg 210w, http:\/\/posicuarta.org\/cartasblog\/wp-content\/uploads\/2025\/08\/Carta-Semanal-1057-e1755588688313-105x150.jpg 105w, http:\/\/posicuarta.org\/cartasblog\/wp-content\/uploads\/2025\/08\/Carta-Semanal-1057-e1755588688313.jpg 419w\" sizes=\"auto, (max-width: 150px) 100vw, 150px\" \/><\/p>\n<p align=\"justify\"><span style=\"font-family: Times LT Std, serif;\">La Proclamaci\u00f3n del Estado de Israel en abril de 1948 signific\u00f3 la negaci\u00f3n misma desde el principio del derecho del pueblo palestino a vivir en su tierra. No es por casualidad que este hecho es calificado como la Nakba (la cat\u00e1strofe). En estos 77 a\u00f1os el hecho determinante ha sido la resistencia del pueblo palestino a ser aniquilado.<\/span><\/p>\n<p align=\"justify\"><span style=\"font-family: Times LT Std, serif;\">No podemos entender lo que ocurre sin recordar que el Estado de Israel fue creado a partir de la partici\u00f3n de Palestina votada por la ONU a propuesta de las potencias imperialistas (Gran Breta\u00f1a, EEUU) y el concurso imprescindible de la burocracia estalinista del Kremlin. Fue el delegado de Mosc\u00fa quien present\u00f3 el 29 de noviembre de 1947 en la ONU la resoluci\u00f3n sobre la \u00abpartici\u00f3n\u00bb, que entregaba a las poblaciones jud\u00edas un porcentaje de territorio muy superior al de su poblaci\u00f3n, incluyendo decenas de miles de kil\u00f3metros cuadrados habitados por \u00e1rabes palestinos. Organizaron, por tanto, el traslado a Palestina de centenares de jud\u00edos de Europa (que en realidad quer\u00edan emigrar sobre todo a los Estados Unidos, que les cerr\u00f3 sus fronteras: apenas <\/span><span style=\"font-family: Times LT Std, serif;\">200.000 jud\u00edos encontraron refugio en los Estados Unidos desde 1933 a 1945; la gran mayor\u00eda antes de finalizar el a\u00f1o 1941<\/span><span style=\"font-family: Times LT Std, serif;\">), y, despu\u00e9s, del Magreb.<\/span><\/p>\n<p align=\"justify\"><span style=\"font-family: Times LT Std, serif;\">La partici\u00f3n de Palestina la divid\u00eda en dos territorios con fronteras inviables, y era, por tanto, una invitaci\u00f3n a la guerra. En la primera guerra, en el mismo 1948, los israel\u00edes fueron fuertemente armados gracias a sus compras en Checoslovaquia, Yugoslavia y Polonia, sobre todo (ventas que no pod\u00edan realizarse sin autorizaci\u00f3n de Mosc\u00fa): Tras la guerra, Israel se organiz\u00f3 como un Estado supermilitarizado (con un 9% del PIB destinado a defensa), portaaviones de las potencias imperialistas en una regi\u00f3n estrat\u00e9gica desde todos los puntos de vista (ya en 1956 apoy\u00f3 el ataque franco-brit\u00e1nico a Egipto, que fue lanzado en represalia por la nacionalizaci\u00f3n del canal de Suez). Pero un estado \u00abartificial\u00bb, que vive bajo perfusi\u00f3n de la Administraci\u00f3n americana, con el apoyo militar y comercial de las potencias europeas y -con el tiempo- con la complicidad de la mayor\u00eda de los reg\u00edmenes \u00e1rabes y afines.<\/span><\/p>\n<p align=\"justify\"><!--more--><\/p>\n<p><strong><span style=\"color: #222222;\"><span style=\"font-family: Folio Std Bold Condensed, serif;\">La posici\u00f3n de la IV Internacional<\/span><\/span><\/strong><\/p>\n<p align=\"justify\"><span style=\"color: #222222;\"><span style=\"font-family: Times LT Std, serif;\">Desde su fundaci\u00f3n en 1938, la IV Internacional defendi\u00f3 la constituci\u00f3n de un Estado \u00fanico democr\u00e1tico, con todas las componentes, \u00e1rabe, jud\u00eda, drusa\u2026, en el territorio de la Palestina hist\u00f3rica (del rio Jord\u00e1n al mar Mediterr\u00e1neo). Desde su fundaci\u00f3n, la IV internacional denunci\u00f3 la persecuci\u00f3n de los jud\u00edos en Alemania (cuando \u201cnadie sab\u00eda nada\u201d) y los campos de concentraci\u00f3n y exterminio.<\/span><\/span><\/p>\n<p align=\"justify\"><span style=\"color: #222222;\"><span style=\"font-family: Times LT Std, serif;\">En continuidad con esa pol\u00edtica, en 1948 denunci\u00f3 la partici\u00f3n de Palestina, defendi\u00f3 la resistencia palestina y caracteriz\u00f3 al Estado de Israel como una \u201cc\u00e1rcel de oro para los jud\u00edos\u201d.<\/span><\/span><\/p>\n<p align=\"justify\"><span style=\"color: #222222;\"><span style=\"font-family: Times LT Std, serif;\">A los largo de estos <\/span><\/span><span style=\"font-family: Times LT Std, serif;\">77 <\/span><span style=\"color: #222222;\"><span style=\"font-family: Times LT Std, serif;\">a\u00f1os la IV Internacional y sus partidarios en los pa\u00edses de la regi\u00f3n han defendido la <\/span><\/span><span style=\"font-family: Times LT Std, serif;\">perspectiva de un Estado \u00fanico democr\u00e1tico, que hoy se identifica con la campa\u00f1a dirigida por Ilan Papp\u00e9 y Awad Abdelfatah. Y ha rechazado la propuesta de los \u201cdos Estados\u201d, continuaci\u00f3n de la partici\u00f3n de 1948, y de la limpieza \u00e9tnica realizada por el ej\u00e9rcito y las milicias israel\u00edes en 1948 y desde entonces, expulsando ya en ese momento de sus hogares a 700.000 palestinos y destruyendo sus pueblos de origen<\/span><span style=\"color: #222222;\"><span style=\"font-family: Times LT Std, serif;\">.<\/span><\/span><\/p>\n<p><strong><span style=\"color: #222222;\"><span style=\"font-family: Folio Std Bold Condensed, serif;\">La resistencia del pueblo palestino<\/span><\/span><\/strong><\/p>\n<p align=\"justify\"><span style=\"color: #222222;\"><span style=\"font-family: Times LT Std, serif;\">La resistencia del pueblo palestino a ser expulsado de su tierra, su enorme sacrificio, ha provocado dos fen\u00f3menos<\/span><\/span><span style=\"color: #ee0000;\"><span style=\"font-family: Times LT Std, serif;\">,<\/span><\/span><span style=\"color: #222222;\"><span style=\"font-family: Times LT Std, serif;\"> de una importancia mundial, para el futuro del movimiento de emancipaci\u00f3n de los trabajadores y los pueblos, o sea, de la lucha por la expropiaci\u00f3n del capital, por el socialismo:<\/span><\/span><\/p>\n<p align=\"justify\"><span style=\"color: #222222;\"><span style=\"font-family: Times LT Std, serif;\">De un lado, la causa palestina es una de las piedras de toque para caracterizar a las fuerzas pol\u00edticas, al tiempo que la solidaridad con Palestina obliga a pronunciarse, para ser real, sobre la pol\u00edtica de cada gobierno. Quien no se\u00f1ala la responsabilidad de cada gobierno elude lo esencial. El movimiento internacional nunca ha sido tan importante desde la guerra del Vietnam y afecta en particular a los Estados Unidos.<\/span><\/span><\/p>\n<p align=\"justify\"><span style=\"color: #222222;\"><span style=\"font-family: Times LT Std, serif;\">En segundo lugar, la resistencia palestina anima la movilizaci\u00f3n en todo el mundo\u2013alimentada en estos d\u00edas por las brutales im\u00e1genes de la destrucci\u00f3n y la hambruna en Gaza- que empieza a obligar a los gobiernos a hacer concesiones. Francia, Gran Breta\u00f1a y Australia han anunciado su intenci\u00f3n de reconocer al \u201cEstado palestino\u201d. Alemania anuncia que va dejar de suministrar a Israel armas \u201cque puedan ser utilizadas en Gaza<\/span><\/span><span style=\"font-family: Times LT Std, serif;\">\u201d. Sin duda, se ven obligados a tomar sus distancias de Netanyahu, pero siguen enviando armas y comerciando y su preocupaci\u00f3n es \u00absalvar Israel\u00bb. Por ello, todos ellos, son c\u00f3mplices del genocidio aunque sea en grado diverso.<\/span><\/p>\n<p><strong><span style=\"color: #222222;\"><span style=\"font-family: Folio Std Bold Condensed, serif;\">La fractura en Israel<\/span><\/span><\/strong><\/p>\n<p align=\"justify\"><span style=\"color: #222222;\"><span style=\"font-family: Times LT Std, serif;\">De otro lado, la fractura abierta en el Estado de Israel. Hay una frase que resume la cuesti\u00f3n: la que pronunci\u00f3 Avraham Burg en una entrevista en <\/span><\/span><span style=\"color: #222222;\"><span style=\"font-family: Times LT Std, serif;\"><i>El Pa\u00eds<\/i><\/span><\/span><span style=\"color: #222222;\"><span style=\"font-family: Times LT Std, serif;\"> del 3 de agosto \u00abMe pregunto si Israel sigue mereciendo su existencia\u00bb. En efecto, es la existencia misma de este Estado, producto de la \u00ablegalidad internacional\u00bb<\/span><\/span><span style=\"color: #0070c0;\"><span style=\"font-family: Times LT Std, serif;\">,<\/span><\/span><span style=\"color: #222222;\"><span style=\"font-family: Times LT Std, serif;\"> la que est\u00e1 cuestionada. Estado, ej\u00e9rcito y su base m\u00e1s militante<\/span><\/span><span style=\"color: #0070c0;\"><span style=\"font-family: Times LT Std, serif;\">,<\/span><\/span><span style=\"color: #222222;\"><span style=\"font-family: Times LT Std, serif;\"> los 700.000 colonos que ocupan Jerusal\u00e9n este y amenazan con ocupar toda Cisjordania o incluso volver a Gaza, dispuestos a aniquilar hasta el \u00faltimo palestino. Hay que se\u00f1alar que <\/span><\/span><span style=\"font-family: Times LT Std, serif;\">Burg no es un cualquiera. Ha sido presidente de la Knesset (Parlamento de Israel) y <\/span><span style=\"font-family: Times LT Std, serif;\">encabez\u00f3 la Organizaci\u00f3n del Sionismo Mundial y la Agencia Jud\u00eda para la Tierra de Israel.<\/span><\/p>\n<p align=\"justify\"><strong><span style=\"color: #222222;\"><span style=\"font-family: Times LT Std, serif;\">Este enfrentamiento brutal en la propia sociedad israel\u00ed aparece a las claras. Repasemos algunos datos.<\/span><\/span><\/strong><\/p>\n<p align=\"justify\"><span style=\"font-family: Times LT Std, serif;\">M\u00e1s del 65 por ciento de la poblaci\u00f3n de Israel quiere el fin de la guerra. Un tercio quiere abandonar Israel (hay colas en el consulado espa\u00f1ol). Se calcula que ya se fueron unos 500.000. M\u00e1s de 70.000 reservistas han firmado peticiones por el fin de la guerra (el ej\u00e9rcito israel\u00ed est\u00e1 compuesto de 200.000 soldados a los que hay que a\u00f1adir 450.000 reservistas). Seg\u00fan <\/span><span style=\"font-family: Times LT Std, serif;\">la publicaci\u00f3n en l\u00ednea \u201c+972 Magazine\u201d, m\u00e1s de 100.000 israel\u00edes habr\u00edan dejado de presentarse al servicio de reserva. &#8216;. La emisora nacional israel\u00ed Kan ha calculado que la tasa de incorporaci\u00f3n actual de reservistas ronda el 60%. Y entre los que se unen al ej\u00e9rcito, aumentan los trastornos mentales. Desde el 7 de octubre, se cuentan <\/span><span style=\"font-family: Times LT Std, serif;\">44 suicidios de soldados, y e<\/span><span style=\"font-family: Times LT Std, serif;\">l <\/span><span style=\"font-family: Times LT Std, serif;\"><i>Canal 12<\/i><\/span><span style=\"font-family: Times LT Std, serif;\">&#8216; israel\u00ed revel\u00f3 que unos 20.000 soldados padecen s\u00edntomas de <\/span><strong><span style=\"font-family: Times LT Std, serif;\">estr\u00e9s postraum\u00e1tico<\/span><\/strong><strong><span style=\"color: #1a1b1b;\"><span style=\"font-family: Times LT Std, serif;\">.<\/span><\/span><\/strong><\/p>\n<p align=\"justify\"><span style=\"color: #222222;\"><span style=\"font-family: Times LT Std, serif;\">Entre los que han firmado peticiones o manifiestos pidiendo el fin del ataque a Gaza se cuentan 1.000 reservistas o veteranos de la aviaci\u00f3n, 150 exoficiales de la Marina y decenas de m\u00e9dicos reservistas, m\u00e1s de 700 artistas e intelectuales, 600 veteranos de los servicios secretos y la mayor\u00eda de organizaciones de derechos humanos.<\/span><\/span><\/p>\n<p align=\"justify\"><a name=\"_GoBack\"><\/a> <span style=\"font-family: Times LT Std, serif;\">A esto se a\u00f1ade la convocatoria de huelga general que han lanzado los familiares de los rehenes de Gaza para el 17 de agosto, y que ha tenido un amplio seguimiento (seg\u00fan los organizadores, m\u00e1s de 2,5 millones de personas se han manifestado en todo el territorio de Israel, m\u00e1s de 300.000 en Tel Aviv).<\/span><\/p>\n<p align=\"justify\"><span style=\"font-family: Times LT Std, serif;\">El militarismo del Estado de Israel hace aguas. Pero sin \u00e9l, la entidad sionista no puede seguir en pie.<\/span><\/p>\n<p><span style=\"color: #222222;\"><span style=\"font-family: Folio Std Bold Condensed, serif;\"><b>\u00bfHay una salida?<\/b><\/span><\/span><\/p>\n<p align=\"justify\"><span style=\"font-family: Times LT Std, serif;\">Hay una salida, contra el empe\u00f1o de los EEUU y los pa\u00edses de la UE de salvar al Estado de Israel, que no a los jud\u00edos (muchas de las fuerzas que apoyan a Israel tienen una tradici\u00f3n antisemita, como los franquistas de Vox aqu\u00ed o los partidarios de Le Pen en Francia). Para ellos, se trata de defender una pieza clave en la defensa del orden mundial imperialista. Es decir, de la pol\u00edtica de guerra.<\/span><\/p>\n<p align=\"justify\"><span style=\"font-family: Times LT Std, serif;\">Como dijo Avraham Burg el 3 de agosto, <\/span><span style=\"font-family: Times LT Std, serif;\"><i>\u201clucho por una realidad en la que cada individuo y cada comunidad entre el r\u00edo y el mar tenga los mismos derechos\u201d<\/i><\/span><span style=\"font-family: Times LT Std, serif;\">.<\/span><\/p>\n<p align=\"justify\">&nbsp;<\/p>\n","protected":false},"excerpt":{"rendered":"<p>Carta Semanal 1057 en catal\u00e1n Carta Semanal 1057 para descargar en PDF La Proclamaci\u00f3n del Estado de Israel en abril de 1948 signific\u00f3 la negaci\u00f3n misma desde el principio del derecho del pueblo palestino a vivir en su tierra. No es por casualidad que este hecho es calificado como la Nakba (la cat\u00e1strofe). En estos [&hellip;]<\/p>\n","protected":false},"author":1197,"featured_media":0,"comment_status":"open","ping_status":"open","sticky":false,"template":"","format":"standard","meta":{"ngg_post_thumbnail":0,"footnotes":""},"categories":[61],"tags":[721,247,246],"class_list":["post-9383","post","type-post","status-publish","format-standard","hentry","category-cartas","tag-eeuu","tag-israel","tag-palestina"],"aioseo_notices":[],"_links":{"self":[{"href":"http:\/\/posicuarta.org\/cartasblog\/wp-json\/wp\/v2\/posts\/9383","targetHints":{"allow":["GET"]}}],"collection":[{"href":"http:\/\/posicuarta.org\/cartasblog\/wp-json\/wp\/v2\/posts"}],"about":[{"href":"http:\/\/posicuarta.org\/cartasblog\/wp-json\/wp\/v2\/types\/post"}],"author":[{"embeddable":true,"href":"http:\/\/posicuarta.org\/cartasblog\/wp-json\/wp\/v2\/users\/1197"}],"replies":[{"embeddable":true,"href":"http:\/\/posicuarta.org\/cartasblog\/wp-json\/wp\/v2\/comments?post=9383"}],"version-history":[{"count":4,"href":"http:\/\/posicuarta.org\/cartasblog\/wp-json\/wp\/v2\/posts\/9383\/revisions"}],"predecessor-version":[{"id":9398,"href":"http:\/\/posicuarta.org\/cartasblog\/wp-json\/wp\/v2\/posts\/9383\/revisions\/9398"}],"wp:attachment":[{"href":"http:\/\/posicuarta.org\/cartasblog\/wp-json\/wp\/v2\/media?parent=9383"}],"wp:term":[{"taxonomy":"category","embeddable":true,"href":"http:\/\/posicuarta.org\/cartasblog\/wp-json\/wp\/v2\/categories?post=9383"},{"taxonomy":"post_tag","embeddable":true,"href":"http:\/\/posicuarta.org\/cartasblog\/wp-json\/wp\/v2\/tags?post=9383"}],"curies":[{"name":"wp","href":"https:\/\/api.w.org\/{rel}","templated":true}]}}