{"id":9490,"date":"2025-10-27T11:20:11","date_gmt":"2025-10-27T09:20:11","guid":{"rendered":"https:\/\/posicuarta.org\/cartasblog\/?p=9490"},"modified":"2025-10-30T10:00:07","modified_gmt":"2025-10-30T08:00:07","slug":"no-kings-day-millones-en-las-calles-contra-trump","status":"publish","type":"post","link":"http:\/\/posicuarta.org\/cartasblog\/no-kings-day-millones-en-las-calles-contra-trump\/","title":{"rendered":"No Kings day: millones en las calles contra Trump"},"content":{"rendered":"<h3><em><a href=\"http:\/\/posicuarta.org\/cartasblog\/wp-content\/uploads\/2025\/10\/Carta-Semanal-1067-cat.pdf\">Carta Semanal 1067 en catal\u00e1n<\/a><\/em><\/h3>\n<h3><em><a href=\"http:\/\/posicuarta.org\/cartasblog\/wp-content\/uploads\/2025\/10\/Carta-Semanal-1067-cast.pdf\">Carta Semanal 1067 para descargar en PDF<\/a><\/em><\/h3>\n<p><img loading=\"lazy\" decoding=\"async\" class=\"wp-image-9492 alignleft\" src=\"http:\/\/posicuarta.org\/cartasblog\/wp-content\/uploads\/2025\/10\/Carta-Semanal-1067-cast-e1761556634774-210x300.png\" alt=\"\" width=\"150\" height=\"215\" srcset=\"http:\/\/posicuarta.org\/cartasblog\/wp-content\/uploads\/2025\/10\/Carta-Semanal-1067-cast-e1761556634774-210x300.png 210w, http:\/\/posicuarta.org\/cartasblog\/wp-content\/uploads\/2025\/10\/Carta-Semanal-1067-cast-e1761556634774-105x150.png 105w, http:\/\/posicuarta.org\/cartasblog\/wp-content\/uploads\/2025\/10\/Carta-Semanal-1067-cast-e1761556634774.png 419w\" sizes=\"auto, (max-width: 150px) 100vw, 150px\" \/><\/p>\n<p align=\"justify\"><span style=\"font-family: Times New Roman, serif;\"><span style=\"font-size: small;\">Siete millones de estadounidenses salieron a las calles para participar en una de las 2.700 manifestaciones contra las pol\u00edticas de Donald Trump organizadas con motivo del segundo D\u00eda Sin Reyes (celebrado el s\u00e1bado 18 de octubre). Esto supone al menos un mill\u00f3n m\u00e1s que en la primera edici\u00f3n, el pasado junio.<\/span><\/span><\/p>\n<p align=\"center\"><strong><span style=\"font-family: Folio Std Bold Condensed, serif;\"><span style=\"font-size: medium;\">Trump en guerra contra la clase obrera de los EE.UU.<\/span><\/span><\/strong><\/p>\n<p align=\"justify\"><span style=\"font-family: Times New Roman, serif;\"><span style=\"font-size: small;\">Las manifestaciones protestaban contra la pol\u00edtica de Trump, que libra una guerra contra la clase trabajadora de los EEUU, y en especial contra su componente migrante, y que est\u00e1 utilizando de manera creciente fuerzas militares para \u201cimponer el orden\u201d dentro de los propios EEUU. Una pol\u00edtica que se complementa a nivel internacional con su pol\u00edtica de guerra, desde Palestina al Caribe, y con el supuesto plan&nbsp;de paz para Gaza que solo pretende la continuidad del genocidio y a nivel general con el rearme generalizado.<\/span><\/span><\/p>\n<p align=\"justify\"><span style=\"font-family: Times New Roman, serif;\"><span style=\"font-size: medium;\"><span style=\"font-size: small;\">El gobierno Trump ha multiplicado las actuaciones del ICE, <\/span><span style=\"font-size: small;\"><b>e<\/b><\/span><strong><span style=\"font-size: small;\">l Servicio de Inmigraci\u00f3n y Control de Aduanas (ICE), la&nbsp;agencia antiinmigraci\u00f3n encargada&nbsp;de <\/span><\/strong><strong><span style=\"font-size: small;\"><i>\u201cfortalecer la seguridad fronteriza y prevenir el movimiento ilegal de personas, bienes y fondos hacia, dentro y fuera de Estados Unidos\u201d.<\/i><\/span><\/strong><span style=\"font-size: small;\">&nbsp;ICE fue creado en 2003 y cuenta con 20.000 empleados repartidos por todo Estados Unidos y otros pa\u00edses, y un presupuesto de 8.000 millones de d\u00f3lares anuales. Con la llegada de Trump, la agencia es potenciada con el objetivo de deportar a millones de inmigrantes. Trump firm\u00f3 una ley el pasado 4 de julio que aumentar\u00e1 el presupuesto de esta agencia en unos&nbsp;100.000 millones de d\u00f3lares&nbsp;hasta 2029, que la podr\u00edan convertir en la mayor fuerza policial de Estados Unidos.&nbsp;<\/span><\/span><\/span><\/p>\n<p align=\"justify\"><!--more--><\/p>\n<p align=\"justify\"><span style=\"font-family: Times New Roman, serif;\"><span style=\"font-size: medium;\"><span style=\"font-size: small;\">Los agentes del ICE, uniformados y encapuchados o de paisano, han llevado a cabo redadas masivas que generaron&nbsp;grandes protestas&nbsp;en Los \u00c1ngeles o San Francisco. Han detenido a inmigrantes en sus puestos de trabajo, en los colegios, en las calles e incluso en los propios tribunales donde el inmigrante presentaba un recurso contra su expulsi\u00f3n. Para hacer frente a estas protestas, Trump orden\u00f3 el despliegue de la Guardia Nacional en Los \u00c1ngeles, y luego, en otras ciudades.<\/span><\/span><\/span><\/p>\n<p align=\"justify\"><span style=\"font-family: Times New Roman, serif;\"><span style=\"font-size: small;\">A principios de este mes, Donald Trump amenaz\u00f3 con liberar las fuerzas armadas en m\u00e1s ciudades estadounidenses durante un discurso ante los principales mandos militares. Explic\u00f3 a los cientos de generales y almirantes reunidos para escucharlo que las ciudades <\/span><\/span><span style=\"font-family: Times New Roman, serif;\"><span style=\"font-size: small;\"><i>\u00abest\u00e1n dirigidas por los dem\u00f3cratas de la izquierda radical\u00bb<\/i><\/span><\/span><span style=\"font-family: Times New Roman, serif;\"><span style=\"font-size: small;\">, incluidas Chicago, Los \u00c1ngeles, Nueva York y San Francisco. <\/span><\/span><span style=\"font-family: Times New Roman, serif;\"><span style=\"font-size: small;\"><i>\u00abVamos a enderezarlos uno por uno. Y esto va a ser una parte importante para algunas de las personas en esta sala\u00bb<\/i><\/span><\/span><span style=\"font-family: Times New Roman, serif;\"><span style=\"font-size: small;\">, dijo. <\/span><\/span><span style=\"font-family: Times New Roman, serif;\"><span style=\"font-size: small;\"><i>\u00abEso tambi\u00e9n es una guerra. Es una guerra desde dentro\u00bb<\/i><\/span><\/span><span style=\"font-family: Times New Roman, serif;\"><span style=\"font-size: small;\">. Y agreg\u00f3: <\/span><\/span><span style=\"font-family: Times New Roman, serif;\"><span style=\"font-size: small;\"><i>\u00abDeber\u00edamos usar algunas de estas ciudades peligrosas como campos de entrenamiento para nuestro ej\u00e9rcito\u00bb<\/i><\/span><\/span><span style=\"font-family: Times New Roman, serif;\"><span style=\"font-size: small;\">. Frente a las resoluciones judiciales que impugna el despliegue de la guardia nacional en las ciudades, ha amenazado con recurrir a la <\/span><\/span><span style=\"font-family: Times New Roman, serif;\"><span style=\"font-size: small;\"><i>Ley de Insurrecci\u00f3n<\/i><\/span><\/span><span style=\"font-family: Times New Roman, serif;\"><span style=\"font-size: small;\">, una ley de 1807 que otorga al presidente poderes de emergencia para desplegar tropas en suelo estadounidense. Trump cuenta, adem\u00e1s, con el aval de un Tribunal Supremo del que \u00e9l mismo ha designado a la mayor\u00eda de miembros. <\/span><\/span><\/p>\n<p align=\"justify\"><span style=\"font-family: Times New Roman, serif;\"><span style=\"font-size: small;\"><i>\u00abCuando las tropas militares vigilan a los civiles, tenemos una amenaza intolerable para la libertad individual y los valores fundamentales de este pa\u00eds\u00bb<\/i><\/span><\/span><span style=\"font-family: Times New Roman, serif;\"><span style=\"font-size: small;\">, declaraba Hina Shamsi, directora del Proyecto de Seguridad Nacional de la Uni\u00f3n Americana de Libertades Civiles.<\/span><\/span><\/p>\n<p align=\"justify\"><span style=\"font-family: Times New Roman, serif;\"><span style=\"font-size: small;\">Frente a esta deriva autoritaria, la poblaci\u00f3n resiste: Ya en junio, decenas de miles se manifestaron en Los \u00c1ngeles contra las redadas. Y se organizaron las primeras manifestaciones bajo el lema<\/span><\/span><span style=\"font-family: Times New Roman, serif;\"><span style=\"font-size: small;\"> \u201c<\/span><\/span><span style=\"font-family: Times New Roman, serif;\"><span style=\"font-size: small;\"><i>No Kings<\/i><\/span><\/span><span style=\"font-family: Times New Roman, serif;\"><span style=\"font-size: small;\">\u201d, (no reyes, en ingl\u00e9s), lema que hace referencia al principio de que la naci\u00f3n no tiene reyes que la sometan.&nbsp;<\/span><\/span><\/p>\n<p align=\"center\"><strong><span style=\"font-family: Folio Std Bold Condensed, serif;\">Manifestaciones masivas este fin de semana<\/span><\/strong><\/p>\n<p align=\"justify\"><span style=\"font-family: Times New Roman, serif;\"><span style=\"font-size: small;\">Este fin de semana, una nueva convocatoria del movimiento \u201cNo Kings\u201d se ha desarrollado de manera a\u00fan m\u00e1s masiva, con m\u00e1s de 2.700 manifestaciones, que han reunido a siete millones de personas, con gran asistencia, sobre todo, en las grandes ciudades como Nueva York, Chicago, Houston, Seattle, Los \u00c1ngeles o Filadelfia.<\/span><\/span><\/p>\n<p align=\"justify\"><span style=\"font-family: Times New Roman, serif;\"><span style=\"font-size: small;\">Las manifestaciones han sido convocadas por una amplia coalici\u00f3n de asociaciones, sindicatos y organizaciones pol\u00edticas. Las consignas que se escucharon en ellas condenaron las redadas de la polic\u00eda de inmigraci\u00f3n, el despliegue de la Guardia Nacional en las principales ciudades, los despidos de funcionarios durante el cierre gubernamental, los ataques a las redes de seguridad social, la pol\u00edtica fiscal que favorece a los ricos, la pol\u00edtica de guerra contra Venezuela, el plan de Trump para Gaza, entre otros. Estas manifestaciones masivas, que tuvieron lugar en las principales ciudades, pero tambi\u00e9n en localidades rurales generalmente muy partidarias de Trump, deben ser analizadas teniendo en cuenta que existe una situaci\u00f3n muy diferente a la vivida en muchos pa\u00edses europeos.<\/span><\/span><\/p>\n<p align=\"center\"><span style=\"font-family: Folio Std Bold Condensed, serif;\"><span style=\"font-size: medium;\"><b>Un pa\u00eds polarizado<\/b><\/span><\/span><\/p>\n<p align=\"justify\"><span style=\"font-family: Times New Roman, serif;\"><span style=\"font-size: small;\">Como se\u00f1ala Devan Sohier en <\/span><\/span><span style=\"font-family: Times New Roman, serif;\"><span style=\"font-size: small;\"><i>Informations Ouvri\u00e8res<\/i><\/span><\/span><span style=\"font-family: Times New Roman, serif;\"><span style=\"font-size: small;\">, semanario del POI de Francia, <\/span><\/span><span style=\"font-family: Times New Roman, serif;\"><span style=\"font-size: small;\"><i>\u201cla tasa de aprobaci\u00f3n de Trump, nueve meses despu\u00e9s de su toma de posesi\u00f3n, sigue siendo alta, superior al 40% seg\u00fan las encuestas: aunque es minoritario, sigue contando con el apoyo de gran parte de la poblaci\u00f3n\u201d<\/i><\/span><\/span><span style=\"font-family: Times New Roman, serif;\"><span style=\"font-size: small;\">. De hecho, Estados Unidos est\u00e1 extremadamente dividido entre los partidarios de la pol\u00edtica trumpista de afirmaci\u00f3n de la supremac\u00eda del imperialismo estadounidense (Make Am\u00e9rica Great Again, MAGA) y sus oponentes. <\/span><\/span><\/p>\n<p align=\"justify\"><span style=\"font-family: Times New Roman, serif;\"><span style=\"font-size: small;\">En respuesta a las manifestaciones, Trump public\u00f3 un v\u00eddeo generado por inteligencia artificial de una vulgaridad manifiesta, en el que, con una corona en la cabeza, \u00e9l mismo sub\u00eda a un avi\u00f3n de combate para bombardear a los manifestantes con excrementos. Como se\u00f1al Sohier <\/span><\/span><span style=\"font-family: Times New Roman, serif;\"><span style=\"font-size: small;\"><i>\u201cEl estilo es el hombre, pero tambi\u00e9n es su pol\u00edtica, una pol\u00edtica que busca deliberadamente exacerbar las tensiones<\/i><\/span><\/span><span style=\"font-family: Times New Roman, serif;\"><span style=\"font-size: small;\">\u201d, para imponerse, si es preciso, por la fuerza. <\/span><\/span><\/p>\n<p align=\"center\"><strong><span style=\"font-family: Folio Std Bold Condensed, serif;\"><span style=\"font-size: medium;\">El Partido Dem\u00f3crata, desbordado<\/span><\/span><\/strong><\/p>\n<p align=\"justify\"><span style=\"font-family: Times New Roman, serif;\"><span style=\"font-size: small;\">Frente a la combatividad de muchos manifestantes, algunos de los organizadores de las marchas quer\u00edan conducirlas como un movimiento contra los \u201cexcesos\u201d de Trump, por el respeto a la Constituci\u00f3n estadounidense. <\/span><\/span><span style=\"color: #191919;\"><span style=\"font-family: Times New Roman, serif;\"><span style=\"font-size: small;\">Hunter Dunn, unos de los portavoces de la coalici\u00f3n de No Kings, dec\u00eda que <\/span><\/span><\/span><span style=\"color: #191919;\"><span style=\"font-family: Times New Roman, serif;\"><span style=\"font-size: small;\"><i>\u201cnos unimos para exigir que nuestros representantes se posicionen contra los excesos ejecutivos de Trump para limitar su poder y para ayudarnos a restaurar la democracia antes de que sea demasiado tarde\u201d<\/i><\/span><\/span><\/span><span style=\"color: #191919;\"><span style=\"font-family: Times New Roman, serif;\"><span style=\"font-size: small;\">. Act\u00faan <\/span><\/span><\/span><span style=\"font-family: Times New Roman, serif;\"><span style=\"font-size: small;\">con la esperanza de revivir la perspectiva de un retorno a una vida pol\u00edtica estadounidense \u201cnormal\u201d, con alternancias y compromisos entre la mayor\u00eda y la minor\u00eda en el Congreso. Una pretensi\u00f3n que se enfrenta a una realidad: los dirigentes del Partido Dem\u00f3crata \u2013muchos de ellos han participado en las manifestaciones- siguen paralizados, incapaces de mantener una oposici\u00f3n coherente, atrapados entre la pol\u00edtica de Trump y sus temores de provocar un movimiento que los superar\u00eda y los barrer\u00eda. Lo que envalentona a\u00fan m\u00e1s a Trump y los suyos: la respuesta del vicepresidente Vance a las manifestaciones fue un v\u00eddeo, tambi\u00e9n generado por inteligencia artificial, en el que se ve\u00eda a Trump coron\u00e1ndose como Napole\u00f3n y blandiendo una espada ante la que se postraban los l\u00edderes dem\u00f3cratas. Todo el <\/span><\/span><span style=\"color: #191919;\"><span style=\"font-family: Times New Roman, serif;\"><span style=\"font-size: small;\">trumpismo ha mostrado una reacci\u00f3n virulenta ante las movilizaciones. <\/span><\/span><\/span><span style=\"color: #191919;\"><span style=\"font-family: Times New Roman, serif;\"><span style=\"font-size: small;\"><i>\u201cApuesto a que ver\u00e1n simpatizantes de Ham\u00e1s, apuesto a que ver\u00e1n a miembros de Antifa, apuesto a que ver\u00e1n a los marxistas en plena manifestaci\u00f3n, a la gente que no quiere ponerse de pie y defender las verdades fundamentales de esta rep\u00fablica\u201d<\/i><\/span><\/span><\/span><span style=\"color: #191919;\"><span style=\"font-family: Times New Roman, serif;\"><span style=\"font-size: small;\">, aseguraba la semana pasada el presidente de la C\u00e1mara de Representantes, Mike Johnson, en una entrevista en Fox News. <\/span><\/span><\/span><\/p>\n<p align=\"justify\"><span style=\"font-family: Times New Roman, serif;\"><span style=\"font-size: small;\">La par\u00e1lisis dem\u00f3crata contrastaba con lo que expresaba un Tuit de Democratic Socialists of America: <\/span><\/span><span style=\"font-family: Times New Roman, serif;\"><span style=\"font-size: small;\"><i>\u201cDSA apoya las movilizaciones masivas contra Donald Trump. Como socialistas, debemos ser claros: derrotar a Trump y a su administraci\u00f3n significa derrotar a todo el sistema capitalista e imperialista. \u00danete a DSA para ayudar a construir el movimiento por un mundo mejor\u201d.<\/i><\/span><\/span><\/p>\n<p align=\"center\"><strong><span style=\"font-family: Folio Std Bold Condensed, serif;\"><span style=\"font-size: medium;\">Expresi\u00f3n de todas las protestas<\/span><\/span><\/strong><\/p>\n<p align=\"justify\"><span style=\"font-family: Times New Roman, serif;\"><span style=\"font-size: small;\">En todo caso, las manifestaciones han permitido la expresi\u00f3n de diferentes motivos de protesta. El New York Times del 18 de octubre informa de que la multitud reunida en la emblem\u00e1tica plaza de Nueva York, Times Square, coreaba \u201cNo more Trump\u201d (no queremos m\u00e1s a Trump), expresando su deseo de expulsar a Trump y su pol\u00edtica. En cuanto a las banderas palestinas enarboladas, en particular, por los militantes de Codepink o DSA, tambi\u00e9n cuestionaban la pol\u00edtica de Biden y los dem\u00f3cratas. Brandon Johnson, alcalde dem\u00f3crata de Chicago (que fue elegido en contra del establishment dem\u00f3crata), pidi\u00f3 durante la manifestaci\u00f3n en su ciudad una huelga general en todo Estados Unidos, entre los v\u00edtores de la multitud. <\/span><\/span><\/p>\n<p align=\"justify\"><a name=\"_GoBack\"><\/a> <span style=\"font-family: Times New Roman, serif;\"><span style=\"font-size: small;\">Esta creciente polarizaci\u00f3n y la imposibilidad de continuar con la pol\u00edtica \u201ccomo antes\u201d \u2013por m\u00e1s que se esfuercen los dirigentes del Partido Dem\u00f3crata- se ver\u00e1n reflejadas, por ejemplo, en las elecciones a la alcald\u00eda de Nueva York, el pr\u00f3ximo 4 de noviembre. En esta ciudad, tradicionalmente dem\u00f3crata, como comentaba Andrew Basta en la Conferencia contra la guerra de Par\u00eds \u201cEn Nueva York, hemos designado a Zohran Mamdani como candidato dem\u00f3crata a la alcald\u00eda de Nueva York\u201d. Mahmadi es miembro de la DSA (Socialistas Democr\u00e1ticos de Am\u00e9rica), y est\u00e1 a punto de ganar, seg\u00fan las encuestas, con un programa que destaca los problemas a los que se enfrentan los neoyorquinos: el precio de la vivienda, los costes y la lentitud del transporte, la falta de guarder\u00edas&#8230; con un programa que rompe, a la vez, con la pol\u00edtica de Trump y los dem\u00f3cratas.<\/span><\/span><\/p>\n","protected":false},"excerpt":{"rendered":"<p>Carta Semanal 1067 en catal\u00e1n Carta Semanal 1067 para descargar en PDF Siete millones de estadounidenses salieron a las calles para participar en una de las 2.700 manifestaciones contra las pol\u00edticas de Donald Trump organizadas con motivo del segundo D\u00eda Sin Reyes (celebrado el s\u00e1bado 18 de octubre). Esto supone al menos un mill\u00f3n m\u00e1s [&hellip;]<\/p>\n","protected":false},"author":1197,"featured_media":0,"comment_status":"open","ping_status":"open","sticky":false,"template":"","format":"standard","meta":{"ngg_post_thumbnail":0,"footnotes":""},"categories":[61],"tags":[721,1297,1296,693],"class_list":["post-9490","post","type-post","status-publish","format-standard","hentry","category-cartas","tag-eeuu","tag-ice","tag-no-kings","tag-trump"],"aioseo_notices":[],"_links":{"self":[{"href":"http:\/\/posicuarta.org\/cartasblog\/wp-json\/wp\/v2\/posts\/9490","targetHints":{"allow":["GET"]}}],"collection":[{"href":"http:\/\/posicuarta.org\/cartasblog\/wp-json\/wp\/v2\/posts"}],"about":[{"href":"http:\/\/posicuarta.org\/cartasblog\/wp-json\/wp\/v2\/types\/post"}],"author":[{"embeddable":true,"href":"http:\/\/posicuarta.org\/cartasblog\/wp-json\/wp\/v2\/users\/1197"}],"replies":[{"embeddable":true,"href":"http:\/\/posicuarta.org\/cartasblog\/wp-json\/wp\/v2\/comments?post=9490"}],"version-history":[{"count":3,"href":"http:\/\/posicuarta.org\/cartasblog\/wp-json\/wp\/v2\/posts\/9490\/revisions"}],"predecessor-version":[{"id":9496,"href":"http:\/\/posicuarta.org\/cartasblog\/wp-json\/wp\/v2\/posts\/9490\/revisions\/9496"}],"wp:attachment":[{"href":"http:\/\/posicuarta.org\/cartasblog\/wp-json\/wp\/v2\/media?parent=9490"}],"wp:term":[{"taxonomy":"category","embeddable":true,"href":"http:\/\/posicuarta.org\/cartasblog\/wp-json\/wp\/v2\/categories?post=9490"},{"taxonomy":"post_tag","embeddable":true,"href":"http:\/\/posicuarta.org\/cartasblog\/wp-json\/wp\/v2\/tags?post=9490"}],"curies":[{"name":"wp","href":"https:\/\/api.w.org\/{rel}","templated":true}]}}