{"id":9695,"date":"2026-03-09T14:57:00","date_gmt":"2026-03-09T12:57:00","guid":{"rendered":"https:\/\/posicuarta.org\/cartasblog\/?p=9695"},"modified":"2026-03-27T13:04:39","modified_gmt":"2026-03-27T11:04:39","slug":"bombardeo-de-iran-y-libano-la-guerra-una-necesidad-para-el-imperialismo","status":"publish","type":"post","link":"http:\/\/posicuarta.org\/cartasblog\/bombardeo-de-iran-y-libano-la-guerra-una-necesidad-para-el-imperialismo\/","title":{"rendered":"Bombardeo de Ir\u00e1n y L\u00edbano. La Guerra: Una Necesidad para el Imperialismo"},"content":{"rendered":"<h3><em> <a href=\"http:\/\/posicuarta.org\/cartasblog\/wp-content\/uploads\/2026\/03\/Carta-Semanal-1086-cat.pdf\">Carta Semanal 1086 en catal\u00e1n<\/a><\/em><\/h3>\n<h3><em><a href=\"http:\/\/posicuarta.org\/cartasblog\/wp-content\/uploads\/2026\/03\/Carta-Semanal-1086-cast.pdf\">Carta Semanal 1086 para descargar en PDF<\/a><\/em><\/h3>\n<p><img loading=\"lazy\" decoding=\"async\" class=\"wp-image-9696 alignleft\" src=\"http:\/\/posicuarta.org\/cartasblog\/wp-content\/uploads\/2026\/03\/Carta-Semanal-1086-cast-e1773060499673-210x300.png\" alt=\"\" width=\"150\" height=\"215\" srcset=\"http:\/\/posicuarta.org\/cartasblog\/wp-content\/uploads\/2026\/03\/Carta-Semanal-1086-cast-e1773060499673-210x300.png 210w, http:\/\/posicuarta.org\/cartasblog\/wp-content\/uploads\/2026\/03\/Carta-Semanal-1086-cast-e1773060499673-105x150.png 105w, http:\/\/posicuarta.org\/cartasblog\/wp-content\/uploads\/2026\/03\/Carta-Semanal-1086-cast-e1773060499673.png 419w\" sizes=\"auto, (max-width: 150px) 100vw, 150px\" \/><\/p>\n<p align=\"justify\"><span style=\"font-family: Aptos, serif; color: #ff0000;\"><span style=\"font-size: medium;\"><span style=\"font-family: Times LT Std, serif;\"><span style=\"font-size: small;\">Reproducimos en esta Carta Semanal un art\u00edculo aparecido en Informations Ouvri\u00e8res, semanario del Partido Obrero Independiente de Francia.<\/span><\/span><\/span><\/span><\/p>\n<p align=\"justify\"><span style=\"color: #1f1f1f;\"><span style=\"font-family: Times LT Std, serif;\"><span style=\"font-size: small;\">Una vez m\u00e1s, las im\u00e1genes de bombardeos, destrucci\u00f3n, de hospitales y escuelas impactadas, muertos y heridos. Despu\u00e9s de Gaza, es el turno de Ir\u00e1n y L\u00edbano de sufrir un diluvio de fuego y hierro por parte del imperialismo.<\/span><\/span><\/span><\/p>\n<p align=\"justify\"><span style=\"color: #1f1f1f;\"><span style=\"font-family: Times LT Std, serif;\"><span style=\"font-size: small;\">El 2 de marzo, Trump y su secretario de Estado, Rubio, hicieron numerosas declaraciones intentando justificar los bombardeos de Ir\u00e1n. Seg\u00fan la prensa estadounidense y europea, las explicaciones fueron vagas y confusas. Rubio insisti\u00f3 en que la guerra no durar\u00eda mucho (aunque Trump hab\u00eda declarado que durar\u00eda de cuatro a cinco semanas), respondiendo as\u00ed a la creciente preocupaci\u00f3n del p\u00fablico estadounidense, que en gran medida discrepaba con la guerra en Ir\u00e1n.<\/span><\/span><\/span><\/p>\n<p align=\"justify\"><span style=\"color: #1f1f1f;\"><span style=\"font-family: Times LT Std, serif;\"><span style=\"font-size: small;\">Confusas o no, las explicaciones de Trump se reducen a una sola cuesti\u00f3n: la del orden mundial.<\/span><\/span><\/span><\/p>\n<p align=\"justify\"><!--more--><\/p>\n<h4 align=\"center\"><span style=\"color: #000000;\"><strong><span style=\"font-family: Courier New, serif;\"><span style=\"font-size: small;\"><span style=\"font-family: Folio Std Bold Condensed, serif;\">Aterrorizar a los pueblos<\/span><\/span><\/span><\/strong><\/span><\/h4>\n<p align=\"justify\"><span style=\"font-family: Courier New, serif;\"><span style=\"font-size: small;\"><span style=\"color: #1f1f1f;\"><span style=\"font-family: Times LT Std, serif;\">Los bombardeos estadounidenses e israel\u00edes en Ir\u00e1n y L\u00edbano, tras el secuestro de Maduro en Venezuela, buscan aterrorizar a los pueblos del mundo.<\/span><\/span><\/span><\/span><\/p>\n<p align=\"justify\"><span style=\"font-family: Courier New, serif;\"><span style=\"font-size: small;\"><span style=\"color: #1f1f1f;\"><span style=\"font-family: Times LT Std, serif;\">Esto refleja el deseo del imperialismo estadounidense de demostrar su control sobre el orden mundial y su capacidad para decidir a su antojo.<\/span><\/span><\/span><\/span><\/p>\n<p align=\"justify\"><span style=\"font-family: Courier New, serif;\"><span style=\"font-size: small;\"><span style=\"color: #1f1f1f;\"><span style=\"font-family: Times LT Std, serif;\">En este caso, la intervenci\u00f3n en Ir\u00e1n y la intervenci\u00f3n de Israel en L\u00edbano buscan completar lo que se inici\u00f3 con el genocidio en Gaza. Tanto Trump como Netanyahu explican que quieren redibujar el mapa de Oriente Medio, con Israel en el centro. Este es el significado de los llamados \u00abAcuerdos de Abraham\u00bb de Trump, que exigen que todos los reg\u00edmenes de la regi\u00f3n reconozcan al Estado de Israel. Esta reorganizaci\u00f3n de Oriente Medio requiere poner fin a la cuesti\u00f3n palestina, que hasta ahora ha sido un gran obst\u00e1culo para cualquier \u00abnormalizaci\u00f3n\u00bb deseada por el imperialismo.<\/span><\/span><\/span><\/span><\/p>\n<p align=\"justify\"><span style=\"font-family: Courier New, serif;\"><span style=\"font-size: small;\"><span style=\"color: #1f1f1f;\"><span style=\"font-family: Times LT Std, serif;\">El inicio de una guerra en Ir\u00e1n por parte de Trump y Netanyahu, sin siquiera molestarse en informar a sus \u00abaliados\u00bb europeos, revela el verdadero estado de las relaciones mundiales. Los imperialismos europeos son estados de segunda categor\u00eda que deben alinearse con las exigencias de Estados Unidos. Con esta guerra, que de facto arrastra a los estados europeos al conflicto, Trump contin\u00faa su ofensiva, que comenz\u00f3 con la imposici\u00f3n de aranceles a los productos europeos. Este es el mismo Trump que anunci\u00f3 que, en el futuro, los europeos deber\u00e1n asumir una parte mucho mayor de la financiaci\u00f3n de la OTAN y aumentar significativamente sus presupuestos militares.<\/span><\/span><\/span><\/span><\/p>\n<p align=\"justify\"><span style=\"font-family: Courier New, serif;\"><span style=\"font-size: small;\"><span style=\"font-family: Times LT Std, serif;\">El estallido de la guerra en Ucrania, del que Putin y el imperialismo son responsables, representa una amenaza para todos los pueblos de Europa. El apoyo financiero y militar brindado por los l\u00edderes europeos al r\u00e9gimen de Zelenski est\u00e1 impulsando una escalada con consecuencias que a\u00fan no se comprenden del todo. Zelenski acaba de declarar: \u201cEs justo dar al pueblo iran\u00ed la oportunidad de deshacerse del r\u00e9gimen terrorista\u201d. De este modo, impulsa la expansi\u00f3n de la guerra.<\/span><\/span><\/span><\/p>\n<h4 align=\"center\"><span style=\"color: #000000;\"><strong><span style=\"font-family: Courier New, serif;\"><span style=\"font-size: small;\"><span style=\"font-family: Folio Std Bold Condensed, serif;\">Europa y China en el punto de mira<\/span><\/span><\/span><\/strong><\/span><\/h4>\n<p align=\"justify\"><span style=\"font-family: Courier New, serif;\"><span style=\"font-size: small;\"><span style=\"font-family: Times LT Std, serif;\">Pero no es solo Europa la que est\u00e1 en juego; estos acontecimientos apuntan directamente a China: el 90% del petr\u00f3leo iran\u00ed y el 80% del venezolano son adquiridos por China.<\/span><\/span><\/span><\/p>\n<p align=\"justify\"><span style=\"font-family: Courier New, serif;\"><span style=\"font-size: small;\"><span style=\"font-family: Times LT Std, serif;\">Compitiendo con China en el mercado global, Trump est\u00e1 lanzando una guerra econ\u00f3mica contra ese pa\u00eds, lo que provoca una aceleraci\u00f3n de las tensiones y una escalada cuyo desenlace se desconoce.<\/span><\/span><\/span><\/p>\n<p align=\"justify\"><span style=\"font-family: Courier New, serif;\"><span style=\"font-size: small;\"><span style=\"font-family: Times LT Std, serif;\">La prensa estadounidense, al igual que la europea, est\u00e1 alarmada por los riesgos de desestabilizaci\u00f3n global. Contrariamente a lo que afirman Trump y otros, la ofensiva estadounidense no buscar\u00e1 fortalecer el orden mundial ni consolidar la posici\u00f3n de Estados Unidos como el polic\u00eda del mundo, sino que conducir\u00e1 al mayor desorden global. Los bombardeos en Ir\u00e1n y los de Israel en el L\u00edbano ya han provocado una conflagraci\u00f3n en todo Oriente Medio. Sea cual sea el resultado del conflicto actual, sean cuales sean los resultados de una aparente \u00abnormalizaci\u00f3n\u00bb, la regi\u00f3n de Oriente Medio ya est\u00e1 camino de la desintegraci\u00f3n y lo estar\u00e1 a\u00fan m\u00e1s en las pr\u00f3ximas semanas y meses. El historial de intervenciones militares imperialistas es claro: Irak est\u00e1 desintegrado, Afganist\u00e1n est\u00e1 devastado, Libia ya no existe.<\/span><\/span><\/span><\/p>\n<p align=\"justify\"><span style=\"font-family: Courier New, serif;\"><span style=\"font-size: small;\"><span style=\"font-family: Times LT Std, serif;\">Contrariamente a lo que afirmaron Trump y Netanyahu, el deseo de redise\u00f1ar Oriente Medio mediante la guerra est\u00e1 provocando el caos en esta parte del mundo.<\/span><\/span><\/span><\/p>\n<p><span style=\"font-family: Courier New, serif;\"><span style=\"font-size: small;\"><span style=\"font-family: Times LT Std, serif;\">Contrariamente a lo que afirman muchos comentaristas, columnistas y l\u00edderes pol\u00edticos europeos, las acciones de Trump no surgen de un deseo consciente de desestabilizar la situaci\u00f3n. Sin embargo, dada la crisis generalizada del sistema capitalista y el hecho de que el mercado global ya se est\u00e1 desintegrando, una gran crisis financiera podr\u00eda estallar en cualquier momento. La guerra, inherente al sistema imperialista, es entonces la \u00fanica manera de intentar evitar un colapso generalizado.<\/span><\/span><\/span><\/p>\n<h4 style=\"text-align: center;\"><span style=\"color: #000000;\"><strong><span style=\"font-family: Courier New, serif;\"><span style=\"font-size: small;\"><span style=\"font-family: Times LT Std, serif;\">La guerra no es una opci\u00f3n, sino una necesidad para el imperialismo.<\/span><\/span><\/span><\/strong><\/span><\/h4>\n<p align=\"justify\"><span style=\"font-family: Courier New, serif;\"><span style=\"font-size: small;\"><span style=\"font-family: Times LT Std, serif;\">El imperialismo es barbarie y desorden global, condiciones necesarias para aplastar a los pueblos del mundo. El estallido de la guerra no es una cuesti\u00f3n de elecci\u00f3n, sino una necesidad para la supervivencia del capital. Los discursos sobre el imperialismo estadounidense como el polic\u00eda del mundo ocultan mal la realidad. Es el m\u00e1s poderoso de los imperialismos, pero est\u00e1 en crisis, como lo demuestran los recientes acontecimientos en Estados Unidos, que revelan el estado fracturado de la sociedad estadounidense.<\/span><\/span><\/span><\/p>\n<p align=\"justify\"><span style=\"font-family: Courier New, serif;\"><span style=\"font-size: small;\"><span style=\"color: #1f1f1f;\"><span style=\"font-family: Times LT Std, serif;\">La prensa estadounidense, al igual que la europea, est\u00e1 alarmada por los riesgos de desestabilizaci\u00f3n global. Contrariamente a lo que afirman Trump y otros, la ofensiva estadounidense no buscar\u00e1 fortalecer el orden mundial ni consolidar la posici\u00f3n de Estados Unidos como el gendarme del mundo, sino que conducir\u00e1 al mayor desorden global. Los bombardeos en Ir\u00e1n y los de Israel en el L\u00edbano ya han conmocionado a todo Oriente Medio. Sea cual sea el resultado del conflicto actual, sean cuales sean los resultados de una aparente \u00abnormalizaci\u00f3n\u00bb, la regi\u00f3n de Oriente Medio ya est\u00e1 camino de la desintegraci\u00f3n y lo estar\u00e1 a\u00fan m\u00e1s en las pr\u00f3ximas semanas y meses. El balance de las intervenciones militares imperialistas es evidente: Irak est\u00e1 destrozado, Afganist\u00e1n devastado, Libia ya no existe.<\/span><\/span><\/span><\/span><\/p>\n<h4 style=\"text-align: center;\" align=\"justify\"><span style=\"color: #000000;\"><strong><span style=\"font-family: Courier New, serif;\"><span style=\"font-size: small;\"><span style=\"font-family: Times LT Std, serif;\">Todos los continentes se ven golpeados por las guerras locales.<\/span><\/span><\/span><\/strong><\/span><\/h4>\n<p align=\"justify\"><span style=\"font-family: Courier New, serif;\"><span style=\"font-size: small;\"><span style=\"color: #1f1f1f;\"><span style=\"font-family: Times LT Std, serif;\">En Asia, est\u00e1 el conflicto entre Tailandia y Camboya, y hoy en d\u00eda, la guerra entre Afganist\u00e1n y Pakist\u00e1n. En Latinoam\u00e9rica, est\u00e1 la operaci\u00f3n militar estadounidense en Venezuela, con sus amenazas y consecuencias para todo el continente. En Europa, est\u00e1 la guerra en Ucrania, que ha dejado millones de muertos y heridos. En Oriente Medio, adem\u00e1s del genocidio en Palestina y los ataques contra L\u00edbano e Ir\u00e1n, est\u00e1 la guerra que libra Arabia Saud\u00ed contra el pueblo de Yemen. El continente africano est\u00e1 desgarrado por guerras: el conflicto actual entre Eritrea y Etiop\u00eda, la guerra en la Rep\u00fablica Democr\u00e1tica del Congo, la guerra en Sud\u00e1n y el conflicto latente en el Sahel.<\/span><\/span><\/span><\/span><\/p>\n<p align=\"justify\"><span style=\"font-family: Courier New, serif;\"><span style=\"font-size: small;\"><span style=\"color: #1f1f1f;\"><span style=\"font-family: Times LT Std, serif;\">Todas estas guerras, incluso las m\u00e1s locales, tienden a crear un estado de guerra global. Obviamente, esto no es una repetici\u00f3n de la Primera y la Segunda Guerra Mundial, donde las potencias imperialistas se enfrentaron entre s\u00ed. Pero treinta a\u00f1os despu\u00e9s de la ca\u00edda de la Uni\u00f3n Sovi\u00e9tica, y con ello de la desaparici\u00f3n de la burocracia del Kremlin \u2014una fuerza global que impulsaba el orden en su colaboraci\u00f3n con el imperialismo estadounidense\u2014, todos los equilibrios mundiales establecidos por la Segunda Guerra Mundial se han trastocado. Con la primera Guerra del Golfo en 1991 y la segunda en 2003, el dominio global del imperialismo ha multiplicado los conflictos en todos los continentes, provocando el caos y la ca\u00edda en la barbarie.<\/span><\/span><\/span><\/span><\/p>\n<h4 style=\"text-align: center;\" align=\"justify\"><span style=\"color: #000000;\"><strong><span style=\"font-family: Courier New, serif;\"><span style=\"font-size: small;\"><span style=\"font-family: Times LT Std, serif;\">Reuniones el 20 de junio en Londres.<\/span><\/span><\/span><\/strong><\/span><\/h4>\n<p align=\"justify\"><span style=\"color: #1f1f1f;\"><span style=\"font-family: Times LT Std, serif;\"><span style=\"font-size: small;\">Todos los gobiernos debilitados, confrontados por sus poblaciones, intentan impulsar la militarizaci\u00f3n de la sociedad. Todos los presupuestos militares aumentan exponencialmente. La industria armament\u00edstica opera a plena capacidad. La econom\u00eda armament\u00edstica es un motor de toda la econom\u00eda capitalista, que se encuentra en crisis mundial. Para sobrevivir, el capital debe producir bienes en masa, en particular armas, que se venden en el mercado global. Y, como todos los bienes, deben venderse y usarse. La l\u00f3gica de la econom\u00eda en la era del imperialismo es la industria armament\u00edstica, que obtiene beneficios y alimenta la guerra.<\/span><\/span><\/span><\/p>\n<p align=\"right\"><span style=\"color: #1f1f1f;\"><span style=\"font-family: Times LT Std, serif;\"><span style=\"font-size: small;\"><b>Lucien Gauthier<\/b><\/span><\/span><\/span><\/p>\n<p>&nbsp;<\/p>\n<p>&nbsp;<\/p>\n<p>&nbsp;<\/p>\n","protected":false},"excerpt":{"rendered":"<p>Carta Semanal 1086 en catal\u00e1n Carta Semanal 1086 para descargar en PDF Reproducimos en esta Carta Semanal un art\u00edculo aparecido en Informations Ouvri\u00e8res, semanario del Partido Obrero Independiente de Francia. Una vez m\u00e1s, las im\u00e1genes de bombardeos, destrucci\u00f3n, de hospitales y escuelas impactadas, muertos y heridos. Despu\u00e9s de Gaza, es el turno de Ir\u00e1n y [&hellip;]<\/p>\n","protected":false},"author":1197,"featured_media":0,"comment_status":"open","ping_status":"open","sticky":false,"template":"","format":"standard","meta":{"ngg_post_thumbnail":0,"footnotes":""},"categories":[61],"tags":[1339,1000,247,1340,693],"class_list":["post-9695","post","type-post","status-publish","format-standard","hentry","category-cartas","tag-alto-a-la-guerra","tag-iran","tag-israel","tag-libano","tag-trump"],"aioseo_notices":[],"_links":{"self":[{"href":"http:\/\/posicuarta.org\/cartasblog\/wp-json\/wp\/v2\/posts\/9695","targetHints":{"allow":["GET"]}}],"collection":[{"href":"http:\/\/posicuarta.org\/cartasblog\/wp-json\/wp\/v2\/posts"}],"about":[{"href":"http:\/\/posicuarta.org\/cartasblog\/wp-json\/wp\/v2\/types\/post"}],"author":[{"embeddable":true,"href":"http:\/\/posicuarta.org\/cartasblog\/wp-json\/wp\/v2\/users\/1197"}],"replies":[{"embeddable":true,"href":"http:\/\/posicuarta.org\/cartasblog\/wp-json\/wp\/v2\/comments?post=9695"}],"version-history":[{"count":4,"href":"http:\/\/posicuarta.org\/cartasblog\/wp-json\/wp\/v2\/posts\/9695\/revisions"}],"predecessor-version":[{"id":9710,"href":"http:\/\/posicuarta.org\/cartasblog\/wp-json\/wp\/v2\/posts\/9695\/revisions\/9710"}],"wp:attachment":[{"href":"http:\/\/posicuarta.org\/cartasblog\/wp-json\/wp\/v2\/media?parent=9695"}],"wp:term":[{"taxonomy":"category","embeddable":true,"href":"http:\/\/posicuarta.org\/cartasblog\/wp-json\/wp\/v2\/categories?post=9695"},{"taxonomy":"post_tag","embeddable":true,"href":"http:\/\/posicuarta.org\/cartasblog\/wp-json\/wp\/v2\/tags?post=9695"}],"curies":[{"name":"wp","href":"https:\/\/api.w.org\/{rel}","templated":true}]}}