{"id":2668,"date":"2017-02-03T20:51:14","date_gmt":"2017-02-03T18:51:14","guid":{"rendered":"http:\/\/posicuarta.org\/cartasblog\/?p=2668"},"modified":"2017-02-03T21:03:55","modified_gmt":"2017-02-03T19:03:55","slug":"davant-el-processament-de-lexpresident-de-la-generalitat-i-altres-carrecs-del-govern-catala","status":"publish","type":"post","link":"https:\/\/posicuarta.org\/cartasblog\/davant-el-processament-de-lexpresident-de-la-generalitat-i-altres-carrecs-del-govern-catala\/","title":{"rendered":"Davant el processament de l&#8217;expresident de la Generalitat i altres c\u00e0rrecs del govern catal\u00e0"},"content":{"rendered":"<h3 style=\"text-align: justify;\">Declaraci\u00f3 del Comit\u00e8 Executiu del POSI &#8211; 3 de febrer de 2017<\/h3>\n<p><em><a href=\"http:\/\/posicuarta.org\/cartasblog\/ante-el-procesamiento-del-expresidente-de-la-generalitat-y-otros-cargos-del-gobierno-catalan\/\">(ver en castellano)<\/a><\/em><\/p>\n<div id=\"attachment_2673\" style=\"width: 115px\" class=\"wp-caption alignleft\"><a href=\"http:\/\/posicuarta.org\/cartasblog\/wp-content\/uploads\/2017\/02\/Declaracio\u0301-del-CE-del-POSI-3-de-febrer-de-2017.pdf\" target=\"_blank\"><img loading=\"lazy\" decoding=\"async\" aria-describedby=\"caption-attachment-2673\" class=\"wp-image-2673 size-thumbnail\" src=\"http:\/\/posicuarta.org\/cartasblog\/wp-content\/uploads\/2017\/02\/DeclaraCEPOSI-20170203-105x150.jpg\" width=\"105\" height=\"150\" srcset=\"https:\/\/posicuarta.org\/cartasblog\/wp-content\/uploads\/2017\/02\/DeclaraCEPOSI-20170203-105x150.jpg 105w, https:\/\/posicuarta.org\/cartasblog\/wp-content\/uploads\/2017\/02\/DeclaraCEPOSI-20170203-210x300.jpg 210w, https:\/\/posicuarta.org\/cartasblog\/wp-content\/uploads\/2017\/02\/DeclaraCEPOSI-20170203.jpg 419w\" sizes=\"auto, (max-width: 105px) 100vw, 105px\" \/><\/a><p id=\"caption-attachment-2673\" class=\"wp-caption-text\">Descarrega el PDF<\/p><\/div>\n<p style=\"text-align: justify;\">El pr\u00f2xim 6 de febrer s\u2019inicia el judici contra l\u2019expresident de la Generalitat, Artur Mas, i dos dels seus consellers per la consulta efectuada el 9-N. En vespres de la seva celebraci\u00f3, diversos ministres del PP han intensificat les amenaces, mentre que la portaveu del govern afirma que el principal pla per a Catalunya \u00e9s que imperi la llei. I aix\u00f2 ho diu la dirigent d\u2019un partit corro\u00eft per la corrupci\u00f3 de dalt a baix amb diverses causes obertes que confirmen tot tipus d\u2019il\u00b7legalitats!<\/p>\n<p style=\"text-align: justify;\"><!--more--><\/p>\n<p style=\"text-align: justify;\">Ho hem dit en altres ocasions: independentment de l\u2019opini\u00f3 que tenim sobre Artur Mas i altres dirigents del PDE-CAT (antiga CDC), la soluci\u00f3 pol\u00edtica per a Catalunya \u00e9s la democr\u00e0cia, en la qual el dret a l\u2019autodeterminaci\u00f3 \u00e9s un dels seus pilars b\u00e0sics, i no els processaments contra c\u00e0rrecs electes ni la judicialitzaci\u00f3 de les aspiracions del poble catal\u00e0. Aquesta pol\u00edtica promoguda i emparada per diferents aparells de l\u2019Estat i executada fidelment pel govern del PP, \u00e9s la confirmaci\u00f3 de la incompatibilitat existent entre el r\u00e8gim de la Monarquia i la democr\u00e0cia. Ning\u00fa que es reclami d\u2019ella pot avalar el processament dels c\u00e0rrecs electes ni l\u2019assetjament judicial per impedir que la voluntat popular s\u2019expressi. Per derrotar la pol\u00edtica d\u2019enfrontament promoguda pel r\u00e8gim mon\u00e0rquic i el seu govern, que solament afavoreix als qui volen acabar amb les pensions, amb la sanitat, amb els drets b\u00e0sics, etc., \u00e9s necess\u00e0ria la mobilitzaci\u00f3 unida.<\/p>\n<p style=\"text-align: justify;\">Les organitzacions que es reclamen de la democr\u00e0cia, dels treballadors, dels drets socials i nacionals tenen una responsabilitat en aquest sentit.<\/p>\n<p style=\"text-align: justify;\">Per a exigir l\u2019anul\u00b7laci\u00f3 immediata dels processaments.<\/p>\n<p style=\"text-align: justify;\">Per a establir la necess\u00e0ria unitat entre els treballadors i pobles de l\u2019Estat espanyol, \u00fanic cam\u00ed que pot derrotar al r\u00e8gim i obrir un futur de llibertat i fraternitat entre els pobles.<\/p>\n<p><strong>ANUL\u00b7LACI\u00d3 IMMEDIATA DELS PROCESSAMENTS<\/strong><br \/>\n<strong>UNITAT PER IMPOSAR LA DEMOCR\u00c0CIA<\/strong><\/p>\n","protected":false},"excerpt":{"rendered":"<p>Declaraci\u00f3 del Comit\u00e8 Executiu del POSI &#8211; 3 de febrer de 2017 (ver en castellano) El pr\u00f2xim 6 de febrer s\u2019inicia el judici contra l\u2019expresident de la Generalitat, Artur Mas, i dos dels seus consellers per la consulta efectuada el 9-N. En vespres de la seva celebraci\u00f3, diversos ministres del PP han intensificat les amenaces, [&hellip;]<\/p>\n","protected":false},"author":1,"featured_media":0,"comment_status":"open","ping_status":"open","sticky":false,"template":"","format":"aside","meta":{"ngg_post_thumbnail":0,"footnotes":""},"categories":[86,4,20],"tags":[293,10,768],"class_list":["post-2668","post","type-post","status-publish","format-aside","hentry","category-catalan","category-catalunya","category-declaracion","tag-artur-mas","tag-autodeterminacion","tag-pde-cat","post_format-post-format-aside"],"aioseo_notices":[],"_links":{"self":[{"href":"https:\/\/posicuarta.org\/cartasblog\/wp-json\/wp\/v2\/posts\/2668","targetHints":{"allow":["GET"]}}],"collection":[{"href":"https:\/\/posicuarta.org\/cartasblog\/wp-json\/wp\/v2\/posts"}],"about":[{"href":"https:\/\/posicuarta.org\/cartasblog\/wp-json\/wp\/v2\/types\/post"}],"author":[{"embeddable":true,"href":"https:\/\/posicuarta.org\/cartasblog\/wp-json\/wp\/v2\/users\/1"}],"replies":[{"embeddable":true,"href":"https:\/\/posicuarta.org\/cartasblog\/wp-json\/wp\/v2\/comments?post=2668"}],"version-history":[{"count":7,"href":"https:\/\/posicuarta.org\/cartasblog\/wp-json\/wp\/v2\/posts\/2668\/revisions"}],"predecessor-version":[{"id":2677,"href":"https:\/\/posicuarta.org\/cartasblog\/wp-json\/wp\/v2\/posts\/2668\/revisions\/2677"}],"wp:attachment":[{"href":"https:\/\/posicuarta.org\/cartasblog\/wp-json\/wp\/v2\/media?parent=2668"}],"wp:term":[{"taxonomy":"category","embeddable":true,"href":"https:\/\/posicuarta.org\/cartasblog\/wp-json\/wp\/v2\/categories?post=2668"},{"taxonomy":"post_tag","embeddable":true,"href":"https:\/\/posicuarta.org\/cartasblog\/wp-json\/wp\/v2\/tags?post=2668"}],"curies":[{"name":"wp","href":"https:\/\/api.w.org\/{rel}","templated":true}]}}