{"id":4780,"date":"2020-08-10T17:15:16","date_gmt":"2020-08-10T15:15:16","guid":{"rendered":"http:\/\/posicuarta.org\/cartasblog\/?p=4780"},"modified":"2020-08-11T19:12:53","modified_gmt":"2020-08-11T17:12:53","slug":"estats-units-dos-mesos-i-mig-daixecament","status":"publish","type":"post","link":"https:\/\/posicuarta.org\/cartasblog\/estats-units-dos-mesos-i-mig-daixecament\/","title":{"rendered":"Estats Units: dos mesos i mig d&#8217;aixecament"},"content":{"rendered":"<p style=\"text-align: justify;\"><em>(Publicado en la <a href=\"http:\/\/posicuarta.org\/cartasblog\/cartasemanal795_cat\/\">Carta Semanal 795<\/a> &#8211; <a href=\"http:\/\/posicuarta.org\/cartasblog\/estados-unidos-dos-meses-y-medio-de-levantamiento\/\">ver en castellano<\/a>)<\/em><\/p>\n<p><a href=\"http:\/\/posicuarta.org\/cartasblog\/wp-content\/uploads\/2020\/08\/carta-795CAT.jpg\"><img loading=\"lazy\" decoding=\"async\" class=\"alignleft wp-image-4807\" src=\"http:\/\/posicuarta.org\/cartasblog\/wp-content\/uploads\/2020\/08\/carta-795CAT.jpg\" alt=\"\" width=\"151\" height=\"215\" srcset=\"https:\/\/posicuarta.org\/cartasblog\/wp-content\/uploads\/2020\/08\/carta-795CAT.jpg 438w, https:\/\/posicuarta.org\/cartasblog\/wp-content\/uploads\/2020\/08\/carta-795CAT-211x300.jpg 211w, https:\/\/posicuarta.org\/cartasblog\/wp-content\/uploads\/2020\/08\/carta-795CAT-105x150.jpg 105w\" sizes=\"auto, (max-width: 151px) 100vw, 151px\" \/><\/a><\/p>\n<p style=\"text-align: justify;\">Seixanta-sis dies seguits portaven els ve\u00efns de Portland manifestant-des de l&#8217;assassinat de George Floyd. Portland en l&#8217;estat d&#8217;Oregon, a la costa de el Pac\u00edfic, \u00e9s la gran ciutat dels Estats Units a la que menys negres hi ha (un 6,3%). Es manifesten al voltant del palau de just\u00edcia, \u00abLes vides dels negres importen\u00bb, \u00abno a l&#8217;estat policial\u00bb. Els manifestants han fet caure dues barreres que els impedien apropar-se a aquest edifici. Ara han posat grans blocs de formig\u00f3 i barres d&#8217;acer, que intenten aturar als manifestants.<\/p>\n<p><!--more--><\/p>\n<p style=\"text-align: justify;\">Amb el pretext de protegir aquest palau de Just\u00edcia, Trump ha enviat, passant per sobre de les autoritats locals, forces federals de fronteres i altres cossos. \u00c9s la militaritzaci\u00f3: amb uniformes de campanya an\u00f2nims, sense cap identificaci\u00f3, llancen gasos lacrim\u00f2gens, disparen pilotes de goma, intervenen per aclarir el terreny, detenen manifestants i se&#8217;ls emporten en vehicles sense identificar. No tenen cap preparaci\u00f3 per a aix\u00f2 i trepitgen la llei.<\/p>\n<p style=\"text-align: justify;\">Trump tuiteja que cal protegir la ciutat dels &#8216;anarquistes&#8217;, i les autoritats locals diuen que s\u00f3n pac\u00edfics manifestants que porten aqu\u00ed m\u00e9s de dos mesos. Trump no sap com acabar amb aquestes persistents manifestacions. El seu recurs a les forces federals aixeca l&#8217;oposici\u00f3 en l&#8217;ex\u00e8rcit i al Congr\u00e9s. Per\u00f2 sobretot, creixen les manifestacions en solidaritat amb els de Portland a la propera Seattle, a Oakland, a altres ciutats dels Estats Units. Trump envia forces federals a Seattle i Kansas City i anuncia enviar-les a Chicago.<\/p>\n<p style=\"text-align: justify;\">Al cap de deu dies, el trenta de juliol, el Govern anuncia vergonyosament que retira les forces federals de Portland. Segueixen les manifestacions, xocant amb els mediadors dem\u00f2crates que tracten de allunyar-los del palau de Just\u00edcia,<\/p>\n<p style=\"text-align: justify;\">Si Trump fa campanya electoral com a salvador de l&#8217;ordre, els dem\u00f2crates fan campanya electoral per reduir la despesa policial. En realitat, en ciutats governades per dem\u00f2crates com Oakland la policia local \u00e9s la que ha ferit a m\u00e9s manifestants. Ni dem\u00f2crates ni republicans donen resposta a la mobilitzaci\u00f3 que porta dos mesos i mig en els carrers de tots els Estats Units,<\/p>\n<p style=\"text-align: justify;\"><strong>El que provoca i alimenta l&#8217;aixecament<\/strong><\/p>\n<p style=\"text-align: justify;\">Manifestants negres porten tot aquest temps junts als carrers amb joves blancs i altres minories, enfrontats a les institucions, perqu\u00e8 comparteixen una situaci\u00f3 insuportable.<\/p>\n<p style=\"text-align: justify;\">\u00c9s insuportable la discriminaci\u00f3 de la poblaci\u00f3 negra. Per\u00f2 tamb\u00e9 ho s\u00f3n 40 milions d&#8217;aturats. Han acomiadat de cop, amb el coronavirus, m\u00e9s de 20 milions. Joves de qualsevol color han estat acomiadats. Bona part d&#8217;ells tenien un contracte o un conveni col\u00b7lectiu. Ara, a difer\u00e8ncia d&#8217;Espanya, no tenen asseguran\u00e7a d&#8217;atur, sin\u00f3 unes ajudes. Per\u00f2, a l&#8217;estar a l&#8217;atur perden l&#8217;asseguran\u00e7a de malaltia que els proporcionava l&#8217;empresa. Es troben a l&#8217;atur i sense assist\u00e8ncia sanit\u00e0ria, amb unes ajudes. I tamb\u00e9 hi ha els precaris. Ara, s\u00f3n innombrables els negres i els joves blancs que es troben ja sense cap ajuda, sense res, buscant treball com altres 40 milions.<\/p>\n<p style=\"text-align: justify;\">Mentrestant, com a l&#8217;Estat espanyol, s&#8217;han trobat exposats a tots els virus els sanitaris, els de el transport, els de el metall, els que escombren i mantenen, els que diuen \u00abtreballadors essencials\u00bb, que garanteixen amb gran esfor\u00e7 els serveis de tots sense la protecci\u00f3 necess\u00e0ria. I hi ha altres que han trobat en el teletreball una nova forma de sobreexplotaci\u00f3.<\/p>\n<p style=\"text-align: justify;\">La rebel\u00b7li\u00f3 de milions als Estats Units no nom\u00e9s \u00e9s contra el racisme, sin\u00f3 contra la pol\u00edtica de l&#8217;imperialisme m\u00e9s poder\u00f3s, que com altres governs i patronals ha aprofitat el coronavirus per portar a milions de treballadors a situacions impossibles. Ha utilitzat el confinament per liquidar drets i conquestes.<\/p>\n<p style=\"text-align: justify;\">Les institucions del m\u00e9s poder\u00f3s estat del m\u00f3n s\u00f3n antinegras, i s\u00f3n profundament antiobreres, menyspreen el dret a la feina i la salut.<\/p>\n<p style=\"text-align: justify;\">Cap reforma de la policia el resoldr\u00e0, perqu\u00e8 la policia est\u00e0 a l&#8217;servei dels amos, tota policia exerceix viol\u00e8ncies d&#8217;Estat. El que cal canviar s\u00f3n els governs i fonamentalment alliberar-se d&#8217;aquests estats.<\/p>\n<p style=\"text-align: justify;\">Per a aix\u00f2 el fonamental \u00e9s que els treballadors s&#8217;organitzin. Als Estats Units, que mai han tingut un partit obrer representatiu, on governen dos partits dels patrons, hi ha un gran treball d&#8217;organitzaci\u00f3 pendent, per\u00f2 ara s&#8217;han donat algunes passes. Per organitzar les manifestacions, aqu\u00ed s&#8217;ajuntaven 10, all\u00e0 vint. Les companyes i els companys discutien qu\u00e8 farem ara, quins objectius ens donem. Establien contactes amb altres grups, contrastaven propostes. La IV Internacional, amb altres companys, d\u00f3na suport incondicionalment aquest moviment i t\u00e9 com a tasca, als Estats Units i en els altres pa\u00efsos participar en aquesta discussi\u00f3, en aquestes passes organitzatives, ja que nom\u00e9s d&#8217;ells sortir\u00e0 la direcci\u00f3 que requereix el gran moviment, en el qual haurien de participar les inst\u00e0ncies sindicals. No tenim res a veure amb els que caminen repartint receptes de solucions prefabricades i aixecant banderoles perqu\u00e8 la gent s&#8217;apunti.<\/p>\n<p style=\"text-align: justify;\"><strong>El lloc deL moviment negre dels Estats Units<\/strong><\/p>\n<p style=\"text-align: justify;\">Al n\u00famero 29 de Combat Socialista, els lectors trobaran algunes explicacions del car\u00e0cter \u00fanic del moviment negre nord-americ\u00e0. Esclaus, que quan van aconseguir l&#8217;emancipaci\u00f3, no van rebre indemnitzaci\u00f3, es van trobar sense res i de seguida van ser sotmesos a lleis discriminat\u00f2ries per impedir que participessin en la vida social i pol\u00edtica. Fins fa poc no han tingut dret de vot i ara bona part d&#8217;ells no poden exercir-lo per multes i altres traves. Fins fa no gaire no podien afiliar-se a alguns sindicats.<\/p>\n<p style=\"text-align: justify;\">Aquesta poblaci\u00f3 negra ha hagut de crear els seus costums, la seva hist\u00f2ria com a poble, als Estats Units ,.<\/p>\n<p style=\"text-align: justify;\">\u00c9s just parlar del racisme estructural. Un exemple que ha saltat en els \u00faltims dies: els sanitaris negres tenen el doble de possibilitats que els altres sanitaris de contraure la covid-19. El 62% dels sanitaris morts per aquest virus, han estat negres. Per exemple, molts sanitaris negres treballen en mitjans deprimits, m\u00e9s contaminats, i sense ni tan sols mascaretes N-95.<\/p>\n<p style=\"text-align: justify;\">La mortalitat infantil \u00e9s el doble entre els negres que entre els blancs. El risc que et mati un policia \u00e9s 2,5 vegades m\u00e9s si ets negre. El risc de tuberculosi, \u00e9s 4 vegades m\u00e9s gran si ets negre. I aqu\u00ed hi ha una dada sobre els llatins. Els llatins pateixen una gran discriminaci\u00f3, el seu risc de tuberculosi \u00e9s molt elevat. Per\u00f2 si ets llat\u00ed nascut als Estats Units tens el mateix risc que un blanc. Dit d&#8217;una altra manera, un llat\u00ed \u00e9s un immigrant, per\u00f2 el fill d&#8217;aquest llat\u00ed, nascut als Estats Units, \u00e9s nord-americ\u00e0. Aix\u00f2 no passa amb els negres, el fill \u00e9s tan negre com el seu pare, pertany a una altra categoria. Estan marcats com a fills d&#8217;esclaus.<\/p>\n<p style=\"text-align: justify;\">Gran part de la poblaci\u00f3 negra est\u00e0 tancada en barris negres, en qu\u00e8 la policia interv\u00e9 a cop de porra, quan no a trets, en qu\u00e8 la pobresa ho rosega tot, i ara la privatitzaci\u00f3 d&#8217;escoles expulsa a les fam\u00edlies negres, i els transports escassegen. Tot aix\u00f2 sota la direcci\u00f3 dels ajuntaments, la major part en mans del Partit Dem\u00f2crata, el vell partit dels esclavistes. Aix\u00f2 no va canviar amb Obama.<\/p>\n<p style=\"text-align: justify;\">Est\u00e0 totalment justificada la desconfian\u00e7a dels lluitadors negres en els suports que vinguin marcats pel poder econ\u00f2mic i pol\u00edtic blanc. Tenen tots els motius per a desconfiar de les esquerres nord-americanes. Estan farts de ser manipulats. Els negres tenen dret a organitzar-se ells mateixos i fixar els seus objectius. Tenen dret a decidir sobre el futur de la poblaci\u00f3 negra.\u00a0 Han d&#8217;organitzar-se al marge dels Estats Units? Als Estats Units no pot haver-hi una lluita revolucion\u00e0ria conseq\u00fcent que no assumeixi plenament l&#8217;emancipaci\u00f3 dels negres, que no doni suport incondicionalment els camins que el poble negre decideixi prendre per emancipar-se.<\/p>\n<p style=\"text-align: justify;\">Per\u00f2 aquesta vegada els negres s&#8217;han vist acompanyats en les seves protestes al carrer per joves blancs, que tenen molts motius per enfrontar-se a les institucions dels Estats Units, i als seus dos partits.<\/p>\n<p style=\"text-align: justify;\">Aix\u00f2 crea una situaci\u00f3 que Trump no sap com abordar, i els dem\u00f2crates tampoc. \u00c9s l&#8217;hora de sostenir i desenvolupar el moviment que es va iniciar el 25 de maig.<\/p>\n<p style=\"text-align: justify;\"><strong>El significat internacional<\/strong><\/p>\n<p style=\"text-align: justify;\">Aquest mateix moviment nord-americ\u00e0 \u00e9s conscient del lloc internacional de la seva lluita. Segueixen l&#8217;estela dels pobles d&#8217;Alg\u00e8ria, de Xile, de L\u00edban (ara una altra vegada aixecat contra els oligarques), de Hong Kong. Com en tots aquests pa\u00efsos, el seu moviment ha topat amb unes institucions, unes classes, que mai acceptaran la soluci\u00f3 dels seus problemes.<\/p>\n<p style=\"text-align: justify;\">Per\u00f2 ara hi ha un nou vincle que els uneix. A Espanya, com als Estats Units, com a Fran\u00e7a, com a la Gran Bretanya, el capital ha utilitzat el coronavirus, i el confinament, per crear milions d&#8217;aturats sense perspectives. Per sobreexplotar \u00aba la nova situaci\u00f3\u00bb. Per reprimir els joves sense deixar que sortissin, es reunissin &#8230;<\/p>\n<p style=\"text-align: justify;\">Aix\u00f2 no pot detenir els treballadors. Els pobles exigeixen solucions ja. Podr\u00edem dir que ens val la tercera part del que diu Torra: no hi ha soluci\u00f3 amb els borbons. Torra calla que no hi ha soluci\u00f3 amb els governs europeus, ni amb els bancs.<\/p>\n<p style=\"text-align: justify;\">\u00c9s hora d&#8217;unir als sanitaris, els del metall, els del transport, els de correus, els professors i alumnes, els treballadors de serveis, de la cultura i els treballadors immigrats, pels drets de tots. Aix\u00f2 requereix respectar les formes que els treballadors, joves, pobles es dotin. Per exemple, defensar la coordinaci\u00f3 que els pensionistes s&#8217;han donat, o altres noves formes organitzatives. L&#8217;objectiu \u00e9s unir forces (en qu\u00e8 haurien de participar les organitzacions creades pels treballadors) per recuperar el dret a la vida, a la salut, a la feina i a una pensi\u00f3 digna. Aix\u00f2 \u00e9s incompatible amb els plans de recuperaci\u00f3 votats pel Congr\u00e9s dels Diputats, \u00e9s incompatible amb les institucions del r\u00e8gim mon\u00e0rquic, i amb els seus corruptes, i reclama amb urg\u00e8ncia la Rep\u00fablica de poble, de la joventut, dels pobles.<\/p>\n<p style=\"text-align: justify;\">Aquest moviment ser\u00e0 solidari, en primer lloc, amb els negres dels Estats Units.<\/p>\n<p style=\"text-align: justify;\">\n<p style=\"text-align: justify;\"><span style=\"font-size: 1rem;\">.<\/span><\/p>\n","protected":false},"excerpt":{"rendered":"<p>(Publicado en la Carta Semanal 795 &#8211; ver en castellano) Seixanta-sis dies seguits portaven els ve\u00efns de Portland manifestant-des de l&#8217;assassinat de George Floyd. Portland en l&#8217;estat d&#8217;Oregon, a la costa de el Pac\u00edfic, \u00e9s la gran ciutat dels Estats Units a la que menys negres hi ha (un 6,3%). Es manifesten al voltant del [&hellip;]<\/p>\n","protected":false},"author":1,"featured_media":0,"comment_status":"open","ping_status":"open","sticky":false,"template":"","format":"standard","meta":{"ngg_post_thumbnail":0,"footnotes":""},"categories":[976],"tags":[734,721,1104,1103,693],"class_list":["post-4780","post","type-post","status-publish","format-standard","hentry","category-cartas-catalan","tag-donald-trump","tag-eeuu","tag-movimentnegre","tag-racisme","tag-trump"],"aioseo_notices":[],"_links":{"self":[{"href":"https:\/\/posicuarta.org\/cartasblog\/wp-json\/wp\/v2\/posts\/4780","targetHints":{"allow":["GET"]}}],"collection":[{"href":"https:\/\/posicuarta.org\/cartasblog\/wp-json\/wp\/v2\/posts"}],"about":[{"href":"https:\/\/posicuarta.org\/cartasblog\/wp-json\/wp\/v2\/types\/post"}],"author":[{"embeddable":true,"href":"https:\/\/posicuarta.org\/cartasblog\/wp-json\/wp\/v2\/users\/1"}],"replies":[{"embeddable":true,"href":"https:\/\/posicuarta.org\/cartasblog\/wp-json\/wp\/v2\/comments?post=4780"}],"version-history":[{"count":7,"href":"https:\/\/posicuarta.org\/cartasblog\/wp-json\/wp\/v2\/posts\/4780\/revisions"}],"predecessor-version":[{"id":4809,"href":"https:\/\/posicuarta.org\/cartasblog\/wp-json\/wp\/v2\/posts\/4780\/revisions\/4809"}],"wp:attachment":[{"href":"https:\/\/posicuarta.org\/cartasblog\/wp-json\/wp\/v2\/media?parent=4780"}],"wp:term":[{"taxonomy":"category","embeddable":true,"href":"https:\/\/posicuarta.org\/cartasblog\/wp-json\/wp\/v2\/categories?post=4780"},{"taxonomy":"post_tag","embeddable":true,"href":"https:\/\/posicuarta.org\/cartasblog\/wp-json\/wp\/v2\/tags?post=4780"}],"curies":[{"name":"wp","href":"https:\/\/api.w.org\/{rel}","templated":true}]}}