{"id":5809,"date":"2021-07-12T19:44:54","date_gmt":"2021-07-12T17:44:54","guid":{"rendered":"http:\/\/posicuarta.org\/cartasblog\/?p=5809"},"modified":"2021-07-12T19:44:54","modified_gmt":"2021-07-12T17:44:54","slug":"reforma-de-pensions-el-govern-cedeix-a-les-pressions-del-capital-financer","status":"publish","type":"post","link":"https:\/\/posicuarta.org\/cartasblog\/reforma-de-pensions-el-govern-cedeix-a-les-pressions-del-capital-financer\/","title":{"rendered":"Reforma de pensions:  el Govern cedeix a les pressions del capital financer"},"content":{"rendered":"<h3><a href=\"http:\/\/posicuarta.org\/cartasblog\/wp-content\/uploads\/2021\/07\/Carta_843_cat.pdf\">Carta Setmanal 843 per descarregar en PDF<\/a><\/h3>\n<p style=\"text-align: justify;\"><a href=\"http:\/\/posicuarta.org\/cartasblog\/wp-content\/uploads\/2021\/07\/Carta_843_cat.pdf\"><img loading=\"lazy\" decoding=\"async\" class=\"alignleft wp-image-5811\" src=\"http:\/\/posicuarta.org\/cartasblog\/wp-content\/uploads\/2021\/07\/Carta_843_cat.jpg\" alt=\"\" width=\"150\" height=\"212\" srcset=\"https:\/\/posicuarta.org\/cartasblog\/wp-content\/uploads\/2021\/07\/Carta_843_cat.jpg 595w, https:\/\/posicuarta.org\/cartasblog\/wp-content\/uploads\/2021\/07\/Carta_843_cat-212x300.jpg 212w, https:\/\/posicuarta.org\/cartasblog\/wp-content\/uploads\/2021\/07\/Carta_843_cat-106x150.jpg 106w\" sizes=\"auto, (max-width: 150px) 100vw, 150px\" \/><\/a>Un cop encarrilada la resoluci\u00f3 de la pand\u00e8mia, segons el Govern, li toca el torn a l&#8217;aplicaci\u00f3 de les recomanacions acordades per la reforma de les pensions en el Pacte de Toledo.<\/p>\n<p style=\"text-align: justify;\">Les primeres reunions d&#8217;aplicaci\u00f3 de les reformes van concloure el 28 de juny enmig d&#8217;una gran desplegament de propaganda sobre la bondat dels acords assolits pel Govern, la CEOE i la CEPYME i els sindicats CCOO i UGT.<\/p>\n<p style=\"text-align: justify;\">Per\u00f2 el futur d&#8217;aquestes reformes no es troba en les deliberacions del Govern i la patronal amb les direccions sindicals. L&#8217;\u00e8xit de l&#8217;aplicaci\u00f3 de les recomanacions del Pacte de Toledo dependr\u00e0 molt que s&#8217;aconsegueixi la unitat dels pensionistes amb els treballadors actius i sindicalistes.<\/p>\n<p style=\"text-align: justify;\">El Govern cedeix a les pressions del capital financer a favor de la privatitzaci\u00f3 de serveis p\u00fablics. L&#8217;Estat surt en defensa del sector financer, i precisament un lloc central en els acords del Pacte de Toledo l&#8217;ocupa la privatitzaci\u00f3, introduint els fons privats de pensions en els convenis col\u00b7lectius.<\/p>\n<p style=\"text-align: justify;\">La premsa d\u00f3na compte de la resist\u00e8ncia, destacant que el 29 de maig \u00e9s la primera vegada que les organitzacions majorit\u00e0ries de pensionistes convoquen, amb signatura unit\u00e0ria, mobilitzacions a tots els territoris de l&#8217;Estat.<\/p>\n<h3 style=\"text-align: justify;\"><strong>Els objectius del capital financer contra els treballadors actius<\/strong><\/h3>\n<p style=\"text-align: justify;\">Minuts abans de la signatura de l&#8217;Acord del di\u00e0leg social, Escriv\u00e0 declarava que la generaci\u00f3 del baby boom \u00abhaur\u00e0 de triar entre cobrar menys o treballar m\u00e9s\u00bb, \u00c9s a dir, que tot i la propaganda de l&#8217;Acord, el Govern est\u00e0 en el b\u00e0ndol de els que aposten per les retallades.<\/p>\n<p style=\"text-align: justify;\">El ministre llan\u00e7ava aix\u00ed el gui\u00f3 del que en el llarg proc\u00e9s de di\u00e0leg social haur\u00e0 de ser el mecanisme de la mal anomenada equitat intergeneracional, substitut del factor de sostenibilitat.<\/p>\n<p style=\"text-align: justify;\">La generaci\u00f3 del baby boom la formen els nascuts des de finals dels anys 50 fins a mitjans dels 70, un total d&#8217;onze milions de treballadors ara actius, que comen\u00e7aran a jubilar-se a partir de 2023. Tenen llargues carreres de cotitzacions amb drets adquirits amb altes pensions.<\/p>\n<p style=\"text-align: justify;\">\u00c9s la generaci\u00f3 que ha contribu\u00eft amb importants cotitzacions socials al manteniment de les pensions de la generaci\u00f3 anterior i han generat forts super\u00e0vits a la Seguretat Social. Super\u00e0vits que el saqueig sistem\u00e0tic va impedir que llu\u00efssin en els comptes de la Seguretat Social i que, com era obligatori, constitu\u00efssin reserves per a situacions com les que es presenten ara.<\/p>\n<p style=\"text-align: justify;\">Aquesta discussi\u00f3 es vol amagar ara per facilitar l&#8217;aprovaci\u00f3 l&#8217;acord deixant-la per una suposada segona part del di\u00e0leg social, per\u00f2 el ministre la aireja ja. Per salvar les pensions dels treballadors actius actuals sense hipotecar a les generacions futures, \u00e9s imperativa la devoluci\u00f3 de les cotitzacions saquejades.<\/p>\n<h3 style=\"text-align: justify;\"><strong>El Govern no t\u00e9 assegurada la majoria per aprovar l&#8217;acord de reforma de les pensions<\/strong><\/h3>\n<p style=\"text-align: justify;\">Les recomanacions del Pacte de Toledo que, amb el consens de la nefasta pol\u00edtica del di\u00e0leg social havien de permetre al Govern complir els seus acords amb Brussel\u00b7les, van ser rebutjats per un nombre significatiu de representants pol\u00edtics a les Corts. Perqu\u00e8 exigeixen una auditoria dels comptes de la Seguretat Social abans de plantejar reformes que parteixen de bases i dades falses a causa de la desviaci\u00f3 de recursos i cotitzacions de la Seguretat Social a altres menesters propis del Ministeri d&#8217;Hisenda.<\/p>\n<p style=\"text-align: justify;\">Amb rotunditat Jordi Salvador, diputat d&#8217;ERC per Tarragona va dir: \u00ab<em>Si es presenta el projecte tal com est\u00e0, anem a votar que no<\/em>\u00ab. La premsa va recollir el rebuig, que va augmentant dia a dia: \u00abEl &#8216;no&#8217; d&#8217;ERC al projecte de llei de pensions, complica la seva aprovaci\u00f3 al Congr\u00e9s\u00bb (El Peri\u00f3dico de Catalunya, 2021.07.07). \u00abLa reforma de les pensions d&#8217;Escriv\u00e1 susp\u00e8n al congr\u00e9s: la majoria de la investidura no la recolza \u00ab. (P\u00fablic, 2021.07.07).<\/p>\n<p style=\"text-align: justify;\">El Govern no t\u00e9 garantida avui una majoria suficient per aprovar al Congr\u00e9s el text de l&#8217;acord signat amb les patronals i les direccions d&#8217;UGT i CCOO.<\/p>\n<h3 style=\"text-align: justify;\"><strong>La reforma trossejada en fases i terminis d&#8217;aplicaci\u00f3<\/strong><\/h3>\n<p style=\"text-align: justify;\">Ha estat aquest govern el que ha impulsat en el Pacte de Toledo les recomanacions necess\u00e0ries per a una modificaci\u00f3 profunda de la Seguretat Social, en el sentit de reduir les pensions de sistema p\u00fablic de repartiment i preparant l&#8217;entrada del capital financer en la gesti\u00f3 de part de les prestacions, a trav\u00e9s dels fons privats de pensions. Segons Escriv\u00e0 l&#8217;objectiu \u00e9s preparar un pla que ha de durar 30 anys.<\/p>\n<p style=\"text-align: justify;\">En l&#8217;actualitat la crisi econ\u00f2mica empeny a la banca, les asseguradores i a tot el capital financer a cercar serveis p\u00fablics a privatitzar. El Govern subordinant als compromisos amb Brussel\u00b7les ha dissenyat un pla en diverses parts. Per\u00f2, encara que es presenti fragmentat, el pla \u00e9s \u00fanic i el seu fi \u00e9s canviar el model.<\/p>\n<p style=\"text-align: justify;\">Les mesures del primer paquet, que hauran d&#8217;entrar en vigor a primers de 2022 pretenen apar\u00e8ixer nom\u00e9s com correcci\u00f3 de les reformes de Rajoy, per la qual cosa destaca la revaloraci\u00f3 per l&#8217;IPC i la derogaci\u00f3 del factor de sostenibilitat. Per\u00f2 a ell no explicar-se en qu\u00e8 consisteix el mecanisme pel qual se li substituir\u00e0, sembren incertesa que s&#8217;afegeix a la creada pel propi Escriv\u00e1 al posar el focus sobre els nous pensionistes de la generaci\u00f3 baby boom, avui treballadors actius.<\/p>\n<p style=\"text-align: justify;\">Els continguts de l&#8217;Acord<\/p>\n<p style=\"text-align: justify;\">&#8211; S&#8217;aprova la revaloritzaci\u00f3 de les pensions segons l&#8217;IPC<\/p>\n<p style=\"text-align: justify;\">&#8211; Es deroga el factor de sostenibilitat de les pensions introdu\u00eft per Rajoy el 2013 a substituir per un \u00abnou mecanisme d&#8217;equitat intergeneracional\u00bb. Aquest mecanisme es negociar\u00e0 abans del 14 de novembre en el di\u00e0leg social i consisteix en un \u00abconjunt de par\u00e0metres de sistema\u00bb, basat en la reforma de pensions del 2011, per aconseguir \u00abde manera equilibrada l&#8217;esfor\u00e7 entre generacions\u00bb.<\/p>\n<p style=\"text-align: justify;\">&#8211; S&#8217;incentiva la jubilaci\u00f3 demorada amb una exempci\u00f3 de l&#8217;obligaci\u00f3 de cotitzar per conting\u00e8ncies comuns, al temps que s&#8217;ofereixen incentius en met\u00e0l\u00b7lic de fins a 12.000 euros o l&#8217;augment de fins al 4% addicional a la pensi\u00f3.<\/p>\n<p style=\"text-align: justify;\">&#8211; Es limita la capacitat dels nous convenis col\u00b7lectius per acordar la jubilaci\u00f3 for\u00e7osa.<\/p>\n<p style=\"text-align: justify;\">&#8211; Es mant\u00e9 el gruix de les penalitzacions sobre la jubilaci\u00f3 anticipada, desatenent la reivindicaci\u00f3 de eliminar-les en casos de treballadors amb llargues carreres contributives.<\/p>\n<p style=\"text-align: justify;\">&#8211; Es disposa la creaci\u00f3 de l&#8217;Ag\u00e8ncia Estatal de l&#8217;Administraci\u00f3 de la Seguretat Social, de la qual en sis mesos el Govern presentar\u00e0 un projecte de llei.<\/p>\n<p style=\"text-align: justify;\">&#8211; Es fan precisions, que s\u00f3n exig\u00e8ncies dels pensionistes i alguns sindicats, sobre l&#8217;aplicaci\u00f3 de l&#8217;article 109 de la Llei general de Seguretat Social, i, a m\u00e9s, en concret del 109.2 que obliga l&#8217;Estat a fer transfer\u00e8ncies a la Seguretat Social davant l&#8217;eventualitat d&#8217;insufici\u00e8ncia de les cotitzacions. Per\u00f2 donada la hist\u00f2ria d&#8217;incompliments les garanties s\u00f3n insuficients.<\/p>\n<p style=\"text-align: justify;\">Aquest primer bloc del proc\u00e9s de reforma de les pensions que s&#8217;ha iniciat cont\u00e9 mesures, com la revaloritzaci\u00f3 de pensions segons l&#8217;IPC, que ja s&#8217;aplicaven, aix\u00ed com altres que suposen reconeixement de drets (vidu\u00eftat de parelles de fet, cotitzaci\u00f3 de becaris, convenis especials de familiars). Per\u00f2 aquestes mesures no compensen la confirmaci\u00f3 que es fa de la reforma de 2011, que va elevar l&#8217;edat de jubilaci\u00f3 dels 65 als 67 anys, va endurir la jubilaci\u00f3 anticipada, i va anunciar el factor de sostenibilitat. Tampoc compensa el silenci sobre la insufici\u00e8ncia de les pensions m\u00ednimes. Per tant, no es pot parlar de llums i ombres, ja que, malgrat alguns gestos de complicitat comparativament menors, el substantiu de l&#8217;acord \u00e9s contrari a les reivindicacions del moviment de pensionistes, que recullen l&#8217;inter\u00e8s del conjunt de la classe obrera.<\/p>\n<p style=\"text-align: justify;\">A m\u00e9s, no es precisa el contingut de les grans mesures que s&#8217;anuncien, com el \u00abmecanisme d&#8217;equitat intergeneracional\u00bb, les precisions sobre l&#8217;aplicaci\u00f3 de l&#8217;article 109.2 de la LGSS o la proposta de crear una ag\u00e8ncia, de manera que es crea incertesa i rebuig.<\/p>\n<p style=\"text-align: justify;\">Se suposa que en el segon bloc dels treballs, a m\u00e9s d&#8217;atendre el desenvolupament de les mesures anunciades en la primera fase, s&#8217;han d&#8217;abordar les grans reformes que necessita el capital financer i decidir el cam\u00ed que s&#8217;ha de prendre per incrementar nous recursos:<\/p>\n<p style=\"text-align: justify;\">&#8211; El desenvolupament de la recomanaci\u00f3 15 del Pacte de Toledo sobre la implantaci\u00f3 d&#8217;un sistema de previsi\u00f3 social complement\u00e0ria amb fons privats de pensions gestionats pels bancs i asseguradores.<\/p>\n<p style=\"text-align: justify;\">&#8211; El destope de les bases de cotitzaci\u00f3<\/p>\n<p style=\"text-align: justify;\">&#8211; L&#8217;augment del per\u00edode de c\u00f2mput per a la determinaci\u00f3 de les bases<\/p>\n<p style=\"text-align: justify;\">&#8211; I tot un seguit d&#8217;ajustos necessaris per complir amb l&#8217;obligaci\u00f3 que l&#8217;Estat assumeixi el fals deute que figura en els comptes de la Seguretat Social i assumeixi l&#8217;obligaci\u00f3 de fer els ajustos necessaris perqu\u00e8 en els comptes de la Seguretat Social desapareguin d\u00e8ficits inflats amb obligacions que s\u00f3n de l&#8217;Estat.<\/p>\n<h3 style=\"text-align: justify;\"><strong>\u00a0<\/strong><strong>La mobilitzaci\u00f3 del 16 d&#8217;octubre davant les Corts<\/strong><\/h3>\n<p style=\"text-align: justify;\">Davant l&#8217;acceptaci\u00f3 generalitzada a les manipulacions comptables dels comptes p\u00fablics per part dels governs, la proposta d&#8217;una auditoria que estableixi la veritat \u00e9s una proposta positiva i democr\u00e0tica.<\/p>\n<p style=\"text-align: justify;\">Es tracta d&#8217;una iniciativa oberta i unit\u00e0ria en la qual participen pensionistes, treballadors, diputats de vuit organitzacions diferents, sindicalistes i joves. Compten amb centenars de milers de signatures individuals, centenars de mocions d&#8217;ajuntaments i parlaments auton\u00f2mics, aix\u00ed com pronunciaments sindicals de CCOO i UGT. A destacar que el 43 Congr\u00e9s Confederal d&#8217;UGT i el Congr\u00e9s de la Uni\u00f3 de Jubilats i Pensionistes d&#8217;UGT van aprovar mocions pro auditoria.<\/p>\n<p style=\"text-align: justify;\">L&#8217;ofensiva del capital financer que els ministres Escriv\u00e0 i Calvi\u00f1o traslladen a l&#8217;escena pol\u00edtica contra les conquestes de la classe obrera va afirmant als militants i activistes en la necessitat d&#8217;organitzar la resist\u00e8ncia i fer aliats.<\/p>\n<p style=\"text-align: justify;\">T\u00e9 un llarg recorregut la iniciativa d&#8217;una concentraci\u00f3 davant les Corts el 16 d&#8217;octubre en defensa de sistema p\u00fablic de pensions, per la clarificaci\u00f3 i neteja dels comptes p\u00fablics, per una auditoria per determinar els imports saquejats a les cotitzacions socials i la necessitat de que es reposin aquests recursos a la caixa \u00fanica de la Seguretat Social. Aquesta acci\u00f3 dels pensionistes planteja la necess\u00e0ria discussi\u00f3 sobre les formes d&#8217;ajudar a trobar una sortida pol\u00edtica a la lluita per les reivindicacions.<\/p>\n","protected":false},"excerpt":{"rendered":"<p>Carta Setmanal 843 per descarregar en PDF Un cop encarrilada la resoluci\u00f3 de la pand\u00e8mia, segons el Govern, li toca el torn a l&#8217;aplicaci\u00f3 de les recomanacions acordades per la reforma de les pensions en el Pacte de Toledo. Les primeres reunions d&#8217;aplicaci\u00f3 de les reformes van concloure el 28 de juny enmig d&#8217;una gran [&hellip;]<\/p>\n","protected":false},"author":1,"featured_media":0,"comment_status":"open","ping_status":"open","sticky":false,"template":"","format":"standard","meta":{"ngg_post_thumbnail":0,"footnotes":""},"categories":[976],"tags":[52,147,88,72],"class_list":["post-5809","post","type-post","status-publish","format-standard","hentry","category-cartas-catalan","tag-dialogo-social","tag-pacto-de-toledo","tag-pensiones","tag-reforma-laboral"],"aioseo_notices":[],"_links":{"self":[{"href":"https:\/\/posicuarta.org\/cartasblog\/wp-json\/wp\/v2\/posts\/5809","targetHints":{"allow":["GET"]}}],"collection":[{"href":"https:\/\/posicuarta.org\/cartasblog\/wp-json\/wp\/v2\/posts"}],"about":[{"href":"https:\/\/posicuarta.org\/cartasblog\/wp-json\/wp\/v2\/types\/post"}],"author":[{"embeddable":true,"href":"https:\/\/posicuarta.org\/cartasblog\/wp-json\/wp\/v2\/users\/1"}],"replies":[{"embeddable":true,"href":"https:\/\/posicuarta.org\/cartasblog\/wp-json\/wp\/v2\/comments?post=5809"}],"version-history":[{"count":3,"href":"https:\/\/posicuarta.org\/cartasblog\/wp-json\/wp\/v2\/posts\/5809\/revisions"}],"predecessor-version":[{"id":5814,"href":"https:\/\/posicuarta.org\/cartasblog\/wp-json\/wp\/v2\/posts\/5809\/revisions\/5814"}],"wp:attachment":[{"href":"https:\/\/posicuarta.org\/cartasblog\/wp-json\/wp\/v2\/media?parent=5809"}],"wp:term":[{"taxonomy":"category","embeddable":true,"href":"https:\/\/posicuarta.org\/cartasblog\/wp-json\/wp\/v2\/categories?post=5809"},{"taxonomy":"post_tag","embeddable":true,"href":"https:\/\/posicuarta.org\/cartasblog\/wp-json\/wp\/v2\/tags?post=5809"}],"curies":[{"name":"wp","href":"https:\/\/api.w.org\/{rel}","templated":true}]}}