{"id":6765,"date":"2022-07-06T17:33:59","date_gmt":"2022-07-06T15:33:59","guid":{"rendered":"http:\/\/posicuarta.org\/cartasblog\/?p=6765"},"modified":"2022-07-06T17:33:59","modified_gmt":"2022-07-06T15:33:59","slug":"a-on-va-el-govern","status":"publish","type":"post","link":"https:\/\/posicuarta.org\/cartasblog\/a-on-va-el-govern\/","title":{"rendered":"A on va el govern?"},"content":{"rendered":"<h2 style=\"text-align: justify;\"><a href=\"https:\/\/posicuarta.org\/cartasblog\/wp-content\/uploads\/2022\/07\/carta_894_OTAN-Melilla_cat.pdf\">Carta Setmanal 894 per descarregar en PDF<\/a><\/h2>\n<p><a href=\"https:\/\/posicuarta.org\/cartasblog\/wp-content\/uploads\/2022\/07\/carta_894_OTAN-Melilla_cat.pdf\"><img loading=\"lazy\" decoding=\"async\" class=\"alignleft wp-image-6767\" src=\"http:\/\/posicuarta.org\/cartasblog\/wp-content\/uploads\/2022\/07\/carta_894_OTAN-Melilla_cat.jpg\" alt=\"\" width=\"150\" height=\"212\"><\/a><\/p>\n<p style=\"text-align: justify;\"><strong>Guerra, OTAN i despesa militar, especulaci\u00f3 disparada dels preus, desmantellament de serveis p\u00fablics i privatitzaci\u00f3 de pensions\u2026<br \/>\n<\/strong><\/p>\n<p style=\"text-align: justify;\">Aquests darrers dies han succe\u00eft dos esdeveniments significatius: la cimera de l&#8217;OTAN i la massacre de Melilla. Dos fets que il\u00b7lustren la pol\u00edtica del govern de Pedro S\u00e1nchez i Yolanda D\u00edaz i que influeixen, sens dubte, en la relaci\u00f3 de la poblaci\u00f3 treballadora amb aquest govern.<\/p>\n<p style=\"text-align: justify;\">Partim d&#8217;un fet: aquest pa\u00eds no viu condicions excepcionalment diferents de qualsevol altre entorn europeu. I no ho s\u00f3n perqu\u00e8 l&#8217;enfonsament i la descomposici\u00f3 del mercat capitalista provoca fen\u00f2mens an\u00e0legs: mort, destrucci\u00f3 de recursos econ\u00f2mics i de recursos naturals, desocupaci\u00f3, destrucci\u00f3 de drets socials i llibertats. La hist\u00f2ria es repeteix i la situaci\u00f3 en un pa\u00eds \u00e9s gaireb\u00e9 paral\u00b7lela a la dels altres.<\/p>\n<p style=\"text-align: justify;\">Pel que fa als assassinats de Melilla, podr\u00edem limitar-nos a fer-ne una an\u00e0lisi, per\u00f2 no podem impedir que la indignaci\u00f3, la r\u00e0bia, l&#8217;emoci\u00f3 ens embarguin. No som c\u00ednics que emeten \u00ablamentacions\u00bb, estem conven\u00e7uts -i els fets ho proven- que els horribles esdeveniments d&#8217;aquests dies produeixen modificacions en la consci\u00e8ncia de la majoria, i ens referim en primer lloc a la massacre de ciutadans africans a la tanca de la vergonya que envolta l&#8217;enclavament colonial de Melilla.<\/p>\n<p style=\"text-align: justify;\">Brutal i despietada ha estat l\u2019acci\u00f3 de les policies espanyola i marroquina. Agreujada per l&#8217;actuaci\u00f3 del govern de coalici\u00f3 en defensa de la professionalitat de les policies davant de \u201cl&#8217;assalt\u00bb a la nostra frontera d&#8217;uns centenars de migrants desarmats, afamats, aterroritzats, desesperats per l&#8217;assetjament de la gendarmeria marroquina als seus campaments. Buscaven salvar les seves vides, emigrar per poder viure&#8230; V\u00edctimes del saqueig dels seus pa\u00efsos pels governs i multinacionals europeus, que no dubten a generar i alimentar guerres de destrucci\u00f3 per apropiar-se millor dels recursos dels seus pa\u00efsos. defensar les seves fronteres, fronteres, per cert, heretades del per\u00edode colonial.<\/p>\n<p style=\"text-align: justify;\">Actituds i fets com els ocorreguts caracteritzen un govern i m\u00e9s quan no nom\u00e9s no hi ha la m\u00ednima recriminaci\u00f3, no parlem d&#8217;empatia, \u00e9s que es justifica, certifica i aplaudeix la brutal actuaci\u00f3 de gendarmeria i Gu\u00e0rdia Civil com si no hagu\u00e9s passat res, quan la gent comuna se sent horroritzada per les imatges de la massacre. Quan, a m\u00e9s, no \u00e9s la primera vegada; no oblidem els 15 assassinats a la platja del Tarajal el febrer del 2014, amb el Govern de la \u201cpolicia patri\u00f2tica\u201d, del PP, a la Moncloa.<\/p>\n<p style=\"text-align: justify;\">Alguns, suposadament d&#8217;esquerres, intenten descarregar totes les culpes sobre el s\u00e0trapa marroqu\u00ed, i en \u00faltima inst\u00e0ncia sobre el poble del Marroc. Res m\u00e9s injust. Qu\u00e8 hi t\u00e9 a veure el poble del Marroc?, o el mili\u00f3 llarg de treballadors marroquins a Espanya?, amb el fet que les pot\u00e8ncies europees i l&#8217;administraci\u00f3 americana hagin convertit el regne del Marroc en un gendarme per a l&#8217;\u00c0frica.<\/p>\n<p style=\"text-align: justify;\">La decisi\u00f3 clara i brutal del Govern de Pedro S\u00e1nchez i Yolanda D\u00edaz no \u00e9s cap an\u00e8cdota, ni un fet a\u00efllat. Correspon al conjunt de la seva pol\u00edtica, globalment al servei del capital financer, i de respecte a les institucions heretades del franquisme i, en primer lloc, a la monarquia. Una pol\u00edtica que respecta l\u2019assalt especulatiu de les el\u00e8ctriques i les petrolieres a la butxaca de la poblaci\u00f3, sense posar m\u00e9s pegat que uns retocs d\u2019impostos i una m\u00ednima subvenci\u00f3 del govern, mentre no fa res davant de la absurda pujada del preu dels aliments. Una pol\u00edtica que desperta la desafecci\u00f3 i el rebuig de la poblaci\u00f3 treballadora. Per m\u00e9s que pretengui cobrir aquesta pol\u00edtica amb alguns pegats \u00absocials\u00bb, el fons no canvia.<\/p>\n<p style=\"text-align: justify;\">Hem de cridar l&#8217;atenci\u00f3 sobre els qui s&#8217;asseuen al govern i pretenen presentar-se com \u201cl&#8217;oposici\u00f3\u201d. Els resultats d&#8217;Andalusia i de Castella i Lle\u00f3 demostren que aquesta pretensi\u00f3 no cola entre la poblaci\u00f3 treballadora, que ha donat l&#8217;esquena a les candidatures d&#8217;aquestes formacions.<\/p>\n<h3 style=\"text-align: justify;\"><strong>Biden ordena i mana<\/strong><\/h3>\n<p style=\"text-align: justify;\">Aquest dimarts 28 de juny Biden va anunciar que ampliar\u00e0 la Base de Rota, que forma part del dispositiu de l&#8217;OTAN d&#8217;intervenci\u00f3 a l&#8217;\u00c0frica i l&#8217;Orient Mitj\u00e0. Despr\u00e9s d&#8217;haver llan\u00e7at a la mis\u00e8ria i provocat guerres als pa\u00efsos africans intenten construir una muralla per impedir l&#8217;emigraci\u00f3&#8230;com fan a la frontera amb M\u00e8xic (amb resultats similars: a la massacre de Melilla segueix pocs dies despr\u00e9s la mort de 51 immigrants a Texas).<\/p>\n<p style=\"text-align: justify;\">Mentre alimenten amb subministraments d&#8217;armes la guerra d&#8217;Ucra\u00efna, que el poble ucra\u00efn\u00e8s paga amb la destrucci\u00f3 del pa\u00eds i la mort de milers dels seus ciutadans, la utilitzen com a excusa. Perqu\u00e8 del que es tracta no \u00e9s de salvar el poble ucra\u00efn\u00e8s ni de \u201cdefensar la democr\u00e0cia\u201d (poca democr\u00e0cia hi ha a Ucra\u00efna, on Zelensky ha prohibit, amb l&#8217;excusa de la guerra, tots els partits de l&#8217;oposici\u00f3). Ucra\u00efna \u00e9s l&#8217;excusa per al veritable objectiu: refor\u00e7ar de manera qualitativa el dispositiu militar dels 30 pa\u00efsos, m\u00e9s Su\u00e8cia i Finl\u00e0ndia, dirigit pels EUA per intentar, de manera preventiva, fer front als esclats socials en marxa o que s&#8217;anuncien davant la pol\u00edtica destructiva dictada pel capital en crisi.<\/p>\n<p style=\"text-align: justify;\">Perqu\u00e8 hi ha una relaci\u00f3, evident, a establir entre les exig\u00e8ncies del capital i les seves institucions de congelar o reduir salaris i pensions, privatitzar els serveis p\u00fablics, atacar les llibertats (a prop\u00f2sit, la llei Mordassa segueix aqu\u00ed) i la militaritzaci\u00f3 imposada a tots els governs.<\/p>\n<p style=\"text-align: justify;\">Militaritzaci\u00f3 que serveix tamb\u00e9 per preparar el saqueig de les immenses riqueses naturals de R\u00fassia i amena\u00e7ar la Xina. No, no \u00e9s una guerra pels valors democr\u00e0tics o altres, \u00e9s pel control del mercat<span style=\"text-decoration: line-through;\">,<\/span>de l&#8217;energia, dels aliments<span style=\"text-decoration: line-through;\">,<\/span>. \u00c9s una guerra brutal entre els oligopolis de l&#8217;occident i els oligarques d&#8217;orient que volen preservar el dret a saquejar els seus pa\u00efsos. Tots ells en detriment de totes les poblacions i la massa treballadora.<\/p>\n<h3 style=\"text-align: justify;\"><strong>Guerra a la guerra<\/strong><\/h3>\n<p style=\"text-align: justify;\">Cent anys despr\u00e9s, \u00e9s m\u00e9s actual que mai la vella consigna del PSOE dels anys 20 contra la guerra del Marroc (guerra que no oblidem que mant\u00e9 com a efecte, la submissi\u00f3 del r\u00e8gim marroqu\u00ed i la creaci\u00f3 del \u201cproblema saharau\u00ed\u201d i els enclavaments colonials de Ceuta i Melilla).<\/p>\n<p style=\"text-align: justify;\">La direcci\u00f3 actual del PSOE va llen\u00e7ar per la borda la seva tradici\u00f3 obrera i internacionalista i ha esdevingut el m\u00e9s fidel atlantista darrere de Biden. I les direccions d&#8217;Esquerra Unida i Podem miren cap a una altra banda, i pretenen ser l&#8217;oposici\u00f3 a un govern al Consell de ministres al qual s\u2019hi seuen (consell de ministres que actua de manera col\u00b7legiada).<\/p>\n<p style=\"text-align: justify;\">El silenci ensordidor \u2013 o la condemna formal, sense convocar a la mobilitzaci\u00f3- de partits i sindicats que diuen defensar els interessos dels treballadors i entre ells, els sectors m\u00e9s oprimits, com s\u00f3n per exemple el mili\u00f3 llarg de treballadors marroquins, fa que la indignaci\u00f3 del nostre poble, del ciutad\u00e0 com\u00fa i corrent no trobi llera pol\u00edtica.<\/p>\n<p style=\"text-align: justify;\">\u00c9s veritat, des del diumenge 26 s&#8217;han succe\u00eft les manifestacions contra l&#8217;OTAN i contra Putin, i aquest divendres 1 de juliol milers de persones, moltes joves, van sortir a manifestar el seu rebuig i indignaci\u00f3 pel que va passar a la tanca de Melilla, mobilitzacions que afecten tot el pa\u00eds.<\/p>\n<h3 style=\"text-align: justify;\">Per\u00f2 estem obligats a dir les coses clarament.<\/h3>\n<p style=\"text-align: justify;\">I ens dirigim a tots els militants, treballadors conscients, joves&#8230; els l\u00edmits han estat transgredits. Ning\u00fa no pot considerar aquest govern com el representant de la majoria social. Cal cercar les vies de la resist\u00e8ncia i l&#8217;organitzaci\u00f3. en aquest sentit nom\u00e9s reclamem un lloc en aquest combat. Lloc que implica la total independ\u00e8ncia davant del govern, les institucions internacionals, la patronal i la Monarquia.<\/p>\n<p style=\"text-align: justify;\">I, sobretot, cal avan\u00e7ar per construir una representaci\u00f3 pol\u00edtica fidel a la classe treballadora.<\/p>\n","protected":false},"excerpt":{"rendered":"<p>Carta Setmanal 894 per descarregar en PDF Guerra, OTAN i despesa militar, especulaci\u00f3 disparada dels preus, desmantellament de serveis p\u00fablics i privatitzaci\u00f3 de pensions\u2026 Aquests darrers dies han succe\u00eft dos esdeveniments significatius: la cimera de l&#8217;OTAN i la massacre de Melilla. Dos fets que il\u00b7lustren la pol\u00edtica del govern de Pedro S\u00e1nchez i Yolanda D\u00edaz [&hellip;]<\/p>\n","protected":false},"author":1,"featured_media":0,"comment_status":"open","ping_status":"open","sticky":false,"template":"","format":"standard","meta":{"ngg_post_thumbnail":0,"footnotes":""},"categories":[976],"tags":[1051,22,1153,675],"class_list":["post-6765","post","type-post","status-publish","format-standard","hentry","category-cartas-catalan","tag-gobierno-de-coalicion","tag-imperialismo","tag-marruecos","tag-represion"],"aioseo_notices":[],"_links":{"self":[{"href":"https:\/\/posicuarta.org\/cartasblog\/wp-json\/wp\/v2\/posts\/6765","targetHints":{"allow":["GET"]}}],"collection":[{"href":"https:\/\/posicuarta.org\/cartasblog\/wp-json\/wp\/v2\/posts"}],"about":[{"href":"https:\/\/posicuarta.org\/cartasblog\/wp-json\/wp\/v2\/types\/post"}],"author":[{"embeddable":true,"href":"https:\/\/posicuarta.org\/cartasblog\/wp-json\/wp\/v2\/users\/1"}],"replies":[{"embeddable":true,"href":"https:\/\/posicuarta.org\/cartasblog\/wp-json\/wp\/v2\/comments?post=6765"}],"version-history":[{"count":3,"href":"https:\/\/posicuarta.org\/cartasblog\/wp-json\/wp\/v2\/posts\/6765\/revisions"}],"predecessor-version":[{"id":6771,"href":"https:\/\/posicuarta.org\/cartasblog\/wp-json\/wp\/v2\/posts\/6765\/revisions\/6771"}],"wp:attachment":[{"href":"https:\/\/posicuarta.org\/cartasblog\/wp-json\/wp\/v2\/media?parent=6765"}],"wp:term":[{"taxonomy":"category","embeddable":true,"href":"https:\/\/posicuarta.org\/cartasblog\/wp-json\/wp\/v2\/categories?post=6765"},{"taxonomy":"post_tag","embeddable":true,"href":"https:\/\/posicuarta.org\/cartasblog\/wp-json\/wp\/v2\/tags?post=6765"}],"curies":[{"name":"wp","href":"https:\/\/api.w.org\/{rel}","templated":true}]}}