{"id":7867,"date":"2023-10-02T20:27:40","date_gmt":"2023-10-02T18:27:40","guid":{"rendered":"https:\/\/posicuarta.org\/cartasblog\/?p=7867"},"modified":"2023-10-02T20:28:22","modified_gmt":"2023-10-02T18:28:22","slug":"debat-x-congres-mundial-obert-iv-internacional","status":"publish","type":"post","link":"https:\/\/posicuarta.org\/cartasblog\/debat-x-congres-mundial-obert-iv-internacional\/","title":{"rendered":"Preparant el debat del X Congr\u00e9s mundial Obert de la IV Internacional"},"content":{"rendered":"<h2 style=\"text-align: justify;\" data-wp-editing=\"1\"><a href=\"http:\/\/posicuarta.org\/cartasblog\/wp-content\/uploads\/2023\/10\/Carta_959_XcongresoAbiertoCuarta_cat.pdf\">Carta Setmanal 959 per descarregar en PDF<\/a><\/h2>\n<p class=\"p2\" style=\"text-align: justify;\"><b>Presentaci\u00f3 de <i>La Verdad<\/i> n\u00ba 113<\/b><\/p>\n<p><a href=\"http:\/\/posicuarta.org\/cartasblog\/wp-content\/uploads\/2023\/10\/Carta_959_XcongresoAbiertoCuarta_cat.pdf\"><img loading=\"lazy\" decoding=\"async\" class=\"alignleft wp-image-7872\" style=\"font-size: 1rem;\" src=\"http:\/\/posicuarta.org\/cartasblog\/wp-content\/uploads\/2023\/10\/Carta_959_XcongresoAbiertoCuarta_cat-2-212x300.jpg\" alt=\"\" width=\"150\" height=\"212\" srcset=\"https:\/\/posicuarta.org\/cartasblog\/wp-content\/uploads\/2023\/10\/Carta_959_XcongresoAbiertoCuarta_cat-2-212x300.jpg 212w, https:\/\/posicuarta.org\/cartasblog\/wp-content\/uploads\/2023\/10\/Carta_959_XcongresoAbiertoCuarta_cat-2-724x1024.jpg 724w, https:\/\/posicuarta.org\/cartasblog\/wp-content\/uploads\/2023\/10\/Carta_959_XcongresoAbiertoCuarta_cat-2-106x150.jpg 106w, https:\/\/posicuarta.org\/cartasblog\/wp-content\/uploads\/2023\/10\/Carta_959_XcongresoAbiertoCuarta_cat-2-768x1086.jpg 768w, https:\/\/posicuarta.org\/cartasblog\/wp-content\/uploads\/2023\/10\/Carta_959_XcongresoAbiertoCuarta_cat-2-1086x1536.jpg 1086w, https:\/\/posicuarta.org\/cartasblog\/wp-content\/uploads\/2023\/10\/Carta_959_XcongresoAbiertoCuarta_cat-2-1448x2048.jpg 1448w, https:\/\/posicuarta.org\/cartasblog\/wp-content\/uploads\/2023\/10\/Carta_959_XcongresoAbiertoCuarta_cat-2-624x883.jpg 624w, https:\/\/posicuarta.org\/cartasblog\/wp-content\/uploads\/2023\/10\/Carta_959_XcongresoAbiertoCuarta_cat-2-scaled.jpg 1810w\" sizes=\"auto, (max-width: 150px) 100vw, 150px\" \/><\/a><\/p>\n<p class=\"p2\"><span style=\"font-size: 1rem;\">El n\u00ba 113 de <\/span><i style=\"font-size: 1rem;\">La Verdad<\/i><span style=\"font-size: 1rem;\"> ja est\u00e0 disponible. S&#8217;edita, en la seva ver<\/span><span style=\"font-size: 1rem;\">si\u00f3 en castell\u00e0, dos mesos abans de la celebraci\u00f3 del X Congr\u00e9s de la IV Internacional.<\/span><\/p>\n<p class=\"p2\" style=\"text-align: justify;\">Resumim en primer lloc, per tant, les \u00abNotes pol\u00edtiques preparat\u00f2ries de la discussi\u00f3 del X Congr\u00e9s Mundial de la IV Internacional\u00bb amb les quals s&#8217;inicia aquest n\u00famero.<\/p>\n<p class=\"p2\" style=\"text-align: justify;\">Parteixen aquestes de la situaci\u00f3 en qu\u00e8 es realitza el Congr\u00e9s Mundial:<\/p>\n<p class=\"p2\" style=\"text-align: justify;\">\u00abSorgeix una nova situaci\u00f3 a escala mundial, que amena\u00e7a tota la humanitat, marcada per les guerres, la crisi del sistema capitalista, la crisi dels r\u00e8gims, per\u00f2 tamb\u00e9 la destrucci\u00f3 del medi ambient (incendis, inundacions, sequera, contaminaci\u00f3), que expressa que el capital \u00e9s incapa\u00e7 de respondre a les necessitats de la humanitat en la seva relaci\u00f3 amb la natura. Davant d&#8217;aix\u00f2, la mobilitzaci\u00f3 dels treballadors i l&#8217;aixecament dels pobles. Aquesta situaci\u00f3 revela una vegada m\u00e9s el carrer\u00f3 sense sortida total en qu\u00e8 es troba el sistema de l&#8217;imperialisme\u00bb.<\/p>\n<p class=\"p2\" style=\"text-align: justify;\">Sobre la guerra, diu: \u00abLa guerra s&#8217;est\u00e9n per tot el m\u00f3n, a Europa, Orient Mitj\u00e0 i \u00c0frica. La guerra \u00e9s la forma de superviv\u00e8ncia del sistema imperialista, sent el capital l&#8217;origen d&#8217;aquestes guerres. [&#8230;]<\/p>\n<p class=\"p2\" style=\"text-align: justify;\">\u00bbL&#8217;imperialisme i els seus socis de l&#8217;OTAN estan lliurant una guerra per poders, no exempta de dificultats i contradiccions, utilitzant milers de milions de d\u00f2lars i armament massiu per debilitar R\u00fassia i deixar-la exang\u00fce, per\u00f2 tamb\u00e9 amena\u00e7ant la Xina\u00bb. Recorda que aquests elements ja estaven presents en la declaraci\u00f3 adoptada per la IV Internacional el 16 de setembre de 2022.<\/p>\n<p class=\"p2\" style=\"text-align: justify;\">Per concloure aquest aspecte assenyalant: \u00abEn aquesta situaci\u00f3 de desordres mundials, l&#8217;imperialisme estatunidenc intenta resituar-se com a gendarme del m\u00f3n. Per\u00f2, sent l&#8217;imperialisme m\u00e9s poder\u00f3s, concentra en el seu si tota la crisi del sistema. En conseq\u00fc\u00e8ncia, \u00e9s incapa\u00e7 de garantir l&#8217;\u00abordre\u00bb a escala mundial\u00bb.<\/p>\n<p class=\"p2\" style=\"text-align: justify;\">Assenyalant l&#8217;amena\u00e7a d&#8217;una crisi financera global que disloqui totalment el mercat mundial, afirma:<\/p>\n<p class=\"p2\" style=\"text-align: justify;\">\u00ab<span class=\"s1\">Aquesta<\/span> crisi ja est\u00e0 en marxa. Els Estats Units exerceix la m\u00e0xima pressi\u00f3 per reequilibrar les relacions econ\u00f2miques amb la Xina. Per\u00f2 la Xina resisteix, enfrontada com est\u00e0 a la seva pr\u00f2pia crisi: caiguda del 14 % de les exportacions al juliol, impagaments, fallida dels principals promotors immobiliaris del pa\u00eds i deflaci\u00f3.<\/p>\n<p class=\"p2\" style=\"text-align: justify;\">Amb les seves concessions als interessos capitalistes, presents fins a la c\u00fapula del PC xin\u00e8s, l&#8217;aparell burocr\u00e0tic del PCCh est\u00e0 posant seriosament en perill les conquestes de 1949\u00bb.<\/p>\n<p class=\"p2\" style=\"text-align: justify;\">Aquest panorama repercuteix en els r\u00e8gims i Estats institu\u00efts a tots els pa\u00efsos, inclosos els mateixos Estats Units. A Europa, \u00abla guerra a Ucra\u00efna aguditza les contradiccions ja existents. La decisi\u00f3 d&#8217;Alemanya d&#8217;equipar-se amb armament estatunidenc en detriment de la cooperaci\u00f3 europea \u00e9s una manifestaci\u00f3 de la ruptura de la \u00abparella franco-alemanya\u00bb i, m\u00e9s en general, de la Uni\u00f3 Europea\u00bb. Desestabilitzaci\u00f3 que s&#8217;enfronta a la mobilitzaci\u00f3 i a les vagues als Estats Units, a Alemanya, Fran\u00e7a, Gran Bretanya&#8230;<\/p>\n<p class=\"p2\" style=\"text-align: justify;\">Avui es pot veure ja \u00abl&#8217;aixecament dels pobles de l&#8217;\u00c0frica, que s&#8217;alcen contra el repartiment dels immensos recursos del continent pels diversos grups monopolistes i els r\u00e8gims que els serveixen. [&#8230;] Es tracta d&#8217; una expressi\u00f3 de la voluntat dels pobles de posar fi a la dominaci\u00f3 imperialista i als r\u00e8gims proimperialistes i, per tant, planteja la q\u00fcesti\u00f3 del poder pol\u00edtic. Per\u00f2, precisament per la falta de sortida pol\u00edtica, les masses s&#8217;agrupen despr\u00e9s d&#8217;uns militars que apareixen com a sobiranistes i nacionalistes. [&#8230;]<\/p>\n<p class=\"p2\" style=\"text-align: justify;\">\u00bbAquesta q\u00fcesti\u00f3 del poder es planteja de diferents maneres a tots els pa\u00efsos del m\u00f3n. [&#8230;] A Europa, la majoria dels Governs en el poder, en crisi pol\u00edtica, intenten firmar \u00abpactes socials\u00bb amb els aparells dirigents de les organitzacions sindicals, i en qualsevol cas intenten sotmetre&#8217;ls. Ofensiva que es combina amb la repressi\u00f3, la conculcaci\u00f3 dels drets de vaga i de manifestaci\u00f3\u00bb.<\/p>\n<p class=\"p2\" style=\"text-align: justify;\">Finalitzen les notes pol\u00edtiques que inicien les p\u00e0gines de <i>La Veritat<\/i> 113 amb els objectius que es marquen per al X Congr\u00e9s Mundial:<\/p>\n<p class=\"p2\" style=\"text-align: justify;\">\u00abAquesta \u00e9s la situaci\u00f3 en la qual se celebrar\u00e0 el X Congr\u00e9s de la IV Internacional, amb l&#8217;objectiu d&#8217;enfortir-nos i constituir noves seccions. La posici\u00f3 adoptada per la IV Internacional immediatament despr\u00e9s de la intervenci\u00f3 russa a Ucra\u00efna sobre la base de \u00abNi Putin ni OTAN\u00bb, i despr\u00e9s, amb el pas dels mesos, alt a la guerra, alt a l&#8217;enviament d&#8217;armes, ha suposat una clara demarcaci\u00f3 en un terreny d&#8217;independ\u00e8ncia de classe en relaci\u00f3 amb la immensa majoria de forces pol\u00edtiques\u00bb.<\/p>\n<p class=\"p2\" style=\"text-align: justify;\">Assenyala els aven\u00e7os aconseguits per les seccions de la IV Internacional, com per exemple a Alemanya i Fran\u00e7a, concloent:<\/p>\n<p class=\"p2\" style=\"text-align: justify;\">\u00abDe la mateixa manera, hem constatat el lloc real de l&#8217;AIT (Acord Internacional dels Treballadors i dels Pobles) a l&#8217;\u00c0frica, per la nostra posici\u00f3 d&#8217;independ\u00e8ncia de classe i decididament antiimperialista, de suport a la mobilitzaci\u00f3 dels pobles que s&#8217;aixequen contra el saqueig imperialista dels seus recursos naturals, contra la pres\u00e8ncia militar estrangera, en el cam\u00ed de la recuperaci\u00f3 de la seva veritable independ\u00e8ncia nacional.<\/p>\n<p class=\"p2\" style=\"text-align: justify;\">Sobre la base d&#8217;aquests progressos -limitats per\u00f2 reals- hem pogut, i ho hem de fer encara m\u00e9s, obrir el nostre congr\u00e9s a l&#8217;\u00c0frica, Am\u00e8rica Llatina, Europa i \u00c0sia a militants que no s\u00f3n membres de la IV Internacional per\u00f2 que, sobre la base de la seva experi\u00e8ncia, lluiten en peu d&#8217;igualtat amb nosaltres, i amb els quals volem abordar la q\u00fcesti\u00f3 de l&#8217;enfortiment de la IV Internacional\u00bb.<\/p>\n<p class=\"p2\" style=\"text-align: justify;\">Seguint el m\u00e8tode de preguntes i respostes, que busca associar tots els militants de la IV Internacional i els que tenen un altre origen pol\u00edtic i combaten en defensa dels treballadors, s&#8217;han elaborat noves respostes al q\u00fcestionari elaborat per a aix\u00f2. \u00abPer aix\u00f2 diem que aquest X Congr\u00e9s Mundial de la IV Internacional \u00e9s un congr\u00e9s obert: obert als militants que no en s\u00f3n membres, obert a la discussi\u00f3, obert a l&#8217;elaboraci\u00f3. Militants de la IV Internacional i els que tenen un altre origen pol\u00edtic i lluiten colze amb colze, junts hem de buscar en com\u00fa les respostes a aquesta nova situaci\u00f3\u00bb.<\/p>\n<p class=\"p2\" style=\"text-align: justify;\">La discussi\u00f3 iniciada en el n\u00ba anterior, de preparaci\u00f3 del X Congr\u00e9s Mundial de la IV Internacional (4 al 8 de desembre de 2023), es continua aix\u00ed en aquest n\u00ba publicant cinc noves contribucions en resposta a les seg\u00fcents preguntes:<\/p>\n<p class=\"p2\" style=\"text-align: justify;\"><i>\u2014 Quines conseq\u00fc\u00e8ncies suposa? Per qu\u00e8 passa? Com respondre davant d&#8217;ella? <\/i><\/p>\n<p class=\"p2\" style=\"text-align: justify;\"><i>\u2014 Estats Units \u2013 Zona de lliurecanvi: una m\u00e0quina de produir centenars de milers de refugiats? <\/i><\/p>\n<p class=\"p2\" style=\"text-align: justify;\"><i>\u2014 L&#8217;imperialisme a l&#8217;\u00c0frica: per qu\u00e8 els pa\u00efsos africans, tan rics, es troben entre les economies m\u00e9s pobres del planeta? Com s&#8217;ha arribat a aquesta situaci\u00f3 amb grups armats aterrant i controlant vastes zones a l&#8217;\u00c0frica saheliana? Qu\u00e8 en pensen els pobles? <\/i><\/p>\n<p class=\"p2\" style=\"text-align: justify;\"><i>\u2014 It\u00e0lia \u2013 El combat per la independ\u00e8ncia en els sindicats (CGIL): com es planteja el combat per la independ\u00e8ncia en els sindicats en el moment en qu\u00e8 el capital empr\u00e8n l&#8217;ofensiva per liquidar totes les conquestes? <\/i><\/p>\n<p class=\"p2\" style=\"text-align: justify;\"><i>\u2014 Quina \u00e9s la pol\u00edtica dels \u00abgoverns progressistes\u00bb d&#8217;Am\u00e8rica Llatina i el Carib cap a l&#8217;imperialisme?<\/i><\/p>\n<p class=\"p2\" style=\"text-align: justify;\">Respostes que es desenvolupen en els cinc articles seg\u00fcents.<\/p>\n<h3 class=\"p2\" style=\"text-align: justify;\"><b>Algunes q\u00fcestions que remarcar sobre el X Congr\u00e9s Mundial:<\/b><\/h3>\n<p class=\"p2\" style=\"text-align: justify;\">Considerem que el debat d&#8217;aquest Congr\u00e9s interessa al conjunt de militants i treballadors que actuen de forma conscient per l&#8217;emancipaci\u00f3 social i democr\u00e0tica de la Humanitat.<\/p>\n<p class=\"p2\" style=\"text-align: justify;\">Per aix\u00f2 \u00e9s obert, perqu\u00e8 estem fent que participin en aquest debat un conjunt de militants i organitzacions que no s\u00f3n formalment membres de la Quarta internacional, i que \u00e9s molt possible que no ho siguin en un futur. Per\u00f2 amb els que combatem en m\u00faltiples episodis de la lluita de classes, en particular contra la guerra.<\/p>\n<p class=\"p2\" style=\"text-align: justify;\">Aquest \u00e9s un element delimitador i en aquesta batalla de front \u00fanic col\u00b7laborem amb corrents que tenen, sens dubte, altres posicions sobre altres q\u00fcestions, per\u00f2 que estan d&#8217;acord en una cosa essencial: alt a guerra sense condicions, alt als pressupostos de guerra, contra els governs i la seva pol\u00edtica bel\u00b7ligerant.<\/p>\n<p class=\"p2\" style=\"text-align: justify;\">Com \u00e9s normal en una batalla de front \u00fanic, aporten concepcions que sense semblar-nos adequades no s\u00f3n obstacle a la mobilitzaci\u00f3, com que hi hagi una \u00absortida diplom\u00e0tica\u00bb, q\u00fcestions que no fem nostres per\u00f2 que no impedeixen una batalla en com\u00fa. El butllet\u00ed n\u00famero 14 de la campanya contra la guerra, que reprodueix totes les intervencions de la Confer\u00e8ncia del 9 de juliol, n&#8217;\u00e9s un bon exemple.<\/p>\n<p class=\"p2\" style=\"text-align: justify;\">\u00c9s evident que la l\u00ednia de la Quarta Internacional ser\u00e0 decidida per les seccions de la Quarta internacional al Congr\u00e9s. I, alhora, sotmetem al debat lliure aquesta l\u00ednia amb la preocupaci\u00f3 de buscar acords. doncs l&#8217;element determinant de la situaci\u00f3, al costat de la barb\u00e0rie capitalista, \u00e9s la crisi de direcci\u00f3 del moviment obrer, la manca d&#8217;una representaci\u00f3 pol\u00edtica fidel a la classe. I \u00e9s aix\u00f2 el que volem ajudar a esmenar en un proc\u00e9s que, sens dubte, es va allargar, per\u00f2 que nom\u00e9s es pot fer en relaci\u00f3 amb la intervenci\u00f3 en la lluita de classes. Reagrupar l&#8217;avantguarda al voltant d&#8217;un programa sense taca<\/p>\n<p class=\"p2\" style=\"text-align: justify;\"><b>Acabarem citant la conclusi\u00f3 del pr\u00f2leg a l&#8217;edici\u00f3 peruana del Programa de Transici\u00f3, redactada per Pierre Lambert l&#8217;abril de 1989:<\/b><\/p>\n<p class=\"p2\" style=\"text-align: justify;\">\u00abPer concloure, i a risc de repetir-nos, diem: ser\u00e0 en el pla de la pr\u00e0ctica organitzada en qu\u00e8 els esdeveniments donaran el seu veredicte; la vida, i no les paraules, terminar\u00e0 les discussions i diverg\u00e8ncies. \u00c9s absolutament inevitable que es desenvolupi la major diversitat d&#8217;opinions pol\u00edtiques, ja que la marxa cap a la revoluci\u00f3<\/p>\n<p class=\"p2\" style=\"text-align: justify;\">mundial, que abasta centenars de milions d&#8217;homes a tots els continents, far\u00e0 aflorar a la superf\u00edcie, arreu, a tot els pa\u00efsos, a totes les organitzacions, els residus producte de la descomposici\u00f3 del sistema de l&#8217;imperialisme i de la burocr\u00e0cia, i els elements avan\u00e7ats que busquen solucions progressives. Tot s&#8217;entrecreuar\u00e0. La selecci\u00f3 s\u2019operar\u00e0 per doquier. Fidels al marxisme, al bolxevisme, als principis del programa, no deixarem que ens desvi\u00efn del nostre cam\u00ed.<\/p>\n<p class=\"p2\" style=\"text-align: left;\">\u00bbJa que l&#8217;imperialisme est\u00e0 condemnat. Ja que els usurpadors burocr\u00e0tics estan condemnats. Ja que la crisi revolucion\u00e0ria continuar\u00e0 a trav\u00e9s de fracassos i aven\u00e7os, s&#8217;estendr\u00e0. I \u00e9s la que proporcionar\u00e0 els materials per elaborar, a la llum dels principis del programa, els mitjans per construir la IV Internacional. I sens dubte \u00e9s aix\u00f2 el que no se&#8217;ns perdona\u00bb.<\/p>\n","protected":false},"excerpt":{"rendered":"<p>Carta Setmanal 959 per descarregar en PDF Presentaci\u00f3 de La Verdad n\u00ba 113 El n\u00ba 113 de La Verdad ja est\u00e0 disponible. S&#8217;edita, en la seva versi\u00f3 en castell\u00e0, dos mesos abans de la celebraci\u00f3 del X Congr\u00e9s de la IV Internacional. Resumim en primer lloc, per tant, les \u00abNotes pol\u00edtiques preparat\u00f2ries de la discussi\u00f3 [&hellip;]<\/p>\n","protected":false},"author":1,"featured_media":0,"comment_status":"open","ping_status":"open","sticky":false,"template":"","format":"standard","meta":{"ngg_post_thumbnail":0,"footnotes":""},"categories":[976],"tags":[566,1038],"class_list":["post-7867","post","type-post","status-publish","format-standard","hentry","category-cartas-catalan","tag-iv-internacional","tag-la-verdad"],"aioseo_notices":[],"_links":{"self":[{"href":"https:\/\/posicuarta.org\/cartasblog\/wp-json\/wp\/v2\/posts\/7867","targetHints":{"allow":["GET"]}}],"collection":[{"href":"https:\/\/posicuarta.org\/cartasblog\/wp-json\/wp\/v2\/posts"}],"about":[{"href":"https:\/\/posicuarta.org\/cartasblog\/wp-json\/wp\/v2\/types\/post"}],"author":[{"embeddable":true,"href":"https:\/\/posicuarta.org\/cartasblog\/wp-json\/wp\/v2\/users\/1"}],"replies":[{"embeddable":true,"href":"https:\/\/posicuarta.org\/cartasblog\/wp-json\/wp\/v2\/comments?post=7867"}],"version-history":[{"count":3,"href":"https:\/\/posicuarta.org\/cartasblog\/wp-json\/wp\/v2\/posts\/7867\/revisions"}],"predecessor-version":[{"id":7874,"href":"https:\/\/posicuarta.org\/cartasblog\/wp-json\/wp\/v2\/posts\/7867\/revisions\/7874"}],"wp:attachment":[{"href":"https:\/\/posicuarta.org\/cartasblog\/wp-json\/wp\/v2\/media?parent=7867"}],"wp:term":[{"taxonomy":"category","embeddable":true,"href":"https:\/\/posicuarta.org\/cartasblog\/wp-json\/wp\/v2\/categories?post=7867"},{"taxonomy":"post_tag","embeddable":true,"href":"https:\/\/posicuarta.org\/cartasblog\/wp-json\/wp\/v2\/tags?post=7867"}],"curies":[{"name":"wp","href":"https:\/\/api.w.org\/{rel}","templated":true}]}}