{"id":8128,"date":"2024-01-15T20:22:06","date_gmt":"2024-01-15T18:22:06","guid":{"rendered":"http:\/\/posicuarta.org\/cartasblog\/?p=8128"},"modified":"2024-01-15T20:22:06","modified_gmt":"2024-01-15T18:22:06","slug":"la-justa-movilizacion-de-los-campesinos-alemanes","status":"publish","type":"post","link":"https:\/\/posicuarta.org\/cartasblog\/la-justa-movilizacion-de-los-campesinos-alemanes\/","title":{"rendered":"La justa movilizaci\u00f3n de los campesinos alemanes"},"content":{"rendered":"<header>\n<h1><a href=\"https:\/\/posicuarta.org\/cartasblog\/la-justa-mobilitzacio-dels-pagesos-alemanys\/\">Carta Semanal 974 en catal\u00e1n<\/a><\/h1>\n<\/header>\n<h1><a href=\"http:\/\/posicuarta.org\/cartasblog\/wp-content\/uploads\/2024\/01\/Carta_974_Alemania.pdf\">Carta Semanal 974 para descargar en PDF<\/a><\/h1>\n<h4 class=\"western\" align=\"justify\"><span style=\"font-family: Times LT Std, sans-serif;\"><span style=\"font-size: medium;\"><span lang=\"es-ES-u-co-trad\"><i>Esta Carta ha sido redactada inspir\u00e1ndose ampliamente en un art\u00edculo del peri\u00f3dico alem\u00e1n SOPODE<\/i><\/span><\/span><\/span><span style=\"font-family: Times LT Std, sans-serif;\"><span style=\"font-size: medium;\"><span lang=\"es-ES-u-co-trad\">.<\/span><\/span><\/span><\/h4>\n<p style=\"text-align: justify;\"><span style=\"font-family: Times LT Std, sans-serif;\"><span style=\"font-size: medium;\"><span lang=\"es-ES-u-co-trad\"><a href=\"http:\/\/posicuarta.org\/cartasblog\/wp-content\/uploads\/2024\/01\/Carta_974_Alemania.pdf\"><img loading=\"lazy\" decoding=\"async\" class=\"alignleft wp-image-8132\" style=\"font-family: 'Open Sans', Helvetica, Arial, sans-serif; font-size: 1rem;\" src=\"http:\/\/posicuarta.org\/cartasblog\/wp-content\/uploads\/2024\/01\/Carta_974_Alemania01-212x300.jpg\" alt=\"\" width=\"150\" height=\"212\" srcset=\"https:\/\/posicuarta.org\/cartasblog\/wp-content\/uploads\/2024\/01\/Carta_974_Alemania01-212x300.jpg 212w, https:\/\/posicuarta.org\/cartasblog\/wp-content\/uploads\/2024\/01\/Carta_974_Alemania01-724x1024.jpg 724w, https:\/\/posicuarta.org\/cartasblog\/wp-content\/uploads\/2024\/01\/Carta_974_Alemania01-106x150.jpg 106w, https:\/\/posicuarta.org\/cartasblog\/wp-content\/uploads\/2024\/01\/Carta_974_Alemania01-768x1086.jpg 768w, https:\/\/posicuarta.org\/cartasblog\/wp-content\/uploads\/2024\/01\/Carta_974_Alemania01-1086x1536.jpg 1086w, https:\/\/posicuarta.org\/cartasblog\/wp-content\/uploads\/2024\/01\/Carta_974_Alemania01-1448x2048.jpg 1448w, https:\/\/posicuarta.org\/cartasblog\/wp-content\/uploads\/2024\/01\/Carta_974_Alemania01-624x883.jpg 624w, https:\/\/posicuarta.org\/cartasblog\/wp-content\/uploads\/2024\/01\/Carta_974_Alemania01-scaled.jpg 1810w\" sizes=\"auto, (max-width: 150px) 100vw, 150px\" \/><\/a>Este lunes 15 de enero se prev\u00e9 en Berl\u00edn, capital de la Rep\u00fablica Federal Alemana, una manifestaci\u00f3n central de campesinos de todos los <\/span><\/span><\/span><span style=\"font-family: Times LT Std, sans-serif;\"><span style=\"font-size: medium;\"><span lang=\"es-ES-u-co-trad\"><i>l\u00e4nder<\/i><\/span><\/span><\/span><span style=\"font-family: Times LT Std, sans-serif;\"><span style=\"font-size: medium;\"><span lang=\"es-ES-u-co-trad\"> del pa\u00eds. Los campesinos est\u00e1n movilizados desde principios de diciembre ante la decisi\u00f3n del Gobierno federal (gobierno tripartito de socialdem\u00f3cratas, liberales y verdes, coalici\u00f3n conocida como \u201csem\u00e1foro\u201d) de adoptar recortes contra los peque\u00f1os c<\/span><\/span><\/span><span style=\"font-family: Times LT Std, sans-serif;\"><span style=\"font-size: medium;\"><span lang=\"es-ES-u-co-trad\">ampesinos. El Gobierno anunci\u00f3 estas medidas tras la sentencia del Tribunal Constitucional Federal, que declar\u00f3 inconstitucional el presupuesto del Gobierno de Scholz. El Gobierno federal dej\u00f3 claro en primer lugar que no se tocar\u00e1 el gasto militar ni los costes de la guerra de Ucrania (recordemos que en un primer momento el Gobierno aprob\u00f3 un presupuesto especial de 100.000 millones de euros, y que en el presupuesto de 2024 se destinaban 8<\/span><\/span><\/span><span style=\"font-size: medium; font-family: 'Times LT Std', sans-serif;\">6.000 millones a Defensa, 19.000 m\u00e1s que en 2023). Tampoco se tocar\u00e1n las subvenciones a las grandes empresas, incluyendo las de las empresas de comercializaci\u00f3n de productos alimenticios.<\/span><\/p>\n<p style=\"text-align: justify;\"><span style=\"font-family: Times LT Std, sans-serif;\"><span style=\"font-size: medium;\"><span lang=\"es-ES-u-co-trad\">En cambio, el Gobierno federal decidi\u00f3 aplicar medidas de austeridad contra los agricultores: eliminar la exenci\u00f3n del impuesto de circulaci\u00f3n para los veh\u00edculos agr\u00edcolas y forestales y reducir los subsidios al di\u00e9sel agr\u00edcola,<\/span><\/span><\/span><span style=\"font-size: medium; font-family: 'Times LT Std', sans-serif;\">subsidios que suponen simplemente reducir el impuesto del gasoil. Esto generar\u00eda alrededor de mil millones de euros para el presupuesto federal. La eliminaci\u00f3n de este subsidio es otro golpe devastador para los agricultores, que durante mucho tiempo han sido expoliados por las grandes empresas agroindustriales y comerciales, hambrientas de ganancias, as\u00ed como por los inversores financieros que compran tierras a mansalva.<\/span><\/p>\n<p style=\"text-align: justify;\"><span style=\"font-family: Times LT Std, sans-serif;\"><span style=\"font-size: medium;\"><span lang=\"es-ES-u-co-trad\">Hay una especulaci\u00f3n masiva por parte de las empresas inmobiliarias con las tierras agr\u00edcolas. Entre otros inversores privados, hay que mencionar a la Fundaci\u00f3n Aldi-Nord o \u00abDeutsche Wohnen\u00bb, uno de los mayores propietarios de tierras de Alemania. Pero eso no es todo. <\/span><\/span><\/span><!--more--><\/p>\n<p style=\"text-align: justify;\"><span style=\"font-family: Times LT Std, sans-serif;\"><span style=\"font-size: medium;\"><span lang=\"es-ES-u-co-trad\">Estas empresas dictan los precios y reducen los ingresos de los agricultores. En Alemania, cuatro grandes grupos se reparten el mercado de la alimentaci\u00f3n: los grupos Edeka, Rewe, Aldi y Schwarz. Su participaci\u00f3n ha aumentado constantemente en los \u00faltimos veinte a\u00f1os, y en 2021 el cuarteto represent\u00f3 m\u00e1s del 85 por ciento de las ventas en el comercio minorista de alimentos, un total de m\u00e1s de 218 000 millones de euros. <\/span><\/span><\/span><\/p>\n<p style=\"text-align: justify;\"><span style=\"font-family: Times LT Std, sans-serif;\"><span style=\"font-size: medium;\"><span lang=\"es-ES-u-co-trad\">El mercado es un oligopolio de facto. 38 000 fabricantes de alimentos, principalmente peque\u00f1os y medianos, se enfrentan al gran comercio de la alimentaci\u00f3n. Debido a su poder de mercado, Edeka, Rewe, Aldi y Lidl a menudo pueden dictar los t\u00e9rminos y condiciones de los proveedores m\u00e1s peque\u00f1os.<\/span><\/span><\/span><\/p>\n<p style=\"text-align: justify;\"><span style=\"font-family: Times LT Std, sans-serif;\"><span style=\"font-size: medium;\"><span lang=\"es-ES-u-co-trad\">Entre los fabricantes de alimentos que procesan productos agr\u00edcolas, hay algunos que son los que deciden. Entre ellos se encuentran, por ejemplo, Dr. Oetker, T\u00f6nnies, Ferrero, Coca-Cola, Nestl\u00e9, Procter &amp; Gamble, Tchibo, Unilever, Mars y Danone. Lo que est\u00e1 en juego es la cuesti\u00f3n de las cuestiones, la propiedad de la tierra y la concentraci\u00f3n de esta propiedad en manos de grandes monopolios internacionales. <\/span><\/span><\/span><\/p>\n<p style=\"text-align: justify;\"><span style=\"font-family: Times LT Std, sans-serif;\"><span style=\"font-size: medium;\"><span lang=\"es-ES-u-co-trad\">Por el lado de los costes, tambi\u00e9n est\u00e1 la industria de fertilizantes y pesticidas, que est\u00e1 obteniendo ganancias cada vez mayores. Los aumentos de los precios de la energ\u00eda como resultado de la pol\u00edtica austericida del Gobierno federal tambi\u00e9n conducen a inmensos aumentos de costes a los que los agricultores no pueden hacer frente. Todo esto reduce los ingresos de los agricultores. <\/span><\/span><\/span><\/p>\n<p style=\"text-align: justify;\"><span style=\"font-family: Times LT Std, sans-serif;\"><span style=\"font-size: medium;\"><span lang=\"es-ES-u-co-trad\">En este contexto, miles de peque\u00f1os agricultores ya se han dado por vencidos en los \u00faltimos a\u00f1os y han vendido sus tierras. Martin Schulz, presidente nacional de la Asociaci\u00f3n Alemana de Agricultura Rural (AbL), dijo recientemente que la lista de recortes se produce en una situaci\u00f3n \u00aben la que muchos agricultores ya tienen la espalda contra la pared\u00bb. De ah\u00ed la leg\u00edtima protesta. Las medidas actuales tomadas por el gobierno alem\u00e1n son la gota que ha colmado el vaso.<\/span><\/span><\/span><\/p>\n<p style=\"text-align: justify;\"><span style=\"font-family: Times LT Std, sans-serif;\"><span style=\"font-size: medium;\"><span lang=\"es-ES-u-co-trad\">El 18 de diciembre, los agricultores paralizaron Berl\u00edn con 3.000 tractores. Siguieron numerosas manifestaciones y m\u00edtines de protesta. El 10 de enero hubo 4.000 personas en Dresde, los agricultores paralizaron la terminal de contenedores en Bremerhaven, m\u00e1s de 100 entradas de autopista fueron bloqueadas en Brandeburgo, hubo manifestaciones en Maguncia, Augsburgo, Flensburg, Schwerin, Hesse, Cottbus, Hannover. Los agricultores de Schleswig-Holstein y Baja Sajonia se dirigieron en tres convoyes de tractores al puerto de Hamburgo&#8230;, los agricultores de todo el pa\u00eds est\u00e1n en las calles, desde peque\u00f1as granjas y agricultores ecol\u00f3gicos hasta granjas familiares y grandes cooperativas. Este lunes 15 de enero, los agricultores se movilizar\u00e1n para concluir las acciones de protesta con una manifestaci\u00f3n y una gran concentraci\u00f3n en Berl\u00edn, en la calle del 17 junio.<\/span><\/span><\/span><\/p>\n<h3><span lang=\"es-ES-u-co-trad\">La cuesti\u00f3n va m\u00e1s all\u00e1 de Alemania<\/span><\/h3>\n<p style=\"text-align: justify;\"><span style=\"font-family: Times LT Std, sans-serif;\"><span style=\"font-size: medium;\"><span lang=\"es-ES-u-co-trad\">La cuesti\u00f3n supera el marco alem\u00e1n. Son muchos los pa\u00edses -entre ellos Espa\u00f1a- que subvencionan el gas\u00f3leo agr\u00edcola. Si la medida propuesta por el gobierno alem\u00e1n sigue adelante \u00bfcu\u00e1nto tardar\u00e1n otros gobiernos en arremeter contra la \u201cantiecol\u00f3gica\u201d subvenci\u00f3n al gas\u00f3leo agr\u00edcola y pesquero? <\/span><\/span><\/span><\/p>\n<p style=\"text-align: justify;\"><span style=\"font-family: Times LT Std, sans-serif;\"><span style=\"font-size: medium;\"><span lang=\"es-ES-u-co-trad\">En Alemania, la demagogia \u201cmedioambiental\u201d se utiliza para atacar a un producto de primera necesidad para la producci\u00f3n agr\u00edcola (a menos que se pretenda volver al arado romano tirado por una pareja de bueyes). Pero los agricultores saben que, al mismo tiempo que trata de imponerles duros recortes, el gobierno aumenta en 2024 el presupuesto militar en un 40%. Como si el ej\u00e9rcito fuera una entidad ecol\u00f3gica. Los Verdes alemanes no han tardado, tras entrar en el gobierno, en desprenderse de toda veleidad \u201cpacifista\u201d. <\/span><\/span><\/span><\/p>\n<p style=\"text-align: justify;\"><span style=\"font-family: Times LT Std, sans-serif;\"><span style=\"font-size: medium;\"><span lang=\"es-ES-u-co-trad\">El capital financiero no necesita para nada una capa de agricultores productivos en Europa. Las multinacionales est\u00e1n comprando masivamente las tierras muy f\u00e9rtiles de Ucrania. Dentro de la UE tambi\u00e9n especulan con las tierras, para cultivarlas utilizando obra inmigrante en condiciones de semiesclavitud. Una operaci\u00f3n en la que \u201csobran\u201d los agricultores independientes.<\/span><\/span><\/span><\/p>\n<h3><span lang=\"es-ES-u-co-trad\">Unidos contra el gobierno de Scholz<\/span><\/h3>\n<p style=\"text-align: justify;\"><span style=\"font-family: Times LT Std, sans-serif;\"><span style=\"font-size: medium;\"><span lang=\"es-ES-u-co-trad\">Los agricultores de muchas ciudades y municipios, los camioneros, los transportistas de la Asociaci\u00f3n Federal de Transporte de Mercanc\u00edas y Log\u00edstica (BGL), que se oponen al aumento de los peajes y exigen m\u00e1s inversi\u00f3n estatal en la reparaci\u00f3n de puentes y carreteras; los taxistas, tambi\u00e9n est\u00e1n anunciando acciones de protesta, los artesanos se ven del lado de los agricultores, su protesta se dirige contra la ley de calefacci\u00f3n, entre otras cosas. La decisi\u00f3n del Gobierno federal de suprimir los subsidios a los precios de la energ\u00eda y la electricidad tras la sentencia del Tribunal Constitucional Federal afecta a toda la poblaci\u00f3n. La insurrecci\u00f3n de los campesinos es el presagio de una insurrecci\u00f3n social mucho m\u00e1s profunda y amplia del pueblo.<\/span><\/span><\/span><\/p>\n<h3><span lang=\"es-ES-u-co-trad\">Frente al gobierno, organizar la solidaridad con los agricultores<\/span><\/h3>\n<p style=\"text-align: justify;\"><span style=\"font-family: Times LT Std, sans-serif;\"><span style=\"font-size: medium;\"><span lang=\"es-ES-u-co-trad\">El vicecanciller Habeck, ministro de Econom\u00eda y Clima (de los Verdes) fue recibido por agricultores furiosos cuando intentaba bajar de un ferry a su regreso de vacaciones. Todas las fuerzas pol\u00edticas protestaron contra los campesinos y les advirtieron contra \u00abinfiltraciones de la derecha en sus protestas\u00bb. Y como es costumbre, no solo en Alemania, cualquier movilizaci\u00f3n contra la pol\u00edtica de los gobiernos es acusada de hacer el juego a la derecha, o, en relaci\u00f3n con Palestina, de ser antisemita.<\/span><\/span><\/span><\/p>\n<p style=\"text-align: justify;\"><span style=\"font-family: Times LT Std, sans-serif;\"><span style=\"font-size: medium;\"><span lang=\"es-ES-u-co-trad\">La \u201ccondena\u201d contra los campesinos ha sido adoptada por todos los partidos, por la mayor\u00eda de los medios de prensa. En la p\u00e1gina de Twitter del Partido de la Izquierda Die Linke en el land de Schleswig-Holstein se hizo un llamamiento a la solidaridad con Habeck, apoyando la pol\u00edtica del gobierno tripartito. <\/span><\/span><\/span><\/p>\n<p style=\"text-align: justify;\"><span style=\"font-family: Times LT Std, sans-serif;\"><span style=\"font-size: medium;\"><span lang=\"es-ES-u-co-trad\">Hay una excepci\u00f3n: Sahra Wagenknecht, que recientemente, junto con grupo de diputados, rompi\u00f3 con la direcci\u00f3n de Die Linke declar\u00f3 su apoyo a la revuelta de los agricultores: <\/span><\/span><\/span><span style=\"font-family: Times LT Std, sans-serif;\"><span style=\"font-size: medium;\"><span lang=\"es-ES-u-co-trad\"><i>\u00abEl sem\u00e1foro (gobierno tripartito) convierte a los granjeros en vacas lecheras por sus pol\u00edticas fallidas. Cada euro de carga adicional para los agricultores alemanes es demasiado. Apoyo las protestas y pido al gobierno federal que retire por completo las supresiones previstas. Es vergonzoso que Habeck se presente ahora como una v\u00edctima de las protestas\u00bb. \u00abEn lugar de quejarse con l\u00e1grimas en los ojos de las protestas, el gobierno federal deber\u00eda estar agradecido a todos los que todav\u00eda cultivan en Alemania hoy en d\u00eda. Necesitamos la abolici\u00f3n del absurdo precio del CO<\/i><\/span><\/span><\/span><span style=\"font-family: Times New Roman, sans-serif;\"><span style=\"font-size: medium;\"><span lang=\"es-ES-u-co-trad\"><i>\u2082<\/i><\/span><\/span><\/span><span style=\"font-family: Times LT Std, sans-serif;\"><span style=\"font-size: medium;\"><span lang=\"es-ES-u-co-trad\"><i>, la reversi<\/i><\/span><\/span><\/span><span style=\"font-family: Times LT Std, sans-serif;\"><span style=\"font-size: medium;\"><span lang=\"es-ES-u-co-trad\"><i>\u00f3<\/i><\/span><\/span><\/span><span style=\"font-family: Times LT Std, sans-serif;\"><span style=\"font-size: medium;\"><span lang=\"es-ES-u-co-trad\"><i>n de todos los recortes agr<\/i><\/span><\/span><\/span><span style=\"font-family: Times LT Std, sans-serif;\"><span style=\"font-size: medium;\"><span lang=\"es-ES-u-co-trad\"><i>\u00ed<\/i><\/span><\/span><\/span><span style=\"font-family: Times LT Std, sans-serif;\"><span style=\"font-size: medium;\"><span lang=\"es-ES-u-co-trad\"><i>colas y un importante programa de ayuda a la agricultura para evitar que las explotaciones agr\u00edcolas mueran\u00bb<\/i><\/span><\/span><\/span><span style=\"font-family: Times LT Std, sans-serif;\"><span style=\"font-size: medium;\"><span lang=\"es-ES-u-co-trad\"> (todas las citas est\u00e1n sacadas de <\/span><\/span><\/span><span style=\"font-family: Times LT Std, sans-serif;\"><span style=\"font-size: medium;\"><span lang=\"es-ES-u-co-trad\"><i>Tagespiegel <\/i><\/span><\/span><\/span><span style=\"font-family: Times LT Std, sans-serif;\"><span style=\"font-size: medium;\"><span lang=\"es-ES-u-co-trad\">del 5 de enero de 2024.<\/span><\/span><\/span><\/p>\n<p style=\"text-align: justify;\"><strong><span style=\"font-family: Times LT Std, sans-serif;\"><span style=\"font-size: medium;\"><span lang=\"es-ES-u-co-trad\">En la conferencia de prensa del lunes 8, d\u00eda de la fundaci\u00f3n del nuevo partido Alianza con Sahra <\/span><\/span><\/span><\/strong><span style=\"font-family: Times LT Std, sans-serif;\"><span style=\"font-size: medium;\"><span lang=\"es-ES-u-co-trad\">Wagenknecht (BSW)<\/span><\/span><\/span><strong><span style=\"font-family: Times LT Std, sans-serif;\"><span style=\"font-size: medium;\"><span lang=\"es-ES-u-co-trad\">, que tuvo lugar paralelamente al inicio de la semana de acci\u00f3n de los agricultores y su lucha, el partido BSW tambi\u00e9n expres\u00f3 su solidaridad con los campesinos y su lucha. <\/span><\/span><\/span><\/strong><strong><span style=\"font-family: Times LT Std, sans-serif;\"><span style=\"font-size: medium;\"><span lang=\"es-ES-u-co-trad\"><i>\u00abLas protestas de los agricultores muestran de manera impresionante cu\u00e1n grande es el resentimiento contra la pol\u00edtica catastr\u00f3fica del sem\u00e1foro (gobierno tripartito) , que est\u00e1 cargando a los ciudadanos y a las peque\u00f1as empresas con m\u00e1s y m\u00e1s costos. Es hora de la raz\u00f3n y la justicia, por eso hoy fundamos el nuevo partido \u00abAlianza Sahra Wagenknecht\u00bb<\/i><\/span><\/span><\/span><\/strong><strong><span style=\"font-family: Times LT Std, sans-serif;\"><span style=\"font-size: medium;\"><span lang=\"es-ES-u-co-trad\">. (Facebook de Sevim Dagdelen del 9.1.2024)<\/span><\/span><\/span><\/strong><\/p>\n<p style=\"text-align: justify;\"><span style=\"font-family: Times LT Std, sans-serif;\"><span style=\"font-size: medium;\"><span lang=\"es-ES-u-co-trad\">Harri Gr\u00fcnberg, del Consejo de Portavoces de Was Tun?!<\/span><\/span><\/span><i> <\/i><span style=\"font-family: Times LT Std, sans-serif;\"><span style=\"font-size: medium;\"><span lang=\"es-ES-u-co-trad\">(Qu\u00e9 Hacer):<\/span><\/span><\/span><span style=\"font-family: Times LT Std, sans-serif;\"><span style=\"font-size: medium;\"><span lang=\"es-ES-u-co-trad\"><i> \u00abSahra Wagenknecht expresa su solidaridad con los agricultores que se manifiestan, eso es algo bueno. El gobierno sem\u00e1foro tiene que desaparecer\u00bb. <\/i><\/span><\/span><\/span><span style=\"font-family: Times LT Std, sans-serif;\"><span style=\"font-size: medium;\"><span lang=\"es-ES-u-co-trad\">Andreas Gr\u00fcnwald, tambi\u00e9n de Was Tun, protest\u00f3 contra la solidaridad de la izquierda con un ministro del Gobierno<\/span><\/span><\/span><span style=\"font-family: Times LT Std, sans-serif;\"><span style=\"font-size: medium;\"><span lang=\"es-ES-u-co-trad\"><i>: \u00abAl principio pens\u00e9: es una falsificaci\u00f3n. Pero ese no parece ser el caso, porque est\u00e1 publicado en la p\u00e1gina de Twitter del partido en Schleswig-Holstein. As\u00ed que, entonces: solidaridad con Robert Habeck, uno de los principales actores del actual expolio de la poblaci\u00f3n. (&#8230;) Solidaridad con uno de estos sinverg\u00fcenzas neoliberales, al tiempo que denuncia las protestas de los campesinos, que en masa \u2013y con enormes jornadas de trabajo\u2013 ganan menos para s\u00ed mismos que muchos trabajadores de la gran industria. (&#8230;) \u00bfSolidaridad con Olaf Scholz porque cada vez lo abuchean m\u00e1s cuando aparece en alg\u00fan lugar? \u00bfO solidaridad con la Sra. Baerbock, ministra ecologista de Asuntos Exteriores caracterizada por ser la m\u00e1s implicada en el env\u00edo de armas a Ucrania?\u201d<\/i><\/span><\/span><\/span><\/p>\n<h3><span lang=\"es-ES-u-co-trad\">\u00bfLa protesta campesina \u00absecuestrada\u00bb por la derecha?<\/span><\/h3>\n<h3><span lang=\"es-ES-u-co-trad\">Renovada campa\u00f1a de desprestigio controlada por el Gobierno<\/span><\/h3>\n<p style=\"text-align: justify;\"><span style=\"font-family: Times LT Std, sans-serif;\"><span style=\"font-size: medium;\"><span lang=\"es-ES-u-co-trad\">A continuaci\u00f3n, citamos un comentario en el <\/span><\/span><\/span><span style=\"font-family: Times LT Std, sans-serif;\"><span style=\"font-size: medium;\"><span lang=\"es-ES-u-co-trad\"><i>Junge Welt<\/i><\/span><\/span><\/span><span style=\"font-family: Times LT Std, sans-serif;\"><span style=\"font-size: medium;\"><span lang=\"es-ES-u-co-trad\"> del 8 de enero de 2024: <\/span><\/span><\/span><\/p>\n<p style=\"text-align: justify;\"><a name=\"_GoBack\"><\/a> \u201c<span style=\"font-family: Times LT Std, sans-serif;\"><span style=\"font-size: medium;\"><span lang=\"es-ES-u-co-trad\"><i>Los creadores de estado de \u00e1nimo y opini\u00f3n reciben el encargo de encabezar la campa\u00f1a: los columnistas m\u00e1s afamados del S\u00fcddeutsche Zeitung, Taz y Spiegel. Desde el refugio de sus redacciones, disparan desde todos los g\u00e9neros, imitan a los francotiradores period\u00edsticos del gobierno sem\u00e1foro de guerra y pobreza. El enemigo interno estacional del Estado est\u00e1 marcado: los que se han salido de los l\u00edmites, los que se han vuelto locos; ya no con horca y guada\u00f1a, sino con monstruos de caballos de fuerza fuertemente motorizados. El tono: la movilizaci\u00f3n de los campesinos amenaza con volverse \u00abantidemocr\u00e1tica\u00bb, las formas individuales de acci\u00f3n abandonan la base del Estado de derecho. Y en el fondo, la plebe rural es reaccionaria, protofascista infiltrada. Los pol\u00edticos verdes, junto con los portavoces de otros grupos parlamentarios, propagaron r\u00e1pidamente la idea de mantenerse al margen de las protestas. Precisamente porque participaron en ellas derechistas y nazis\u201c. <\/i><\/span><\/span><\/span><\/p>\n<p class=\"western\" style=\"text-align: justify;\" align=\"justify\"><span style=\"font-family: Times LT Std, sans-serif;\"><span style=\"font-size: medium;\"><span lang=\"es-ES-u-co-trad\">Como vemos, los periodistas defensores de la pol\u00edtica de guerra y pobreza del gobierno no dudan en calumniar a los campesinos que luchan por su supervivencia contra los intereses voraces de las multinacionales. A esto hay que a\u00f1adir que los partidos de la derecha y extrema derecha, CDU\/CSU y la AfD, votaron a favor de la abolici\u00f3n de las subvenciones a las empresas agr\u00edcolas en el Bundestag. La AfD rechaza por completo las subvenciones a los agricultores.<\/span><\/span><\/span><\/p>\n","protected":false},"excerpt":{"rendered":"<p>Carta Semanal 974 en catal\u00e1n Carta Semanal 974 para descargar en PDF Esta Carta ha sido redactada inspir\u00e1ndose ampliamente en un art\u00edculo del peri\u00f3dico alem\u00e1n SOPODE. Este lunes 15 de enero se prev\u00e9 en Berl\u00edn, capital de la Rep\u00fablica Federal Alemana, una manifestaci\u00f3n central de campesinos de todos los l\u00e4nder del pa\u00eds. Los campesinos est\u00e1n [&hellip;]<\/p>\n","protected":false},"author":1,"featured_media":0,"comment_status":"open","ping_status":"open","sticky":false,"template":"","format":"standard","meta":{"ngg_post_thumbnail":0,"footnotes":""},"categories":[1],"tags":[1057,891,1089],"class_list":["post-8128","post","type-post","status-publish","format-standard","hentry","category-uncategorized","tag-agricultores","tag-alemania","tag-movilizaciones"],"aioseo_notices":[],"_links":{"self":[{"href":"https:\/\/posicuarta.org\/cartasblog\/wp-json\/wp\/v2\/posts\/8128","targetHints":{"allow":["GET"]}}],"collection":[{"href":"https:\/\/posicuarta.org\/cartasblog\/wp-json\/wp\/v2\/posts"}],"about":[{"href":"https:\/\/posicuarta.org\/cartasblog\/wp-json\/wp\/v2\/types\/post"}],"author":[{"embeddable":true,"href":"https:\/\/posicuarta.org\/cartasblog\/wp-json\/wp\/v2\/users\/1"}],"replies":[{"embeddable":true,"href":"https:\/\/posicuarta.org\/cartasblog\/wp-json\/wp\/v2\/comments?post=8128"}],"version-history":[{"count":6,"href":"https:\/\/posicuarta.org\/cartasblog\/wp-json\/wp\/v2\/posts\/8128\/revisions"}],"predecessor-version":[{"id":8136,"href":"https:\/\/posicuarta.org\/cartasblog\/wp-json\/wp\/v2\/posts\/8128\/revisions\/8136"}],"wp:attachment":[{"href":"https:\/\/posicuarta.org\/cartasblog\/wp-json\/wp\/v2\/media?parent=8128"}],"wp:term":[{"taxonomy":"category","embeddable":true,"href":"https:\/\/posicuarta.org\/cartasblog\/wp-json\/wp\/v2\/categories?post=8128"},{"taxonomy":"post_tag","embeddable":true,"href":"https:\/\/posicuarta.org\/cartasblog\/wp-json\/wp\/v2\/tags?post=8128"}],"curies":[{"name":"wp","href":"https:\/\/api.w.org\/{rel}","templated":true}]}}