{"id":8276,"date":"2024-03-11T20:27:21","date_gmt":"2024-03-11T18:27:21","guid":{"rendered":"http:\/\/posicuarta.org\/cartasblog\/?p=8276"},"modified":"2024-03-25T17:10:28","modified_gmt":"2024-03-25T15:10:28","slug":"v-congreso-del-nar-partido-por-la-liberacion-comunista-de-grecia","status":"publish","type":"post","link":"https:\/\/posicuarta.org\/cartasblog\/v-congreso-del-nar-partido-por-la-liberacion-comunista-de-grecia\/","title":{"rendered":"V Congreso del NAR (Partido por la Liberaci\u00f3n Comunista) de Grecia"},"content":{"rendered":"<header>\n<h1><a href=\"https:\/\/posicuarta.org\/cartasblog\/v-congres-del-nar-partit-per-lalliberament-comunista-de-grecia\/\">Carta Semanal 982 en catal\u00e1n<\/a><\/h1>\n<\/header>\n<h1><a href=\"http:\/\/posicuarta.org\/cartasblog\/wp-content\/uploads\/2024\/03\/Carta_982_NAR.pdf\">Carta Semanal 982 para descargar en PDF<\/a><\/h1>\n<p class=\"p1\" style=\"text-align: justify;\"><a href=\"http:\/\/posicuarta.org\/cartasblog\/wp-content\/uploads\/2024\/03\/Carta_982_NAR.pdf\"><img loading=\"lazy\" decoding=\"async\" class=\"alignleft wp-image-8281\" src=\"http:\/\/posicuarta.org\/cartasblog\/wp-content\/uploads\/2024\/03\/Carta_982_NAR-212x300.jpg\" alt=\"\" width=\"150\" height=\"212\" srcset=\"https:\/\/posicuarta.org\/cartasblog\/wp-content\/uploads\/2024\/03\/Carta_982_NAR-212x300.jpg 212w, https:\/\/posicuarta.org\/cartasblog\/wp-content\/uploads\/2024\/03\/Carta_982_NAR-724x1024.jpg 724w, https:\/\/posicuarta.org\/cartasblog\/wp-content\/uploads\/2024\/03\/Carta_982_NAR-106x150.jpg 106w, https:\/\/posicuarta.org\/cartasblog\/wp-content\/uploads\/2024\/03\/Carta_982_NAR-768x1086.jpg 768w, https:\/\/posicuarta.org\/cartasblog\/wp-content\/uploads\/2024\/03\/Carta_982_NAR-1086x1536.jpg 1086w, https:\/\/posicuarta.org\/cartasblog\/wp-content\/uploads\/2024\/03\/Carta_982_NAR-1448x2048.jpg 1448w, https:\/\/posicuarta.org\/cartasblog\/wp-content\/uploads\/2024\/03\/Carta_982_NAR-624x882.jpg 624w, https:\/\/posicuarta.org\/cartasblog\/wp-content\/uploads\/2024\/03\/Carta_982_NAR-scaled.jpg 1810w\" sizes=\"auto, (max-width: 150px) 100vw, 150px\" \/><\/a>A primeros de marzo se realiz\u00f3 el V Congreso del NAR (Partido por la Liberaci\u00f3n Comunista) de Grecia. Una delegaci\u00f3n del Secretariado Internacional de la IV Internacional estuvo invitada a este evento. Anteriormente en el X Congreso de la IV (Congreso Abierto) una delegaci\u00f3n del NAR particip\u00f3 plenamente en los debates del Congreso. La IV Internacional y el NAR tienen diferencias program\u00e1ticas en diversos aspectos. Sin embargo tienen acuerdos en cuestiones esenciales, tales como el car\u00e1cter de la guerra de Ucrania y la lucha contra ella, la actitud<span class=\"Apple-converted-space\">&nbsp; <\/span>de fraternidad obrera internacionalista con el pueblo y los trabajadores de Turqu\u00eda y particularmente sobre la importancia central de la lucha del pueblo palestino por su liberaci\u00f3n contra el Estado sionista, y los gobiernos imperialistas o \u201c\u00e1rabes\u201d que lo apoyan. Esto da lugar a que se desarrollen combates en com\u00fan y que continuemos el debate en pro del reforzamiento de las organizaciones obreras y revolucionarias en cada pa\u00eds y a escala internacional.<!--more--><\/p>\n<p class=\"p1\" style=\"text-align: justify;\">Publicamos en esta carta elementos esenciales del Informe al Congreso y la resoluci\u00f3n de su Comisi\u00f3n Internacional<\/p>\n<p class=\"p3\" style=\"text-align: justify;\">Le\u00eddo en <i>Informations ouvri\u00e8res <\/i>n.\u00ba 798<\/p>\n<h3 class=\"p5\" style=\"text-align: justify;\"><b>Culmina con \u00e9xito el V Congreso de la NAR<\/b><\/h3>\n<p class=\"p3\" style=\"text-align: justify;\"><b>A modo de recomendaciones\u2026<\/b><\/p>\n<p class=\"p3\" style=\"text-align: justify;\">Extractos del informe introductorio de <b>Michaelis Papamakario<\/b>, miembro saliente del comit\u00e9 pol\u00edtico<\/p>\n<p class=\"p3\" style=\"text-align: justify;\">Estamos hoy aqu\u00ed en la apertura del V Congreso, despu\u00e9s de haber atravesado una larga serie de fen\u00f3menos sin precedentes, tales como la pandemia, la agudizaci\u00f3n de los problemas sociales, los estallidos b\u00e9licos, las sucesivas batallas electorales y los grandes acontecimientos y tareas cin\u00e9ticas, como nuestra contribuci\u00f3n a la gran batalla actual de la educaci\u00f3n y el movimiento estudiantil, en la que nuestras fuerzas se han manifestado desde el primer momento y sin vacilaci\u00f3n alguna, desempe\u00f1ando un papel decisivo en su desarrollo.<\/p>\n<h3 class=\"p3\" style=\"text-align: justify;\"><b>Celebramos nuestra conferencia en un momento cr\u00edtico<\/b><\/h3>\n<p class=\"p3\" style=\"text-align: justify;\">Creemos que la resoluci\u00f3n de la crisis estructural del sistema ha sido an\u00e9mica e inestable. El hecho de la pandemia ha creado nuevos e importantes problemas en esta gesti\u00f3n an\u00e9mica de la crisis. A pesar de su desarrollo realizado sobre la base de una reversi\u00f3n hist\u00f3rica de los derechos de la clase obrera mundial desde la aplicaci\u00f3n de la reestructuraci\u00f3n reaccionaria del per\u00edodo 2010-2015 hasta hoy, el capitalismo moderno es presa de una crisis continua y m\u00faltiple, que amenaza a los trabajadores, el medio ambiente, trae la guerra, el totalitarismo reaccionario y el oscurantismo.<\/p>\n<p class=\"p3\" style=\"text-align: justify;\">Las rivalidades intracapitalistas se intensifican. La guerra ha vuelto al continente europeo con el conflicto b\u00e9lico entre los dos bloques capitalistas reaccionarios en Ucrania, que, con sus altibajos, dura ya dos a\u00f1os. Se trata de un moderno enfrentamiento b\u00e9lico entre las fuerzas del capital, en el que lo que est\u00e1 en juego es crucial.<\/p>\n<p class=\"p3\" style=\"text-align: justify;\">Oriente Medio se convierte en el segundo punto de conflicto, con el Estado criminal y terrorista de Israel arrasando Gaza y llevando a cabo una pol\u00edtica de genocidio contra los palestinos, con el apoyo del bloque imperialista de Estados Unidos\/Uni\u00f3n Europea, actuando como avanzadilla del imperialismo occidental en Oriente Medio. El Mar de China Meridional es el pr\u00f3ximo escenario de un conflicto entre Estados Unidos y China, con consecuencias incalculables. El Estado griego, a trav\u00e9s de las decisiones de sus gobiernos y con el consentimiento de todo el bloque burgu\u00e9s, est\u00e1 implicado activamente en los planes de guerra de EEUU\/OTAN\/UE para servir a los intereses del capital griego y en relaci\u00f3n con la competencia desleal de las clases burguesas en el mercado de ambas costas Grecia-Turqu\u00eda. La cuesti\u00f3n de la prevenci\u00f3n de la guerra mediante un nuevo movimiento antibelicista, con una izquierda anticapitalista y comunista moderna en su seno, ya no es un proyecto propagand\u00edstico sino una necesidad para la supervivencia de los pueblos. Pero, \u00bfc\u00f3mo \u00ableer\u00bb la situaci\u00f3n actual? De ninguna manera de forma ambigua o superficial. Sinceramente, \u00bfqui\u00e9n de nosotros esperaba la irrupci\u00f3n masiva del movimiento estudiantil? En efecto, la dominaci\u00f3n pol\u00edtica de la Nueva Democracia (ND), el consenso profundo de la oposici\u00f3n, la situaci\u00f3n del propio movimiento estudiantil y de la izquierda en las escuelas impon\u00edan una movilizaci\u00f3n por el precio de las armas, y las fuerzas dominantes de la izquierda estudiantil implementaron principalmente tal l\u00ednea al comienzo de la lucha. \u00bfQu\u00e9 pas\u00f3 despu\u00e9s de todo eso, sino la confluencia de la rabia contenida y el miedo al futuro de miles de j\u00f3venes con una l\u00ednea de lucha militante para bloquear el proyecto de ley? Y 2024 no es 2006-2007, ahora, pol\u00edtica y cinematogr\u00e1ficamente, las cosas est\u00e1n peor. En 2006-2007, la izquierda no hab\u00eda sido corrompida por la experiencia de Syriza, la EAAK <i>(coalici\u00f3n de extrema izquierda, Ndt) <\/i>no era una c\u00e1scara vac\u00eda como lo es hoy, y los sindicatos estudiantiles tampoco hab\u00edan sido tan desestructurados. Y sin embargo, el 8 de febrero, Atenas zozobr\u00f3 y la posibilidad real de una ruptura con la pol\u00edtica gubernamental se hizo evidente. Hoy es 8 de febrero.<\/p>\n<h3 class=\"p3\" style=\"text-align: justify;\"><b>Semanas de lucha<\/b><\/h3>\n<p class=\"p3\" style=\"text-align: justify;\">En el movimiento estudiantil que hemos visto desarrollarse en los \u00faltimos 2 meses, han surgido elementos importantes que deben ser discutidos con mayor profundidad. Se ha revelado la posibilidad de desarrollar y de alguna manera ganar o incluso imponer la necesaria acci\u00f3n conjunta de las fuerzas combatientes contra el bloque burgu\u00e9s organizado y reaccionario que intenta por todos los medios aplastar la lucha.<\/p>\n<p class=\"p3\" style=\"text-align: justify;\">En los a\u00f1os de los memorandos, cuando el pueblo, desangr\u00e1ndose en las calles, lleg\u00f3 a cuestionar elementos centrales de la pol\u00edtica nacional, fueron Syriza con la propuesta de su \u00abgobierno de izquierdas\u00bb y el KKE con \u00abser\u00eda un desastre salir del euro\u00bb y su abstenci\u00f3n en la votaci\u00f3n popular del NO los que hicieron retroceder al movimiento, le privaron de perspectiva, temieron el conflicto y lo llevaron a la derrota. Incluso recientemente, durante la gran lucha por el crimen de Tempi, fue el KKE el que pele\u00f3 para impedir que la lucha \u00abdegenerara\u00bb pol\u00edticamente, para no adoptar la exigencia de \u00abnacionalizaci\u00f3n sin indemnizaci\u00f3n de la compa\u00f1\u00eda Hellenic Train, por un uso exclusivamente p\u00fablico del ferrocarril\u00bb porque esto hubiera implicado el riesgo de crear una fractura dentro de la pol\u00edtica dominante, reduciendo su acci\u00f3n a apoyar una comisi\u00f3n de investigaci\u00f3n, de cuyo fracaso hemos sido testigos recientemente. En ambos casos, lo que qued\u00f3 patente fue el vac\u00edo de una fuerza de referencia y de intervenci\u00f3n pansocial que jugara un papel unificador en el movimiento de masas, uniendo sus secciones enfrentadas para formar un frente fuerte de lucha contra el gobierno, la UE y la oposici\u00f3n consensual.<\/p>\n<p class=\"p3\" style=\"text-align: justify;\">No estamos de acuerdo con la l\u00f3gica del catastrofismo, de la derrota total del movimiento sindical, que no deja lugar a grandes discursos ni a grandes acciones. Por supuesto, entendemos que el golpe asestado al movimiento obrero es muy profundo, pero para nosotros esto significa que su reconstrucci\u00f3n de clase y su reconstrucci\u00f3n pol\u00edtica deben ir de la mano.<\/p>\n<p class=\"p3\" style=\"text-align: justify;\">En respuesta, en el contexto de esta lucha en constante evoluci\u00f3n, identificamos lo que creemos que son las cuestiones cr\u00edticas que han asolado y siguen asolando a la izquierda.<\/p>\n<p class=\"p3\" style=\"text-align: justify;\">La \u201cgobernanza de izquierdas\u00bb y la apoteosis del parlamentarismo como medio hacia la mejora social es la primera de ellas.<\/p>\n<p class=\"p3\" style=\"text-align: justify;\">Desde este punto de vista, con nuestra presentaci\u00f3n en la conferencia, hacemos un llamamiento a la unidad anticapitalista en las batallas sociopol\u00edticas cr\u00edticas del momento y durante las elecciones europeas, pero tambi\u00e9n despu\u00e9s de ellas, con el objetivo de :<\/p>\n<p class=\"p3\" style=\"text-align: justify;\">&#8211; condenar al gobierno de ND y su pol\u00edtica, a favor de las fuerzas que luchan por su derrocamiento, contra las pol\u00edticas consensuadas de Syriza-Pasok;<\/p>\n<p class=\"p3\" style=\"text-align: justify;\">&#8211; derrotar a las fuerzas que apoyan la pol\u00edtica europea, el \u00abeurope\u00edsmo\u00bb, el capital, y fortalecer a las fuerzas que promueven la confrontaci\u00f3n decisiva con la pol\u00edtica europea, la pol\u00edtica de indisciplina &#8211; ruptura &#8211; desvinculaci\u00f3n de la misma;<\/p>\n<p class=\"p3\" style=\"text-align: justify;\">&#8211; dar un paso hacia el fortalecimiento y la reconstrucci\u00f3n de la izquierda combativa anticapitalista y revolucionaria, y construir a un nivel pol\u00edtico superior el potencial de la izquierda radical anticapitalista que se ha expresado en las batallas sociales y pol\u00edticas, pero tambi\u00e9n en las elecciones municipales y sobre todo regionales;<\/p>\n<p class=\"p3\" style=\"text-align: justify;\">&#8211; vencer el nacionalismo de extrema derecha, el supuesto \u00abeuroescepticismo\u00bb de la izquierda, el \u00abno\u00bb obrero e internacionalista a la UE.<\/p>\n<p class=\"p3\" style=\"text-align: justify;\">As\u00ed que \u00a1manos a la obra! y demos juntos el primer paso hacia el salto necesario en nuestro tiempo: construir la nueva organizaci\u00f3n de liberaci\u00f3n comunista.<\/p>\n<h2 class=\"p7\" style=\"text-align: justify;\"><b>Comunicado<\/b><\/h2>\n<p class=\"p3\" style=\"text-align: justify;\">\u00abEl Congreso ha sido un proceso colectivo y democr\u00e1tico esencial, con la participaci\u00f3n de m\u00e1s de 300 delegados en representaci\u00f3n de todas las estructuras organizativas de la NAR, as\u00ed como de decenas de invitados, militantes que forman parte de la lucha revolucionaria. Una particularidad de este V Congreso ha sido la contribuci\u00f3n sustancial realizada por una nueva generaci\u00f3n de militantes de nuestra organizaci\u00f3n que, a trav\u00e9s de sus posiciones pol\u00edticas, su contribuci\u00f3n al proceso de toma de decisiones y su participaci\u00f3n en las nuevas instancias elegidas, han aportado a los trabajos un soplo de aire y vitalidad.<\/p>\n<p class=\"p3\" style=\"text-align: justify;\">Decenas de delegados procedentes de todas las regiones del pa\u00eds y del extranjero, de diversos centros de trabajo, frentes y movimientos han pronunciado discursos en el congreso. El congreso ha recibido saludos de partidos griegos y extranjeros y ha tenido acceso a ricas<span class=\"Apple-converted-space\">&nbsp; <\/span>experiencias y propuestas para su decisi\u00f3n pol\u00edtica.<\/p>\n<p class=\"p3\" style=\"text-align: justify;\">El congreso ha estado de acuerdo en que nuestra organizaci\u00f3n debe entrar en una nueva fase tras sus treinta y cuatro a\u00f1os de historia. Como subraya la resoluci\u00f3n del Congreso:<\/p>\n<p class=\"p3\" style=\"text-align: justify;\">\u201cEl V Congreso se propone dar el paso decisivo hacia la formaci\u00f3n de una organizaci\u00f3n comunista m\u00e1s amplia, en un futuro inmediato. (&#8230;) La NAR emerge de su V Congreso con determinaci\u00f3n y un nuevo aliento para las grandes tareas y desaf\u00edos que deber\u00e1 afrontar en un futuro inmediato.<\/p>\n<p class=\"p3\" style=\"text-align: justify;\">Comisi\u00f3n de Asuntos Internacionales de Nar\u00bb, 4 de marzo de 2024\u00bb<\/p>\n","protected":false},"excerpt":{"rendered":"<p>Carta Semanal 982 en catal\u00e1n Carta Semanal 982 para descargar en PDF A primeros de marzo se realiz\u00f3 el V Congreso del NAR (Partido por la Liberaci\u00f3n Comunista) de Grecia. Una delegaci\u00f3n del Secretariado Internacional de la IV Internacional estuvo invitada a este evento. Anteriormente en el X Congreso de la IV (Congreso Abierto) una [&hellip;]<\/p>\n","protected":false},"author":1,"featured_media":0,"comment_status":"open","ping_status":"open","sticky":false,"template":"","format":"standard","meta":{"ngg_post_thumbnail":0,"footnotes":""},"categories":[61],"tags":[357,566],"class_list":["post-8276","post","type-post","status-publish","format-standard","hentry","category-cartas","tag-grecia","tag-iv-internacional"],"aioseo_notices":[],"_links":{"self":[{"href":"https:\/\/posicuarta.org\/cartasblog\/wp-json\/wp\/v2\/posts\/8276","targetHints":{"allow":["GET"]}}],"collection":[{"href":"https:\/\/posicuarta.org\/cartasblog\/wp-json\/wp\/v2\/posts"}],"about":[{"href":"https:\/\/posicuarta.org\/cartasblog\/wp-json\/wp\/v2\/types\/post"}],"author":[{"embeddable":true,"href":"https:\/\/posicuarta.org\/cartasblog\/wp-json\/wp\/v2\/users\/1"}],"replies":[{"embeddable":true,"href":"https:\/\/posicuarta.org\/cartasblog\/wp-json\/wp\/v2\/comments?post=8276"}],"version-history":[{"count":6,"href":"https:\/\/posicuarta.org\/cartasblog\/wp-json\/wp\/v2\/posts\/8276\/revisions"}],"predecessor-version":[{"id":8299,"href":"https:\/\/posicuarta.org\/cartasblog\/wp-json\/wp\/v2\/posts\/8276\/revisions\/8299"}],"wp:attachment":[{"href":"https:\/\/posicuarta.org\/cartasblog\/wp-json\/wp\/v2\/media?parent=8276"}],"wp:term":[{"taxonomy":"category","embeddable":true,"href":"https:\/\/posicuarta.org\/cartasblog\/wp-json\/wp\/v2\/categories?post=8276"},{"taxonomy":"post_tag","embeddable":true,"href":"https:\/\/posicuarta.org\/cartasblog\/wp-json\/wp\/v2\/tags?post=8276"}],"curies":[{"name":"wp","href":"https:\/\/api.w.org\/{rel}","templated":true}]}}