{"id":8508,"date":"2024-06-03T21:28:16","date_gmt":"2024-06-03T19:28:16","guid":{"rendered":"https:\/\/posicuarta.org\/cartasblog\/?p=8508"},"modified":"2024-06-05T21:14:15","modified_gmt":"2024-06-05T19:14:15","slug":"la-republica-por-la-que-luchamos","status":"publish","type":"post","link":"https:\/\/posicuarta.org\/cartasblog\/la-republica-por-la-que-luchamos\/","title":{"rendered":"La Rep\u00fablica por la que luchamos"},"content":{"rendered":"<header>\n<h1><a href=\"https:\/\/posicuarta.org\/cartasblog\/la-republica-per-la-qual-lluitem\/\">Carta Semanal 994 en catal\u00e1n<\/a><\/h1>\n<\/header>\n<h1><a href=\"http:\/\/posicuarta.org\/cartasblog\/wp-content\/uploads\/2024\/06\/Carta-994_Republica1-1.pdf\">Carta Semanal 994 para descargar en PDF<\/a><\/h1>\n<p style=\"line-height: 1.71429; margin-bottom: 1.71429rem;\"><a href=\"http:\/\/posicuarta.org\/cartasblog\/wp-content\/uploads\/2024\/06\/Carta-994_Republica1-1.pdf\"><img loading=\"lazy\" decoding=\"async\" class=\"alignleft wp-image-8511\" style=\"margin-top: 0.857143rem; margin-right: 1.71429rem; margin-bottom: 0.857143rem;\" src=\"http:\/\/posicuarta.org\/cartasblog\/wp-content\/uploads\/2024\/06\/Carta-994_Republica1-212x300.jpg\" alt=\"\" width=\"150\" height=\"212\" srcset=\"https:\/\/posicuarta.org\/cartasblog\/wp-content\/uploads\/2024\/06\/Carta-994_Republica1-212x300.jpg 212w, https:\/\/posicuarta.org\/cartasblog\/wp-content\/uploads\/2024\/06\/Carta-994_Republica1-724x1024.jpg 724w, https:\/\/posicuarta.org\/cartasblog\/wp-content\/uploads\/2024\/06\/Carta-994_Republica1-106x150.jpg 106w, https:\/\/posicuarta.org\/cartasblog\/wp-content\/uploads\/2024\/06\/Carta-994_Republica1-768x1086.jpg 768w, https:\/\/posicuarta.org\/cartasblog\/wp-content\/uploads\/2024\/06\/Carta-994_Republica1-1086x1536.jpg 1086w, https:\/\/posicuarta.org\/cartasblog\/wp-content\/uploads\/2024\/06\/Carta-994_Republica1-1448x2048.jpg 1448w, https:\/\/posicuarta.org\/cartasblog\/wp-content\/uploads\/2024\/06\/Carta-994_Republica1-624x882.jpg 624w, https:\/\/posicuarta.org\/cartasblog\/wp-content\/uploads\/2024\/06\/Carta-994_Republica1-scaled.jpg 1810w\" sizes=\"auto, (max-width: 150px) 100vw, 150px\" \/><\/a><\/p>\n<p class=\"p2\" style=\"text-align: justify;\">E<span style=\"text-align: justify; font-size: 1rem;\">n la preparaci\u00f3n de la marcha republicana del 16 de junio, por cuyo pleno \u00e9xito trabajamos, un compa\u00f1ero nos interroga sobre la posici\u00f3n del POSI en la lucha por la Rep\u00fablica.<\/span><\/p>\n<p class=\"p2\" style=\"text-align: justify;\">El POSI, desde su fundaci\u00f3n, ha inscrito en su programa la lucha por la Rep\u00fablica. De hecho, cuando fue fundado, en 1980, le fue negada la legalizaci\u00f3n por incluir en su programa la Rep\u00fablica. Incluso pretendieron prohibir la celebraci\u00f3n de nuestro congreso fundacional. Eran tiempos en que todos los grandes partidos de la clase trabajadora defend\u00edan que la Monarqu\u00eda establecida en 1978 era la democracia. Entonces, algunas de las formaciones que hoy dicen propugnar la Rep\u00fablica, defend\u00edan con todas sus fuerzas el r\u00e9gimen mon\u00e1rquico e, incluso, sus servicios de orden intentaban, en las manifestaciones, arrancar las banderas republicanas a quienes las exhib\u00edan, acus\u00e1ndoles de \u201cprovocadores\u201d. El POSI gan\u00f3, entonces, su legalizaci\u00f3n, con una campa\u00f1a pol\u00edtica que finalmente oblig\u00f3 a los tribunales a dictar sentencia favorable a nuestra legalidad.<!--more--><\/p>\n<p class=\"p2\" style=\"text-align: justify;\">Para algunos, la defensa de la rep\u00fablica se basa en un embellecimiento de la II Rep\u00fablica, que no compartimos. Si la II Rep\u00fablica fue destruida por el golpe militar fue, en buena medida, como consecuencia de sus propios errores. Y si el golpe militar triunf\u00f3 finalmente tras tres a\u00f1os de guerra fue por la defensa del orden republicano que los principales partidos y organizaciones levantaron frente a la revoluci\u00f3n obrera. A continuaci\u00f3n explicamos, brevemente, algunos de los elementos que definen nuestro combate por la Rep\u00fablica<\/p>\n<h3 class=\"p3\" style=\"text-align: justify;\"><b>Rep\u00fablica para acabar con el aparato de Estado heredado del franquismo<\/b><\/h3>\n<p class=\"p2\" style=\"text-align: justify;\">En la llamada \u201ctransici\u00f3n\u201d, los dirigentes de las principales organizaciones obreras, junto con la mayor\u00eda de los \u201cnacionalistas\u201d, impusieron a un movimiento que quer\u00eda acabar con todo el franquismo e imponer su programa social y democr\u00e1tico, la aceptaci\u00f3n de la monarqu\u00eda, encarnada en el heredero designado por Franco que, pocos d\u00edas antes de la muerte del dictador, a\u00fan presid\u00eda junto a \u00e9l un acto de apoyo a las \u00faltimas condenas de muerte del franquismo.<\/p>\n<p class=\"p2\" style=\"text-align: justify;\">Con el rey, se impuso el mantenimiento de todo el aparato de Estado del franquismo, que \u00e9l presid\u00eda, sin depuraci\u00f3n alguna. El mantenimiento del aparato judicial completo. Incluso los jueces del infame Tribunal de Orden P\u00fablico que desde 1963 se hab\u00eda especializado en la persecuci\u00f3n a sindicalistas y opositores pol\u00edticos fueron mantenidos y el TOP reconvertido en Audiencia Nacional. El ej\u00e9rcito del 18 de julio fue mantenido tal cual, y se les neg\u00f3 la readmisi\u00f3n a los militares antifranquistas de la Uni\u00f3n Militar Democr\u00e1tica. Hoy, a quienes ponen en duda el car\u00e1cter franquista de este ej\u00e9rcito, hemos de recordarles c\u00f3mo m\u00e1s de mil militares firman un manifiesto de ensalzamiento a Franco (eso s\u00ed, firman cuando pasan a la reserva y ya no pueden ser sancionados. Hasta entonces han cobrado sus sueldos y disfrutado de sus prebendas asegurando ser \u201cdem\u00f3cratas\u201d). Guardia civil y polic\u00eda fueron bautizadas como \u201cdemocr\u00e1ticas\u201d y aplaudidas por algunos dirigentes cuando llegan a reprimir. Incluso la Brigada de Investigaci\u00f3n Pol\u00edtico-Social (la polic\u00eda pol\u00edtica) se convirti\u00f3 en \u201cBrigada de Investigaci\u00f3n\u201d. Esas fuerzas policiales mantuvieron, especialmente en su lucha contra ETA, todas las viejas artes y el recurso generalizado a la tortura. Fue el caso de las detenciones de decenas de independentistas o \u201cindeseables\u201d para \u201cproteger\u201d los Juegos Ol\u00edmpicos de Barcelona. Hoy, los sindicatos ultrarreaccionarios Jupol y Jusapol son mayoritarios en ambos cuerpos policiales. Y las zonas de residencias militares son terreno abonado de Vox.<\/p>\n<p class=\"p2\" style=\"text-align: justify;\">La persecuci\u00f3n judicial contra cientos de sindicalistas en aplicaci\u00f3n del infame art\u00edculo 315.3, la persecuci\u00f3n contra Podemos, contra Alberto Rodr\u00edguez, contra M\u00f3nica Oltra, contra los republicanos catalanes, la maniobra contra Pedro S\u00e1nchez, y su oposici\u00f3n a la ley de Amnist\u00eda \u2013 mientras se suceden las absoluciones a los corruptos del PP y se permiten privilegios a los pocos que son condenados<span class=\"s1\">\u2013<\/span> demuestran que este aparato judicial <span class=\"s1\">\u2013<\/span>y todo el aparato de Estado<span class=\"s1\">\u2013<\/span> es un obst\u00e1culo formidable contra todo progreso democr\u00e1tico y social.<\/p>\n<p class=\"p2\" style=\"text-align: justify;\">De ah\u00ed la necesidad de la Rep\u00fablica para acabar con ese aparato de Estado.<\/p>\n<h3 class=\"p3\" style=\"text-align: justify;\"><b>El contenido democr\u00e1tico y social de la lucha por la Rep\u00fablica<\/b><\/h3>\n<p class=\"p2\" style=\"text-align: justify;\">No son pocos quienes objetan que nada se arreglar\u00eda por el mero hecho de cambiar un rey por un presidente electo. Tienen raz\u00f3n. Pero ese no es el contenido de la lucha por la Rep\u00fablica ni en la conciencia de las amplias masas ni en nuestro combate.<\/p>\n<p class=\"p2\" style=\"text-align: justify;\">En 1930, Trotsky escrib\u00eda, a prop\u00f3sito de la situaci\u00f3n en Espa\u00f1a: <i>\u201c<\/i><span class=\"s3\"><i>La divisa de <\/i>rep\u00fablica<i> es tambi\u00e9n, ni que decir tiene, la divisa del proletariado. Pero para \u00e9l no se trata simplemente de reemplazar al rey por un presidente, sino de un baldeo radical de toda la sociedad, destinado a limpiar a \u00e9sta de las inmundicias del feudalismo<\/i>\u201d.<\/span><\/p>\n<p class=\"p4\" style=\"text-align: justify;\">Y, a continuaci\u00f3n, Trotsky expon\u00eda el contenido que, para la clase trabajadora y el campesinado, ten\u00eda la lucha por la Rep\u00fablica: reforma agraria, expropiaci\u00f3n de los latifundios, libertad para los pueblos, separaci\u00f3n de la Iglesia y el Estado, \u201cUn programa radical de&nbsp;<i>legislaci\u00f3n social\u201d, <\/i>junto con<i> <\/i>\u201c<i>reivindicaciones de car\u00e1cter transitorio: nacionalizaci\u00f3n de los ferrocarriles, los cuales son todos en Espa\u00f1a de propiedad privada; nacionalizaci\u00f3n de las riquezas del subsuelo; nacionalizaci\u00f3n de los bancos; control obrero de la industria; en fin, reglamentaci\u00f3n de la econom\u00eda por el Estado.\u201d.<\/i><\/p>\n<p class=\"p4\" style=\"text-align: justify;\">La cuesti\u00f3n no es muy diferente ahora. Rep\u00fablica, en la conciencia de las masas y en el combate de los militantes de la IV Internacional, es reforma agraria, es separaci\u00f3n completa de la Iglesia y el Estado, es defensa de la Escuela P\u00fablica, de la Sanidad P\u00fablica, de los servicios p\u00fablicos, del sistema p\u00fablico de pensiones, es nacionalizaci\u00f3n de la banca, de las empresas energ\u00e9ticas y de las grandes empresas, es defensa de la industria y la agricultura, es expropiaci\u00f3n de los fondos buitre y los dem\u00e1s grandes propietarios para garantizar el derecho a la vivienda, es igualdad real y completa entre hombre y mujeres. Es anulaci\u00f3n de todas las leyes represivas y que limitan el derecho de huelga. Es ejercicio efectivo del derecho de los pueblos a decidir su futuro sin limitaci\u00f3n alguna. Es ruptura con la OTAN y eliminaci\u00f3n de las bases militares norteamericanas.<\/p>\n<p class=\"p4\" style=\"text-align: justify;\">Tambi\u00e9n la lucha de los trabajadores por la Rep\u00fablica tiene un importante significado para los campesinos, enfrentados al Pacto Verde igual que los trabajadores del autom\u00f3vil. Defender la soberan\u00eda de los pueblos de Europa pisoteados por ese Pacto Verde e intervenidos por los Fondos Europeos, en beneficio exclusivo del gran capital, de los latifundistas, principales beneficiarios de la PAC. Los campesinos, como los aut\u00f3nomos y peque\u00f1os comerciantes e industriales, son sangrados por los bancos y las multinacionales. Los trabajadores han de tejer alianzas<span class=\"Apple-converted-space\">&nbsp; <\/span>con ellos, en defensa de las libertades y derechos.<\/p>\n<p class=\"p1\">Y aqu\u00ed aparece una contradicci\u00f3n evidente: las directivas de la Comisi\u00f3n Europea, (que no rinde cuentas a nadie como por ejemplo en la aplicaci\u00f3n de los Fondos Europeos), intentan de hecho anular el papel de las instituciones nacionales, en particular el Congreso de los Diputados. O sea, intentan negar toda soberan\u00eda popular.<\/p>\n<p class=\"p1\">Rep\u00fablica es afirmar la soberan\u00eda popular contra instituciones, directivas y dem\u00e1s medidas que solo obedecen a los intereses del capital financiero.<\/p>\n<p class=\"p4\" style=\"text-align: justify;\">En este sentido, el combate por la Rep\u00fablica tiene un importante contenido democr\u00e1tico y social. Da un objetivo pol\u00edtico a las luchas por las reivindicaciones de los trabajadores, la juventud, los pensionistas y los pueblos que chocan con la sumisi\u00f3n de las principales organizaciones al marco de la Constituci\u00f3n Mon\u00e1rquica de 1978 y de las instituciones de la Monarqu\u00eda<\/p>\n<h3 class=\"p5\" style=\"text-align: justify;\"><b>La marcha republicana del 16 de junio<\/b><\/h3>\n<p class=\"p4\" style=\"text-align: justify;\">La convocatoria de una movilizaci\u00f3n de \u00e1mbito estatal por la Rep\u00fablica podr\u00eda ser un paso adelante en la construcci\u00f3n de un movimiento de ruptura con la Monarqu\u00eda. No es de extra\u00f1ar que muchas organizaciones le hayan dado la espalda, como es el caso de Sumar, Comprom\u00eds, los Comunes, organizaciones sometidas al marco de las instituciones de la Monarqu\u00eda. En el caso de las organizaciones nacionalistas, su decisi\u00f3n de no participar las mantiene en el callej\u00f3n sin salida cuya m\u00e1xima expresi\u00f3n fue el <i>Proc\u00e9s<\/i>, ya que las reivindicaciones de los pueblos no pueden alcanzar su objetivo sin buscar la alianza con la clase trabajadora de todo el Estado.<\/p>\n","protected":false},"excerpt":{"rendered":"<p>Carta Semanal 994 en catal\u00e1n Carta Semanal 994 para descargar en PDF En la preparaci\u00f3n de la marcha republicana del 16 de junio, por cuyo pleno \u00e9xito trabajamos, un compa\u00f1ero nos interroga sobre la posici\u00f3n del POSI en la lucha por la Rep\u00fablica. El POSI, desde su fundaci\u00f3n, ha inscrito en su programa la lucha [&hellip;]<\/p>\n","protected":false},"author":1,"featured_media":0,"comment_status":"open","ping_status":"open","sticky":false,"template":"","format":"standard","meta":{"ngg_post_thumbnail":0,"footnotes":""},"categories":[61],"tags":[1099,231],"class_list":["post-8508","post","type-post","status-publish","format-standard","hentry","category-cartas","tag-republica","tag-revolucion-espanola"],"aioseo_notices":[],"_links":{"self":[{"href":"https:\/\/posicuarta.org\/cartasblog\/wp-json\/wp\/v2\/posts\/8508","targetHints":{"allow":["GET"]}}],"collection":[{"href":"https:\/\/posicuarta.org\/cartasblog\/wp-json\/wp\/v2\/posts"}],"about":[{"href":"https:\/\/posicuarta.org\/cartasblog\/wp-json\/wp\/v2\/types\/post"}],"author":[{"embeddable":true,"href":"https:\/\/posicuarta.org\/cartasblog\/wp-json\/wp\/v2\/users\/1"}],"replies":[{"embeddable":true,"href":"https:\/\/posicuarta.org\/cartasblog\/wp-json\/wp\/v2\/comments?post=8508"}],"version-history":[{"count":12,"href":"https:\/\/posicuarta.org\/cartasblog\/wp-json\/wp\/v2\/posts\/8508\/revisions"}],"predecessor-version":[{"id":8530,"href":"https:\/\/posicuarta.org\/cartasblog\/wp-json\/wp\/v2\/posts\/8508\/revisions\/8530"}],"wp:attachment":[{"href":"https:\/\/posicuarta.org\/cartasblog\/wp-json\/wp\/v2\/media?parent=8508"}],"wp:term":[{"taxonomy":"category","embeddable":true,"href":"https:\/\/posicuarta.org\/cartasblog\/wp-json\/wp\/v2\/categories?post=8508"},{"taxonomy":"post_tag","embeddable":true,"href":"https:\/\/posicuarta.org\/cartasblog\/wp-json\/wp\/v2\/tags?post=8508"}],"curies":[{"name":"wp","href":"https:\/\/api.w.org\/{rel}","templated":true}]}}