{"id":8769,"date":"2024-09-16T21:21:36","date_gmt":"2024-09-16T19:21:36","guid":{"rendered":"https:\/\/posicuarta.org\/cartasblog\/?p=8769"},"modified":"2024-09-16T21:28:49","modified_gmt":"2024-09-16T19:28:49","slug":"la-classe-obrera-davant-la-immigracio","status":"publish","type":"post","link":"https:\/\/posicuarta.org\/cartasblog\/la-classe-obrera-davant-la-immigracio\/","title":{"rendered":"La classe obrera davant la q\u00fcesti\u00f3 de la immigraci\u00f3"},"content":{"rendered":"<h1 style=\"text-align: justify;\" data-wp-editing=\"1\"><a href=\"http:\/\/posicuarta.org\/cartasblog\/wp-content\/uploads\/2024\/09\/Carta1009_inmigracion_cat.pdf\">Carta Setmanal 1009 per descarregar en PDF<\/a><\/h1>\n<p class=\"p2\" style=\"text-align: justify;\"><a href=\"http:\/\/posicuarta.org\/cartasblog\/wp-content\/uploads\/2024\/09\/Carta1009_inmigracion_cat.pdf\"><img loading=\"lazy\" decoding=\"async\" class=\"alignleft wp-image-8771\" src=\"http:\/\/posicuarta.org\/cartasblog\/wp-content\/uploads\/2024\/09\/Carta1009_inmigracion_cat01-212x300.jpg\" alt=\"\" width=\"150\" height=\"212\" srcset=\"https:\/\/posicuarta.org\/cartasblog\/wp-content\/uploads\/2024\/09\/Carta1009_inmigracion_cat01-212x300.jpg 212w, https:\/\/posicuarta.org\/cartasblog\/wp-content\/uploads\/2024\/09\/Carta1009_inmigracion_cat01-724x1024.jpg 724w, https:\/\/posicuarta.org\/cartasblog\/wp-content\/uploads\/2024\/09\/Carta1009_inmigracion_cat01-106x150.jpg 106w, https:\/\/posicuarta.org\/cartasblog\/wp-content\/uploads\/2024\/09\/Carta1009_inmigracion_cat01-768x1086.jpg 768w, https:\/\/posicuarta.org\/cartasblog\/wp-content\/uploads\/2024\/09\/Carta1009_inmigracion_cat01-1086x1536.jpg 1086w, https:\/\/posicuarta.org\/cartasblog\/wp-content\/uploads\/2024\/09\/Carta1009_inmigracion_cat01-1448x2048.jpg 1448w, https:\/\/posicuarta.org\/cartasblog\/wp-content\/uploads\/2024\/09\/Carta1009_inmigracion_cat01-624x883.jpg 624w, https:\/\/posicuarta.org\/cartasblog\/wp-content\/uploads\/2024\/09\/Carta1009_inmigracion_cat01-scaled.jpg 1810w\" sizes=\"auto, (max-width: 150px) 100vw, 150px\" \/><\/a>La campanya de la dreta i la ultradreta contra els immigrants \u2013i la reacci\u00f3 de molts governs europeus assumint les seves tesis- incideix en un vell problema: la divisi\u00f3 de la poblaci\u00f3 treballadora en \u00abnadius\u00bb i \u00abestrangers\u00bb.&nbsp;<\/p>\n<p class=\"p2\" style=\"text-align: justify;\">Ja el 1870 escrivia Karl Marx: <i>\u00ab<\/i><span class=\"s1\"><i>la burgesia anglesa, a m\u00e9s d&#8217;explotar la mis\u00e8ria irlandesa per empitjorar la situaci\u00f3 de la classe obrera d&#8217;Anglaterra mitjan\u00e7ant la immigraci\u00f3 for\u00e7osa d&#8217;irlandesos pobres, va dividir el proletariat en dos camps enemics (&#8230;) a tots els grans centres industrials d&#8217;Anglaterra hi ha un profund antagonisme entre el proletari angl\u00e8s i l&#8217;irland\u00e8s. L&#8217;obrer mitj\u00e0 angl\u00e8s odia l&#8217;irland\u00e8s, al qual considera com un rival que fa que baixin els salaris i l <\/i>&#8216;est\u00e0ndard of life<i> (&#8230;) El mira gaireb\u00e9 com els <\/i>poor whites<i> dels Estats meridionals de Nord-am\u00e8rica miraven els esclaus negres. La burgesia fomenta i conserva artificialment aquest antagonisme entre els proletaris dins d&#8217;Anglaterra mateixa. Sap que en aquesta escissi\u00f3 del proletariat resideix l&#8217;aut\u00e8ntic secret del manteniment del seu poder\u00bb.<\/i><\/span><!--more--><\/p>\n<p class=\"p3\" style=\"text-align: justify;\">Al segle XXI, a m\u00e9s, \u00e9s la destrucci\u00f3 de la sanitat, de l&#8217;ensenyament p\u00fablic i de la protecci\u00f3 social la que alimenta les campanyes contra els immigrants.<\/p>\n<p class=\"p3\" style=\"text-align: justify;\">En aquests \u00faltims mesos hem assistit al nostre pa\u00eds a campanyes de la ultradreta, seguides per la dreta del PP, contra els immigrants. Campanyes que s&#8217;alimenten de bulos i falses not\u00edcies, com en el cas de Mocej\u00f3n (Toledo), on la mort a punyalades a un nen d&#8217;11 anys va donar lloc a una forta campanya, en la qual es buscava provocar incidents similars als que ha patit el Regne Unit, atribuint, falsament, el crim a un immigrant.<span class=\"Apple-converted-space\">&nbsp; <\/span>Per\u00f2 tamb\u00e9 a l&#8217;inhum\u00e0 espectacle de la negativa de les comunitats aut\u00f2nomes a acollir els 5.000 menors que abarroten els centres desbordats de Can\u00e0ries.<\/p>\n<p class=\"p3\" style=\"text-align: justify;\">La qual cosa no elimina la responsabilitat del govern, que mantenen la llei d&#8217;estrangeria i \u00e9s responsable de la situaci\u00f3 als enclavaments colonials de Ceuta i Melilla, on es va produir una <span class=\"s2\">important<\/span> matan\u00e7a d&#8217;entre 27 i 40 persones, segons les fonts, que intentaven entrar a la ciutat el juny del 2022.<\/p>\n<p class=\"p4\" style=\"text-align: justify;\"><span class=\"s1\">Per\u00f2 els qui assenyalen la ultradreta no poden ocultar com tant la Uni\u00f3 Europea com els governs van assumint les seves tesis. Com assenyala la premsa francesa a prop\u00f2sit del que acaba de succeir a Alemanya: <\/span>\u00ab<i>Immigraci\u00f3: Olaf Scholz aplica una reforma defensada per&#8230; Bardella<\/i>\u00bb (Le Point) <i>\u00abEl Govern alemany (el canceller socialdem\u00f2crata del qual, Olaf Scholz, lidera una coalici\u00f3 amb els Verds i els Liberals) va decidir el 10 de setembre restablir el control a les seves fronteres &#8216;com a part del refor\u00e7 de la lluita contra la immigraci\u00f3 il\u00b7legal. Els refugiats que van ingressar il\u00b7legalment poden ser retornats, va dir&#8217;<\/i>, va informar el diari Le Monde.<span class=\"Apple-converted-space\">&nbsp; <\/span><i>\u00abAmb controls a totes les fronteres d&#8217;Alemanya, la cancellera alemanya est\u00e0 assumint de facto la &#8216;doble frontera&#8217; defensada per Bardella durant les eleccions europees\u00bb<\/i>, comenta Le Point.<span class=\"Apple-converted-space\">&nbsp; <\/span>Despr\u00e9s de con\u00e8ixer la not\u00edcia, el primer ministre hongar\u00e8s, d&#8217;extrema dreta, Viktor Orban, est\u00e0 exultant: <i>\u00abAlemanya ha decidit imposar estrictes controls fronterers per aturar la immigraci\u00f3 il\u00b7legal. Scholz, benvingut al club\u00bb<\/i>.<\/p>\n<h3 class=\"p5\" style=\"text-align: justify;\"><b>I tanmateix&#8230;<\/b><\/h3>\n<p class=\"p2\" style=\"text-align: justify;\">Davant de tots els bulos i campanyes, el fet \u00e9s que, avui, la pres\u00e8ncia de poblaci\u00f3 immigrant \u00e9s essencial per al funcionament de l&#8217;economia i el futur del pa\u00eds.<\/p>\n<p class=\"p2\" style=\"text-align: justify;\">L&#8217;informe del Defensor del Poble (2019) <i>La contribuci\u00f3 de la <\/i><span class=\"s1\">immigraci\u00f3<i> a l&#8217;economia espanyola<\/i> mostra com \u00ab<\/span><i>La migraci\u00f3 no nom\u00e9s permet sostenir el creixement demogr\u00e0fic, sin\u00f3 que, a m\u00e9s, evita l&#8217;envelliment poblacional (&#8230;) la poblaci\u00f3 nouvinguda \u00e9s m\u00e9s jove que l&#8217;espanyola (&#8230;) D&#8217;altra banda, l&#8217;alleujament de l&#8217;envelliment es produeix per l&#8217;impacte de la immigraci\u00f3 en la taxa de fertilitat\u00bb<\/i><span class=\"s1\"><i>. <\/i>Tamb\u00e9 explica que<i> \u00ab<\/i><\/span><i>El creixement de la poblaci\u00f3 activa requereix actualment l&#8217;aportaci\u00f3 de for\u00e7a laboral estrangera i la seva ocupaci\u00f3 \u00e9s essencial per sostenir el nivell d&#8217;ocupaci\u00f3\u00bb, <\/i>i que<i> \u00abLa immigraci\u00f3 ha col\u00b7laborat a sostenir el progressiu increment de la taxa d&#8217;activitat femenina de les espanyoles\u00bb, <\/i> en permetre a les dones espanyoles delegar la tasca de cures de menors i grans en personal que<i> \u00ab\u00e9s majorit\u00e0riament femen\u00ed i estranger\u00bb<\/i><\/p>\n<p class=\"p2\" style=\"text-align: justify;\">Pel que fa a l&#8217;afirmaci\u00f3 que \u00abels immigrants roben la feina als espanyols\u00bb, l&#8217;informe explica que<i> \u00abLa realitat \u00e9s que els estrangers i els espanyols no tenim els mateixos llocs de treball; els estrangers ens \u00abtreuen\u00bb la necessitat de realitzar els pitjors treballs.<span class=\"Apple-converted-space\">&nbsp; <\/span><\/i>especialment en alguns sectors <i>\u00abcom el del servei dom\u00e8stic, ocupat en un 60 % per empleats estrangers (dones, en la pr\u00e0ctica totalitat) o l&#8217;hostaleria, que en termes de Seguretat Social contracta el 20 % de tots els assalariats entre els estrangers\u00bb<\/i>. Al que cal afegir les campanyes agr\u00edcoles.<\/p>\n<p class=\"p6\" style=\"text-align: justify;\"><span class=\"s3\">Per contra, com assenyalem en la Carta Setmanal 690, d&#8217;agost de 2018<i>, \u00ab<\/i><\/span><i>no han sigut els immigrants els responsables de la destrucci\u00f3 de les bones ocupacions de la sider\u00fargia, la construcci\u00f3 naval i la banca, o de la substituci\u00f3 de les bones ocupacions en les el\u00e8ctriques, les telecomunicacions, etc., per ETT i subcontractes ultraprec\u00e0ries. Ha estat el capital financer i els governs al seu servei, amb la Uni\u00f3 Europea com a principal animadora\u00bb.<\/i><\/p>\n<p class=\"p6\" style=\"text-align: justify;\">A m\u00e9s, bona part de les collites, sobretot a Almeria i Huelva, s\u00f3n recollides per immigrants en situaci\u00f3 irregular, a baix\u00edssim cost, que viuen en poblats de x\u00e0fecs. Un sistema pervers que permet a empresaris agr\u00edcoles sense escr\u00fapols obtenir ping\u00fces beneficis en pagar salaris molt per sota dels convenis col\u00b7lectius. A aquests explotadors els conv\u00e9 que hi hagi una m\u00e0 d&#8217;obra sense drets, que no pugui denunciar la seva situaci\u00f3 per por de ser expulsats del pa\u00eds. Tampoc \u00e9s que la gu\u00e0rdia civil o la inspecci\u00f3 de treball s&#8217;esforcin gaire a perseguir aquests empresaris delinq\u00fcents.<\/p>\n<h3 class=\"p5\" style=\"text-align: justify;\"><b>S\u00f3n expulsats dels seus pa\u00efsos per la pol\u00edtica de l&#8217;imperialisme<\/b><\/h3>\n<p class=\"p2\" style=\"text-align: justify;\">Milers d&#8217;homes i dones desesperats es llancen al mar, en embarcacions prec\u00e0ries, jugant-se la vida, per arribar a Europa. Durant anys ha estat sobretot al Mediterrani, per\u00f2 ara ha canviat en part pels acords de la UE amb L\u00edbia i Tun\u00edsia perqu\u00e8 organitzin una brutal persecuci\u00f3 contra els qui volen arribar a Europa des d&#8217;aquests pa\u00efsos.<\/p>\n<p class=\"p2\" style=\"text-align: justify;\">De manera que ara l&#8217;atenci\u00f3 s&#8217;ha dirigit cap als cadells que arriben a Can\u00e0ries, sense que els acords amb diversos pa\u00efsos d&#8217;origen paren aquesta onada, ja que, com les causes subjacents que porten milers d&#8217;africans desesperats a emigrar continuen vigents, el que s&#8217;ha aconseguit \u00e9s un despla\u00e7ament de les sortides.&nbsp;<\/p>\n<p class=\"p2\" style=\"text-align: justify;\">Bona part d&#8217;aquests immigrants venen dels pa\u00efsos del Sahel, que pateixen una situaci\u00f3 molt dif\u00edcil. A la sequera, agreujada pel canvi clim\u00e0tic, s&#8217;hi afegeix el terrorisme yihadista. Que es nodreix dels milers d&#8217;armes repartits per la zona despr\u00e9s de la intervenci\u00f3 militar contra L\u00edbia el 2011.<\/p>\n<p class=\"p2\" style=\"text-align: justify;\">Sequera i terrorisme que se sumen al saqueig dels rics recursos naturals (or, urani, petroli, liti&#8230;) d&#8217;aquests pa\u00efsos.<span class=\"Apple-converted-space\">&nbsp; <\/span>Valgui com a exemple que N\u00edger, major productor mundial d&#8217;urani, nom\u00e9s es queda amb un 13% dels beneficis de l&#8217;extracci\u00f3 del mineral per companyia francesa Areva. Per garantir la continu\u00eftat d&#8217;aquest saqueig, les pot\u00e8ncies imperialistes promouen r\u00e8gims corruptes, sotmesos a l&#8217;imperialisme a canvi d&#8217;una -m\u00ednima- part del bot\u00ed, i fomenten guerres, rebel\u00b7lions territorials i, ara, insurg\u00e8ncies terroristes.<span class=\"Apple-converted-space\">&nbsp; &nbsp;<\/span><\/p>\n<p class=\"p2\" style=\"text-align: justify;\">El robatori de la riquesa nacional i l&#8217;exist\u00e8ncia de guerres i insurg\u00e8ncia terrorista provoquen la mis\u00e8ria i la fugida de milions.<\/p>\n<h3 class=\"p5\" style=\"text-align: justify;\"><b>La posici\u00f3 del moviment obrer<\/b><\/h3>\n<p class=\"p2\" style=\"text-align: justify;\">La combinaci\u00f3 de l&#8217;arribada de milions de migrants a Europa amb la destrucci\u00f3 de la Sanitat P\u00fablica, els serveis socials i els propis serveis d&#8217;acollida (factors que limiten la capacitat d&#8217;acollida), amb l&#8217;especulaci\u00f3 desenfrenada dels habitatges, aix\u00ed com una pol\u00edtica medi\u00e0tica c\u00f2mplice del racisme, \u00e9s una veritable bomba de temps contra la conviv\u00e8ncia de treballadors nadius i migrants. Per aix\u00f2, no n&#8217;hi ha prou amb les regularitzacions dels immigrants. No n&#8217;hi ha prou amb proclamar \u00abpapers per a tothom\u00bb, ni es pot parlar de <span class=\"s4\">fronteres obertes que portin els immigrants que arriben a una situaci\u00f3 de marginalitat, d&#8217;explotaci\u00f3 extrema i de segregaci\u00f3 en pisos-patera o poblats de barraques sense aigua potable, electricitat ni sanejament. <\/span><\/p>\n<p class=\"p7\" style=\"text-align: justify;\">\u00c9s imprescindible la planificaci\u00f3 de la producci\u00f3 i els serveis per a tothom, les conquestes socials de tots. A Europa hi hauria mitjans per acollir milions de refugiats, que a la UE nom\u00e9s representen l&#8217;1,5% de la poblaci\u00f3 (del qual la tercera part correspon a refugiats de la guerra d&#8217;Ucra\u00efna). Aix\u00f2 exigiria un pla central i a cada pa\u00eds de construcci\u00f3 d&#8217;infraestructures, allotjaments, escoles, hospitals, per superar les mancances que pateix la poblaci\u00f3 local i atendre tamb\u00e9 els refugiats. L&#8217;any 1945<span class=\"s5\">,<\/span> despr\u00e9s de la guerra<span class=\"s5\">,<\/span> Alemanya va acollir 13 milions de refugiats que van participar en la reconstrucci\u00f3 del pa\u00eds. Un pla aix\u00ed, indispensable, avui trenca amb totes les exig\u00e8ncies del r\u00e8gim de la propietat privada dels mitjans de producci\u00f3.<\/p>\n<p class=\"p2\" style=\"text-align: justify;\"><span class=\"s6\">La lluita pels drets de tots ha d&#8217;incloure la lluita de nadius i immigrants per la derogaci\u00f3 de les reformes laborals (i les lleis d&#8217;Estrangeria), donant mitjans als <\/span>sindicats per defensar tots els treballadors: dret de vaga sense restriccions, lliure negociaci\u00f3 col\u00b7lectiva de convenis que tinguin car\u00e0cter de llei, v\u00e0lida per a tothom. \u00c9s a dir, en lloc d&#8217;assumir el discurs racista de la ultradreta i la dreta, els partits que es reclamen dels treballadors han d&#8217;ocupar el seu lloc derogant les lleis antisindicals, les reformes laborals, anul\u00b7lant les retallades de pensions i serveis p\u00fablics. No \u00e9s casualitat que el cop de Macron contra la voluntat popular s&#8217;estigui donant en rebuig al programa del Nou Front Popular, el programa del qual inclou la retirada de les lleis antiimmigrants i mesures d&#8217;urg\u00e8ncia per recuperar els serveis p\u00fablics.<\/p>\n<p class=\"p6\" style=\"text-align: justify;\"><span class=\"s3\">En \u00faltima inst\u00e0ncia, com senyal\u00e0vem a la Carta Setmanal abans esmentada, la soluci\u00f3 a la q\u00fcesti\u00f3 de la immigraci\u00f3 <\/span>passa per <i>\u00abacabar amb l&#8217;anarquia provocada pel capital, acabar amb aquesta anarquia \u00e9s el que pot permetre la uni\u00f3 lliure dels treballadors i els pobles d&#8217;Europa. Treballadors i pobles d&#8217;Europa que tendiran la m\u00e0 als pobles d&#8217;\u00c0frica i Orient Mitj\u00e0, saquejats per les multinacionals i el capital financer i els governs al seu servei\u00bb.<\/i><\/p>\n","protected":false},"excerpt":{"rendered":"<p>Carta Setmanal 1009 per descarregar en PDF La campanya de la dreta i la ultradreta contra els immigrants \u2013i la reacci\u00f3 de molts governs europeus assumint les seves tesis- incideix en un vell problema: la divisi\u00f3 de la poblaci\u00f3 treballadora en \u00abnadius\u00bb i \u00abestrangers\u00bb.&nbsp; Ja el 1870 escrivia Karl Marx: \u00abla burgesia anglesa, a m\u00e9s [&hellip;]<\/p>\n","protected":false},"author":1,"featured_media":0,"comment_status":"open","ping_status":"open","sticky":false,"template":"","format":"standard","meta":{"ngg_post_thumbnail":0,"footnotes":""},"categories":[976],"tags":[30,1146],"class_list":["post-8769","post","type-post","status-publish","format-standard","hentry","category-cartas-catalan","tag-clase-obrera","tag-inmigracion"],"aioseo_notices":[],"_links":{"self":[{"href":"https:\/\/posicuarta.org\/cartasblog\/wp-json\/wp\/v2\/posts\/8769","targetHints":{"allow":["GET"]}}],"collection":[{"href":"https:\/\/posicuarta.org\/cartasblog\/wp-json\/wp\/v2\/posts"}],"about":[{"href":"https:\/\/posicuarta.org\/cartasblog\/wp-json\/wp\/v2\/types\/post"}],"author":[{"embeddable":true,"href":"https:\/\/posicuarta.org\/cartasblog\/wp-json\/wp\/v2\/users\/1"}],"replies":[{"embeddable":true,"href":"https:\/\/posicuarta.org\/cartasblog\/wp-json\/wp\/v2\/comments?post=8769"}],"version-history":[{"count":5,"href":"https:\/\/posicuarta.org\/cartasblog\/wp-json\/wp\/v2\/posts\/8769\/revisions"}],"predecessor-version":[{"id":8778,"href":"https:\/\/posicuarta.org\/cartasblog\/wp-json\/wp\/v2\/posts\/8769\/revisions\/8778"}],"wp:attachment":[{"href":"https:\/\/posicuarta.org\/cartasblog\/wp-json\/wp\/v2\/media?parent=8769"}],"wp:term":[{"taxonomy":"category","embeddable":true,"href":"https:\/\/posicuarta.org\/cartasblog\/wp-json\/wp\/v2\/categories?post=8769"},{"taxonomy":"post_tag","embeddable":true,"href":"https:\/\/posicuarta.org\/cartasblog\/wp-json\/wp\/v2\/tags?post=8769"}],"curies":[{"name":"wp","href":"https:\/\/api.w.org\/{rel}","templated":true}]}}