{"id":9722,"date":"2026-04-08T17:29:44","date_gmt":"2026-04-08T15:29:44","guid":{"rendered":"https:\/\/posicuarta.org\/cartasblog\/?p=9722"},"modified":"2026-04-15T09:55:14","modified_gmt":"2026-04-15T07:55:14","slug":"50-aniversario-del-dia-de-la-tierra","status":"publish","type":"post","link":"https:\/\/posicuarta.org\/cartasblog\/50-aniversario-del-dia-de-la-tierra\/","title":{"rendered":"50 aniversario del d\u00eda de la tierra"},"content":{"rendered":"<h3><em> <a href=\"http:\/\/posicuarta.org\/cartasblog\/wp-content\/uploads\/2026\/04\/Carta-Semanal-1090-cat.pdf\">Carta Semanal 1090 en catatal\u00e1n<\/a><\/em><\/h3>\n<h3><em><a href=\"http:\/\/posicuarta.org\/cartasblog\/wp-content\/uploads\/2026\/04\/Carta-Semanal-1090-cast.pdf\">Carta Semanal 1090 para descargar en PDF<\/a><\/em><\/h3>\n<p><img loading=\"lazy\" decoding=\"async\" class=\"wp-image-9723 alignleft\" src=\"http:\/\/posicuarta.org\/cartasblog\/wp-content\/uploads\/2026\/04\/Carta-Semanal-1090-cast-e1775661776908-210x300.jpg\" alt=\"\" width=\"150\" height=\"215\" srcset=\"https:\/\/posicuarta.org\/cartasblog\/wp-content\/uploads\/2026\/04\/Carta-Semanal-1090-cast-e1775661776908-210x300.jpg 210w, https:\/\/posicuarta.org\/cartasblog\/wp-content\/uploads\/2026\/04\/Carta-Semanal-1090-cast-e1775661776908-105x150.jpg 105w, https:\/\/posicuarta.org\/cartasblog\/wp-content\/uploads\/2026\/04\/Carta-Semanal-1090-cast-e1775661776908.jpg 419w\" sizes=\"auto, (max-width: 150px) 100vw, 150px\" \/><\/p>\n<p><strong>Para la elaboraci\u00f3n de esta Carta nos hemos basado en diversos materiales publicados en <em>Informations Ouvri\u00e8res<\/em><\/strong><\/p>\n<p>Los palestinos celebran el 50 aniversario del d\u00eda de la tierra, mientras el genocidio se mantiene en Gaza y se extiende a Cisjordania.<\/p>\n<p style=\"text-align: center;\"><strong>El genocidio en Gaza no cesa<\/strong><\/p>\n<p>En Gaza, bajo el \u201cplan de paz\u201d de Trump, el \u201calto el fuego\u201d al estilo israel\u00ed se manifiesta en una escasez de alimentos que roza la hambruna, un colapso casi total del sistema sanitario, continuos ataques a\u00e9reos y asesinatos selectivos que destruyen familias enteras. El cruce de Kerem Abu Salem solo permite el paso de unos 80 camiones al d\u00eda, lo que alimenta la especulaci\u00f3n, el mercado negro y la escalada de precios. Las organizaciones humanitarias estiman que se necesitan al menos entre 500 y 600 camiones diarios para cubrir las necesidades b\u00e1sicas de la poblaci\u00f3n de Gaza. En tres meses se han producido 1200 ataques israel\u00edes, que han causado la muerte de 702 palestinos, 1913 heridos y la destrucci\u00f3n de nuevos barrios.<\/p>\n<p>Un comunicado del Centro Palestino para los Derechos Humanos (PCHR), fechado el 15 de marzo, <em>\u201ccondena a las fuerzas israel\u00edes por la continuaci\u00f3n de actos genocidas en la Franja de Gaza, incluyendo asesinatos continuos y la destrucci\u00f3n sistem\u00e1tica de todos los elementos esenciales de la vida\u201d. <\/em>El Centro subraya que <em>\u201clos asesinatos a gran escala y los ataques contra civiles, combinados con pol\u00edticas de bloqueo, asedio y hambruna, conforman un patr\u00f3n complementario de actos que constituyen el crimen de genocidio seg\u00fan el derecho internacional, en particular la Convenci\u00f3n para la Prevenci\u00f3n y la Sanci\u00f3n del Delito de Genocidio de 1948\u201d<\/em>. El PCHR habla de <em>\u201casesinatos cada vez m\u00e1s graves y del asedio en Gaza como parte de actos genocidas continuos\u201d<\/em>, y describe las <em>\u201cmasacres, la hambruna organizada, la destrucci\u00f3n sistem\u00e1tica de viviendas y los desplazamientos forzados\u201d<\/em> como parte de un <em>\u201cpatr\u00f3n continuo de genocidio contra la poblaci\u00f3n de Gaza<\/em>\u201d, posible gracias a la<em> \u201cimpunidad garantizada por Estados Unidos y la complicidad de los estados europeos y el resto de la comunidad internacional\u201d.<\/em><\/p>\n<p><!--more--><\/p>\n<p style=\"text-align: center;\"><strong>El D\u00eda de la Tierra <\/strong><\/p>\n<p>El D\u00eda de la Tierra conmemora la movilizaci\u00f3n de los palestinos que viven \u2013como ciudadanos de segunda- dentro de las fronteras de Israel, a la que el ej\u00e9rcito sionista respondi\u00f3 con una matanza de manifestantes.El 30 de marzo de 1976, la huelga general que paraliz\u00f3 a las comunidades palestinas dentro de Israel marc\u00f3 un punto de inflexi\u00f3n hist\u00f3rico. Ese d\u00eda, las autoridades israel\u00edes pretend\u00edan expropiar miles de hect\u00e1reas de tierra en Galilea, en los alrededores de Sakhnin, Arraba y Deir Hanna, como parte de un plan para \u00abjudaizar Galilea\u00bb. Cuando los agricultores llegaron a sus tierras para cultivarlas, encontraron marcas rojas que indicaban una \u00abzona militar restringida\u00bb. La respuesta fue sin precedentes: el Comit\u00e9 de Defensa de la Tierra convoc\u00f3 una huelga que reson\u00f3 en todo el pa\u00eds. La represi\u00f3n convirti\u00f3 ese d\u00eda en un d\u00eda de derramamiento de sangre: seis manifestantes palestinos murieron y cientos m\u00e1s resultaron heridos y arrestados.<\/p>\n<p>Por primera vez desde 1948, los palestinos que viven dentro del pa\u00eds, supervivientes de la Nakba y considerados \u00abciudadanos\u00bb de Israel, se alzaron colectivamente, no como una minor\u00eda \u00e1rabe que exige su integraci\u00f3n, sino como parte del pueblo palestino que lucha contra la colonizaci\u00f3n de su tierra.<\/p>\n<p>El contexto de 1976 era el de una ofensiva frontal del Estado sionista: confiscaciones masivas de tierras, mayor control sobre las aldeas \u00e1rabes, prohibici\u00f3n de manifestaciones y una campa\u00f1a de miedo destinada a disuadir a los trabajadores y empleados palestinos de unirse a la huelga. Campesinos amenazados con perder sus tierras, obreros y estudiantes estuvieron a la vanguardia de la movilizaci\u00f3n. La huelga se extendi\u00f3 por las ciudades de Galilea, el Tri\u00e1ngulo (la concentraci\u00f3n de ciudades y pueblos \u00e1rabes israel\u00edes adyacentes a la frontera con Jordania en la llanura de Sharon) y el N\u00e9guev. Fue la irrupci\u00f3n de la poblaci\u00f3n palestina del interior de Israel, afirmando su identidad, lo que marc\u00f3 un punto de inflexi\u00f3n en la resistencia a la colonizaci\u00f3n, hasta el punto de que muchos historiadores la denominan la \u00abPrimera Intifada\u00bb de los palestinos dentro de Israel.<\/p>\n<p>Cincuenta a\u00f1os despu\u00e9s, la importancia del D\u00eda de la Tierra va mucho m\u00e1s all\u00e1 de las tierras confiscadas en 1976. Como se\u00f1al\u00f3 Awad Abdel Fattah, exsecretario general del partido Balad y coordinador de la Campa\u00f1a por un Estado Democr\u00e1tico \u00danico, \u201ccada vez m\u00e1s palestinos, dondequiera que se encuentren entre el Mediterr\u00e1neo y el Jord\u00e1n, sienten que est\u00e1n siendo aplastados bajo un \u00fanico sistema de control, discriminaci\u00f3n y opresi\u00f3n: un sistema de apartheid colonial\u201d. La pol\u00edtica implementada durante d\u00e9cadas (pol\u00edticas de zonificaci\u00f3n que asfixian a las aldeas palestinas del interior, expansi\u00f3n continua de asentamientos y bloqueo de tierras en Cisjordania, bloqueos y destrucciones recurrentes en Gaza, proyectos de \u201cdesarrollo\u201d en el N\u00e9guev destinados a concentrar y desplazar a los ciudadanos beduinos palestinos de Israel) ha tomado un giro cada vez m\u00e1s violento con el genocidio en Gaza y los pogromos anti-palestinos que se han convertido en sucesos cotidianos en Cisjordania.<\/p>\n<p>Lo que comenz\u00f3 en Galilea como una lucha contra la expropiaci\u00f3n se ha convertido en un s\u00edmbolo global de resistencia a un r\u00e9gimen de despojo perpetuo. Sin embargo, el D\u00eda de la Tierra no es solo un d\u00eda de conmemoraci\u00f3n. Cada 30 de marzo, se realizan manifestaciones en Sakhnin, Arraba, el N\u00e9guev, Cisjordania, Gaza y los campos de refugiados, as\u00ed como en la di\u00e1spora palestina. Dentro de Israel, en varias ocasiones en los \u00faltimos a\u00f1os, marchas con una participaci\u00f3n significativa de manifestantes jud\u00edos han servido para recordar la importancia de la lucha por la tierra y la igualdad de derechos.Entre el mar y el r\u00edo, la cuesti\u00f3n de la tierra \u2014que motiv\u00f3 la huelga de 1976\u2014 no puede separarse de la condici\u00f3n de los refugiados y desplazados, es decir, del derecho al retorno, ni de la lucha contra las formas actuales de segregaci\u00f3n, limpieza \u00e9tnica y genocidio que reivindica la mayor\u00eda de la clase pol\u00edtica israel\u00ed.<\/p>\n<p style=\"text-align: center;\"><strong>La limpieza \u00e9tnica en Cisjordania<\/strong><\/p>\n<p>En Cisjordania, se est\u00e1 desarrollando una amplia operaci\u00f3n de hostigamiento a los palestinos, de expulsi\u00f3n de sus tierras.<\/p>\n<p>Mientras contin\u00faan los bombardeos en Gaza, Cisjordania sufre abusos cada vez m\u00e1s violentos por parte de milicias de colonos, protegidas por el ej\u00e9rcito de ocupaci\u00f3n. Las incursiones militares, las demoliciones de viviendas, las confiscaciones de tierras y la expansi\u00f3n de los asentamientos se han intensificado desde el inicio de la guerra contra Ir\u00e1n, hasta el punto de convertir ciertas zonas palestinas en aut\u00e9nticos escenarios de guerra permanente de baja intensidad: incursiones nocturnas regulares en las que los soldados registran violentamente las casas, lo saquean todo y arrestan a j\u00f3venes sin motivo alguno.Las cifras recopiladas por la Autoridad Palestina confirman esta ofensiva silenciosa: solo en febrero se registraron 114 arrestos, junto con 49 operaciones de demolici\u00f3n o nivelaci\u00f3n de terrenos, y otras 143 \u00f3rdenes de demolici\u00f3n o desalojo. Mientras las incursiones de colonos en el complejo de la Mezquita de Al-Aqsa en Jerusal\u00e9n se vuelven cada vez m\u00e1s masivas, a los peregrinos palestinos se les proh\u00edbe entrar en ella. Los tiempos de viaje a las ciudades pueden multiplicarse por diez de la noche a la ma\u00f1ana debido a los puestos de control improvisados y los cierres repentinos de carreteras. En las aldeas de Jalud, Fandaqumiya, Silat ad-Dhahr, Qaryout y cerca de Ramallah, videos y testimonios de testigos presenciales describen edificios en llamas, residentes intentando evacuar a sus familias y ataques f\u00edsicos que dejaron a varias personas gravemente heridas. En Burqa, una cl\u00ednica local fue incendiada y un veh\u00edculo destruido, mientras que en Hawara, colonos irrumpieron en una escuela secundaria masculina, arriaron la bandera palestina, izaron una bandera israel\u00ed y pintaron con aerosol \u201cMuerte a los \u00e1rabes\u201d en las paredes.<\/p>\n<p>La periodista israel\u00ed Orly Noy, entrevistada por el canal de noticias independiente estadounidense <em>Democracy Now<\/em>, explica que esto forma parte de un patr\u00f3n recurrente: <em>\u201cCada vez que la atenci\u00f3n p\u00fablica, tanto local como internacional, se centra en Gaza o Ir\u00e1n, Israel aprovecha la situaci\u00f3n para realizar cambios dr\u00e1sticos sobre el terreno\u201d,<\/em> hoy en d\u00eda en el L\u00edbano y Cisjordania, con tropas desplegadas. Para los palestinos, Noy describe un cambio cualitativo en la violencia en Cisjordania: <em>\u201cHasta ahora, nuestra preocupaci\u00f3n era la limpieza \u00e9tnica de Cisjordania; ahora, se trata simplemente de la ejecuci\u00f3n de palestinos, tanto por parte del ej\u00e9rcito como de los colonos\u201d<\/em>.<\/p>\n<p>Al mismo tiempo, el parlamento israel\u00ed ha aprobado una medida brutal para los palestinos que osen resistir: pena de muerte en la horca para todo palestino que mate a un ciudadano israel\u00ed. Como ha se\u00f1alado el coordinador de la campa\u00f1a por un solo Estado, Awad Abdel Fatah, <em>\u00abla ley no es el producto de una extrema derecha&#8230;sino que pone al descubierto el verdadero car\u00e1cter del estado de Israel\u201d<\/em>.<\/p>\n<p>Decisi\u00f3n que ha recibido m\u00faltiples condenas internacionales, incluyendo la del gobierno espa\u00f1ol. UGT declara que \u201c<em>La legalizaci\u00f3n de la pena de muerte en este contexto no es un hecho aislado, sino la continuaci\u00f3n de una pol\u00edtica sistem\u00e1tica de represi\u00f3n, desigualdad y violencia contra el pueblo palestino, que refuerza un sistema que vulnera derechos fundamentales y consolida un marco jur\u00eddico discriminatorio que profundiza a\u00fan m\u00e1s el conflicto. Ante esta situaci\u00f3n, resulta imprescindible que la comunidad internacional y especialmente los Estados de la Uni\u00f3n Europea dejen de mirar hacia otro lado y act\u00faen con firmeza para exigir el respeto del derecho internacional y de los derechos humanos\u201d.<\/em><\/p>\n<p><em>&nbsp;<\/em><\/p>\n<p><strong>Al mismo tiempo, la represi\u00f3n contin\u00faa dentro de las c\u00e1rceles y centros de detenci\u00f3n.<\/strong><\/p>\n<p>En un informe titulado \u201cTortura y Genocidio\u201d, la Relatora Especial de la ONU, Francesca Albanese, acusa a Israel de utilizar sistem\u00e1ticamente la tortura contra los palestinos detenidos desde el 7 de octubre de 2023, a un nivel que \u201csugiere venganza colectiva e intenci\u00f3n destructiva\u201d.<\/p>\n<p>Seg\u00fan el informe, m\u00e1s de 18.500 palestinos han sido arrestados, entre ellos al menos 1.500 menores; aproximadamente 9.000 permanecen detenidos y m\u00e1s de 4.000 han sido v\u00edctimas de desaparici\u00f3n forzada.<\/p>\n<p>Testimonios recopilados por algunas agencias de la ONU describen palizas brutales, inanici\u00f3n organizada, negaci\u00f3n de atenci\u00f3n m\u00e9dica, as\u00ed como violencia sexual, violaci\u00f3n y tratos potencialmente letales, afirmando que el sistema penitenciario israel\u00ed es un r\u00e9gimen estructural de terror destinado a doblegar a los presos y a sus familias.<\/p>\n<p>&nbsp;<\/p>\n<p><strong>\u00a1Ruptura de relaciones!<\/strong><\/p>\n<p>Nos hacemos eco de las palabras del Centro Palestino de Derechos Humanos, que cit\u00e1bamos al comienzo: todo esto sucede gracias a la <em>\u201cimpunidad garantizada por Estados Unidos y la complicidad de los estados europeos y el resto de la comunidad internacional\u201d. <\/em>De ah\u00ed que todo el movimiento obrero, todas las organizaciones democr\u00e1ticas, deben hacer suya la exigencia de ruptura de todo tipo de relaciones (diplom\u00e1ticas, econ\u00f3micas, comerciales, culturales, deportivas y, por supuesto, militares) con el Estado genocida de Israel.<\/p>\n<p>&nbsp;<\/p>\n","protected":false},"excerpt":{"rendered":"<p>Carta Semanal 1090 en catatal\u00e1n Carta Semanal 1090 para descargar en PDF Para la elaboraci\u00f3n de esta Carta nos hemos basado en diversos materiales publicados en Informations Ouvri\u00e8res Los palestinos celebran el 50 aniversario del d\u00eda de la tierra, mientras el genocidio se mantiene en Gaza y se extiende a Cisjordania. El genocidio en Gaza [&hellip;]<\/p>\n","protected":false},"author":1197,"featured_media":0,"comment_status":"open","ping_status":"open","sticky":false,"template":"","format":"standard","meta":{"ngg_post_thumbnail":0,"footnotes":""},"categories":[61],"tags":[1344,1345,248,1210],"class_list":["post-9722","post","type-post","status-publish","format-standard","hentry","category-cartas","tag-cisjordfania","tag-el-dia-de-la-tierra","tag-gaza","tag-genocidio"],"aioseo_notices":[],"_links":{"self":[{"href":"https:\/\/posicuarta.org\/cartasblog\/wp-json\/wp\/v2\/posts\/9722","targetHints":{"allow":["GET"]}}],"collection":[{"href":"https:\/\/posicuarta.org\/cartasblog\/wp-json\/wp\/v2\/posts"}],"about":[{"href":"https:\/\/posicuarta.org\/cartasblog\/wp-json\/wp\/v2\/types\/post"}],"author":[{"embeddable":true,"href":"https:\/\/posicuarta.org\/cartasblog\/wp-json\/wp\/v2\/users\/1197"}],"replies":[{"embeddable":true,"href":"https:\/\/posicuarta.org\/cartasblog\/wp-json\/wp\/v2\/comments?post=9722"}],"version-history":[{"count":2,"href":"https:\/\/posicuarta.org\/cartasblog\/wp-json\/wp\/v2\/posts\/9722\/revisions"}],"predecessor-version":[{"id":9732,"href":"https:\/\/posicuarta.org\/cartasblog\/wp-json\/wp\/v2\/posts\/9722\/revisions\/9732"}],"wp:attachment":[{"href":"https:\/\/posicuarta.org\/cartasblog\/wp-json\/wp\/v2\/media?parent=9722"}],"wp:term":[{"taxonomy":"category","embeddable":true,"href":"https:\/\/posicuarta.org\/cartasblog\/wp-json\/wp\/v2\/categories?post=9722"},{"taxonomy":"post_tag","embeddable":true,"href":"https:\/\/posicuarta.org\/cartasblog\/wp-json\/wp\/v2\/tags?post=9722"}],"curies":[{"name":"wp","href":"https:\/\/api.w.org\/{rel}","templated":true}]}}