{"id":9738,"date":"2026-04-29T12:53:01","date_gmt":"2026-04-29T10:53:01","guid":{"rendered":"https:\/\/posicuarta.org\/cartasblog\/?p=9738"},"modified":"2026-04-29T12:53:01","modified_gmt":"2026-04-29T10:53:01","slug":"la-marcha-hacia-la-guerra-y-la-juventud","status":"publish","type":"post","link":"https:\/\/posicuarta.org\/cartasblog\/la-marcha-hacia-la-guerra-y-la-juventud\/","title":{"rendered":"La marcha hacia la guerra y la juventud"},"content":{"rendered":"<h3><em>&nbsp;<a href=\"http:\/\/posicuarta.org\/cartasblog\/wp-content\/uploads\/2026\/04\/Carta-Semanal-1093-cast.pdf\">Carta Semanal 1093 para descargar en PDF<\/a><\/em><\/h3>\n<p><img loading=\"lazy\" decoding=\"async\" class=\"wp-image-9739 alignleft\" src=\"http:\/\/posicuarta.org\/cartasblog\/wp-content\/uploads\/2026\/04\/Carta-Semanal-1093-cast-e1777459796157-210x300.jpg\" alt=\"\" width=\"150\" height=\"215\" srcset=\"https:\/\/posicuarta.org\/cartasblog\/wp-content\/uploads\/2026\/04\/Carta-Semanal-1093-cast-e1777459796157-210x300.jpg 210w, https:\/\/posicuarta.org\/cartasblog\/wp-content\/uploads\/2026\/04\/Carta-Semanal-1093-cast-e1777459796157-105x150.jpg 105w, https:\/\/posicuarta.org\/cartasblog\/wp-content\/uploads\/2026\/04\/Carta-Semanal-1093-cast-e1777459796157.jpg 419w\" sizes=\"auto, (max-width: 150px) 100vw, 150px\" \/><\/p>\n<p class=\"western\" align=\"justify\"><span style=\"color: #000000;\"><span style=\"font-family: Times LT Std, serif;\">Fuentes confidenciales citadas por el&nbsp;<\/span><\/span><em><span style=\"color: #000000;\"><span style=\"font-family: Times LT Std, serif;\">Wall Street Journal<\/span><\/span><\/em><span style=\"color: #000000;\"><span style=\"font-family: Times LT Std, serif;\">&nbsp;estiman que 280.000 combatientes (200.000 rusos y 80.000 ucranianos) han muerto en Ucrania s\u00f3lo desde el 24 de febrero de 2022 hasta diciembre de 2024. 800.000, seg\u00fan esas mismas fuentes, han resultado heridos (400.000 en cada bando). <\/span><\/span><\/p>\n<p class=\"western\" align=\"justify\"><span style=\"font-family: Times LT Std, serif;\">No se sabe bien qui\u00e9n acu\u00f1\u00f3 la expresi\u00f3n \u201cpicadora de carne\u201d para definir c\u00f3mo los frentes de la guerra devoran miles de vidas de j\u00f3venes rusos y ucranianos. Se se\u00f1alan los paralelismos entre esta guerra y los combates en Verd\u00fan durante la primera guerra mundial, cuando miles de vidas humanas eran sacrificadas para avanzar (o retroceder) unos centenares de metros en el frente de trincheras.<\/span><\/p>\n<p class=\"western\" align=\"justify\"><span style=\"font-family: Times LT Std, serif;\">No es de extra\u00f1ar que los j\u00f3venes de Ucrania se resistan cada d\u00eda a ser reclutados a la fuerza. Las cuadrillas de reclutadores del gobierno los buscan por todo el pa\u00eds, utilizando medios expeditivos y violentos, pero se enfrentan a una resistencia creciente de la poblaci\u00f3n en general, que protege a su juventud, y han sido, incluso, agredidos en algunas ocasiones. Se dice que hasta dos millones de j\u00f3venes se esconden, mientras las cifras de desertores alcanzan los 250.000. (<\/span><span style=\"color: #000000;\"><span style=\"font-family: Times LT Std, serif;\">El peri\u00f3dico \u00abThe Times\u00bb dec\u00eda, a finales de 2025, que&nbsp;<\/span><\/span><span style=\"color: #000000;\"><span style=\"font-family: Times LT Std, serif;\">cuatro de cada cinco ucranianos reclutados est\u00e1n huyendo de los centros de entrenamiento militar.<\/span><\/span><span style=\"color: #000000;\"><span style=\"font-family: Times LT Std, serif;\"><b>&nbsp;<\/b><\/span><\/span><span style=\"color: #000000;\"><span style=\"font-family: Times LT Std, serif;\">Seg\u00fan Roman Kostenko, secretario del comit\u00e9 parlamentario de seguridad, defensa e inteligencia, <\/span><\/span><span style=\"color: #000000;\"><span style=\"font-family: Times LT Std, serif;\"><i>\u00abpronto habr\u00e1 tantos desertores como soldados activos\u00bb<\/i><\/span><\/span><span style=\"color: #000000;\"><span style=\"font-family: Times LT Std, serif;\">.&nbsp;Cientos de miles han huido del pa\u00eds. Y ello, a pesar de que desertar en Ucrania puede acarrear hasta 12 a\u00f1os de prisi\u00f3n durante la ley marcial, y ausentarse sin permiso hasta 10 a\u00f1os. The Times asegura que solo el 5% de los casos llega a los tribunales. <\/span><\/span><\/p>\n<p class=\"western\" align=\"justify\"><span style=\"font-family: Times LT Std, serif;\">El mismo movimiento existe en la Federaci\u00f3n Rusa, centenares de miles de j\u00f3venes se han exiliado desde el 24 de febrero de 2022. La resistencia al reclutamiento forzado se ha extendido en toda la Federaci\u00f3n. Tanto es as\u00ed que, por ejemplo, en Chechenia el gobierno central la ha anulado. De ah\u00ed el recurso a mercenarios extranjeros como en Ucrania.<\/span><\/p>\n<p align=\"justify\"><!--more--><\/p>\n<p class=\"western\" align=\"center\"><strong><span style=\"font-family: Folio Std Bold Condensed, serif;\">Gobiernos europeos quieren llevar a sus j\u00f3venes a la guerra<\/span><\/strong><\/p>\n<p class=\"western\" align=\"justify\"><span style=\"font-family: Times LT Std, serif;\">Mientras la carnicer\u00eda de Ucrania es alimentada por la OTAN y los gobiernos europeos (el gobierno espa\u00f1ol ha dado al menos 17.000 millones a Ucrania), los gobiernos europeos se preparan \u2013en paralelo al incremento de los gastos militares- para conducir a su propia juventud al matadero. <\/span><\/p>\n<p align=\"justify\"><span style=\"font-family: Times New Roman, serif;\"><span style=\"font-size: medium;\"><span style=\"font-family: Times LT Std, serif;\"><span style=\"font-size: small;\">En noviembre de 2025, el general Fabien Mandon, jefe del Estado Mayor del ej\u00e9rcito franc\u00e9s, dijo a los alcaldes de toda Francia reunidos en Par\u00eds la semana pasada que deb\u00edan prepararse para la guerra, y que para ello se necesita <\/span><\/span><span style=\"font-family: Times LT Std, serif;\"><span style=\"font-size: small;\"><i>\u201cel esp\u00edritu que acepta que tendremos que sufrir para proteger lo que somos<\/i><\/span><\/span><span style=\"font-family: Times LT Std, serif;\"><span style=\"font-size: small;\">\u201d. Seg\u00fan sus palabras, si Francia <\/span><\/span><span style=\"font-family: Times LT Std, serif;\"><span style=\"font-size: small;\"><i>\u201cvacila porque no estamos dispuestos a aceptar perder a nuestros hijos\u201d, <\/i><\/span><\/span><span style=\"font-family: Times LT Std, serif;\"><span style=\"font-size: small;\">entonces <\/span><\/span><span style=\"font-family: Times LT Std, serif;\"><span style=\"font-size: small;\"><i>\u201cestamos, de hecho, en peligro\u201d,<\/i><\/span><\/span><span style=\"font-family: Times LT Std, serif;\"><span style=\"font-size: small;\"> dijo a los alcaldes.<\/span><\/span><\/span><\/span><\/p>\n<p align=\"justify\"><span style=\"font-family: Times New Roman, serif;\"><span style=\"font-size: medium;\"><span style=\"font-family: Times LT Std, serif;\"><span style=\"font-size: small;\">De hecho, Francia ha anunciado la&nbsp;<\/span><\/span><strong><span style=\"font-family: Times LT Std, serif;\"><span style=\"font-size: small;\">recuperaci\u00f3n del servicio militar en forma de un cuerpo voluntario de 10 meses<\/span><\/span><\/strong><span style=\"font-family: Times LT Std, serif;\"><span style=\"font-size: small;\"><b>,<\/b><\/span><\/span><span style=\"font-family: Times LT Std, serif;\"><span style=\"font-size: small;\"> que comenzar\u00e1 a implementarse gradualmente a partir del verano de 2026. El presidente Emmanuel Macron present\u00f3 esta iniciativa en noviembre de 2025, declarando que <\/span><\/span><span style=\"font-family: Times LT Std, serif;\"><span style=\"font-size: small;\"><i>\u201cen este mundo incierto, donde la fuerza prevalece sobre el derecho, nuestra naci\u00f3n no puede permitirse el miedo ni la imprevisi\u00f3n\u201d<\/i><\/span><\/span><span style=\"font-family: Times LT Std, serif;\"><span style=\"font-size: small;\">. El programa arranca con 3.000 voluntarios en su primera fase, con el objetivo de tener 10.000 participantes en 2030 y hasta 50.000 en 2035.&nbsp;Pero ya el a\u00f1o pasado Macron implant\u00f3 un Servicio Nacional Universal, de tipo c\u00edvico-militar, de un mes de duraci\u00f3n. <\/span><\/span><\/span><\/span><\/p>\n<p class=\"western\" align=\"justify\"><span style=\"font-family: Times LT Std, serif;\">Por su parte, Alemania tambi\u00e9n avanza hacia la reinstauraci\u00f3n del reclutamiento militar obligatorio. El primer paso es un programa de ampliaci\u00f3n del reclutamiento <\/span><span style=\"color: #111111;\"><span style=\"font-family: Times LT Std, serif;\">voluntario, pero cuyos&nbsp;<\/span><\/span><strong><span style=\"color: #111111;\"><span style=\"font-family: Times LT Std, serif;\">tr\u00e1mites iniciales son ya obligatorios<\/span><\/span><\/strong><span style=\"color: #111111;\"><span style=\"font-family: Times LT Std, serif;\">. Tanto&nbsp;<\/span><\/span><strong><span style=\"color: #111111;\"><span style=\"font-family: Times LT Std, serif;\">hombres<\/span><\/span><\/strong><strong><span style=\"color: #111111;\"><span style=\"font-family: Times LT Std, serif;\">&nbsp;<\/span><\/span><\/strong><span style=\"color: #111111;\"><span style=\"font-family: Times LT Std, serif;\">como&nbsp;<\/span><\/span><strong><span style=\"color: #111111;\"><span style=\"font-family: Times LT Std, serif;\">mujeres<\/span><\/span><\/strong><strong><span style=\"color: #111111;\"><span style=\"font-family: Times LT Std, serif;\">&nbsp;<\/span><\/span><\/strong><span style=\"color: #111111;\"><span style=\"font-family: Times LT Std, serif;\">recibir\u00e1n a partir de enero de 2026 un formulario para evaluar su&nbsp;<\/span><\/span><strong><span style=\"color: #111111;\"><span style=\"font-family: Times LT Std, serif;\">motivaci\u00f3n<\/span><\/span><\/strong><strong><span style=\"color: #111111;\"><span style=\"font-family: Times LT Std, serif;\">&nbsp;<\/span><\/span><\/strong><span style=\"color: #111111;\"><span style=\"font-family: Times LT Std, serif;\">y&nbsp;<\/span><\/span><strong><span style=\"color: #111111;\"><span style=\"font-family: Times LT Std, serif;\">aptitudes<\/span><\/span><\/strong><span style=\"color: #111111;\"><span style=\"font-family: Times LT Std, serif;\">. Para los varones es obligatorio responder. A partir de ah\u00ed&nbsp;<\/span><\/span><strong><span style=\"color: #111111;\"><span style=\"font-family: Times LT Std, serif;\">se convocar\u00e1 a todos los hombres nacidos a partir del 1 de enero de 2008 a una revisi\u00f3n m\u00e9dica<\/span><\/span><\/strong><span style=\"color: #111111;\"><span style=\"font-family: Times LT Std, serif;\">, tambi\u00e9n obligatoria.<\/span><\/span><\/p>\n<p class=\"western\" align=\"justify\"><span style=\"color: #111111;\"><span style=\"font-family: Times LT Std, serif;\">El objetivo declarado del canciller Merz es dotar a Alemania del <\/span><\/span><span style=\"color: #111111;\"><span style=\"font-family: Times LT Std, serif;\"><i>\u00abej\u00e9rcito m\u00e1s poderoso de Europa\u00bb<\/i><\/span><\/span><span style=\"color: #111111;\"><span style=\"font-family: Times LT Std, serif;\">, tanto en equipamiento como en dotaci\u00f3n. Actualmente las Fuerzas Armadas alemanas tienen 181.000 soldados en activo, m\u00e1s 35.000 reservistas. El ministro de defensa, el \u201csocialdem\u00f3crata\u201d Boris Pistorius quiere alcanzar los 280.000 soldados para <\/span><\/span><span style=\"font-family: Times LT Std, serif;\">2035. <\/span><span style=\"font-family: Times LT Std, serif;\">Seg\u00fan la nueva Ley de Modernizaci\u00f3n del Servicio Militar (vigente desde enero 2026),&nbsp;<\/span><span style=\"font-family: Times LT Std, serif;\">los hombres alemanes de entre 17 y 45 a\u00f1os deben solicitar permiso al ej\u00e9rcito si planean salir del pa\u00eds por m\u00e1s de tres meses<\/span><span style=\"font-family: Times LT Std, serif;\">. El objetivo es un registro militar confiable para reclutamiento, afectando a m\u00e1s de 30 millones de varones. Al difundirse esta informaci\u00f3n, una ola de indignaci\u00f3n ha recorrido el pa\u00eds, obligando a Pistorius a anunciar que la norma ser\u00e1 modificada. <\/span><span style=\"font-family: Times LT Std, serif;\"><i>\u201c<\/i><\/span><span style=\"color: #000821;\"><span style=\"font-family: Times LT Std, serif;\"><i>Suspenderemos la obligaci\u00f3n&nbsp;mientras el servicio militar sea voluntario\u00bb.<\/i><\/span><\/span><\/p>\n<p class=\"western\" align=\"justify\"><span style=\"font-family: Times LT Std, serif;\">Ya hay <\/span><span style=\"font-family: Times LT Std, serif;\">diez pa\u00edses<\/span><span style=\"font-family: Times LT Std, serif;\">&nbsp;en Europa que&nbsp;<\/span><span style=\"font-family: Times LT Std, serif;\">exigen hacer un servicio militar<\/span><span style=\"font-family: Times LT Std, serif;\">:<\/span><span style=\"font-family: Times LT Std, serif;\"> Austria, Estonia, Dinamarca, Finlandia, Grecia, Letonia, Lituania, Noruega, Suecia, Chipre.&nbsp;En el <\/span><span style=\"font-family: Times LT Std, serif;\">Reino Unido<\/span><span style=\"font-family: Times LT Std, serif;\">,&nbsp;el&nbsp;<\/span><span style=\"font-family: Times LT Std, serif;\">Partido Conservador<\/span><span style=\"font-family: Times LT Std, serif;\">&nbsp;lleva la mili en su&nbsp;<\/span><span style=\"font-family: Times LT Std, serif;\">programa electoral<\/span><span style=\"font-family: Times LT Std, serif;\">. <\/span><\/p>\n<p align=\"justify\"><span style=\"font-family: Times New Roman, serif;\"><span style=\"font-size: medium;\"><span style=\"font-family: Times LT Std, serif;\"><span style=\"font-size: small;\">Al otro lado del Atl\u00e1ntico, los EE. UU. dan los primeros pasos para reinstaurar la conscripci\u00f3n obligatoria. Se implementar\u00e1 una <\/span><\/span><span style=\"color: #000000;\"><span style=\"font-family: Times LT Std, serif;\"><span style=\"font-size: small;\">nueva regla de registro militar autom\u00e1tico a partir de diciembre<\/span><\/span><\/span><span style=\"color: #000000;\"><span style=\"font-family: Times LT Std, serif;\"><span style=\"font-size: small;\">&nbsp;<\/span><\/span><\/span><span style=\"color: #000000;\"><span style=\"font-family: Times LT Std, serif;\"><span style=\"font-size: small;\">de 2026, que se <\/span><\/span><\/span><span style=\"color: #000000;\"><span style=\"font-family: Times LT Std, serif;\"><span style=\"font-size: small;\">aplicar\u00e1 de igual manera en estados y territorios<\/span><\/span><\/span><span style=\"color: #000000;\"><span style=\"font-family: Times LT Std, serif;\"><span style=\"font-size: small;\">. <\/span><\/span><\/span><span style=\"color: #000000;\"><span style=\"font-family: Times LT Std, serif;\"><span style=\"font-size: small;\">Como explica<\/span><\/span><\/span> <span style=\"color: #000000;\"><span style=\"font-family: Times LT Std, serif;\"><span style=\"font-size: small;\">Sonia Santiago, de la organizaci\u00f3n \u201cMadres contra la guerra\u201d en Puerto Rico,&nbsp;<\/span><\/span><\/span><span style=\"color: #000000;\"><span style=\"font-family: Times LT Std, serif;\"><span style=\"font-size: small;\"><i>\u201cLo que el Departamento de Guerra (Departamento de Defensa de Estados Unidos) hace es que va a&nbsp;<\/i><\/span><\/span><\/span><span style=\"color: #000000;\"><span style=\"font-family: Times LT Std, serif;\"><span style=\"font-size: small;\"><i>buscar a todos los varones de edades entre los 18 y 25 a\u00f1os por todas las plataformas digitales que tiene el gobierno federal<\/i><\/span><\/span><\/span><span style=\"color: #000000;\"><span style=\"font-family: Times LT Std, serif;\"><span style=\"font-size: small;\"><i>&nbsp;para identificarlos y, una vez los identifiquen,<\/i><\/span><\/span><\/span><i> <\/i><span style=\"color: #000000;\"><span style=\"font-family: Times LT Std, serif;\"><span style=\"font-size: small;\"><i>autom\u00e1ticamente<\/i><\/span><\/span><\/span><span style=\"color: #000000;\"><span style=\"font-family: Times LT Std, serif;\"><span style=\"font-size: small;\"><i>&nbsp;<\/i><\/span><\/span><\/span><span style=\"color: #000000;\"><span style=\"font-family: Times LT Std, serif;\"><span style=\"font-size: small;\"><i>los inscriben en el Sistema del Servicio Selectivo<\/i><\/span><\/span><\/span><span style=\"color: #000000;\"><span style=\"font-family: Times LT Std, serif;\"><span style=\"font-size: small;\">\u201d. <\/span><\/span><\/span><span style=\"color: #000000;\"><span style=\"font-family: Times LT Std, serif;\"><span style=\"font-size: small;\">Se trata de actualizar ese<\/span><\/span><\/span> <span style=\"color: #000000;\"><span style=\"font-family: Times LT Std, serif;\"><span style=\"font-size: small;\">censo, que est\u00e1 vigente desde 1917, cuando EE. UU. decidi\u00f3 identificar a todos los varones que entend\u00eda que pod\u00edan servirle para las guerras, y hacer obligatoria la inscripci\u00f3n, que ahora era voluntaria.<\/span><\/span><\/span><\/span><\/span><\/p>\n<p class=\"western\" align=\"center\"><strong><span style=\"font-family: Folio Std Bold Condensed, serif;\">Los j\u00f3venes se organizan para resistir<\/span><\/strong><\/p>\n<p class=\"western\" align=\"justify\"><span style=\"color: #111111;\"><span style=\"font-family: Times LT Std, serif;\">En distintos pa\u00edses de Europa, los j\u00f3venes comienzan a resistirse a esta pol\u00edtica que busca convertirlos en carne de ca\u00f1\u00f3n. &nbsp;<\/span><\/span><\/p>\n<p align=\"justify\"><span style=\"font-family: Times New Roman, serif;\"><span style=\"font-size: medium;\"><span style=\"font-family: Times LT Std, serif;\"><span style=\"font-size: small;\">A principios de marzo, j<\/span><\/span><span style=\"color: #111111;\"><span style=\"font-family: Times LT Std, serif;\"><span style=\"font-size: small;\">\u00f3venes de toda&nbsp;<\/span><\/span><\/span><span style=\"color: #111111;\"><span style=\"font-family: Times LT Std, serif;\"><span style=\"font-size: small;\">Alemania<\/span><\/span><\/span><span style=\"color: #111111;\"><span style=\"font-family: Times LT Std, serif;\"><span style=\"font-size: small;\">, principalmente estudiantes de secundaria, se declararon en&nbsp;<\/span><\/span><\/span><span style=\"color: #111111;\"><span style=\"font-family: Times LT Std, serif;\"><span style=\"font-size: small;\">huelga<\/span><\/span><\/span><span style=\"color: #111111;\"><span style=\"font-family: Times LT Std, serif;\"><span style=\"font-size: small;\">&nbsp;contra el&nbsp;<\/span><\/span><\/span><span style=\"color: #0000ff;\"><a href=\"https:\/\/www.elperiodico.com\/es\/internacional\/20250827\/gobierno-alemania-aprueba-nuevo-servicio-militar-voluntario-obligatorio-caso-necesidad-120986317\" target=\"_blank\" rel=\"noopener\"><span style=\"color: #000000;\"><span style=\"font-family: Times LT Std, serif;\"><span style=\"font-size: small;\">regreso del servicio militar, que ser\u00e1, en principio, voluntario e incentivado<\/span><\/span><\/span><\/a><\/span><span style=\"color: #111111;\"><span style=\"font-family: Times LT Std, serif;\"><span style=\"font-size: small;\">, pero que contempla la opci\u00f3n de un reclutamiento obligatorio si no se logran los objetivos ansiados. <\/span><\/span><\/span><span style=\"color: #111111;\"><span style=\"font-family: Times LT Std, serif;\"><span style=\"font-size: small;\"><i>\u00abLos viejos quieren la&nbsp;<\/i><\/span><\/span><\/span><span style=\"color: #111111;\"><span style=\"font-family: Times LT Std, serif;\"><span style=\"font-size: small;\"><i>guerra<\/i><\/span><\/span><\/span><span style=\"color: #111111;\"><span style=\"font-family: Times LT Std, serif;\"><span style=\"font-size: small;\"><i>; los j\u00f3venes queremos el&nbsp;<\/i><\/span><\/span><\/span><span style=\"color: #111111;\"><span style=\"font-family: Times LT Std, serif;\"><span style=\"font-size: small;\"><i>futuro<\/i><\/span><\/span><\/span><span style=\"color: #111111;\"><span style=\"font-family: Times LT Std, serif;\"><span style=\"font-size: small;\"><i>\u00ab<\/i><\/span><\/span><\/span><span style=\"color: #111111;\"><span style=\"font-family: Times LT Std, serif;\"><span style=\"font-size: small;\">,&nbsp;<\/span><\/span><\/span><span style=\"color: #111111;\"><span style=\"font-family: Times LT Std, serif;\"><span style=\"font-size: small;\"><i>\u00abNo al servicio militar\u00bb<\/i><\/span><\/span><\/span><span style=\"color: #111111;\"><span style=\"font-family: Times LT Std, serif;\"><span style=\"font-size: small;\">&nbsp;y <\/span><\/span><\/span><span style=\"color: #111111;\"><span style=\"font-family: Times LT Std, serif;\"><span style=\"font-size: small;\"><i>\u00abFrente al&nbsp;<\/i><\/span><\/span><\/span><span style=\"color: #111111;\"><span style=\"font-family: Times LT Std, serif;\"><span style=\"font-size: small;\"><i>reclutamiento<\/i><\/span><\/span><\/span><span style=\"color: #111111;\"><span style=\"font-family: Times LT Std, serif;\"><span style=\"font-size: small;\"><i>,&nbsp;<\/i><\/span><\/span><\/span><span style=\"color: #111111;\"><span style=\"font-family: Times LT Std, serif;\"><span style=\"font-size: small;\"><i>insumisi\u00f3n<\/i><\/span><\/span><\/span><span style=\"color: #111111;\"><span style=\"font-family: Times LT Std, serif;\"><span style=\"font-size: small;\"><i>\u00ab<\/i><\/span><\/span><\/span><span style=\"color: #111111;\"><span style=\"font-family: Times LT Std, serif;\"><span style=\"font-size: small;\">, eran algunas de las frases de las pancartas o coreadas por una manifestaci\u00f3n de centenares de j\u00f3venes que parti\u00f3 de la biblioteca p\u00fablica del barrio berlin\u00e9s de Kreuzberg, en direcci\u00f3n hacia el centro de ese distrito. En el camino se les juntaron otros grupos, hasta sumarse en una concentraci\u00f3n final. La de&nbsp;<\/span><\/span><\/span><span style=\"color: #111111;\"><span style=\"font-family: Times LT Std, serif;\"><span style=\"font-size: small;\">Berl\u00edn&nbsp;<\/span><\/span><\/span><span style=\"color: #111111;\"><span style=\"font-family: Times LT Std, serif;\"><span style=\"font-size: small;\">era una entre el centenar de marchas convocadas de norte a sur del pa\u00eds en la llamada \u00abhuelga escolar\u00bb contra el servicio militar.&nbsp;<\/span><\/span><\/span><\/span><\/span><\/p>\n<p class=\"western\" align=\"justify\"><span style=\"color: #111111;\"><span style=\"font-family: Times LT Std, serif;\">En Francia, donde los militares multiplican su presencia en charlas y conferencias en institutos y universidades, en muchas de las cuales son recibidos con protestas organizadas, 500 j\u00f3venes han comenzado a difundir un llamamiento <\/span><\/span><span style=\"font-family: Times LT Std, serif;\"><i>\u201c\u00a1Los j\u00f3venes no vamos a ir a la guerra!\u201d<\/i><\/span><span style=\"font-family: Times LT Std, serif;\"><i>. <\/i><\/span><span style=\"font-family: Times LT Std, serif;\">En \u00e9l se dice: \u201c<\/span><span style=\"font-family: Times LT Std, serif;\"><i>Macron quiere la guerra, nosotros, los j\u00f3venes, le respondemos: \u00a1no vamos a ir! Tras haber instaurado un servicio militar nacional; tras haber multiplicado las clases de defensa por todo el territorio; tras haber multiplicado las ofertas de empleo en el Ej\u00e9rcito para los j\u00f3venes en situaci\u00f3n precaria. El 18 de marzo, Macron, durante su discurso de presentaci\u00f3n del nuevo portaaviones, declar\u00f3 que se apoyar\u00eda en las formaciones de los institutos profesionales y generales, las universidades, las escuelas de ingenier\u00eda, as\u00ed como en los sectores de la investigaci\u00f3n y la industria, con el fin de movilizar a toda la juventud, desde la secundaria hasta el doctorado, para su proyecto belicista. Desde que est\u00e1 en el poder, Macron no ha dejado de destruir nuestras condiciones de vida y de estudio. Ahora quiere enviarnos a la guerra\u201d.<\/i><\/span><\/p>\n<p class=\"western\" align=\"justify\"><span style=\"font-family: Times LT Std, serif;\">Es significativo lo que ocurre estas semanas en Francia. El 21 de abril el gobierno Lecornou ha dictado un recorte de 6.000 millones en gastos sociales pues \u00abla guerra en medio Oriente y el bloqueo del Estrecho de Ormuz tiene repercusiones inmediatas en nuestro pa\u00eds\u00bb<\/span><\/p>\n<p class=\"western\" align=\"justify\"><span style=\"font-family: Times LT Std, serif;\">Este mismo 21 de abril se ha producido una masiva concentraci\u00f3n delante de la facultad de Ciencias Pol\u00edticas de Par\u00eds contra las sanciones a estudiantes que se han movilizado contra el genocidio en Gaza.<\/span><\/p>\n<p class=\"western\" align=\"justify\"><span style=\"font-family: Times LT Std, serif;\">La movilizaci\u00f3n de j\u00f3venes alemanes, franceses y de otros pa\u00edses contra la pol\u00edtica de guerra y contra el reclutamiento obligatorio es algo que compete a todos los j\u00f3venes de Europa, incluso m\u00e1s all\u00e1 de aquellos cuyos gobiernos se atreven a proponerlo.<\/span><\/p>\n<p class=\"western\" align=\"justify\"><span style=\"font-family: Times LT Std, serif;\">La Conferencia y mitin de los 19 y 20 de junio en Londres ser\u00e1 la ocasi\u00f3n para ayudar a impulsar la movilizaci\u00f3n contra la pol\u00edtica de guerra y de c\u00f3mo afecta a la juventud.<\/span><\/p>\n","protected":false},"excerpt":{"rendered":"<p>&nbsp;Carta Semanal 1093 para descargar en PDF Fuentes confidenciales citadas por el&nbsp;Wall Street Journal&nbsp;estiman que 280.000 combatientes (200.000 rusos y 80.000 ucranianos) han muerto en Ucrania s\u00f3lo desde el 24 de febrero de 2022 hasta diciembre de 2024. 800.000, seg\u00fan esas mismas fuentes, han resultado heridos (400.000 en cada bando). No se sabe bien qui\u00e9n [&hellip;]<\/p>\n","protected":false},"author":1197,"featured_media":0,"comment_status":"open","ping_status":"open","sticky":false,"template":"","format":"standard","meta":{"ngg_post_thumbnail":0,"footnotes":""},"categories":[61],"tags":[318,1350,1176,1349],"class_list":["post-9738","post","type-post","status-publish","format-standard","hentry","category-cartas","tag-estudiantes","tag-jovenes","tag-juventud","tag-no-a-la-guerra"],"aioseo_notices":[],"_links":{"self":[{"href":"https:\/\/posicuarta.org\/cartasblog\/wp-json\/wp\/v2\/posts\/9738","targetHints":{"allow":["GET"]}}],"collection":[{"href":"https:\/\/posicuarta.org\/cartasblog\/wp-json\/wp\/v2\/posts"}],"about":[{"href":"https:\/\/posicuarta.org\/cartasblog\/wp-json\/wp\/v2\/types\/post"}],"author":[{"embeddable":true,"href":"https:\/\/posicuarta.org\/cartasblog\/wp-json\/wp\/v2\/users\/1197"}],"replies":[{"embeddable":true,"href":"https:\/\/posicuarta.org\/cartasblog\/wp-json\/wp\/v2\/comments?post=9738"}],"version-history":[{"count":1,"href":"https:\/\/posicuarta.org\/cartasblog\/wp-json\/wp\/v2\/posts\/9738\/revisions"}],"predecessor-version":[{"id":9741,"href":"https:\/\/posicuarta.org\/cartasblog\/wp-json\/wp\/v2\/posts\/9738\/revisions\/9741"}],"wp:attachment":[{"href":"https:\/\/posicuarta.org\/cartasblog\/wp-json\/wp\/v2\/media?parent=9738"}],"wp:term":[{"taxonomy":"category","embeddable":true,"href":"https:\/\/posicuarta.org\/cartasblog\/wp-json\/wp\/v2\/categories?post=9738"},{"taxonomy":"post_tag","embeddable":true,"href":"https:\/\/posicuarta.org\/cartasblog\/wp-json\/wp\/v2\/tags?post=9738"}],"curies":[{"name":"wp","href":"https:\/\/api.w.org\/{rel}","templated":true}]}}