{"id":9863,"date":"2026-09-01T12:35:48","date_gmt":"2026-09-01T10:35:48","guid":{"rendered":"https:\/\/posicuarta.org\/cartasblog\/?p=9863"},"modified":"2026-09-01T12:36:10","modified_gmt":"2026-09-01T10:36:10","slug":"la-lucha-contra-la-guerra-en-distintos-paises-europeos","status":"publish","type":"post","link":"https:\/\/posicuarta.org\/cartasblog\/la-lucha-contra-la-guerra-en-distintos-paises-europeos\/","title":{"rendered":"La lucha contra la guerra en distintos pa\u00edses europeos"},"content":{"rendered":"<h3><em><a href=\"http:\/\/posicuarta.org\/cartasblog\/wp-content\/uploads\/2026\/09\/Carta-Semanal-1110-cast.pdf\">Carta Semanal 1110 para descargar en PDF<\/a><\/em><\/h3>\n<h3><em><a href=\"http:\/\/posicuarta.org\/cartasblog\/wp-content\/uploads\/2026\/09\/Carta-Semanal-1110-cat.pdf\">Carta Semanal 1110 en catal\u00e1n<\/a><\/em><\/h3>\n<p><img loading=\"lazy\" decoding=\"async\" class=\"wp-image-9866 alignleft\" src=\"http:\/\/posicuarta.org\/cartasblog\/wp-content\/uploads\/2026\/09\/Carta-Semanal-1110-cast-e1788258665678-210x300.jpg\" alt=\"\" width=\"150\" height=\"215\" srcset=\"https:\/\/posicuarta.org\/cartasblog\/wp-content\/uploads\/2026\/09\/Carta-Semanal-1110-cast-e1788258665678-210x300.jpg 210w, https:\/\/posicuarta.org\/cartasblog\/wp-content\/uploads\/2026\/09\/Carta-Semanal-1110-cast-e1788258665678-105x150.jpg 105w, https:\/\/posicuarta.org\/cartasblog\/wp-content\/uploads\/2026\/09\/Carta-Semanal-1110-cast-e1788258665678.jpg 419w\" sizes=\"auto, (max-width: 150px) 100vw, 150px\" \/><\/p>\n<p class=\"western\" align=\"justify\"><em><span style=\"font-family: Times New Roman, serif;\"><span lang=\"es-ES-u-co-trad\">Extractos de art\u00edculos de <\/span><\/span><span style=\"font-family: Times New Roman, serif;\"><span lang=\"es-ES-u-co-trad\">Informations ouvri\u00e8res <\/span><\/span><span style=\"font-family: Times New Roman, serif;\"><span lang=\"es-ES-u-co-trad\">n.\u00ba 923, sobre el combate contra la guerra en distintos pa\u00edses de Europa<\/span><\/span><\/em><\/p>\n<p class=\"western\" align=\"center\"><a name=\"_GoBack\"><\/a><strong> <span style=\"color: #ff0000;\"><span style=\"font-family: Folio Std Bold Condensed, serif;\"><span style=\"font-size: small;\"><span lang=\"es-ES-u-co-trad\">Alemania <\/span><\/span><\/span><\/span><\/strong><span style=\"color: #ff0000;\"><span style=\"font-family: Folio Std Bold Condensed, serif;\"><span style=\"font-size: small;\"><span lang=\"es-ES-u-co-trad\"><b>\u00abNo podemos defender el Estado social sin luchar contra la pol\u00edtica de guerra\u00bb<\/b><\/span><\/span><\/span><\/span><\/p>\n<p class=\"western\" align=\"justify\"><span style=\"font-family: Times New Roman, serif;\"><span lang=\"es-ES-u-co-trad\">Mientras el ministro de la Guerra, Pistorius, reclama un aumento masivo de los cr\u00e9ditos de guerra, las pensiones y la asistencia sanitaria son objeto de un programa de austeridad brutal.<\/span><\/span><\/p>\n<p class=\"western\" style=\"text-align: right;\" align=\"justify\"><span style=\"font-family: Times New Roman, serif;\"><span lang=\"es-ES-u-co-trad\"><i>Carla Boulboulle\u0301 por SoPoDe<\/i><\/span><\/span><\/p>\n<p class=\"western\" align=\"justify\"><span style=\"font-family: Times New Roman, serif;\"><span lang=\"es-ES-u-co-trad\">De aqu\u00ed a fin de a\u00f1o, el Gobierno federal pretende que el Bundestag apruebe su \u00abpaquete de pensiones\u00bb, que agravar\u00e1 la pobreza de las personas mayores y afectar\u00e1 con especial dureza a los habitantes de Alemania del Este.<\/span><\/span><\/p>\n<p class=\"western\" align=\"justify\"><span style=\"font-family: Times New Roman, serif;\"><span lang=\"es-ES-u-co-trad\">El paquete prev\u00e9: aumentar la edad de jubilaci\u00f3n hasta los 70 a\u00f1os, la supresi\u00f3n de la \u00abjubilaci\u00f3n a los 63 a\u00f1os\u00bb someter las pensiones a la especulaci\u00f3n financiera, mientras que la pensi\u00f3n legal, no pasar\u00eda de una cobertura b\u00e1sica. <\/span><\/span><span style=\"font-family: Times New Roman, serif;\"><span lang=\"es-ES-u-co-trad\"><i>(&#8230;) <\/i><\/span><\/span><span style=\"font-family: Times New Roman, serif;\"><span lang=\"es-ES-u-co-trad\">L<\/span><\/span><span style=\"font-family: Times New Roman, serif;\"><span lang=\"es-ES-u-co-trad\">a comisi\u00f3n de coalici\u00f3n del Gobierno reclama, \u00ab<\/span><\/span><span style=\"font-family: Times New Roman, serif;\"><span lang=\"es-ES-u-co-trad\"><i>una mayor flexibilidad en el mercado laboral<\/i><\/span><\/span><span style=\"font-family: Times New Roman, serif;\"><span lang=\"es-ES-u-co-trad\">\u00bb, as\u00ed como una \u00ab<\/span><\/span><span style=\"font-family: Times New Roman, serif;\"><span lang=\"es-ES-u-co-trad\"><i>ampliaci\u00f3n significativa de los contratos temporales sin<\/i><\/span><\/span> <span style=\"font-family: Times New Roman, serif;\"><span lang=\"es-ES-u-co-trad\"><i>motivo objetivo<\/i><\/span><\/span><span style=\"font-family: Times New Roman, serif;\"><span lang=\"es-ES-u-co-trad\">\u00bb (hasta los 48 meses para los trabajadores contratados hasta finales de 2030 y ser renovables seis veces.<\/span><\/span> <span style=\"font-family: Times New Roman, serif;\"><span lang=\"es-ES-u-co-trad\">\u00ab<\/span><\/span><span style=\"font-family: Times New Roman, serif;\"><span lang=\"es-ES-u-co-trad\"><i>Es el doble de tiempo que antes<\/i><\/span><\/span><span style=\"font-family: Times New Roman, serif;\"><span lang=\"es-ES-u-co-trad\">\u00bb, declar\u00f3 Merz), una \u00ab<\/span><\/span><span style=\"font-family: Times New Roman, serif;\"><span lang=\"es-ES-u-co-trad\"><i>flexibilizaci\u00f3n de la protecci\u00f3n contra el despido<\/i><\/span><\/span><span style=\"font-family: Times New Roman, serif;\"><span lang=\"es-ES-u-co-trad\">\u00bb, el fin de las bajas por enfermedad por tel\u00e9fono, con obligaci\u00f3n de presentar un certificado m\u00e9dico desde el primer d\u00eda, recortes en la renta m\u00ednima, ahorros en las prestaciones parentales para los a\u00f1os 2027\/2028 que podr\u00edan alcanzar los 1.600 millones de euros, recortes en las ayudas a la infancia, la juventud y la inserci\u00f3n por un importe superior a 8.600 millones de euros, as\u00ed como reducciones en las ayudas a la vivienda por valor de 1.000 millones de euros.<\/span><\/span> <span style=\"font-family: Times New Roman, serif;\"><span lang=\"es-ES-u-co-trad\"><i>(&#8230;)<\/i><\/span><\/span><i><\/i><\/p>\n<p align=\"justify\"><!--more--><\/p>\n<p class=\"western\" align=\"justify\"><span style=\"font-family: Times New Roman, serif;\"><span lang=\"es-ES-u-co-trad\">El Gobierno federal allana el camino a la AfD (que crece en las encuestas). AfD es radicalmente hostil hacia los trabajadores. Apoya la pol\u00edtica de rearme y militarizaci\u00f3n del Gobierno Merz. Se beneficia de los votos de protesta contra la pol\u00edtica de todos los partidos establecidos.<\/span><\/span><\/p>\n<p class=\"western\" align=\"justify\"><span style=\"font-family: Times New Roman, serif;\"><span lang=\"es-ES-u-co-trad\"><b>\u00bfQU\u00c9 DICEN LAS DIRECCIONES SINDICALES?<\/b><\/span><\/span><\/p>\n<p class=\"western\" align=\"justify\"><span style=\"font-family: Times New Roman, serif;\"><span lang=\"es-ES-u-co-trad\">La presidenta de la DGB, la Sra. <\/span><\/span><span style=\"font-family: Times New Roman, serif;\"><span lang=\"es-ES-u-co-trad\">Fahimi, elogi\u00f3 las decisiones de la comisi\u00f3n de coalici\u00f3n: \u00ab<\/span><\/span><span style=\"font-family: Times New Roman, serif;\"><span lang=\"es-ES-u-co-trad\"><i>Se\u00f1ales positivas para el empleo, el crecimiento y la reducci\u00f3n de la carga fiscal<\/i><\/span><\/span><span style=\"font-family: Times New Roman, serif;\"><span lang=\"es-ES-u-co-trad\">\u00bb, y subraya \u00ab<\/span><\/span><span style=\"font-family: Times New Roman, serif;\"><span lang=\"es-ES-u-co-trad\"><i>que el di\u00e1logo constructivo con los interlocutores sociales est\u00e1 dando sus frutos<\/i><\/span><\/span><span style=\"font-family: Times New Roman, serif;\"><span lang=\"es-ES-u-co-trad\">\u00bb.<\/span><\/span><span style=\"font-family: Times New Roman, serif;\"><span lang=\"es-ES-u-co-trad\"> Destaca: \u00ab<\/span><\/span><span style=\"font-family: Times New Roman, serif;\"><span lang=\"es-ES-u-co-trad\"><i>Quedan muchos aspectos por concretar en la fase de aplicaci\u00f3n, la DGB seguir\u00e1 acompa\u00f1ando el pr\u00f3ximo proceso de reforma de forma constructiva y comprometida<\/i><\/span><\/span><span style=\"font-family: Times New Roman, serif;\"><span lang=\"es-ES-u-co-trad\">\u00bb.<\/span><\/span><\/p>\n<p class=\"western\" align=\"justify\"><span style=\"font-family: Times New Roman, serif;\"><span lang=\"es-ES-u-co-trad\">Durante el congreso de la DGB a mediados de mayo, hubo silbidos y abucheos a Merz. A pesar del creciente rechazo por parte de la mayor\u00eda de sus compa\u00f1eros sindicalistas y de la mayor\u00eda de la sociedad, la direcci\u00f3n sindical liderada por Fahimi est\u00e1 dispuesta a brindar un apoyo decisivo al Gobierno Merz.<\/span><\/span><\/p>\n<p class=\"western\" align=\"justify\"><span style=\"font-family: Times New Roman, serif;\"><span lang=\"es-ES-u-co-trad\">Pero el descontento de la base sindical, que se extiende hasta la direcci\u00f3n, no puede ser acallado. \u00ab<\/span><\/span><span style=\"font-family: Times New Roman, serif;\"><span lang=\"es-ES-u-co-trad\"><i>Las preguntas y comentarios de numerosos compa\u00f1eros del consejo sindical ponen claramente de manifiesto el descontento y la incomprensi\u00f3n dentro de Ver.di\u00bb. (&#8230;)<\/i><\/span><\/span> <span style=\"font-family: Times New Roman, serif;\"><span lang=\"es-ES-u-co-trad\"><i>Este comunicado de prensa de Fahimi env\u00eda claramente se\u00f1ales negativas.<\/i><\/span><\/span> <span style=\"font-family: Times New Roman, serif;\"><span lang=\"es-ES-u-co-trad\"><i>(&#8230;) Recuperemos juntos el camino de la lucha<\/i><\/span><\/span><span style=\"font-family: Times New Roman, serif;\"><span lang=\"es-ES-u-co-trad\">\u00bb, escribe la presidenta del consejo sindical de Ver.di a ra\u00edz del comunicado de prensa de la DGB.<\/span><\/span><\/p>\n<p class=\"western\" align=\"justify\"><span style=\"font-family: Times New Roman, serif;\"><span lang=\"es-ES-u-co-trad\"><b>JORNADA NACIONAL DE ACCI\u00d3N EL 26 DE SEPTIEMBRE<\/b><\/span><\/span><\/p>\n<p class=\"western\" align=\"justify\"><span style=\"font-family: Times New Roman, serif;\"><span lang=\"es-ES-u-co-trad\">La DGB ha convocado jornadas de acci\u00f3n el 26 de septiembre en ocho ciudades. Tienen como objetivo denunciar la pol\u00edtica del Gobierno de Merz\/Klingbeil, el retroceso de los derechos de los trabajadores (en particular, la jornada de ocho horas) y los recortes presupuestarios en el \u00e1mbito social.<\/span><\/span><\/p>\n<p class=\"western\" align=\"justify\"><span style=\"font-family: Times New Roman, serif;\"><span lang=\"es-ES-u-co-trad\">Sin embargo, el llamamiento de la DGB pasa por alto que se trata de un presupuesto de guerra, que allana el camino hacia una econom\u00eda de guerra. Por el contrario, durante la lucha colectiva en Vivantes, nuestros compa\u00f1eros subrayan la responsabilidad de los sindicatos. \u00ab<\/span><\/span><span style=\"font-family: Times New Roman, serif;\"><span lang=\"es-ES-u-co-trad\"><i>Debemos dar una respuesta clara al belicismo del Gobierno<\/i><\/span><\/span><span style=\"font-family: Times New Roman, serif;\"><span lang=\"es-ES-u-co-trad\">\u00bb para poder defender los logros sociales, \u00ab<\/span><\/span><span style=\"font-family: Times New Roman, serif;\"><span lang=\"es-ES-u-co-trad\"><i>las prioridades militares prevalecen sobre los servicios p\u00fablicos<\/i><\/span><\/span><span style=\"font-family: Times New Roman, serif;\"><span lang=\"es-ES-u-co-trad\">\u00bb <\/span><\/span><\/p>\n<p class=\"western\" align=\"justify\"><span style=\"font-family: Times New Roman, serif;\"><span lang=\"es-ES-u-co-trad\">El rechazo masivo a los partidos en el poder en las elecciones no deja de crecer. \u00a1El Gobierno de Merz debe marcharse! \u00a1Actuemos para construir una fuerza pol\u00edtica contra la guerra \u2014contra la guerra social!<\/span><\/span><\/p>\n<p class=\"western\" align=\"justify\"><span style=\"font-family: Times New Roman, serif;\"><span lang=\"es-ES-u-co-trad\">\u00a1Por un Gobierno que responda a las reivindicaciones de la poblaci\u00f3n activa y de la juventud! \u00a1Un Estado social en lugar de un Estado belicista!<\/span><\/span><\/p>\n<p class=\"western\" align=\"center\"><span style=\"color: #ff0000;\"><span style=\"font-family: Folio Std Bold Condensed, serif;\"><span style=\"font-size: small;\"><span lang=\"es-ES-u-co-trad\"><b>Huelga de hambre contra la represi\u00f3n en Ucrania<\/b><\/span><\/span><\/span><\/span><\/p>\n<p class=\"western\" align=\"justify\"><span style=\"font-family: Times New Roman, serif;\"><span lang=\"es-ES-u-co-trad\">Extracto de una declaraci\u00f3n de la \u00abIzquierda Postsovi\u00e9tica\u00bb sobre una movilizaci\u00f3n celebrada el 5 de agosto en varios pa\u00edses.<\/span><\/span><\/p>\n<p class=\"western\" align=\"justify\"><span style=\"font-family: Times New Roman, serif;\"><span lang=\"es-ES-u-co-trad\">\u00abEl 5 de agosto, cientos de personas de distintos pa\u00edses participaron en una huelga de hambre de un d\u00eda en solidaridad con los presos pol\u00edticos ucranianos. 162 personas se sumaron a la huelga de hambre en Ucrania, de las cuales 92 se encontraban encarceladas; otros 260 participantes se sumaron en otros pa\u00edses. Esta acci\u00f3n se desencaden\u00f3 tras las denuncias de torturas, palizas y condiciones de reclusi\u00f3n inhumanas, principalmente en la colonia penitenciaria n.\u00ba 86 de Vinnytsia.<\/span><\/span><\/p>\n<p class=\"western\" align=\"justify\"><span style=\"font-family: Times New Roman, serif;\"><span lang=\"es-ES-u-co-trad\">Abordamos la situaci\u00f3n de los presos pol\u00edticos, desertores y activistas obreros ucranianos y rusos, e insistimos en la necesidad de luchar simult\u00e1neamente contra el capitalismo de Putin y el capitalismo prooccidental.<\/span><\/span><\/p>\n<p class=\"western\" align=\"justify\"><span style=\"font-family: Times New Roman, serif;\"><span lang=\"es-ES-u-co-trad\">La represi\u00f3n ejercida por el Estado ucraniano no se justifica por la agresi\u00f3n rusa, y la represi\u00f3n ejercida por el Estado ruso no se justifica por el imperialismo de Estados Unidos y los pa\u00edses de la OTAN.<\/span><\/span><\/p>\n<p class=\"western\" align=\"justify\"><span style=\"font-family: Times New Roman, serif;\"><span lang=\"es-ES-u-co-trad\">No hacemos ninguna concesi\u00f3n a ning\u00fan Estado con el pretexto del \u00abantiimperialismo\u00bb, pues el internacionalismo comienza donde termina la elecci\u00f3n de la \u00abbuena\u00bb prisi\u00f3n.<\/span><\/span><\/p>\n<p class=\"western\" align=\"justify\"><span style=\"font-family: Times New Roman, serif;\"><span lang=\"es-ES-u-co-trad\">Proponemos organizar una acci\u00f3n internacional conjunta en octubre de 2026 por la liberaci\u00f3n de los presos pol\u00edticos y la abolici\u00f3n de las leyes represivas en Rusia y Ucrania\u00bb.<\/span><\/span><\/p>\n<p class=\"western\" align=\"center\"><span style=\"color: #ff0000;\"><span style=\"font-family: Folio Std Bold Condensed, serif;\"><span style=\"font-size: small;\"><span lang=\"es-ES-u-co-trad\">Pa\u00edses Bajos \u2013 Huelga portuaria nacional el 4 de septiembre<\/span><\/span><\/span><\/span><\/p>\n<p class=\"western\" align=\"justify\"><span style=\"font-family: Times New Roman, serif;\"><span lang=\"es-ES-u-co-trad\"><b>Contra los proyectos de desmantelamiento de la Seguridad Social<\/b><\/span><\/span><\/p>\n<p class=\"western\" align=\"justify\"><span style=\"font-family: Times New Roman, serif;\"><span lang=\"es-ES-u-co-trad\">Las reivindicaciones planteadas no solo afectan a los estibadores, sino al conjunto de los trabajadores del pa\u00eds. Publicamos extractos de su comunicado de prensa publicado el 4 de agosto de 2026.<\/span><\/span><\/p>\n<p class=\"western\" align=\"justify\"><span style=\"font-family: Times New Roman, serif;\"><span lang=\"es-ES-u-co-trad\">\u00abLa Seguridad Social no es la hucha del Gobierno. FNV Havens ha convocado el viernes 4 de septiembre una jornada de huelga nacional para los estibadores. <\/span><\/span><\/p>\n<p class=\"western\" align=\"justify\"><span style=\"font-family: Times New Roman, serif;\"><span lang=\"es-ES-u-co-trad\">Con esta huelga, el sindicato exige la retirada inmediata del proyecto de recorte de 6.500 millones de euros en las cotizaciones sociales. Los miembros de FNV Havens ya hab\u00edan indicado el 31 de marzo, durante la asamblea general, a la que asistieron m\u00e1s de 700 estibadores, que estaban dispuestos a dejar de trabajar. <\/span><\/span><span style=\"font-family: Times New Roman, serif;\"><span lang=\"es-ES-u-co-trad\"><i>\u00abNos negamos a que la Seguridad Social, especialmente en materia de desempleo e invalidez, se sacrifique con fines pol\u00edticos. La Seguridad Social no es un fondo de ahorro para el Gobierno. Los trabajadores y los empresarios llevan a\u00f1os cotizando\u00bb<\/i><\/span><\/span><span style=\"font-family: Times New Roman, serif;\"><span lang=\"es-ES-u-co-trad\">, declar\u00f3 Asmae Hajjari, responsable sindical de FNV Havens.<\/span><\/span><\/p>\n<p class=\"western\" align=\"justify\"><span style=\"font-family: Times New Roman, serif;\"><span lang=\"es-ES-u-co-trad\"><b>NECESIDAD DE LA HUELGA<\/b><\/span><\/span><\/p>\n<p class=\"western\" align=\"justify\"><span style=\"font-family: Times New Roman, serif;\"><span lang=\"es-ES-u-co-trad\">Estos recortes presupuestarios afectan duramente a todo el mundo: j\u00f3venes, trabajadores con experiencia, asalariados fijos o temporales, enfermos o desempleados. Una de las medidas m\u00e1s dr\u00e1sticas es la reducci\u00f3n a la mitad de la duraci\u00f3n m\u00e1xima de las prestaciones por desempleo, que pasa de dos a\u00f1os a uno. <\/span><\/span><\/p>\n<p class=\"western\" align=\"justify\"><span style=\"font-family: Times New Roman, serif;\"><span lang=\"es-ES-u-co-trad\"><b>EL COLAPSO DE LA RED DE SEGURIDAD SOCIAL<\/b><\/span><\/span><\/p>\n<p class=\"western\" align=\"justify\"><span style=\"font-family: Times New Roman, serif;\"><span lang=\"es-ES-u-co-trad\">Quienes no hayan encontrado empleo tras un a\u00f1o de prestaciones por desempleo tendr\u00e1n que recurrir a la ayuda social. Se aplica una estricta prueba de patrimonio: primero deber\u00e1n agotar sus ahorros, o incluso vender su vivienda. Hajjari: <\/span><\/span><span style=\"font-family: Times New Roman, serif;\"><span lang=\"es-ES-u-co-trad\"><i>\u00abEst\u00e1n socavando la seguridad misma de un sistema de protecci\u00f3n social digno de ese nombre. Los trabajadores deben poder contar con una red de seguridad social cuando pierden su empleo o quedan incapacitados sin que ello sea culpa suya\u00bb.<\/i><\/span><\/span><\/p>\n<p class=\"western\" align=\"justify\"><span style=\"font-family: Times New Roman, serif;\"><span lang=\"es-ES-u-co-trad\"><b>LA SEGURIDAD SOCIAL DEBE VOLVER A MANOS DE LOS INTERLOCUTORES SOCIALES<\/b><\/span><\/span><\/p>\n<p class=\"western\" align=\"justify\"><span style=\"font-family: Times New Roman, serif;\"><span lang=\"es-ES-u-co-trad\">FNV Havens aboga por que la seguridad social vuelva a ser responsabilidad de los interlocutores sociales (empresarios y trabajadores). Puesto que cotizan conjuntamente, tambi\u00e9n deben ser responsables conjuntamente del dise\u00f1o y la aplicaci\u00f3n del sistema. <\/span><\/span><span style=\"font-family: Times New Roman, serif;\"><span lang=\"es-ES-u-co-trad\"><i>\u00abQuienes cotizan deben tener voz y voto. Es la \u00fanica forma de evitar que la red de seguridad social de los trabajadores vuelva a ser saqueada\u00bb<\/i><\/span><\/span><span style=\"font-family: Times New Roman, serif;\"><span lang=\"es-ES-u-co-trad\">, afirma Hajjari\u00bb.<\/span><\/span><\/p>\n<p class=\"western\" align=\"center\"><span style=\"color: #ff0000;\"><span style=\"font-family: Folio Std Bold Condensed, serif;\"><span style=\"font-size: small;\"><span lang=\"es-ES-u-co-trad\">Jornada internacional de acci\u00f3n de los estibadores y trabajadores portuarios el 30 de octubre de 2026<\/span><\/span><\/span><\/span><\/p>\n<p class=\"western\" align=\"center\"><span style=\"font-family: Times New Roman, serif;\"><span lang=\"es-ES-u-co-trad\"><b>Contra la guerra y la militarizaci\u00f3n<\/b><\/span><\/span><\/p>\n<p class=\"western\" align=\"center\"><span style=\"font-family: Times New Roman, serif;\"><span lang=\"es-ES-u-co-trad\">\u00a1No a la desregulaci\u00f3n! \u00a1No a la automatizaci\u00f3n! Puertos por la paz. Empleos dignos.<\/span><\/span><\/p>\n<p class=\"western\" align=\"justify\"><span style=\"font-family: Times New Roman, serif;\"><span lang=\"es-ES-u-co-trad\">Llamamiento de la <\/span><\/span><span style=\"font-family: Times New Roman, serif;\"><span lang=\"es-ES-u-co-trad\"><b>CGT Ports et Docks (Francia)<\/b><\/span><\/span><span style=\"font-family: Times New Roman, serif;\"><span lang=\"es-ES-u-co-trad\">, <\/span><\/span><span style=\"font-family: Times New Roman, serif;\"><span lang=\"es-ES-u-co-trad\"><b>ENEDEP (Grecia)<\/b><\/span><\/span><span style=\"font-family: Times New Roman, serif;\"><span lang=\"es-ES-u-co-trad\">, <\/span><\/span><span style=\"font-family: Times New Roman, serif;\"><span lang=\"es-ES-u-co-trad\"><b>LAB (Pa\u00eds Vasco)<\/b><\/span><\/span><span style=\"font-family: Times New Roman, serif;\"><span lang=\"es-ES-u-co-trad\">, <\/span><\/span><span style=\"font-family: Times New Roman, serif;\"><span lang=\"es-ES-u-co-trad\"><b>Liman-Is (Turqu\u00eda<\/b><\/span><\/span><span style=\"font-family: Times New Roman, serif;\"><span lang=\"es-ES-u-co-trad\">), <\/span><\/span><span style=\"font-family: Times New Roman, serif;\"><span lang=\"es-ES-u-co-trad\"><b>ODT (Marruecos)<\/b><\/span><\/span><span style=\"font-family: Times New Roman, serif;\"><span lang=\"es-ES-u-co-trad\"> y la <\/span><\/span><span style=\"font-family: Times New Roman, serif;\"><span lang=\"es-ES-u-co-trad\"><b>USB (Italia)<\/b><\/span><\/span><span style=\"font-family: Times New Roman, serif;\"><span lang=\"es-ES-u-co-trad\">, en representaci\u00f3n de los trabajadores de m\u00e1s de 40 puertos mediterr\u00e1neos y europeos.<\/span><\/span><\/p>\n<p class=\"western\" align=\"justify\"><span style=\"font-family: Times New Roman, serif;\"><span lang=\"es-ES-u-co-trad\">Tras la tercera reuni\u00f3n internacional de los sindicatos de trabajadores portuarios del Mediterr\u00e1neo y de Europa, celebrada en Estambul en mayo de 2026, los sindicatos participantes convocaron una jornada de acci\u00f3n internacional conjunta el 30 de octubre de 2026.<\/span><\/span><\/p>\n<p class=\"western\" align=\"justify\"><span style=\"font-family: Times New Roman, serif;\"><span lang=\"es-ES-u-co-trad\">La reuni\u00f3n se centr\u00f3 en la lucha contra las guerras, el genocidio y la agresi\u00f3n militar, al tiempo que abord\u00f3 los retos a los que se enfrentan los estibadores y los trabajadores portuarios, en particular los salarios, las condiciones laborales, los proyectos de automatizaci\u00f3n y la salud y la seguridad en el trabajo. <\/span><\/span><\/p>\n<p class=\"western\" align=\"justify\"><span style=\"font-family: Times New Roman, serif;\"><span lang=\"es-ES-u-co-trad\">La Declaraci\u00f3n de Estambul, aprobada por unanimidad por las organizaciones participantes y que ahora cuenta con el pleno respaldo de la ORSA Porti de Gioia Tauro (Italia), que se ha incorporado a nuestra red internacional, enuncia las siguientes reivindicaciones:<\/span><\/span><\/p>\n<p class=\"western\" align=\"justify\">\u2013 <span style=\"font-family: Times New Roman, serif;\"><span lang=\"es-ES-u-co-trad\">Fin inmediato del genocidio del pueblo palestino y reconocimiento de un Estado palestino independiente, reconocido por la comunidad internacional, dentro de las fronteras de 1967 y con Jerusal\u00e9n Este como capital.<\/span><\/span><\/p>\n<p class=\"western\" align=\"justify\">\u2013 <span style=\"font-family: Times New Roman, serif;\"><span lang=\"es-ES-u-co-trad\">Fin de las guerras de agresi\u00f3n estadounidenses-israel\u00edes en Asia occidental y contra Ir\u00e1n, y plena solidaridad con los pueblos de Cuba, Venezuela y Sud\u00e1n, junto con el apoyo al derecho de todos los pueblos a resistir la ocupaci\u00f3n y a la autodeterminaci\u00f3n.<\/span><\/span><\/p>\n<p class=\"western\" align=\"justify\">\u2013 <span style=\"font-family: Times New Roman, serif;\"><span lang=\"es-ES-u-co-trad\">Los puertos no deben utilizarse para el transporte de armas, municiones, material militar o tropas destinadas a zonas de guerra. No deben convertirse en bases militares de la OTAN, de Estados Unidos o de la Uni\u00f3n Europea, ni servir de instrumentos para los armadores y los grupos monopol\u00edsticos.<\/span><\/span><\/p>\n<p class=\"western\" align=\"justify\">\u2013 <span style=\"font-family: Times New Roman, serif;\"><span lang=\"es-ES-u-co-trad\">No a la econom\u00eda de guerra, a los planes de rearme y al proyecto de militarizaci\u00f3n de los puertos y las infraestructuras estrat\u00e9gicas de la UE.<\/span><\/span><span style=\"font-family: Times New Roman, serif;\"><span lang=\"es-ES-u-co-trad\"> Los recursos p\u00fablicos deben destinarse a satisfacer las necesidades sociales de la poblaci\u00f3n, no a financiar la guerra.<\/span><\/span><\/p>\n<p class=\"western\" align=\"justify\">\u2013 <span style=\"font-family: Times New Roman, serif;\"><span lang=\"es-ES-u-co-trad\">Los convenios colectivos deben garantizar aumentos salariales reales, un empleo seguro, una reducci\u00f3n de la jornada laboral y unas condiciones de jubilaci\u00f3n justas.<\/span><\/span><\/p>\n<p class=\"western\" align=\"justify\">\u2013 <span style=\"font-family: Times New Roman, serif;\"><span lang=\"es-ES-u-co-trad\">El progreso tecnol\u00f3gico, la mecanizaci\u00f3n, la automatizaci\u00f3n y la inteligencia artificial no deben utilizarse para eliminar puestos de trabajo ni socavar los derechos de los trabajadores.<\/span><\/span><span style=\"font-family: Times New Roman, serif;\"><span lang=\"es-ES-u-co-trad\"> Los estibadores y los trabajadores portuarios dicen NO a la automatizaci\u00f3n.<\/span><\/span><\/p>\n<p class=\"western\" align=\"justify\"><span style=\"font-family: Times New Roman, serif;\"><span lang=\"es-ES-u-co-trad\">El 30 de octubre, todas las acciones se unir\u00e1n en el marco de una lucha internacional com\u00fan para detener las guerras, el genocidio y la militarizaci\u00f3n de los puertos, al tiempo que se defienden los derechos de los trabajadores y unas mejores condiciones laborales. Cada sindicato decidir\u00e1 cu\u00e1l es la forma de movilizaci\u00f3n m\u00e1s adecuada en funci\u00f3n de sus circunstancias nacionales, partiendo de la huelga.<\/span><\/span><\/p>\n<p class=\"western\" align=\"justify\"><span style=\"font-family: Times New Roman, serif;\"><span lang=\"es-ES-u-co-trad\">Los sindicatos firmantes de la declaraci\u00f3n de Estambul hacen un llamamiento a todos los sindicatos de estibadores y trabajadores portuarios para que se sumen a esta movilizaci\u00f3n internacional. <\/span><\/span><\/p>\n<p class=\"western\" align=\"center\"><span style=\"color: #ff0000;\"><span style=\"font-family: Folio Std Bold Condensed, serif;\"><span style=\"font-size: small;\"><span lang=\"es-ES-u-co-trad\"><b>Contra la guerra es necesario fortalecer los v\u00ednculos<\/b><\/span><\/span><\/span><\/span><\/p>\n<p class=\"western\" align=\"justify\"><span style=\"font-family: Times New Roman, serif;\"><span lang=\"es-ES-u-co-trad\">Extractos de una conversaci\u00f3n con Linday German, miembro fundadora de Stop the War en Gran Breta\u00f1a, durante la conferencia celebrada en W\u00fcrzburg. <\/span><\/span><\/p>\n<p class=\"western\" align=\"justify\"><span style=\"font-family: Times New Roman, serif;\"><span lang=\"es-ES-u-co-trad\">\u00abEs fundamental reunir a todos los pueblos de Europa para proponer una alternativa a la actuaci\u00f3n de nuestros gobiernos. Porque nos dirigimos hacia la guerra. De la situaci\u00f3n en Ucrania se desprende claramente que los gobiernos europeos est\u00e1n decididos a prolongar el conflicto, convencidos de que pueden derrotar a Rusia.<\/span><\/span><\/p>\n<p class=\"western\" align=\"justify\"><span style=\"font-family: Times New Roman, serif;\"><span lang=\"es-ES-u-co-trad\">Nadie sabe c\u00f3mo reaccionar\u00e1 Rusia, pero las consecuencias no ser\u00e1n buenas. Se preocupan m\u00e1s por esta guerra que por la de Oriente Medio, ah\u00ed concentran sus recursos financieros y el desarrollo de nuevas armas. Zelenski consigue todo lo que pide, a pesar de los graves problemas de corrupci\u00f3n y las dificultades pol\u00edticas en Ucrania. Y estos son temas de los que no se habla, al menos no en los medios de comunicaci\u00f3n brit\u00e1nicos.<\/span><\/span><\/p>\n<p class=\"western\" align=\"justify\"><span style=\"font-family: Times New Roman, serif;\"><span lang=\"es-ES-u-co-trad\">Creo que, en Gran Breta\u00f1a, debemos reforzar nuestros v\u00ednculos no solo con el movimiento franc\u00e9s, sino tambi\u00e9n con Alemania. Asimismo, debemos establecer v\u00ednculos en pa\u00edses como Italia, donde el sentimiento antiguerra es fuerte pero, en mi opini\u00f3n, a\u00fan no est\u00e1 lo suficientemente organizado a escala nacional. Esto, por tanto, forma parte de este trabajo.<\/span><\/span><\/p>\n<p class=\"western\" align=\"justify\"><span style=\"font-family: Times New Roman, serif;\"><span lang=\"es-ES-u-co-trad\">Espero tambi\u00e9n que podamos organizar otras conferencias internacionales en distintos lugares\u00bb.<\/span><\/span><\/p>\n<p class=\"western\">&nbsp;<\/p>\n<p class=\"western\">&nbsp;<\/p>\n","protected":false},"excerpt":{"rendered":"<p>Carta Semanal 1110 para descargar en PDF Carta Semanal 1110 en catal\u00e1n Extractos de art\u00edculos de Informations ouvri\u00e8res n.\u00ba 923, sobre el combate contra la guerra en distintos pa\u00edses de Europa Alemania \u00abNo podemos defender el Estado social sin luchar contra la pol\u00edtica de guerra\u00bb Mientras el ministro de la Guerra, Pistorius, reclama un aumento [&hellip;]<\/p>\n","protected":false},"author":1197,"featured_media":0,"comment_status":"open","ping_status":"open","sticky":false,"template":"","format":"standard","meta":{"ngg_post_thumbnail":0,"footnotes":""},"categories":[61],"tags":[1275,616,1388,1318],"class_list":["post-9863","post","type-post","status-publish","format-standard","hentry","category-cartas","tag-contra-la-guerra","tag-dgb","tag-merz","tag-sopode"],"aioseo_notices":[],"aioseo_head":"\n\t\t<!-- All in One SEO 5.0.1.1 - aioseo.com -->\n\t<meta name=\"description\" content=\"Carta Semanal 1110 para descargar en PDF Carta Semanal 1110 en catal\u00e1n Extractos de art\u00edculos de Informations ouvri\u00e8res n.\u00ba 923, sobre el combate contra la guerra en distintos pa\u00edses de Europa Alemania \u00abNo podemos defender el Estado social sin luchar contra la pol\u00edtica de guerra\u00bb Mientras el ministro de la Guerra, Pistorius, reclama un aumento\" \/>\n\t<meta name=\"robots\" content=\"max-image-preview:large\" \/>\n\t<meta name=\"author\" content=\"M M I\"\/>\n\t<meta name=\"keywords\" content=\"contra la guerra,dgb,merz,sopode,cartas\" \/>\n\t<link rel=\"canonical\" href=\"https:\/\/posicuarta.org\/cartasblog\/la-lucha-contra-la-guerra-en-distintos-paises-europeos\/\" \/>\n\t<meta name=\"generator\" content=\"All in One SEO (AIOSEO) 5.0.1.1\" \/>\n\t\t<meta property=\"og:locale\" content=\"es_ES\" \/>\n\t\t<meta property=\"og:site_name\" content=\"Carta Semanal | Todas las semanas el POSI publica esta carta sobre temas de actualidad\" \/>\n\t\t<meta property=\"og:type\" content=\"article\" \/>\n\t\t<meta property=\"og:title\" content=\"La lucha contra la guerra en distintos pa\u00edses europeos | Carta Semanal\" \/>\n\t\t<meta property=\"og:description\" content=\"Carta Semanal 1110 para descargar en PDF Carta Semanal 1110 en catal\u00e1n Extractos de art\u00edculos de Informations ouvri\u00e8res n.\u00ba 923, sobre el combate contra la guerra en distintos pa\u00edses de Europa Alemania \u00abNo podemos defender el Estado social sin luchar contra la pol\u00edtica de guerra\u00bb Mientras el ministro de la Guerra, Pistorius, reclama un aumento\" \/>\n\t\t<meta property=\"og:url\" content=\"https:\/\/posicuarta.org\/cartasblog\/la-lucha-contra-la-guerra-en-distintos-paises-europeos\/\" \/>\n\t\t<meta property=\"article:published_time\" content=\"2026-09-01T10:35:48+00:00\" \/>\n\t\t<meta property=\"article:modified_time\" content=\"2026-09-01T10:36:10+00:00\" \/>\n\t\t<meta name=\"twitter:card\" content=\"summary\" \/>\n\t\t<meta name=\"twitter:title\" content=\"La lucha contra la guerra en distintos pa\u00edses europeos | Carta Semanal\" \/>\n\t\t<meta name=\"twitter:description\" content=\"Carta Semanal 1110 para descargar en PDF Carta Semanal 1110 en catal\u00e1n Extractos de art\u00edculos de Informations ouvri\u00e8res n.\u00ba 923, sobre el combate contra la guerra en distintos pa\u00edses de Europa Alemania \u00abNo podemos defender el Estado social sin luchar contra la pol\u00edtica de guerra\u00bb Mientras el ministro de la Guerra, Pistorius, reclama un aumento\" \/>\n\t\t<script type=\"application\/ld+json\" class=\"aioseo-schema\">\n\t\t\t{\"@context\":\"https:\\\/\\\/schema.org\",\"@graph\":[{\"@type\":\"Article\",\"@id\":\"https:\\\/\\\/posicuarta.org\\\/cartasblog\\\/la-lucha-contra-la-guerra-en-distintos-paises-europeos\\\/#article\",\"name\":\"La lucha contra la guerra en distintos pa\\u00edses europeos | Carta Semanal\",\"headline\":\"La lucha contra la guerra en distintos pa\\u00edses europeos\",\"author\":{\"@id\":\"https:\\\/\\\/posicuarta.org\\\/cartasblog\\\/author\\\/inhakimm\\\/#author\"},\"publisher\":{\"@id\":\"https:\\\/\\\/posicuarta.org\\\/cartasblog\\\/#organization\"},\"image\":{\"@type\":\"ImageObject\",\"url\":\"https:\\\/\\\/posicuarta.org\\\/cartasblog\\\/wp-content\\\/uploads\\\/2026\\\/09\\\/Carta-Semanal-1110-cast-e1788258665678.jpg\",\"@id\":\"https:\\\/\\\/posicuarta.org\\\/cartasblog\\\/la-lucha-contra-la-guerra-en-distintos-paises-europeos\\\/#articleImage\",\"width\":419,\"height\":600},\"datePublished\":\"2026-09-01T12:35:48+02:00\",\"dateModified\":\"2026-09-01T12:36:10+02:00\",\"inLanguage\":\"es-ES\",\"mainEntityOfPage\":{\"@id\":\"https:\\\/\\\/posicuarta.org\\\/cartasblog\\\/la-lucha-contra-la-guerra-en-distintos-paises-europeos\\\/#webpage\"},\"isPartOf\":{\"@id\":\"https:\\\/\\\/posicuarta.org\\\/cartasblog\\\/la-lucha-contra-la-guerra-en-distintos-paises-europeos\\\/#webpage\"},\"articleSection\":\"Cartas, contra la guerra, DGB, Merz, SOPODE\"},{\"@type\":\"BreadcrumbList\",\"@id\":\"https:\\\/\\\/posicuarta.org\\\/cartasblog\\\/la-lucha-contra-la-guerra-en-distintos-paises-europeos\\\/#breadcrumblist\",\"itemListElement\":[{\"@type\":\"ListItem\",\"@id\":\"https:\\\/\\\/posicuarta.org\\\/cartasblog#listItem\",\"position\":1,\"name\":\"Home\",\"item\":\"https:\\\/\\\/posicuarta.org\\\/cartasblog\",\"nextItem\":{\"@type\":\"ListItem\",\"@id\":\"https:\\\/\\\/posicuarta.org\\\/cartasblog\\\/category\\\/cartas\\\/#listItem\",\"name\":\"Cartas\"}},{\"@type\":\"ListItem\",\"@id\":\"https:\\\/\\\/posicuarta.org\\\/cartasblog\\\/category\\\/cartas\\\/#listItem\",\"position\":2,\"name\":\"Cartas\",\"item\":\"https:\\\/\\\/posicuarta.org\\\/cartasblog\\\/category\\\/cartas\\\/\",\"nextItem\":{\"@type\":\"ListItem\",\"@id\":\"https:\\\/\\\/posicuarta.org\\\/cartasblog\\\/la-lucha-contra-la-guerra-en-distintos-paises-europeos\\\/#listItem\",\"name\":\"La lucha contra la guerra en distintos pa\\u00edses europeos\"},\"previousItem\":{\"@type\":\"ListItem\",\"@id\":\"https:\\\/\\\/posicuarta.org\\\/cartasblog#listItem\",\"name\":\"Home\"}},{\"@type\":\"ListItem\",\"@id\":\"https:\\\/\\\/posicuarta.org\\\/cartasblog\\\/la-lucha-contra-la-guerra-en-distintos-paises-europeos\\\/#listItem\",\"position\":3,\"name\":\"La lucha contra la guerra en distintos pa\\u00edses europeos\",\"previousItem\":{\"@type\":\"ListItem\",\"@id\":\"https:\\\/\\\/posicuarta.org\\\/cartasblog\\\/category\\\/cartas\\\/#listItem\",\"name\":\"Cartas\"}}]},{\"@type\":\"Organization\",\"@id\":\"https:\\\/\\\/posicuarta.org\\\/cartasblog\\\/#organization\",\"name\":\"Carta Semanal\",\"description\":\"Todas las semanas el POSI publica esta carta sobre temas de actualidad\",\"url\":\"https:\\\/\\\/posicuarta.org\\\/cartasblog\\\/\"},{\"@type\":\"Person\",\"@id\":\"https:\\\/\\\/posicuarta.org\\\/cartasblog\\\/author\\\/inhakimm\\\/#author\",\"url\":\"https:\\\/\\\/posicuarta.org\\\/cartasblog\\\/author\\\/inhakimm\\\/\",\"name\":\"M M I\",\"image\":{\"@type\":\"ImageObject\",\"@id\":\"https:\\\/\\\/posicuarta.org\\\/cartasblog\\\/la-lucha-contra-la-guerra-en-distintos-paises-europeos\\\/#authorImage\",\"url\":\"https:\\\/\\\/secure.gravatar.com\\\/avatar\\\/58b8ea5565cb3d0684ea1f13485c11cf00eba79dea8990a4cac7703250941533?s=96&d=mm&r=g\",\"width\":96,\"height\":96,\"caption\":\"M M I\"}},{\"@type\":\"WebPage\",\"@id\":\"https:\\\/\\\/posicuarta.org\\\/cartasblog\\\/la-lucha-contra-la-guerra-en-distintos-paises-europeos\\\/#webpage\",\"url\":\"https:\\\/\\\/posicuarta.org\\\/cartasblog\\\/la-lucha-contra-la-guerra-en-distintos-paises-europeos\\\/\",\"name\":\"La lucha contra la guerra en distintos pa\\u00edses europeos | Carta Semanal\",\"description\":\"Carta Semanal 1110 para descargar en PDF Carta Semanal 1110 en catal\\u00e1n Extractos de art\\u00edculos de Informations ouvri\\u00e8res n.\\u00ba 923, sobre el combate contra la guerra en distintos pa\\u00edses de Europa Alemania \\u00abNo podemos defender el Estado social sin luchar contra la pol\\u00edtica de guerra\\u00bb Mientras el ministro de la Guerra, Pistorius, reclama un aumento\",\"inLanguage\":\"es-ES\",\"isPartOf\":{\"@id\":\"https:\\\/\\\/posicuarta.org\\\/cartasblog\\\/#website\"},\"breadcrumb\":{\"@id\":\"https:\\\/\\\/posicuarta.org\\\/cartasblog\\\/la-lucha-contra-la-guerra-en-distintos-paises-europeos\\\/#breadcrumblist\"},\"author\":{\"@id\":\"https:\\\/\\\/posicuarta.org\\\/cartasblog\\\/author\\\/inhakimm\\\/#author\"},\"creator\":{\"@id\":\"https:\\\/\\\/posicuarta.org\\\/cartasblog\\\/author\\\/inhakimm\\\/#author\"},\"datePublished\":\"2026-09-01T12:35:48+02:00\",\"dateModified\":\"2026-09-01T12:36:10+02:00\"},{\"@type\":\"WebSite\",\"@id\":\"https:\\\/\\\/posicuarta.org\\\/cartasblog\\\/#website\",\"url\":\"https:\\\/\\\/posicuarta.org\\\/cartasblog\\\/\",\"name\":\"Carta Semanal\",\"description\":\"Todas las semanas el POSI publica esta carta sobre temas de actualidad\",\"inLanguage\":\"es-ES\",\"publisher\":{\"@id\":\"https:\\\/\\\/posicuarta.org\\\/cartasblog\\\/#organization\"}}]}\n\t\t<\/script>\n\t\t<!-- All in One SEO -->\n\n","aioseo_head_json":{"title":"La lucha contra la guerra en distintos pa\u00edses europeos | Carta Semanal","description":"Carta Semanal 1110 para descargar en PDF Carta Semanal 1110 en catal\u00e1n Extractos de art\u00edculos de Informations ouvri\u00e8res n.\u00ba 923, sobre el combate contra la guerra en distintos pa\u00edses de Europa Alemania \u00abNo podemos defender el Estado social sin luchar contra la pol\u00edtica de guerra\u00bb Mientras el ministro de la Guerra, Pistorius, reclama un aumento","canonical_url":"https:\/\/posicuarta.org\/cartasblog\/la-lucha-contra-la-guerra-en-distintos-paises-europeos\/","robots":"max-image-preview:large","keywords":"contra la guerra,dgb,merz,sopode,cartas","webmasterTools":{"miscellaneous":""},"schema":{"@context":"https:\/\/schema.org","@graph":[{"@type":"Article","@id":"https:\/\/posicuarta.org\/cartasblog\/la-lucha-contra-la-guerra-en-distintos-paises-europeos\/#article","name":"La lucha contra la guerra en distintos pa\u00edses europeos | Carta Semanal","headline":"La lucha contra la guerra en distintos pa\u00edses europeos","author":{"@id":"https:\/\/posicuarta.org\/cartasblog\/author\/inhakimm\/#author"},"publisher":{"@id":"https:\/\/posicuarta.org\/cartasblog\/#organization"},"image":{"@type":"ImageObject","url":"https:\/\/posicuarta.org\/cartasblog\/wp-content\/uploads\/2026\/09\/Carta-Semanal-1110-cast-e1788258665678.jpg","@id":"https:\/\/posicuarta.org\/cartasblog\/la-lucha-contra-la-guerra-en-distintos-paises-europeos\/#articleImage","width":419,"height":600},"datePublished":"2026-09-01T12:35:48+02:00","dateModified":"2026-09-01T12:36:10+02:00","inLanguage":"es-ES","mainEntityOfPage":{"@id":"https:\/\/posicuarta.org\/cartasblog\/la-lucha-contra-la-guerra-en-distintos-paises-europeos\/#webpage"},"isPartOf":{"@id":"https:\/\/posicuarta.org\/cartasblog\/la-lucha-contra-la-guerra-en-distintos-paises-europeos\/#webpage"},"articleSection":"Cartas, contra la guerra, DGB, Merz, SOPODE"},{"@type":"BreadcrumbList","@id":"https:\/\/posicuarta.org\/cartasblog\/la-lucha-contra-la-guerra-en-distintos-paises-europeos\/#breadcrumblist","itemListElement":[{"@type":"ListItem","@id":"https:\/\/posicuarta.org\/cartasblog#listItem","position":1,"name":"Home","item":"https:\/\/posicuarta.org\/cartasblog","nextItem":{"@type":"ListItem","@id":"https:\/\/posicuarta.org\/cartasblog\/category\/cartas\/#listItem","name":"Cartas"}},{"@type":"ListItem","@id":"https:\/\/posicuarta.org\/cartasblog\/category\/cartas\/#listItem","position":2,"name":"Cartas","item":"https:\/\/posicuarta.org\/cartasblog\/category\/cartas\/","nextItem":{"@type":"ListItem","@id":"https:\/\/posicuarta.org\/cartasblog\/la-lucha-contra-la-guerra-en-distintos-paises-europeos\/#listItem","name":"La lucha contra la guerra en distintos pa\u00edses europeos"},"previousItem":{"@type":"ListItem","@id":"https:\/\/posicuarta.org\/cartasblog#listItem","name":"Home"}},{"@type":"ListItem","@id":"https:\/\/posicuarta.org\/cartasblog\/la-lucha-contra-la-guerra-en-distintos-paises-europeos\/#listItem","position":3,"name":"La lucha contra la guerra en distintos pa\u00edses europeos","previousItem":{"@type":"ListItem","@id":"https:\/\/posicuarta.org\/cartasblog\/category\/cartas\/#listItem","name":"Cartas"}}]},{"@type":"Organization","@id":"https:\/\/posicuarta.org\/cartasblog\/#organization","name":"Carta Semanal","description":"Todas las semanas el POSI publica esta carta sobre temas de actualidad","url":"https:\/\/posicuarta.org\/cartasblog\/"},{"@type":"Person","@id":"https:\/\/posicuarta.org\/cartasblog\/author\/inhakimm\/#author","url":"https:\/\/posicuarta.org\/cartasblog\/author\/inhakimm\/","name":"M M I","image":{"@type":"ImageObject","@id":"https:\/\/posicuarta.org\/cartasblog\/la-lucha-contra-la-guerra-en-distintos-paises-europeos\/#authorImage","url":"https:\/\/secure.gravatar.com\/avatar\/58b8ea5565cb3d0684ea1f13485c11cf00eba79dea8990a4cac7703250941533?s=96&d=mm&r=g","width":96,"height":96,"caption":"M M I"}},{"@type":"WebPage","@id":"https:\/\/posicuarta.org\/cartasblog\/la-lucha-contra-la-guerra-en-distintos-paises-europeos\/#webpage","url":"https:\/\/posicuarta.org\/cartasblog\/la-lucha-contra-la-guerra-en-distintos-paises-europeos\/","name":"La lucha contra la guerra en distintos pa\u00edses europeos | Carta Semanal","description":"Carta Semanal 1110 para descargar en PDF Carta Semanal 1110 en catal\u00e1n Extractos de art\u00edculos de Informations ouvri\u00e8res n.\u00ba 923, sobre el combate contra la guerra en distintos pa\u00edses de Europa Alemania \u00abNo podemos defender el Estado social sin luchar contra la pol\u00edtica de guerra\u00bb Mientras el ministro de la Guerra, Pistorius, reclama un aumento","inLanguage":"es-ES","isPartOf":{"@id":"https:\/\/posicuarta.org\/cartasblog\/#website"},"breadcrumb":{"@id":"https:\/\/posicuarta.org\/cartasblog\/la-lucha-contra-la-guerra-en-distintos-paises-europeos\/#breadcrumblist"},"author":{"@id":"https:\/\/posicuarta.org\/cartasblog\/author\/inhakimm\/#author"},"creator":{"@id":"https:\/\/posicuarta.org\/cartasblog\/author\/inhakimm\/#author"},"datePublished":"2026-09-01T12:35:48+02:00","dateModified":"2026-09-01T12:36:10+02:00"},{"@type":"WebSite","@id":"https:\/\/posicuarta.org\/cartasblog\/#website","url":"https:\/\/posicuarta.org\/cartasblog\/","name":"Carta Semanal","description":"Todas las semanas el POSI publica esta carta sobre temas de actualidad","inLanguage":"es-ES","publisher":{"@id":"https:\/\/posicuarta.org\/cartasblog\/#organization"}}]},"og:locale":"es_ES","og:site_name":"Carta Semanal | Todas las semanas el POSI publica esta carta sobre temas de actualidad","og:type":"article","og:title":"La lucha contra la guerra en distintos pa\u00edses europeos | Carta Semanal","og:description":"Carta Semanal 1110 para descargar en PDF Carta Semanal 1110 en catal\u00e1n Extractos de art\u00edculos de Informations ouvri\u00e8res n.\u00ba 923, sobre el combate contra la guerra en distintos pa\u00edses de Europa Alemania \u00abNo podemos defender el Estado social sin luchar contra la pol\u00edtica de guerra\u00bb Mientras el ministro de la Guerra, Pistorius, reclama un aumento","og:url":"https:\/\/posicuarta.org\/cartasblog\/la-lucha-contra-la-guerra-en-distintos-paises-europeos\/","article:published_time":"2026-09-01T10:35:48+00:00","article:modified_time":"2026-09-01T10:36:10+00:00","twitter:card":"summary","twitter:title":"La lucha contra la guerra en distintos pa\u00edses europeos | Carta Semanal","twitter:description":"Carta Semanal 1110 para descargar en PDF Carta Semanal 1110 en catal\u00e1n Extractos de art\u00edculos de Informations ouvri\u00e8res n.\u00ba 923, sobre el combate contra la guerra en distintos pa\u00edses de Europa Alemania \u00abNo podemos defender el Estado social sin luchar contra la pol\u00edtica de guerra\u00bb Mientras el ministro de la Guerra, Pistorius, reclama un aumento"},"aioseo_meta_data":{"post_id":"9863","title":null,"description":null,"keywords":null,"keyphrases":{"focus":{"keyphrase":"","score":0,"analysis":{"keyphraseInTitle":{"score":0,"maxScore":9,"error":1}}},"additional":[]},"primary_term":null,"canonical_url":null,"og_title":null,"og_description":null,"og_object_type":"default","og_image_type":"default","og_image_url":null,"og_image_width":null,"og_image_height":null,"og_image_custom_url":null,"og_image_custom_fields":null,"og_video":"","og_custom_url":null,"og_article_section":null,"og_article_tags":null,"twitter_use_og":false,"twitter_card":"default","twitter_image_type":"default","twitter_image_url":null,"twitter_image_custom_url":null,"twitter_image_custom_fields":null,"twitter_title":null,"twitter_description":null,"schema":{"blockGraphs":[],"customGraphs":[],"default":{"data":{"Article":[],"Course":[],"Dataset":[],"FAQPage":[],"Movie":[],"Person":[],"Product":[],"ProductReview":[],"Car":[],"Recipe":[],"Service":[],"SoftwareApplication":[],"WebPage":[]},"graphName":"Article","isEnabled":true},"graphs":[]},"schema_type":"default","schema_type_options":null,"pillar_content":false,"robots_default":true,"robots_noindex":false,"robots_noarchive":false,"robots_nosnippet":false,"robots_nofollow":false,"robots_noimageindex":false,"robots_noodp":false,"robots_notranslate":false,"robots_max_snippet":"-1","robots_max_videopreview":"-1","robots_max_imagepreview":"large","priority":null,"frequency":"default","local_seo":null,"breadcrumb_settings":null,"limit_modified_date":false,"ai":{"faqs":[],"keyPoints":[],"schemas":[],"titles":[],"descriptions":[],"socialPosts":{"email":{"subject":"","preview":"","content":""},"linkedin":[],"twitter":[],"facebook":[],"instagram":[]}},"created":"2026-09-01 10:26:27","updated":"2026-09-01 12:29:56","seo_analyzer_scan_date":null,"focus_keyword":null,"additional_keywords":null,"truseo_locale":null},"aioseo_breadcrumb":"<div class=\"aioseo-breadcrumbs\"><span class=\"aioseo-breadcrumb\">\n\t\t\t<a href=\"https:\/\/posicuarta.org\/cartasblog\" title=\"Home\">Home<\/a>\n\t\t<\/span><span class=\"aioseo-breadcrumb-separator\">&raquo;<\/span><span class=\"aioseo-breadcrumb\">\n\t\t\t<a href=\"https:\/\/posicuarta.org\/cartasblog\/category\/cartas\/\" title=\"Cartas\">Cartas<\/a>\n\t\t<\/span><span class=\"aioseo-breadcrumb-separator\">&raquo;<\/span><span class=\"aioseo-breadcrumb\">\n\t\t\tLa lucha contra la guerra en distintos pa\u00edses europeos\n\t\t<\/span><\/div>","aioseo_breadcrumb_json":[{"label":"Home","link":"https:\/\/posicuarta.org\/cartasblog"},{"label":"Cartas","link":"https:\/\/posicuarta.org\/cartasblog\/category\/cartas\/"},{"label":"La lucha contra la guerra en distintos pa\u00edses europeos","link":"https:\/\/posicuarta.org\/cartasblog\/la-lucha-contra-la-guerra-en-distintos-paises-europeos\/"}],"_links":{"self":[{"href":"https:\/\/posicuarta.org\/cartasblog\/wp-json\/wp\/v2\/posts\/9863","targetHints":{"allow":["GET"]}}],"collection":[{"href":"https:\/\/posicuarta.org\/cartasblog\/wp-json\/wp\/v2\/posts"}],"about":[{"href":"https:\/\/posicuarta.org\/cartasblog\/wp-json\/wp\/v2\/types\/post"}],"author":[{"embeddable":true,"href":"https:\/\/posicuarta.org\/cartasblog\/wp-json\/wp\/v2\/users\/1197"}],"replies":[{"embeddable":true,"href":"https:\/\/posicuarta.org\/cartasblog\/wp-json\/wp\/v2\/comments?post=9863"}],"version-history":[{"count":2,"href":"https:\/\/posicuarta.org\/cartasblog\/wp-json\/wp\/v2\/posts\/9863\/revisions"}],"predecessor-version":[{"id":9868,"href":"https:\/\/posicuarta.org\/cartasblog\/wp-json\/wp\/v2\/posts\/9863\/revisions\/9868"}],"wp:attachment":[{"href":"https:\/\/posicuarta.org\/cartasblog\/wp-json\/wp\/v2\/media?parent=9863"}],"wp:term":[{"taxonomy":"category","embeddable":true,"href":"https:\/\/posicuarta.org\/cartasblog\/wp-json\/wp\/v2\/categories?post=9863"},{"taxonomy":"post_tag","embeddable":true,"href":"https:\/\/posicuarta.org\/cartasblog\/wp-json\/wp\/v2\/tags?post=9863"}],"curies":[{"name":"wp","href":"https:\/\/api.w.org\/{rel}","templated":true}]}}