{"id":9869,"date":"2026-09-01T12:43:52","date_gmt":"2026-09-01T10:43:52","guid":{"rendered":"https:\/\/posicuarta.org\/cartasblog\/?p=9869"},"modified":"2026-09-01T12:43:52","modified_gmt":"2026-09-01T10:43:52","slug":"guerras-crisis-resistencia","status":"publish","type":"post","link":"https:\/\/posicuarta.org\/cartasblog\/guerras-crisis-resistencia\/","title":{"rendered":"GUERRAS, CRISIS, RESISTENCIA"},"content":{"rendered":"<h3><em><a href=\"http:\/\/posicuarta.org\/cartasblog\/wp-content\/uploads\/2026\/09\/Carta-Semanal-1111-cast.pdf\">Carta Semanal 1111 para descargar en PDF<\/a><\/em><\/h3>\n<p>&nbsp;<img loading=\"lazy\" decoding=\"async\" class=\"wp-image-9871 alignleft\" src=\"http:\/\/posicuarta.org\/cartasblog\/wp-content\/uploads\/2026\/09\/Carta-Semanal-1111-cast-e1788259278748-210x300.jpg\" alt=\"\" width=\"150\" height=\"215\" srcset=\"https:\/\/posicuarta.org\/cartasblog\/wp-content\/uploads\/2026\/09\/Carta-Semanal-1111-cast-e1788259278748-210x300.jpg 210w, https:\/\/posicuarta.org\/cartasblog\/wp-content\/uploads\/2026\/09\/Carta-Semanal-1111-cast-e1788259278748-105x150.jpg 105w, https:\/\/posicuarta.org\/cartasblog\/wp-content\/uploads\/2026\/09\/Carta-Semanal-1111-cast-e1788259278748.jpg 419w\" sizes=\"auto, (max-width: 150px) 100vw, 150px\" \/><\/p>\n<p align=\"justify\"><span style=\"color: #222222;\"><span style=\"font-family: Times New Roman, serif;\"><span style=\"font-size: small;\">Ni Espa\u00f1a ni ning\u00fan pa\u00eds escapa a la inmensa desarticulaci\u00f3n de todo el equilibrio mundial establecido despu\u00e9s de la Segunda Guerra Mundial<\/span><\/span><\/span><\/p>\n<p align=\"justify\"><span style=\"color: #222222;\"><span style=\"font-family: Times New Roman, serif;\"><span style=\"font-size: small;\">Sintetizamos algunos de los elementos esenciales:<\/span><\/span><\/span><\/p>\n<p align=\"justify\"><span style=\"color: #222222;\"><span style=\"font-family: Times New Roman, serif;\"><span style=\"font-size: small;\">-La capacidad del imperialismo dominante de los USA para mantener el orden mundial capitalista est\u00e1 ampliamente cuestionada, en primer lugar por el hundimiento de la URSS y la ruptura de la \u00abcoexistencia pac\u00edfica\u00bb (es decir, de la colaboraci\u00f3n entre el imperialismo y la burocracia de la URSS en el mantenimiento del statu quo). Los USA son incapaces de mantener por si solos la garant\u00eda del \u00aborden mundial\u00bb. Es m\u00e1s, el esfuerzo econ\u00f3mico, militar, diplom\u00e1tico de los USA ha provocado una crisis existencial que se traduce, entre otras cosas, por la desindustrializaci\u00f3n del pa\u00eds y la crisis de todas la instituciones y, en particular, de los dos partidos garantes del Estado: el Partido republicano y el partido dem\u00f3crata, que ha llevado a la formaci\u00f3n o desarrollo de nuevas fuerzas como la DSA.<\/span><\/span><\/span><\/p>\n<p align=\"justify\"><span style=\"color: #222222;\"><span style=\"font-family: Times New Roman, serif;\"><span style=\"font-size: small;\">-La crisis econ\u00f3mica que sacude los USA -en la que las medidas para paliarla de Trump no han hecho m\u00e1s que acelerarla- es el punto m\u00e1s elevado de la crisis de descomposici\u00f3n del mercado mundial, o sea, de la base de la econom\u00eda capitalista.<\/span><\/span><\/span><\/p>\n<p align=\"justify\"><span style=\"color: #222222;\"><span style=\"font-family: Times New Roman, serif;\"><span style=\"font-size: small;\">-La guerra, el rearme, la multiplicaci\u00f3n de conflictos \u2013m\u00e1s de 60- son una necesidad del capitalismo para intentar sobrevivir. Y, al mismo tiempo, la marcha a la guerra se traduce por una modificaci\u00f3n de todas las relaciones sociales y econ\u00f3micas, en especial, en todos los pa\u00edses imperialistas donde la clase obrera consigui\u00f3 conquistas y libertades, punto de apoyo para la clase obrera y todos los pueblos del mundo.<\/span><\/span><\/span><\/p>\n<p align=\"justify\"><span style=\"color: #222222;\"><span style=\"font-family: Times New Roman, serif;\"><span style=\"font-size: small;\">&#8211; Al imperialismo le sobran las organizaciones internacionales que durante a\u00f1os han dado cobertura \u201cdemocr\u00e1tica y social\u201d a su dominaci\u00f3n (ONU, OIT, OMS, OMC, Tribunal Internacional\u2026). Hoy, todas est\u00e1n sumidas en una crisis financiera y de prestigio.<\/span><\/span><\/span><\/p>\n<p align=\"justify\"><!--more--><\/p>\n<p align=\"justify\"><span style=\"color: #222222;\"><span style=\"font-family: Times New Roman, serif;\"><span style=\"font-size: small;\">-Las viejas organizaciones obreras que han ligado su suerte al mantenimiento del sistema est\u00e1n en gran proceso de descomposici\u00f3n, tanto a nivel de partidos como de sindicatos. Frente a ello, surgen nuevas organizaciones que, con m\u00faltiples contradicciones, intentan ordenar la resistencia ante la barbarie del capital. La IV internacional se construye insert\u00e1ndose en todos los elementos de resistencia. Este es el n\u00facleo central de la resoluci\u00f3n del Congreso Mundial abierto que se ha traducido en la participaci\u00f3n en los M\u00edtines y Conferencias de Par\u00eds en octubre de 2025 y Londres en junio de 2026. Fen\u00f3menos paralelos se realizan en las Am\u00e9ricas y en \u00c1frica<\/span><\/span><\/span><\/p>\n<p align=\"justify\"><span style=\"color: #222222;\"><span style=\"font-family: Times New Roman, serif;\"><span style=\"font-size: small;\">-Todos los reg\u00edmenes est\u00e1n en proceso de descomposici\u00f3n, producto del reame, con ritmos distintos pero en una misma direcci\u00f3n.<\/span><\/span><\/span><\/p>\n<p align=\"justify\"><span style=\"color: #222222;\"><span style=\"font-family: Times New Roman, serif;\"><span style=\"font-size: small;\">-La clase obrera mundial, que cuantitativamente nunca ha sido tan numerosa, intenta utilizar sus organizaciones, particularmente los sindicatos, y choca con el car\u00e1cter conservador, apegado al mantenimiento de los reg\u00edmenes, incluso de las burocracias que dirigen los sindicatos.<\/span><\/span><\/span><\/p>\n<p align=\"justify\"><span style=\"color: #222222;\"><span style=\"font-family: Times New Roman, serif;\"><span style=\"font-size: small;\">-Para dividir a la clase, el capital, sus representantes pol\u00edticos, y los gobiernos, utilizan todos los medios. En particular, golpeando contra el sector m\u00e1s oprimido de la clase trabajadora, los inmigrantes. Con ello buscan dividir a la clase, al mismo tiempo que se aseguran la mano de obra de este sector, que necesitan, con el m\u00ednimo o sin derechos&#8230;como vemos en Espa\u00f1a, a lo que se suma el racismo y la salvaguarda de los vestigios coloniales, eje central del ej\u00e9rcito y la Monarqu\u00eda.<\/span><\/span><\/span><\/p>\n<p><span style=\"color: #222222;\"><span style=\"font-family: Folio Std Bold Condensed, serif;\"><span style=\"font-size: medium;\">Espa\u00f1a: la fractura del pacto del 78<\/span><\/span><\/span><\/p>\n<p align=\"justify\"><span style=\"color: #222222;\"><span style=\"font-family: Times New Roman, serif;\"><span style=\"font-size: small;\">La \u00abvisita\u00bb de Aznar a Ceuta, en el momento en que las bandas de \u00abespa\u00f1oles\u00bb agred\u00edan a los migrantes y a los periodistas, quemaban sus tiendas, bloqueaban a los convoyes de la Cruz Roja \u2013imitando a los colonos israel\u00edes en Gaza- es una buena imagen de lo que es Ceuta y su pretendida \u00abespa\u00f1olidad\u00bb: un refugio de lo m\u00e1s reaccionario y parasitario del pa\u00eds, cuna de la legi\u00f3n y las fuerzas de regulares (de nefasta memoria para el pueblo espa\u00f1ol en 1934 y en el guerra civil), reserva del r\u00e9gimen de la monarqu\u00eda presta a intervenir contra cualquier enemigo del interior, recordando el pasado. La propuesta de Feijoo de confinar a todos los inmigrantes \u201cpara evitar epidemias\u201d recuerda a los argumentos de los nazis para establecer el gueto de Varsovia en 1939. <\/span><\/span><\/span><\/p>\n<p align=\"justify\"><span style=\"color: #222222;\"><span style=\"font-family: Times New Roman, serif;\"><span style=\"font-size: small;\">Sin \u00e1nimo complotista que llevar\u00eda a constatar que \u00abel que pueda hacer que haga\u00bb, expresa de hecho c\u00f3mo la herencia franquista es m\u00e1s viva que nunca y dispuesta a jug\u00e1rsela por la preservaci\u00f3n de un s\u00f3lido pilar como son los enclaves coloniales. Lo m\u00e1s pat\u00e9tico del caso es la \u00abcapitulaci\u00f3n\u00bb total de la supuesta izquierda, la incapacidad del gobierno de mantener una m\u00ednima l\u00ednea de clase, que le lleva a estar acorralado por la reacci\u00f3n. El gobierno pagar\u00e1 muy caro el incumplimiento de una parte mayoritaria de sus promesas electorales -ya de por si m\u00ednimas- como la derogaci\u00f3n de la Ley de Extranjer\u00eda.<\/span><\/span><\/span><\/p>\n<p align=\"justify\"><span style=\"color: #222222;\"><span style=\"font-family: Times New Roman, serif;\"><span style=\"font-size: small;\">Los anteproyectos de ley para modificar esta ley y la de asilo en un sentido a\u00fan m\u00e1s restrictivo no van a contentar al franquismo pol\u00edtico e institucional. Y m\u00e1s a\u00fan cuando \u00e9ste se ve apoyado por la Uni\u00f3n Europea, en aplicaci\u00f3n del Pacto Europeo sobre Migraci\u00f3n y Asilo del 12 de junio de 2026.<\/span><\/span><\/span><\/p>\n<p align=\"justify\"><span style=\"color: #222222;\"><span style=\"font-family: Times New Roman, serif;\"><span style=\"font-size: small;\">Como hab\u00eda declarado Aznar, no se trata ahora de cambiar de gobierno, sino de sistema. O sea, poner incluso en cuesti\u00f3n los pactos de la transici\u00f3n del 78 y los m\u00ednimos derechos conquistados a la muerte del dictador.<\/span><\/span><\/span><\/p>\n<p align=\"justify\"><span style=\"color: #222222;\"><span style=\"font-family: Times New Roman, serif;\"><span style=\"font-size: small;\">Es una de las expresiones de la pol\u00edtica de guerra en Espa\u00f1a, que se traduce no solo en el gasto piramidal en armamento, en la destrucci\u00f3n de servicios p\u00fablicos e infraestructuras, sino en la necesidad de dividir a la clase trabajadora, \u00fanica que puede hacer frente a esta pol\u00edtica, y someter a las organizaciones al dictado del capital.<\/span><\/span><\/span><\/p>\n<p align=\"justify\"><span style=\"color: #222222;\"><span style=\"font-family: Times New Roman, serif;\"><span style=\"font-size: small;\">La fractura se extiende al propio gobierno, con el enfrentamiento entre Robles y Marlaska. No es una an\u00e9cdota Robles, portavoz y defensora del CNI. Marlaska exculpa al gobierno, que no estaba informado, por m\u00e1s que tuviera 25 esp\u00edas en la zona. Hay que preguntarse si el CNI decidi\u00f3 congelar la informaci\u00f3n para poner en dificultades al gobierno, como hacen el poder judicial, la UCO, la UDEF\u2026Como dice el editorial de La Vanguardia del 26\/08\/26 \u00abla cuesti\u00f3n es a quien informaron y c\u00f3mo\u00bb.<\/span><\/span><\/span><\/p>\n<p align=\"justify\"><span style=\"color: #222222;\"><span style=\"font-family: Times New Roman, serif;\"><span style=\"font-size: small;\">El gobierno no controla al aparato de Estado y las instituciones, eso es un hecho, y, como declaraba Ester Ortiz, portavoz del grupo parlamentario del PP: el Estado se defiende contra el gobierno. El objetivo de acabar como sea con S\u00e1nchez adquiere todo su contenido: acabar con toda libertad o derecho (en este caso, \u00abel superior inter\u00e9s del menor como principio de nuestra legislaci\u00f3n\u00bb), al lado de la defensa ac\u00e9rrima de los restos coloniales. <\/span><\/span><\/span><\/p>\n<p align=\"justify\"><span style=\"color: #222222;\"><span style=\"font-family: Times New Roman, serif;\"><span style=\"font-size: small;\">Seamos claros: defendemos el derecho a emigrar y el derecho de asilo como un derecho fundamental, base de la democracia. As\u00ed como la devoluci\u00f3n a Marruecos de Ceuta y Melilla -como la de Gibraltar a Espa\u00f1a- y esto es independiente del car\u00e1cter del r\u00e9gimen marroqu\u00ed (que compete al pueblo de Marruecos), o el car\u00e1cter de la Monarqu\u00eda borb\u00f3nica, defensora del trono a cualquier precio como hizo el bisabuelo Alfonso XIII apoyando el golpe militar de Primo de Rivera, o el abuelo Juan apoyando a Franco.<\/span><\/span><\/span><\/p>\n<p align=\"justify\"><a name=\"_GoBack\"><\/a> <span style=\"color: #222222;\"><span style=\"font-family: Times New Roman, serif;\"><span style=\"font-size: small;\">Este elemento es de delimitaci\u00f3n entre todas las fuerzas pol\u00edticas: no puede haber una pol\u00edtica de ruptura con el r\u00e9gimen sin una posici\u00f3n clara al respecto: no es suficiente hablar de los ni\u00f1os y asegurar su defensa, sin duda necesario, pero muy limitado. Y en este saco se incluyen los partidos soberanistas que, curiosamente y en contradicci\u00f3n con el pasado, pasan de puntillas sobre el hecho colonial, es un signo de sumisi\u00f3n al r\u00e9gimen mon\u00e1rquico y a la UE. \u00bfC\u00f3mo se puede defender el derecho a decidir de Catalunya o el Pa\u00eds Vasco y no combatir contra las colonias de la Monarqu\u00eda?<\/span><\/span><\/span><\/p>\n<p><span style=\"color: #222222;\"><span style=\"font-family: Folio Std Bold Condensed, serif;\"><span style=\"font-size: medium;\">Elecciones y lucha de clases directa<\/span><\/span><\/span><\/p>\n<p align=\"justify\"><span style=\"color: #222222;\"><span style=\"font-family: Times New Roman, serif;\"><span style=\"font-size: small;\">Las derechas franquistas se creen con el viento en popa en este periodo preelectoral. Ceuta les ha permitido echar tierra sobre el desastre de los incendios que han vivido todas las regiones dirigidas por el PP, absolutamente desprovistas de medios, lo cual no excluye la responsabilidad del gobierno central.<\/span><\/span><\/span><\/p>\n<p align=\"justify\"><span style=\"color: #222222;\"><span style=\"font-family: Times New Roman, serif;\"><span style=\"font-size: small;\">La pol\u00edtica del gobierno de coalici\u00f3n, inconsecuente y timorata, no permite agrupar a su base social, cuando nadie puede negar el aumento del empleo, 42% de la poblaci\u00f3n. Las revalorizaciones de salarios y pensiones son comidas y sobrepasadas por la inflaci\u00f3n real y, para los j\u00f3venes, con el atraco que significa la especulaci\u00f3n inmobiliaria. El desconcierto, la desmoralizaci\u00f3n, empiezan a cundir entre la masa trabajadora y la juventud, y m\u00e1s cuando a la izquierda del PSOE todo se reduce a la m\u00edtica \u00abunidad de la izquierda\u00bb cuyos resultados se vieron en Andaluc\u00eda. Los partidos soberanistas han conseguido estar ausentes de todos los grandes temas y parecen acomodarse al lugar que el r\u00e9gimen les deja&#8230;a pesar de que la amnist\u00eda est\u00e1 sin completarse.<\/span><\/span><\/span><\/p>\n<p align=\"justify\"><span style=\"color: #222222;\"><span style=\"font-family: Times New Roman, serif;\"><span style=\"font-size: small;\">Sin embargo, este a\u00f1o ha vivido un renacimiento espectacular de la lucha de clases. La Ense\u00f1anza est\u00e1 en conflicto permanente, y con perspectivas -particularmente en Madrid- de movilizaci\u00f3n general. <\/span><\/span><\/span><\/p>\n<p align=\"justify\"><span style=\"color: #222222;\"><span style=\"font-family: Times New Roman, serif;\"><span style=\"font-size: small;\">En la industria, la derrota del acuerdo de convenio en AIRBUS firmado por CCOO y otros sindicatos (14000 trabajadores), es una expresi\u00f3n del rechazo de sectores crecientes de la clase obrera a la pol\u00edtica de di\u00e1logo social, o sea, de aceptaci\u00f3n de las condiciones de los empresarios.<\/span><\/span><\/span><\/p>\n<p align=\"justify\"><span style=\"color: #222222;\"><span style=\"font-family: Times New Roman, serif;\"><span style=\"font-size: small;\">Los m\u00faltiples conflictos que han estallado y se anuncian tienen el h\u00e1ndicap central de la negativa de los principales dirigentes sindicales a realizar una movilizaci\u00f3n de conjunto, en nombre de la defensa del gobierno y la lucha contra la extrema derecha.<\/span><\/span><\/span><\/p>\n<p align=\"justify\"><span style=\"color: #222222;\"><span style=\"font-family: Times New Roman, serif;\"><span style=\"font-size: small;\">Pero no hay mejor batalla contra las derechas que plantear las reivindicaciones, que exigir un giro a la izquierda. Lo contrario es dar la partida por perdida.<\/span><\/span><\/span><\/p>\n<p><span style=\"color: #222222;\"><span style=\"font-family: Folio Std Bold Condensed, serif;\"><span style=\"font-size: medium;\"><b>La agenda de Londres<\/b><\/span><\/span><\/span><\/p>\n<p align=\"justify\"><span style=\"color: #222222;\"><span style=\"font-family: Times New Roman, serif;\"><span style=\"font-size: small;\">Los militantes de la Cuarta Internacional participamos en la Conferencia y mitin de Londres buscando la m\u00e1s amplia unidad de fuerzas pol\u00edticas y sindicales en la lucha contra la guerra, el fenicio y la guerra social.<\/span><\/span><\/span><\/p>\n<p align=\"justify\"><span style=\"color: #222222;\"><span style=\"font-family: Times New Roman, serif;\"><span style=\"font-size: small;\">Las propuestas de Londres- movilizaci\u00f3n en octubre por Palestina, segunda movilizaci\u00f3n en los puertos el 30 de octubre, campa\u00f1a contra el rearme y la conscripci\u00f3n el 21 y 22 de noviembre- son propuestas que defendemos en el movimiento obrero y las organizaciones buscando agrupar, por encima, incluso, de la delegaci\u00f3n a Londres.<\/span><\/span><\/span><\/p>\n<p align=\"justify\"><span style=\"color: #222222;\"><span style=\"font-family: Times New Roman, serif;\"><span style=\"font-size: small;\">En este sentido, la iniciativa lanzada desde Barcelona por la libertad de Abu Safiya nutre este agrupamiento de lucha. Insistiendo, como hizo J. Salvador en Londres, la primera batalla es en nuestras organizaciones y situando la responsabilidad de nuestro gobierno<\/span><\/span><\/span><\/p>\n<p align=\"justify\"><span style=\"color: #222222;\"><span style=\"font-family: Times New Roman, serif;\"><span style=\"font-size: small;\">Y la lucha contra la guerra toma m\u00faltiples facetas y tenemos todo el inter\u00e9s en el \u00e9xito de la manifestaci\u00f3n anual de jubilados el 24 de octubre.<\/span><\/span><\/span><\/p>\n","protected":false},"excerpt":{"rendered":"<p>Carta Semanal 1111 para descargar en PDF &nbsp; Ni Espa\u00f1a ni ning\u00fan pa\u00eds escapa a la inmensa desarticulaci\u00f3n de todo el equilibrio mundial establecido despu\u00e9s de la Segunda Guerra Mundial Sintetizamos algunos de los elementos esenciales: -La capacidad del imperialismo dominante de los USA para mantener el orden mundial capitalista est\u00e1 ampliamente cuestionada, en primer [&hellip;]<\/p>\n","protected":false},"author":1197,"featured_media":0,"comment_status":"open","ping_status":"open","sticky":false,"template":"","format":"standard","meta":{"ngg_post_thumbnail":0,"footnotes":""},"categories":[61],"tags":[394,31,1369,355,546],"class_list":["post-9869","post","type-post","status-publish","format-standard","hentry","category-cartas","tag-airbus","tag-guerra","tag-londres","tag-oit","tag-onu"],"aioseo_notices":[],"aioseo_head":"\n\t\t<!-- All in One SEO 5.0.1.1 - aioseo.com -->\n\t<meta name=\"description\" content=\"Carta Semanal 1111 para descargar en PDF Ni Espa\u00f1a ni ning\u00fan pa\u00eds escapa a la inmensa desarticulaci\u00f3n de todo el equilibrio mundial establecido despu\u00e9s de la Segunda Guerra Mundial Sintetizamos algunos de los elementos esenciales: -La capacidad del imperialismo dominante de los USA para mantener el orden mundial capitalista est\u00e1 ampliamente cuestionada, en primer\" \/>\n\t<meta name=\"robots\" content=\"max-image-preview:large\" \/>\n\t<meta name=\"author\" content=\"M M I\"\/>\n\t<meta name=\"keywords\" content=\"airbus,guerra,londres,oit,onu,cartas\" \/>\n\t<link rel=\"canonical\" href=\"https:\/\/posicuarta.org\/cartasblog\/guerras-crisis-resistencia\/\" \/>\n\t<meta name=\"generator\" content=\"All in One SEO (AIOSEO) 5.0.1.1\" \/>\n\t\t<meta property=\"og:locale\" content=\"es_ES\" \/>\n\t\t<meta property=\"og:site_name\" content=\"Carta Semanal | Todas las semanas el POSI publica esta carta sobre temas de actualidad\" \/>\n\t\t<meta property=\"og:type\" content=\"article\" \/>\n\t\t<meta property=\"og:title\" content=\"GUERRAS, CRISIS, RESISTENCIA | Carta Semanal\" \/>\n\t\t<meta property=\"og:description\" content=\"Carta Semanal 1111 para descargar en PDF Ni Espa\u00f1a ni ning\u00fan pa\u00eds escapa a la inmensa desarticulaci\u00f3n de todo el equilibrio mundial establecido despu\u00e9s de la Segunda Guerra Mundial Sintetizamos algunos de los elementos esenciales: -La capacidad del imperialismo dominante de los USA para mantener el orden mundial capitalista est\u00e1 ampliamente cuestionada, en primer\" \/>\n\t\t<meta property=\"og:url\" content=\"https:\/\/posicuarta.org\/cartasblog\/guerras-crisis-resistencia\/\" \/>\n\t\t<meta property=\"article:published_time\" content=\"2026-09-01T10:43:52+00:00\" \/>\n\t\t<meta property=\"article:modified_time\" content=\"2026-09-01T10:43:52+00:00\" \/>\n\t\t<meta name=\"twitter:card\" content=\"summary\" \/>\n\t\t<meta name=\"twitter:title\" content=\"GUERRAS, CRISIS, RESISTENCIA | Carta Semanal\" \/>\n\t\t<meta name=\"twitter:description\" content=\"Carta Semanal 1111 para descargar en PDF Ni Espa\u00f1a ni ning\u00fan pa\u00eds escapa a la inmensa desarticulaci\u00f3n de todo el equilibrio mundial establecido despu\u00e9s de la Segunda Guerra Mundial Sintetizamos algunos de los elementos esenciales: -La capacidad del imperialismo dominante de los USA para mantener el orden mundial capitalista est\u00e1 ampliamente cuestionada, en primer\" \/>\n\t\t<script type=\"application\/ld+json\" class=\"aioseo-schema\">\n\t\t\t{\"@context\":\"https:\\\/\\\/schema.org\",\"@graph\":[{\"@type\":\"Article\",\"@id\":\"https:\\\/\\\/posicuarta.org\\\/cartasblog\\\/guerras-crisis-resistencia\\\/#article\",\"name\":\"GUERRAS, CRISIS, RESISTENCIA | Carta Semanal\",\"headline\":\"GUERRAS, CRISIS, RESISTENCIA\",\"author\":{\"@id\":\"https:\\\/\\\/posicuarta.org\\\/cartasblog\\\/author\\\/inhakimm\\\/#author\"},\"publisher\":{\"@id\":\"https:\\\/\\\/posicuarta.org\\\/cartasblog\\\/#organization\"},\"image\":{\"@type\":\"ImageObject\",\"url\":\"https:\\\/\\\/posicuarta.org\\\/cartasblog\\\/wp-content\\\/uploads\\\/2026\\\/09\\\/Carta-Semanal-1111-cast-e1788259278748.jpg\",\"@id\":\"https:\\\/\\\/posicuarta.org\\\/cartasblog\\\/guerras-crisis-resistencia\\\/#articleImage\",\"width\":419,\"height\":600},\"datePublished\":\"2026-09-01T12:43:52+02:00\",\"dateModified\":\"2026-09-01T12:43:52+02:00\",\"inLanguage\":\"es-ES\",\"mainEntityOfPage\":{\"@id\":\"https:\\\/\\\/posicuarta.org\\\/cartasblog\\\/guerras-crisis-resistencia\\\/#webpage\"},\"isPartOf\":{\"@id\":\"https:\\\/\\\/posicuarta.org\\\/cartasblog\\\/guerras-crisis-resistencia\\\/#webpage\"},\"articleSection\":\"Cartas, Airbus, guerra, Londres, OIT, ONU\"},{\"@type\":\"BreadcrumbList\",\"@id\":\"https:\\\/\\\/posicuarta.org\\\/cartasblog\\\/guerras-crisis-resistencia\\\/#breadcrumblist\",\"itemListElement\":[{\"@type\":\"ListItem\",\"@id\":\"https:\\\/\\\/posicuarta.org\\\/cartasblog#listItem\",\"position\":1,\"name\":\"Home\",\"item\":\"https:\\\/\\\/posicuarta.org\\\/cartasblog\",\"nextItem\":{\"@type\":\"ListItem\",\"@id\":\"https:\\\/\\\/posicuarta.org\\\/cartasblog\\\/category\\\/cartas\\\/#listItem\",\"name\":\"Cartas\"}},{\"@type\":\"ListItem\",\"@id\":\"https:\\\/\\\/posicuarta.org\\\/cartasblog\\\/category\\\/cartas\\\/#listItem\",\"position\":2,\"name\":\"Cartas\",\"item\":\"https:\\\/\\\/posicuarta.org\\\/cartasblog\\\/category\\\/cartas\\\/\",\"nextItem\":{\"@type\":\"ListItem\",\"@id\":\"https:\\\/\\\/posicuarta.org\\\/cartasblog\\\/guerras-crisis-resistencia\\\/#listItem\",\"name\":\"GUERRAS, CRISIS, RESISTENCIA\"},\"previousItem\":{\"@type\":\"ListItem\",\"@id\":\"https:\\\/\\\/posicuarta.org\\\/cartasblog#listItem\",\"name\":\"Home\"}},{\"@type\":\"ListItem\",\"@id\":\"https:\\\/\\\/posicuarta.org\\\/cartasblog\\\/guerras-crisis-resistencia\\\/#listItem\",\"position\":3,\"name\":\"GUERRAS, CRISIS, RESISTENCIA\",\"previousItem\":{\"@type\":\"ListItem\",\"@id\":\"https:\\\/\\\/posicuarta.org\\\/cartasblog\\\/category\\\/cartas\\\/#listItem\",\"name\":\"Cartas\"}}]},{\"@type\":\"Organization\",\"@id\":\"https:\\\/\\\/posicuarta.org\\\/cartasblog\\\/#organization\",\"name\":\"Carta Semanal\",\"description\":\"Todas las semanas el POSI publica esta carta sobre temas de actualidad\",\"url\":\"https:\\\/\\\/posicuarta.org\\\/cartasblog\\\/\"},{\"@type\":\"Person\",\"@id\":\"https:\\\/\\\/posicuarta.org\\\/cartasblog\\\/author\\\/inhakimm\\\/#author\",\"url\":\"https:\\\/\\\/posicuarta.org\\\/cartasblog\\\/author\\\/inhakimm\\\/\",\"name\":\"M M I\",\"image\":{\"@type\":\"ImageObject\",\"@id\":\"https:\\\/\\\/posicuarta.org\\\/cartasblog\\\/guerras-crisis-resistencia\\\/#authorImage\",\"url\":\"https:\\\/\\\/secure.gravatar.com\\\/avatar\\\/58b8ea5565cb3d0684ea1f13485c11cf00eba79dea8990a4cac7703250941533?s=96&d=mm&r=g\",\"width\":96,\"height\":96,\"caption\":\"M M I\"}},{\"@type\":\"WebPage\",\"@id\":\"https:\\\/\\\/posicuarta.org\\\/cartasblog\\\/guerras-crisis-resistencia\\\/#webpage\",\"url\":\"https:\\\/\\\/posicuarta.org\\\/cartasblog\\\/guerras-crisis-resistencia\\\/\",\"name\":\"GUERRAS, CRISIS, RESISTENCIA | Carta Semanal\",\"description\":\"Carta Semanal 1111 para descargar en PDF Ni Espa\\u00f1a ni ning\\u00fan pa\\u00eds escapa a la inmensa desarticulaci\\u00f3n de todo el equilibrio mundial establecido despu\\u00e9s de la Segunda Guerra Mundial Sintetizamos algunos de los elementos esenciales: -La capacidad del imperialismo dominante de los USA para mantener el orden mundial capitalista est\\u00e1 ampliamente cuestionada, en primer\",\"inLanguage\":\"es-ES\",\"isPartOf\":{\"@id\":\"https:\\\/\\\/posicuarta.org\\\/cartasblog\\\/#website\"},\"breadcrumb\":{\"@id\":\"https:\\\/\\\/posicuarta.org\\\/cartasblog\\\/guerras-crisis-resistencia\\\/#breadcrumblist\"},\"author\":{\"@id\":\"https:\\\/\\\/posicuarta.org\\\/cartasblog\\\/author\\\/inhakimm\\\/#author\"},\"creator\":{\"@id\":\"https:\\\/\\\/posicuarta.org\\\/cartasblog\\\/author\\\/inhakimm\\\/#author\"},\"datePublished\":\"2026-09-01T12:43:52+02:00\",\"dateModified\":\"2026-09-01T12:43:52+02:00\"},{\"@type\":\"WebSite\",\"@id\":\"https:\\\/\\\/posicuarta.org\\\/cartasblog\\\/#website\",\"url\":\"https:\\\/\\\/posicuarta.org\\\/cartasblog\\\/\",\"name\":\"Carta Semanal\",\"description\":\"Todas las semanas el POSI publica esta carta sobre temas de actualidad\",\"inLanguage\":\"es-ES\",\"publisher\":{\"@id\":\"https:\\\/\\\/posicuarta.org\\\/cartasblog\\\/#organization\"}}]}\n\t\t<\/script>\n\t\t<!-- All in One SEO -->\n\n","aioseo_head_json":{"title":"GUERRAS, CRISIS, RESISTENCIA | Carta Semanal","description":"Carta Semanal 1111 para descargar en PDF Ni Espa\u00f1a ni ning\u00fan pa\u00eds escapa a la inmensa desarticulaci\u00f3n de todo el equilibrio mundial establecido despu\u00e9s de la Segunda Guerra Mundial Sintetizamos algunos de los elementos esenciales: -La capacidad del imperialismo dominante de los USA para mantener el orden mundial capitalista est\u00e1 ampliamente cuestionada, en primer","canonical_url":"https:\/\/posicuarta.org\/cartasblog\/guerras-crisis-resistencia\/","robots":"max-image-preview:large","keywords":"airbus,guerra,londres,oit,onu,cartas","webmasterTools":{"miscellaneous":""},"schema":{"@context":"https:\/\/schema.org","@graph":[{"@type":"Article","@id":"https:\/\/posicuarta.org\/cartasblog\/guerras-crisis-resistencia\/#article","name":"GUERRAS, CRISIS, RESISTENCIA | Carta Semanal","headline":"GUERRAS, CRISIS, RESISTENCIA","author":{"@id":"https:\/\/posicuarta.org\/cartasblog\/author\/inhakimm\/#author"},"publisher":{"@id":"https:\/\/posicuarta.org\/cartasblog\/#organization"},"image":{"@type":"ImageObject","url":"https:\/\/posicuarta.org\/cartasblog\/wp-content\/uploads\/2026\/09\/Carta-Semanal-1111-cast-e1788259278748.jpg","@id":"https:\/\/posicuarta.org\/cartasblog\/guerras-crisis-resistencia\/#articleImage","width":419,"height":600},"datePublished":"2026-09-01T12:43:52+02:00","dateModified":"2026-09-01T12:43:52+02:00","inLanguage":"es-ES","mainEntityOfPage":{"@id":"https:\/\/posicuarta.org\/cartasblog\/guerras-crisis-resistencia\/#webpage"},"isPartOf":{"@id":"https:\/\/posicuarta.org\/cartasblog\/guerras-crisis-resistencia\/#webpage"},"articleSection":"Cartas, Airbus, guerra, Londres, OIT, ONU"},{"@type":"BreadcrumbList","@id":"https:\/\/posicuarta.org\/cartasblog\/guerras-crisis-resistencia\/#breadcrumblist","itemListElement":[{"@type":"ListItem","@id":"https:\/\/posicuarta.org\/cartasblog#listItem","position":1,"name":"Home","item":"https:\/\/posicuarta.org\/cartasblog","nextItem":{"@type":"ListItem","@id":"https:\/\/posicuarta.org\/cartasblog\/category\/cartas\/#listItem","name":"Cartas"}},{"@type":"ListItem","@id":"https:\/\/posicuarta.org\/cartasblog\/category\/cartas\/#listItem","position":2,"name":"Cartas","item":"https:\/\/posicuarta.org\/cartasblog\/category\/cartas\/","nextItem":{"@type":"ListItem","@id":"https:\/\/posicuarta.org\/cartasblog\/guerras-crisis-resistencia\/#listItem","name":"GUERRAS, CRISIS, RESISTENCIA"},"previousItem":{"@type":"ListItem","@id":"https:\/\/posicuarta.org\/cartasblog#listItem","name":"Home"}},{"@type":"ListItem","@id":"https:\/\/posicuarta.org\/cartasblog\/guerras-crisis-resistencia\/#listItem","position":3,"name":"GUERRAS, CRISIS, RESISTENCIA","previousItem":{"@type":"ListItem","@id":"https:\/\/posicuarta.org\/cartasblog\/category\/cartas\/#listItem","name":"Cartas"}}]},{"@type":"Organization","@id":"https:\/\/posicuarta.org\/cartasblog\/#organization","name":"Carta Semanal","description":"Todas las semanas el POSI publica esta carta sobre temas de actualidad","url":"https:\/\/posicuarta.org\/cartasblog\/"},{"@type":"Person","@id":"https:\/\/posicuarta.org\/cartasblog\/author\/inhakimm\/#author","url":"https:\/\/posicuarta.org\/cartasblog\/author\/inhakimm\/","name":"M M I","image":{"@type":"ImageObject","@id":"https:\/\/posicuarta.org\/cartasblog\/guerras-crisis-resistencia\/#authorImage","url":"https:\/\/secure.gravatar.com\/avatar\/58b8ea5565cb3d0684ea1f13485c11cf00eba79dea8990a4cac7703250941533?s=96&d=mm&r=g","width":96,"height":96,"caption":"M M I"}},{"@type":"WebPage","@id":"https:\/\/posicuarta.org\/cartasblog\/guerras-crisis-resistencia\/#webpage","url":"https:\/\/posicuarta.org\/cartasblog\/guerras-crisis-resistencia\/","name":"GUERRAS, CRISIS, RESISTENCIA | Carta Semanal","description":"Carta Semanal 1111 para descargar en PDF Ni Espa\u00f1a ni ning\u00fan pa\u00eds escapa a la inmensa desarticulaci\u00f3n de todo el equilibrio mundial establecido despu\u00e9s de la Segunda Guerra Mundial Sintetizamos algunos de los elementos esenciales: -La capacidad del imperialismo dominante de los USA para mantener el orden mundial capitalista est\u00e1 ampliamente cuestionada, en primer","inLanguage":"es-ES","isPartOf":{"@id":"https:\/\/posicuarta.org\/cartasblog\/#website"},"breadcrumb":{"@id":"https:\/\/posicuarta.org\/cartasblog\/guerras-crisis-resistencia\/#breadcrumblist"},"author":{"@id":"https:\/\/posicuarta.org\/cartasblog\/author\/inhakimm\/#author"},"creator":{"@id":"https:\/\/posicuarta.org\/cartasblog\/author\/inhakimm\/#author"},"datePublished":"2026-09-01T12:43:52+02:00","dateModified":"2026-09-01T12:43:52+02:00"},{"@type":"WebSite","@id":"https:\/\/posicuarta.org\/cartasblog\/#website","url":"https:\/\/posicuarta.org\/cartasblog\/","name":"Carta Semanal","description":"Todas las semanas el POSI publica esta carta sobre temas de actualidad","inLanguage":"es-ES","publisher":{"@id":"https:\/\/posicuarta.org\/cartasblog\/#organization"}}]},"og:locale":"es_ES","og:site_name":"Carta Semanal | Todas las semanas el POSI publica esta carta sobre temas de actualidad","og:type":"article","og:title":"GUERRAS, CRISIS, RESISTENCIA | Carta Semanal","og:description":"Carta Semanal 1111 para descargar en PDF Ni Espa\u00f1a ni ning\u00fan pa\u00eds escapa a la inmensa desarticulaci\u00f3n de todo el equilibrio mundial establecido despu\u00e9s de la Segunda Guerra Mundial Sintetizamos algunos de los elementos esenciales: -La capacidad del imperialismo dominante de los USA para mantener el orden mundial capitalista est\u00e1 ampliamente cuestionada, en primer","og:url":"https:\/\/posicuarta.org\/cartasblog\/guerras-crisis-resistencia\/","article:published_time":"2026-09-01T10:43:52+00:00","article:modified_time":"2026-09-01T10:43:52+00:00","twitter:card":"summary","twitter:title":"GUERRAS, CRISIS, RESISTENCIA | Carta Semanal","twitter:description":"Carta Semanal 1111 para descargar en PDF Ni Espa\u00f1a ni ning\u00fan pa\u00eds escapa a la inmensa desarticulaci\u00f3n de todo el equilibrio mundial establecido despu\u00e9s de la Segunda Guerra Mundial Sintetizamos algunos de los elementos esenciales: -La capacidad del imperialismo dominante de los USA para mantener el orden mundial capitalista est\u00e1 ampliamente cuestionada, en primer"},"aioseo_meta_data":{"post_id":"9869","title":null,"description":null,"keywords":null,"keyphrases":{"focus":{"keyphrase":"","score":0,"analysis":{"keyphraseInTitle":{"score":0,"maxScore":9,"error":1}}},"additional":[]},"primary_term":null,"canonical_url":null,"og_title":null,"og_description":null,"og_object_type":"default","og_image_type":"default","og_image_url":null,"og_image_width":null,"og_image_height":null,"og_image_custom_url":null,"og_image_custom_fields":null,"og_video":"","og_custom_url":null,"og_article_section":null,"og_article_tags":null,"twitter_use_og":false,"twitter_card":"default","twitter_image_type":"default","twitter_image_url":null,"twitter_image_custom_url":null,"twitter_image_custom_fields":null,"twitter_title":null,"twitter_description":null,"schema":{"blockGraphs":[],"customGraphs":[],"default":{"data":{"Article":[],"Course":[],"Dataset":[],"FAQPage":[],"Movie":[],"Person":[],"Product":[],"ProductReview":[],"Car":[],"Recipe":[],"Service":[],"SoftwareApplication":[],"WebPage":[]},"graphName":"Article","isEnabled":true},"graphs":[]},"schema_type":"default","schema_type_options":null,"pillar_content":false,"robots_default":true,"robots_noindex":false,"robots_noarchive":false,"robots_nosnippet":false,"robots_nofollow":false,"robots_noimageindex":false,"robots_noodp":false,"robots_notranslate":false,"robots_max_snippet":"-1","robots_max_videopreview":"-1","robots_max_imagepreview":"large","priority":null,"frequency":"default","local_seo":null,"breadcrumb_settings":null,"limit_modified_date":false,"ai":{"faqs":[],"keyPoints":[],"schemas":[],"titles":[],"descriptions":[],"socialPosts":{"email":{"subject":"","preview":"","content":""},"linkedin":[],"twitter":[],"facebook":[],"instagram":[]}},"created":"2026-09-01 10:37:50","updated":"2026-09-01 12:29:56","seo_analyzer_scan_date":null,"focus_keyword":null,"additional_keywords":null,"truseo_locale":null},"aioseo_breadcrumb":"<div class=\"aioseo-breadcrumbs\"><span class=\"aioseo-breadcrumb\">\n\t\t\t<a href=\"https:\/\/posicuarta.org\/cartasblog\" title=\"Home\">Home<\/a>\n\t\t<\/span><span class=\"aioseo-breadcrumb-separator\">&raquo;<\/span><span class=\"aioseo-breadcrumb\">\n\t\t\t<a href=\"https:\/\/posicuarta.org\/cartasblog\/category\/cartas\/\" title=\"Cartas\">Cartas<\/a>\n\t\t<\/span><span class=\"aioseo-breadcrumb-separator\">&raquo;<\/span><span class=\"aioseo-breadcrumb\">\n\t\t\tGUERRAS, CRISIS, RESISTENCIA\n\t\t<\/span><\/div>","aioseo_breadcrumb_json":[{"label":"Home","link":"https:\/\/posicuarta.org\/cartasblog"},{"label":"Cartas","link":"https:\/\/posicuarta.org\/cartasblog\/category\/cartas\/"},{"label":"GUERRAS, CRISIS, RESISTENCIA","link":"https:\/\/posicuarta.org\/cartasblog\/guerras-crisis-resistencia\/"}],"_links":{"self":[{"href":"https:\/\/posicuarta.org\/cartasblog\/wp-json\/wp\/v2\/posts\/9869","targetHints":{"allow":["GET"]}}],"collection":[{"href":"https:\/\/posicuarta.org\/cartasblog\/wp-json\/wp\/v2\/posts"}],"about":[{"href":"https:\/\/posicuarta.org\/cartasblog\/wp-json\/wp\/v2\/types\/post"}],"author":[{"embeddable":true,"href":"https:\/\/posicuarta.org\/cartasblog\/wp-json\/wp\/v2\/users\/1197"}],"replies":[{"embeddable":true,"href":"https:\/\/posicuarta.org\/cartasblog\/wp-json\/wp\/v2\/comments?post=9869"}],"version-history":[{"count":1,"href":"https:\/\/posicuarta.org\/cartasblog\/wp-json\/wp\/v2\/posts\/9869\/revisions"}],"predecessor-version":[{"id":9872,"href":"https:\/\/posicuarta.org\/cartasblog\/wp-json\/wp\/v2\/posts\/9869\/revisions\/9872"}],"wp:attachment":[{"href":"https:\/\/posicuarta.org\/cartasblog\/wp-json\/wp\/v2\/media?parent=9869"}],"wp:term":[{"taxonomy":"category","embeddable":true,"href":"https:\/\/posicuarta.org\/cartasblog\/wp-json\/wp\/v2\/categories?post=9869"},{"taxonomy":"post_tag","embeddable":true,"href":"https:\/\/posicuarta.org\/cartasblog\/wp-json\/wp\/v2\/tags?post=9869"}],"curies":[{"name":"wp","href":"https:\/\/api.w.org\/{rel}","templated":true}]}}